{"id":132012,"date":"2025-12-07T19:44:00","date_gmt":"2025-12-07T18:44:00","guid":{"rendered":"https:\/\/weisetech.dev\/fc-barcelona-noticias\/en\/raphinha-speaks-out-about-arabia-and-his-future-at-barcelona_315448_102\/"},"modified":"2025-12-07T19:44:00","modified_gmt":"2025-12-07T18:44:00","slug":"raphinha-speaks-out-about-arabia-and-his-future-at-barcelona_315448_102","status":"publish","type":"post","link":"https:\/\/www.fcbarcelonanoticias.com\/en\/transfers\/raphinha-speaks-out-about-arabia-and-his-future-at-barcelona_315448_102.html","title":{"rendered":"Raphinha denies rumors of his departure from Bar\u00e7a for Arabia"},"content":{"rendered":"<h2 class=\"wp-block-heading\">Raphinha has once again been strongly linked with the multi-billion dollar Arab league in recent days. However, the Brazilian has no doubts about his continuity at Barcelona<\/h2>  \r\n<div class=\"article-addons\">\r\n    <a href=\"https:\/\/www.fcbarcelonanoticias.com\/en\/calendar-fc-barcelona.html\"\r\n       target=\"_self\"\r\n       title=\"Calendar of FC Barcelona\"\r\n       class=\"blue-gredient-btn\">\r\n       \r\n        Calendar of FC Barcelona    <\/a>\r\n<\/div>   <p>The millions from the Arab league, for now, are not convincing Raphinha to leave FC Barcelona. In recent days, various reports have linked the 28-year-old forward with Saudi football, pointing to the summer of 2026 as a possible departure date for the Blaugrana&#8217;s number 11, who last June extended his contract with Bar\u00e7a until 2028.<\/p>  <p>Although the Brazilian is not usually viral on social media, on Sunday he wanted to put an end to the rumors <a data-external=\"0\" data-intl-links-en=\"https:\/\/www.fcbarcelonanoticias.com\/en\/transfers\/saudi-arabia-goes-after-raphinha-again-millionaire-offers_315421_102.html\" data-intl-links-es=\"https:\/\/www.fcbarcelonanoticias.com\/fichajes\/arabia-saudi-ofertas-millonarias-raphinha-2026_315421_102.html\" href=\"https:\/\/www.fcbarcelonanoticias.com\/en\/transfers\/saudi-arabia-goes-after-raphinha-again-millionaire-offers_315421_102.html\" rel=\"follow\" target=\"_self\" title=\"Arabia Saud\u00ed vuelve a la carga por Raphinha con ofertas fuera de mercado\">about his possible move to Saudi Arabia next summer<\/a>. Rapha commented on a post by a well-known Spanish &#8216;TikToker&#8217; that referred to information supposedly leaked by the newspaper &#8216;SPORT&#8217;.<\/p>  <p>&#8220;<strong>I don&#8217;t know where they get so much nonsense from, honestly<\/strong>,&#8221; the Bar\u00e7a forward commented on the Instagram post. The rumor spread by the influencer claimed that Raphinha had a verbal agreement with the club to facilitate his departure to Arabia next summer, provided a millionaire offer reached the Catalan club&#8217;s offices.<\/p>  <h2>Raphinha Only Thinks About Making History with Bar\u00e7a<\/h2>  <p>Beyond Saudi football&#8217;s interest, the Brazilian international, for now, has no intention of listening to offers from other clubs. <strong>Rapha has two more seasons on his contract<\/strong> and his goal, in addition to helping the team continue winning titles, is to become a Bar\u00e7a legend.<\/p>  <p>Since his arrival in 2022, <strong>the winger has scored 58 goals and provided 51 assists in 155 games for Barcelona<\/strong>. After two inconsistent seasons under Xavi Hern\u00e1ndez, the &#8217;11&#8217; significantly improved his level with Hansi Flick on the bench. In 24\/25, only Mohamed Salah was able to match his records in Europe (34 goals and 23 assists).<\/p>  <p>In this regard, Raphinha has taken a step forward as one of the most lethal forwards in the world, in addition to solidifying his role as captain and team leader. The coaching staff and the locker room consider him a key figure, as does the Bar\u00e7a fanbase. Therefore, his medium and long-term future, for the moment, is not in doubt at Can Bar\u00e7a.<\/p>  <h2>Bar\u00e7a&#8217;s Stance on Raphinha&#8217;s Future<\/h2>  <p>Likewise, the Bar\u00e7a board, while understanding that Raphinha is one of the players on the squad with the best market options, <strong>does not intend to compromise the future of one of its highest-performing stars<\/strong> on the field.<\/p>  <p>Bar\u00e7a would only listen to offers for Rapha if the player asks to leave, a scenario that is currently unlikely. The winger has always expressed his love for the club, a commitment he ratifies on and off the pitch.<\/p>  <p>In 2022, the Brazilian international could well have negotiated a much higher contract with <strong>Chelsea<\/strong>. However, he always insisted to his then-agent, <strong>Deco<\/strong>, to do everything possible to bring him to the Blaugrana team.<\/p>  <p>Finally, the Catalans secured his signing for 55 million, a great success for the then-Cul\u00e9 sporting director, Mateu Alemany, and Joan Laporta. With Deco in charge of squad planning alongside Flick and the president, Raphinha feels fully supported by the club and only thinks about helping the team win everything in the coming years<\/p>  <ul> <li><strong>\ud83d\udc49Don&#8217;t miss the latest FC Barcelona and LaLiga market rumors in our &nbsp;<a data-external=\"0\" data-intl-links-en=\"https:\/\/www.fcbarcelonanoticias.com\/en\/transfers\" data-intl-links-es=\"https:\/\/www.fcbarcelonanoticias.com\/fichajes\" href=\"https:\/\/www.fcbarcelonanoticias.com\/en\/football-soccer\/transfers.html\" rel=\"follow\" target=\"_self\" title=\"Fichajes\">TRANSFERS<\/a> section.<\/strong><\/li> <\/ul> ","protected":false},"excerpt":{"rendered":"<p>Raphinha has once again been strongly linked with the multi-billion dollar Arab league in recent days. However, the Brazilian has no doubts about his continuity at Barcelona The millions from the Arab league, for now, are not convincing Raphinha to leave FC Barcelona. In recent days, various reports have linked the 28-year-old forward with Saudi [&hellip;]<\/p>\n","protected":false},"author":347,"featured_media":132016,"comment_status":"closed","ping_status":"open","sticky":false,"template":"","format":"standard","meta":{"_acf_changed":false,"inline_featured_image":false,"_nextfly_llmd_date_locked":false,"footnotes":""},"categories":[449,106],"tags":[144,463,261],"class_list":["post-132012","post","type-post","status-publish","format-standard","has-post-thumbnail","hentry","category-transfers-2","category-transfers","tag-raphinha","tag-raphinha-2","tag-football-transfer-rumors"],"acf":[],"yoast_head":"<!-- This site is optimized with the Yoast SEO plugin v27.3 - https:\/\/yoast.com\/product\/yoast-seo-wordpress\/ -->\n<title>Raphinha speaks out about Arabia and his future at Barcelona<\/title>\n<meta name=\"description\" content=\"Raphinha addressed the rumors about his possible departure from Bar\u00e7a, heading to Arabia in 2026. Find out what the Brazilian said\" \/>\n<meta name=\"robots\" content=\"index, follow, max-snippet:-1, max-image-preview:large, max-video-preview:-1\" \/>\n<link rel=\"canonical\" href=\"https:\/\/www.fcbarcelonanoticias.com\/en\/transfers\/raphinha-speaks-out-about-arabia-and-his-future-at-barcelona_315448_102.html\" \/>\n<meta property=\"og:locale\" content=\"en_US\" \/>\n<meta property=\"og:type\" content=\"article\" \/>\n<meta property=\"og:title\" content=\"Raphinha speaks out about Arabia and his future at Barcelona\" \/>\n<meta property=\"og:description\" content=\"Raphinha addressed the rumors about his possible departure from Bar\u00e7a, heading to Arabia in 2026. Find out what the Brazilian said\" \/>\n<meta property=\"og:url\" content=\"https:\/\/www.fcbarcelonanoticias.com\/en\/transfers\/raphinha-speaks-out-about-arabia-and-his-future-at-barcelona_315448_102.html\" \/>\n<meta property=\"og:site_name\" content=\"EN - FC Barcelona Noticias\" \/>\n<meta property=\"article:published_time\" content=\"2025-12-07T18:44:00+00:00\" \/>\n<meta property=\"og:image\" content=\"https:\/\/www.fcbarcelonanoticias.com\/en\/wp-content\/uploads\/sites\/2\/2025\/12\/raphinha-fc-barcelona-25-26-1.jpeg\" \/>\n\t<meta property=\"og:image:width\" content=\"1200\" \/>\n\t<meta property=\"og:image:height\" content=\"675\" \/>\n\t<meta property=\"og:image:type\" content=\"image\/jpeg\" \/>\n<meta name=\"author\" content=\"Andr\u00e9s Quiroz\" \/>\n<meta name=\"twitter:card\" content=\"summary_large_image\" \/>\n<meta name=\"twitter:label1\" content=\"Written by\" \/>\n\t<meta name=\"twitter:data1\" content=\"Andr\u00e9s Quiroz\" \/>\n\t<meta name=\"twitter:label2\" content=\"Est. reading time\" \/>\n\t<meta name=\"twitter:data2\" content=\"3 minutes\" \/>\n<script type=\"application\/ld+json\" class=\"yoast-schema-graph\">{\"@context\":\"https:\\\/\\\/schema.org\",\"@graph\":[{\"@type\":\"Article\",\"@id\":\"https:\\\/\\\/www.fcbarcelonanoticias.com\\\/en\\\/transfers\\\/raphinha-speaks-out-about-arabia-and-his-future-at-barcelona_315448_102.html#article\",\"isPartOf\":{\"@id\":\"https:\\\/\\\/www.fcbarcelonanoticias.com\\\/en\\\/transfers\\\/raphinha-speaks-out-about-arabia-and-his-future-at-barcelona_315448_102.html\"},\"author\":{\"name\":\"Andr\u00e9s Quiroz\",\"@id\":\"https:\\\/\\\/www.fcbarcelonanoticias.com\\\/en\\\/#\\\/schema\\\/person\\\/c2cd9f6fa1af5c0d0eccd0fefa575c88\"},\"headline\":\"Raphinha denies rumors of his departure from Bar\u00e7a for Arabia\",\"datePublished\":\"2025-12-07T18:44:00+00:00\",\"mainEntityOfPage\":{\"@id\":\"https:\\\/\\\/www.fcbarcelonanoticias.com\\\/en\\\/transfers\\\/raphinha-speaks-out-about-arabia-and-his-future-at-barcelona_315448_102.html\"},\"wordCount\":556,\"image\":{\"@id\":\"https:\\\/\\\/www.fcbarcelonanoticias.com\\\/en\\\/transfers\\\/raphinha-speaks-out-about-arabia-and-his-future-at-barcelona_315448_102.html#primaryimage\"},\"thumbnailUrl\":\"https:\\\/\\\/www.fcbarcelonanoticias.com\\\/en\\\/wp-content\\\/uploads\\\/sites\\\/2\\\/2025\\\/12\\\/raphinha-fc-barcelona-25-26-1.jpeg\",\"keywords\":[\"Raphinha\",\"Raphinha\",\"Transfer Rumors\"],\"articleSection\":[\"Transfers\",\"Transfers\"],\"inLanguage\":\"en-US\"},{\"@type\":\"WebPage\",\"@id\":\"https:\\\/\\\/www.fcbarcelonanoticias.com\\\/en\\\/transfers\\\/raphinha-speaks-out-about-arabia-and-his-future-at-barcelona_315448_102.html\",\"url\":\"https:\\\/\\\/www.fcbarcelonanoticias.com\\\/en\\\/transfers\\\/raphinha-speaks-out-about-arabia-and-his-future-at-barcelona_315448_102.html\",\"name\":\"Raphinha speaks out about Arabia and his future at Barcelona\",\"isPartOf\":{\"@id\":\"https:\\\/\\\/www.fcbarcelonanoticias.com\\\/en\\\/#website\"},\"primaryImageOfPage\":{\"@id\":\"https:\\\/\\\/www.fcbarcelonanoticias.com\\\/en\\\/transfers\\\/raphinha-speaks-out-about-arabia-and-his-future-at-barcelona_315448_102.html#primaryimage\"},\"image\":{\"@id\":\"https:\\\/\\\/www.fcbarcelonanoticias.com\\\/en\\\/transfers\\\/raphinha-speaks-out-about-arabia-and-his-future-at-barcelona_315448_102.html#primaryimage\"},\"thumbnailUrl\":\"https:\\\/\\\/www.fcbarcelonanoticias.com\\\/en\\\/wp-content\\\/uploads\\\/sites\\\/2\\\/2025\\\/12\\\/raphinha-fc-barcelona-25-26-1.jpeg\",\"datePublished\":\"2025-12-07T18:44:00+00:00\",\"author\":{\"@id\":\"https:\\\/\\\/www.fcbarcelonanoticias.com\\\/en\\\/#\\\/schema\\\/person\\\/c2cd9f6fa1af5c0d0eccd0fefa575c88\"},\"description\":\"Raphinha addressed the rumors about his possible departure from Bar\u00e7a, heading to Arabia in 2026. Find out what the Brazilian said\",\"breadcrumb\":{\"@id\":\"https:\\\/\\\/www.fcbarcelonanoticias.com\\\/en\\\/transfers\\\/raphinha-speaks-out-about-arabia-and-his-future-at-barcelona_315448_102.html#breadcrumb\"},\"inLanguage\":\"en-US\",\"potentialAction\":[{\"@type\":\"ReadAction\",\"target\":[\"https:\\\/\\\/www.fcbarcelonanoticias.com\\\/en\\\/transfers\\\/raphinha-speaks-out-about-arabia-and-his-future-at-barcelona_315448_102.html\"]}]},{\"@type\":\"ImageObject\",\"inLanguage\":\"en-US\",\"@id\":\"https:\\\/\\\/www.fcbarcelonanoticias.com\\\/en\\\/transfers\\\/raphinha-speaks-out-about-arabia-and-his-future-at-barcelona_315448_102.html#primaryimage\",\"url\":\"https:\\\/\\\/www.fcbarcelonanoticias.com\\\/en\\\/wp-content\\\/uploads\\\/sites\\\/2\\\/2025\\\/12\\\/raphinha-fc-barcelona-25-26-1.jpeg\",\"contentUrl\":\"https:\\\/\\\/www.fcbarcelonanoticias.com\\\/en\\\/wp-content\\\/uploads\\\/sites\\\/2\\\/2025\\\/12\\\/raphinha-fc-barcelona-25-26-1.jpeg\",\"width\":1200,\"height\":675},{\"@type\":\"BreadcrumbList\",\"@id\":\"https:\\\/\\\/www.fcbarcelonanoticias.com\\\/en\\\/transfers\\\/raphinha-speaks-out-about-arabia-and-his-future-at-barcelona_315448_102.html#breadcrumb\",\"itemListElement\":[{\"@type\":\"ListItem\",\"position\":1,\"name\":\"Portada\",\"item\":\"https:\\\/\\\/www.fcbarcelonanoticias.com\\\/en\\\/\"},{\"@type\":\"ListItem\",\"position\":2,\"name\":\"Raphinha denies rumors of his departure from Bar\u00e7a for Arabia\"}]},{\"@type\":\"WebSite\",\"@id\":\"https:\\\/\\\/www.fcbarcelonanoticias.com\\\/en\\\/#website\",\"url\":\"https:\\\/\\\/www.fcbarcelonanoticias.com\\\/en\\\/\",\"name\":\"EN - FC Barcelona Noticias\",\"description\":\"\",\"potentialAction\":[{\"@type\":\"SearchAction\",\"target\":{\"@type\":\"EntryPoint\",\"urlTemplate\":\"https:\\\/\\\/www.fcbarcelonanoticias.com\\\/en\\\/?s={search_term_string}\"},\"query-input\":{\"@type\":\"PropertyValueSpecification\",\"valueRequired\":true,\"valueName\":\"search_term_string\"}}],\"inLanguage\":\"en-US\"},{\"@type\":\"Person\",\"@id\":\"https:\\\/\\\/www.fcbarcelonanoticias.com\\\/en\\\/#\\\/schema\\\/person\\\/c2cd9f6fa1af5c0d0eccd0fefa575c88\",\"name\":\"Andr\u00e9s Quiroz\",\"image\":{\"@type\":\"ImageObject\",\"inLanguage\":\"en-US\",\"@id\":\"https:\\\/\\\/secure.gravatar.com\\\/avatar\\\/?s=96&d=mm&r=g\",\"url\":\"https:\\\/\\\/secure.gravatar.com\\\/avatar\\\/?s=96&d=mm&r=g\",\"contentUrl\":\"https:\\\/\\\/secure.gravatar.com\\\/avatar\\\/?s=96&d=mm&r=g\",\"caption\":\"Andr\u00e9s Quiroz\"},\"description\":\"Licenciado en Periodismo por la Universidad de los Andes. Me encargo de analizar y compartir los contenidos m\u00e1s destacados de la\u00a0actualidad del F\u00fatbol Club Barcelona, Mercado de Fichajes y F\u00fatbol Internacional en FCBN. La informaci\u00f3n es poder, pero tambi\u00e9n conocimiento.\",\"url\":\"https:\\\/\\\/www.fcbarcelonanoticias.com\\\/en\\\/fc-barcelona\\\/andres-quiroz_17_115.html\"}]}<\/script>\n<!-- \/ Yoast SEO plugin. -->","yoast_head_json":{"title":"Raphinha speaks out about Arabia and his future at Barcelona","description":"Raphinha addressed the rumors about his possible departure from Bar\u00e7a, heading to Arabia in 2026. Find out what the Brazilian said","robots":{"index":"index","follow":"follow","max-snippet":"max-snippet:-1","max-image-preview":"max-image-preview:large","max-video-preview":"max-video-preview:-1"},"canonical":"https:\/\/www.fcbarcelonanoticias.com\/en\/transfers\/raphinha-speaks-out-about-arabia-and-his-future-at-barcelona_315448_102.html","og_locale":"en_US","og_type":"article","og_title":"Raphinha speaks out about Arabia and his future at Barcelona","og_description":"Raphinha addressed the rumors about his possible departure from Bar\u00e7a, heading to Arabia in 2026. Find out what the Brazilian said","og_url":"https:\/\/www.fcbarcelonanoticias.com\/en\/transfers\/raphinha-speaks-out-about-arabia-and-his-future-at-barcelona_315448_102.html","og_site_name":"EN - FC Barcelona Noticias","article_published_time":"2025-12-07T18:44:00+00:00","og_image":[{"width":1200,"height":675,"url":"https:\/\/www.fcbarcelonanoticias.com\/en\/wp-content\/uploads\/sites\/2\/2025\/12\/raphinha-fc-barcelona-25-26-1.jpeg","type":"image\/jpeg"}],"author":"Andr\u00e9s Quiroz","twitter_card":"summary_large_image","twitter_misc":{"Written by":"Andr\u00e9s Quiroz","Est. reading time":"3 minutes"},"schema":{"@context":"https:\/\/schema.org","@graph":[{"@type":"Article","@id":"https:\/\/www.fcbarcelonanoticias.com\/en\/transfers\/raphinha-speaks-out-about-arabia-and-his-future-at-barcelona_315448_102.html#article","isPartOf":{"@id":"https:\/\/www.fcbarcelonanoticias.com\/en\/transfers\/raphinha-speaks-out-about-arabia-and-his-future-at-barcelona_315448_102.html"},"author":{"name":"Andr\u00e9s Quiroz","@id":"https:\/\/www.fcbarcelonanoticias.com\/en\/#\/schema\/person\/c2cd9f6fa1af5c0d0eccd0fefa575c88"},"headline":"Raphinha denies rumors of his departure from Bar\u00e7a for Arabia","datePublished":"2025-12-07T18:44:00+00:00","mainEntityOfPage":{"@id":"https:\/\/www.fcbarcelonanoticias.com\/en\/transfers\/raphinha-speaks-out-about-arabia-and-his-future-at-barcelona_315448_102.html"},"wordCount":556,"image":{"@id":"https:\/\/www.fcbarcelonanoticias.com\/en\/transfers\/raphinha-speaks-out-about-arabia-and-his-future-at-barcelona_315448_102.html#primaryimage"},"thumbnailUrl":"https:\/\/www.fcbarcelonanoticias.com\/en\/wp-content\/uploads\/sites\/2\/2025\/12\/raphinha-fc-barcelona-25-26-1.jpeg","keywords":["Raphinha","Raphinha","Transfer Rumors"],"articleSection":["Transfers","Transfers"],"inLanguage":"en-US"},{"@type":"WebPage","@id":"https:\/\/www.fcbarcelonanoticias.com\/en\/transfers\/raphinha-speaks-out-about-arabia-and-his-future-at-barcelona_315448_102.html","url":"https:\/\/www.fcbarcelonanoticias.com\/en\/transfers\/raphinha-speaks-out-about-arabia-and-his-future-at-barcelona_315448_102.html","name":"Raphinha speaks out about Arabia and his future at Barcelona","isPartOf":{"@id":"https:\/\/www.fcbarcelonanoticias.com\/en\/#website"},"primaryImageOfPage":{"@id":"https:\/\/www.fcbarcelonanoticias.com\/en\/transfers\/raphinha-speaks-out-about-arabia-and-his-future-at-barcelona_315448_102.html#primaryimage"},"image":{"@id":"https:\/\/www.fcbarcelonanoticias.com\/en\/transfers\/raphinha-speaks-out-about-arabia-and-his-future-at-barcelona_315448_102.html#primaryimage"},"thumbnailUrl":"https:\/\/www.fcbarcelonanoticias.com\/en\/wp-content\/uploads\/sites\/2\/2025\/12\/raphinha-fc-barcelona-25-26-1.jpeg","datePublished":"2025-12-07T18:44:00+00:00","author":{"@id":"https:\/\/www.fcbarcelonanoticias.com\/en\/#\/schema\/person\/c2cd9f6fa1af5c0d0eccd0fefa575c88"},"description":"Raphinha addressed the rumors about his possible departure from Bar\u00e7a, heading to Arabia in 2026. Find out what the Brazilian said","breadcrumb":{"@id":"https:\/\/www.fcbarcelonanoticias.com\/en\/transfers\/raphinha-speaks-out-about-arabia-and-his-future-at-barcelona_315448_102.html#breadcrumb"},"inLanguage":"en-US","potentialAction":[{"@type":"ReadAction","target":["https:\/\/www.fcbarcelonanoticias.com\/en\/transfers\/raphinha-speaks-out-about-arabia-and-his-future-at-barcelona_315448_102.html"]}]},{"@type":"ImageObject","inLanguage":"en-US","@id":"https:\/\/www.fcbarcelonanoticias.com\/en\/transfers\/raphinha-speaks-out-about-arabia-and-his-future-at-barcelona_315448_102.html#primaryimage","url":"https:\/\/www.fcbarcelonanoticias.com\/en\/wp-content\/uploads\/sites\/2\/2025\/12\/raphinha-fc-barcelona-25-26-1.jpeg","contentUrl":"https:\/\/www.fcbarcelonanoticias.com\/en\/wp-content\/uploads\/sites\/2\/2025\/12\/raphinha-fc-barcelona-25-26-1.jpeg","width":1200,"height":675},{"@type":"BreadcrumbList","@id":"https:\/\/www.fcbarcelonanoticias.com\/en\/transfers\/raphinha-speaks-out-about-arabia-and-his-future-at-barcelona_315448_102.html#breadcrumb","itemListElement":[{"@type":"ListItem","position":1,"name":"Portada","item":"https:\/\/www.fcbarcelonanoticias.com\/en\/"},{"@type":"ListItem","position":2,"name":"Raphinha denies rumors of his departure from Bar\u00e7a for Arabia"}]},{"@type":"WebSite","@id":"https:\/\/www.fcbarcelonanoticias.com\/en\/#website","url":"https:\/\/www.fcbarcelonanoticias.com\/en\/","name":"EN - FC Barcelona Noticias","description":"","potentialAction":[{"@type":"SearchAction","target":{"@type":"EntryPoint","urlTemplate":"https:\/\/www.fcbarcelonanoticias.com\/en\/?s={search_term_string}"},"query-input":{"@type":"PropertyValueSpecification","valueRequired":true,"valueName":"search_term_string"}}],"inLanguage":"en-US"},{"@type":"Person","@id":"https:\/\/www.fcbarcelonanoticias.com\/en\/#\/schema\/person\/c2cd9f6fa1af5c0d0eccd0fefa575c88","name":"Andr\u00e9s Quiroz","image":{"@type":"ImageObject","inLanguage":"en-US","@id":"https:\/\/secure.gravatar.com\/avatar\/?s=96&d=mm&r=g","url":"https:\/\/secure.gravatar.com\/avatar\/?s=96&d=mm&r=g","contentUrl":"https:\/\/secure.gravatar.com\/avatar\/?s=96&d=mm&r=g","caption":"Andr\u00e9s Quiroz"},"description":"Licenciado en Periodismo por la Universidad de los Andes. Me encargo de analizar y compartir los contenidos m\u00e1s destacados de la\u00a0actualidad del F\u00fatbol Club Barcelona, Mercado de Fichajes y F\u00fatbol Internacional en FCBN. La informaci\u00f3n es poder, pero tambi\u00e9n conocimiento.","url":"https:\/\/www.fcbarcelonanoticias.com\/en\/fc-barcelona\/andres-quiroz_17_115.html"}]}},"_links":{"self":[{"href":"https:\/\/www.fcbarcelonanoticias.com\/en\/wp-json\/wp\/v2\/posts\/132012","targetHints":{"allow":["GET"]}}],"collection":[{"href":"https:\/\/www.fcbarcelonanoticias.com\/en\/wp-json\/wp\/v2\/posts"}],"about":[{"href":"https:\/\/www.fcbarcelonanoticias.com\/en\/wp-json\/wp\/v2\/types\/post"}],"author":[{"embeddable":true,"href":"https:\/\/www.fcbarcelonanoticias.com\/en\/wp-json\/wp\/v2\/users\/347"}],"replies":[{"embeddable":true,"href":"https:\/\/www.fcbarcelonanoticias.com\/en\/wp-json\/wp\/v2\/comments?post=132012"}],"version-history":[{"count":1,"href":"https:\/\/www.fcbarcelonanoticias.com\/en\/wp-json\/wp\/v2\/posts\/132012\/revisions"}],"predecessor-version":[{"id":152853,"href":"https:\/\/www.fcbarcelonanoticias.com\/en\/wp-json\/wp\/v2\/posts\/132012\/revisions\/152853"}],"wp:featuredmedia":[{"embeddable":true,"href":"https:\/\/www.fcbarcelonanoticias.com\/en\/wp-json\/wp\/v2\/media\/132016"}],"wp:attachment":[{"href":"https:\/\/www.fcbarcelonanoticias.com\/en\/wp-json\/wp\/v2\/media?parent=132012"}],"wp:term":[{"taxonomy":"category","embeddable":true,"href":"https:\/\/www.fcbarcelonanoticias.com\/en\/wp-json\/wp\/v2\/categories?post=132012"},{"taxonomy":"post_tag","embeddable":true,"href":"https:\/\/www.fcbarcelonanoticias.com\/en\/wp-json\/wp\/v2\/tags?post=132012"}],"curies":[{"name":"wp","href":"https:\/\/api.w.org\/{rel}","templated":true}]}}