{"id":132181,"date":"2024-11-18T19:22:00","date_gmt":"2024-11-18T18:22:00","guid":{"rendered":"https:\/\/weisetech.dev\/fc-barcelona-noticias\/en\/real-madrid-cools-off-its-possible-star-signing-due-to-two-weighty-factors_308699_102\/"},"modified":"2024-11-19T03:22:00","modified_gmt":"2024-11-19T02:22:00","slug":"real-madrid-cools-off-its-possible-star-signing-due-to-two-weighty-factors_308699_102","status":"publish","type":"post","link":"https:\/\/www.fcbarcelonanoticias.com\/en\/transfers\/real-madrid-cools-off-its-possible-star-signing-due-to-two-weighty-factors_308699_102.html","title":{"rendered":"Real Madrid &#8216;cools off&#8217; its possible star signing due to two &#8216;weighty&#8217; factors"},"content":{"rendered":"<h2 class=\"wp-block-heading\">The signing of Florian Wirtz by Real Madrid is not so clear. The Whites are thinking about his arrival due to his high price and the lack of effective defence<\/h2>  \r\n<div class=\"article-addons\">\r\n    <a href=\"https:\/\/www.fcbarcelonanoticias.com\/en\/calendar-fc-barcelona.html\"\r\n       target=\"_self\"\r\n       title=\"Calendar of FC Barcelona\"\r\n       class=\"blue-gredient-btn\">\r\n       \r\n        Calendar of FC Barcelona    <\/a>\r\n<\/div>   <p>The <strong>Florian Wirtz<\/strong> soap opera continues to add chapters. The German midfielder will be in the &#8216;eye of the storm&#8217; during the next summer transfer market, since several of the continent&#8217;s big clubs, including <strong>FC Barcelona<\/strong>, \u200b\u200bwill seek to get him from <strong>Bayer Leverkusen <\/strong>to incorporate him into their ranks.<\/p>  <p>However, <a data-external=\"0\" data-intl-links-en=\"https:\/\/www.fcbarcelonanoticias.com\/en\/transfers\/real-madrid-on-track-for-double-blow-that-would-affect-barcelona-and-manchester-city_308653_102.html\" data-intl-links-es=\"https:\/\/www.fcbarcelonanoticias.com\/fichajes\/real-madrid-encamina-doble-golpe-afectaria-barcelona-manchester-city_308653_102.html\" href=\"https:\/\/www.fcbarcelonanoticias.com\/en\/transfers\/real-madrid-on-track-for-double-blow-that-would-affect-barcelona-and-manchester-city_308653_102.html\" rel=\"follow\" target=\"_self\" title=\"Real Madrid on track for a 'double blow' that would affect Barcelona and Manchester City\">in this &#8216;race&#8217; it would be Real Madrid who would have the upper hand<\/a>. The possible arrival of <strong>Xabi Alonso <\/strong>to the Merengue bench for the next season made the Whites the top candidate to get the services of the German &#8216;crack&#8217;, but from the offices of the Santiago Bernab\u00e9u they would not be so clear about his signing.<\/p>  <h3>Madrid&#8217;s doubts about Wirtz<\/h3>  <p>According to &#8216;The Athletic&#8217;, in <strong>Chamart\u00edn <\/strong>they would be thinking twice about undertaking an operation like that of <strong>Wirtz <\/strong>due to two factors. The first of them, <strong>his high price<\/strong>, since aspirins would have valued his transfer at a figure that oscillates between 100 and 130 million euros.<\/p>  <p>An amount that &#8216;clashes&#8217; with the needs of the Madrid team, <strong>which would be forced to invest in other positions such as defense<\/strong>, where the injuries of David Alaba, \u00c9der Militao and Dani Carvajal have seriously weakened the team. For these reasons, in the White House the name of <strong>Wirtz <\/strong>would be &#8216;cooling off&#8217; little by little.<\/p>  <p>A scenario that could favor<strong> Bar\u00e7a or Manchester City<\/strong>, who also dream of landing Florian in their squads. <strong>Madrid <\/strong>appeared as the main competitor of both institutions in the &#8216;bid&#8217; for the midfielder, but their economic and sporting emergencies would be distancing them from the &#8216;race&#8217; and both cul\u00e9s and &#8216;citizens&#8217; could press to take &#8216;the cat to the water&#8217;.<\/p> ","protected":false},"excerpt":{"rendered":"<p>The signing of Florian Wirtz by Real Madrid is not so clear. The Whites are thinking about his arrival due to his high price and the lack of effective defence The Florian Wirtz soap opera continues to add chapters. The German midfielder will be in the &#8216;eye of the storm&#8217; during the next summer transfer [&hellip;]<\/p>\n","protected":false},"author":358,"featured_media":132182,"comment_status":"closed","ping_status":"open","sticky":false,"template":"","format":"standard","meta":{"_acf_changed":false,"inline_featured_image":false,"_nextfly_llmd_date_locked":false,"footnotes":""},"categories":[449,106],"tags":[103,283],"class_list":["post-132181","post","type-post","status-publish","format-standard","has-post-thumbnail","hentry","category-transfers-2","category-transfers","tag-bayer-leverkusen","tag-florian-wirtz"],"acf":[],"yoast_head":"<!-- This site is optimized with the Yoast SEO plugin v27.3 - https:\/\/yoast.com\/product\/yoast-seo-wordpress\/ -->\n<title>Real Madrid &#039;cools off&#039; its possible star signing due to two &#039;weighty&#039; factors<\/title>\n<meta name=\"description\" content=\"The signing of Florian Wirtz by Real Madrid is not so clear. The Whites are thinking about his arrival due to his high price and the lack of effective defence\" \/>\n<meta name=\"robots\" content=\"index, follow, max-snippet:-1, max-image-preview:large, max-video-preview:-1\" \/>\n<link rel=\"canonical\" href=\"https:\/\/www.fcbarcelonanoticias.com\/en\/transfers\/real-madrid-cools-off-its-possible-star-signing-due-to-two-weighty-factors_308699_102.html\" \/>\n<meta property=\"og:locale\" content=\"en_US\" \/>\n<meta property=\"og:type\" content=\"article\" \/>\n<meta property=\"og:title\" content=\"Real Madrid &#039;cools off&#039; its possible star signing due to two &#039;weighty&#039; factors\" \/>\n<meta property=\"og:description\" content=\"The signing of Florian Wirtz by Real Madrid is not so clear. The Whites are thinking about his arrival due to his high price and the lack of effective defence\" \/>\n<meta property=\"og:url\" content=\"https:\/\/www.fcbarcelonanoticias.com\/en\/transfers\/real-madrid-cools-off-its-possible-star-signing-due-to-two-weighty-factors_308699_102.html\" \/>\n<meta property=\"og:site_name\" content=\"EN - FC Barcelona Noticias\" \/>\n<meta property=\"article:published_time\" content=\"2024-11-18T18:22:00+00:00\" \/>\n<meta property=\"article:modified_time\" content=\"2024-11-19T02:22:00+00:00\" \/>\n<meta property=\"og:image\" content=\"https:\/\/www.fcbarcelonanoticias.com\/en\/wp-content\/uploads\/sites\/2\/2024\/11\/florian-wirtz-musiala.jpeg\" \/>\n\t<meta property=\"og:image:width\" content=\"1250\" \/>\n\t<meta property=\"og:image:height\" content=\"730\" \/>\n\t<meta property=\"og:image:type\" content=\"image\/jpeg\" \/>\n<meta name=\"author\" content=\"Juan Pablo Berdugo\" \/>\n<meta name=\"twitter:card\" content=\"summary_large_image\" \/>\n<meta name=\"twitter:label1\" content=\"Written by\" \/>\n\t<meta name=\"twitter:data1\" content=\"Juan Pablo Berdugo\" \/>\n\t<meta name=\"twitter:label2\" content=\"Est. reading time\" \/>\n\t<meta name=\"twitter:data2\" content=\"2 minutes\" \/>\n<script type=\"application\/ld+json\" class=\"yoast-schema-graph\">{\"@context\":\"https:\\\/\\\/schema.org\",\"@graph\":[{\"@type\":\"Article\",\"@id\":\"https:\\\/\\\/www.fcbarcelonanoticias.com\\\/en\\\/transfers\\\/real-madrid-cools-off-its-possible-star-signing-due-to-two-weighty-factors_308699_102.html#article\",\"isPartOf\":{\"@id\":\"https:\\\/\\\/www.fcbarcelonanoticias.com\\\/en\\\/transfers\\\/real-madrid-cools-off-its-possible-star-signing-due-to-two-weighty-factors_308699_102.html\"},\"author\":{\"name\":\"Juan Pablo Berdugo\",\"@id\":\"https:\\\/\\\/www.fcbarcelonanoticias.com\\\/en\\\/#\\\/schema\\\/person\\\/88d756918a0a1ae9fa593b5edddd1815\"},\"headline\":\"Real Madrid &#8216;cools off&#8217; its possible star signing due to two &#8216;weighty&#8217; factors\",\"datePublished\":\"2024-11-18T18:22:00+00:00\",\"dateModified\":\"2024-11-19T02:22:00+00:00\",\"mainEntityOfPage\":{\"@id\":\"https:\\\/\\\/www.fcbarcelonanoticias.com\\\/en\\\/transfers\\\/real-madrid-cools-off-its-possible-star-signing-due-to-two-weighty-factors_308699_102.html\"},\"wordCount\":326,\"image\":{\"@id\":\"https:\\\/\\\/www.fcbarcelonanoticias.com\\\/en\\\/transfers\\\/real-madrid-cools-off-its-possible-star-signing-due-to-two-weighty-factors_308699_102.html#primaryimage\"},\"thumbnailUrl\":\"https:\\\/\\\/www.fcbarcelonanoticias.com\\\/en\\\/wp-content\\\/uploads\\\/sites\\\/2\\\/2024\\\/11\\\/florian-wirtz-musiala.jpeg\",\"keywords\":[\"Bayer Leverkusen\",\"Florian Wirtz\"],\"articleSection\":[\"Transfers\",\"Transfers\"],\"inLanguage\":\"en-US\"},{\"@type\":\"WebPage\",\"@id\":\"https:\\\/\\\/www.fcbarcelonanoticias.com\\\/en\\\/transfers\\\/real-madrid-cools-off-its-possible-star-signing-due-to-two-weighty-factors_308699_102.html\",\"url\":\"https:\\\/\\\/www.fcbarcelonanoticias.com\\\/en\\\/transfers\\\/real-madrid-cools-off-its-possible-star-signing-due-to-two-weighty-factors_308699_102.html\",\"name\":\"Real Madrid 'cools off' its possible star signing due to two 'weighty' factors\",\"isPartOf\":{\"@id\":\"https:\\\/\\\/www.fcbarcelonanoticias.com\\\/en\\\/#website\"},\"primaryImageOfPage\":{\"@id\":\"https:\\\/\\\/www.fcbarcelonanoticias.com\\\/en\\\/transfers\\\/real-madrid-cools-off-its-possible-star-signing-due-to-two-weighty-factors_308699_102.html#primaryimage\"},\"image\":{\"@id\":\"https:\\\/\\\/www.fcbarcelonanoticias.com\\\/en\\\/transfers\\\/real-madrid-cools-off-its-possible-star-signing-due-to-two-weighty-factors_308699_102.html#primaryimage\"},\"thumbnailUrl\":\"https:\\\/\\\/www.fcbarcelonanoticias.com\\\/en\\\/wp-content\\\/uploads\\\/sites\\\/2\\\/2024\\\/11\\\/florian-wirtz-musiala.jpeg\",\"datePublished\":\"2024-11-18T18:22:00+00:00\",\"dateModified\":\"2024-11-19T02:22:00+00:00\",\"author\":{\"@id\":\"https:\\\/\\\/www.fcbarcelonanoticias.com\\\/en\\\/#\\\/schema\\\/person\\\/88d756918a0a1ae9fa593b5edddd1815\"},\"description\":\"The signing of Florian Wirtz by Real Madrid is not so clear. The Whites are thinking about his arrival due to his high price and the lack of effective defence\",\"breadcrumb\":{\"@id\":\"https:\\\/\\\/www.fcbarcelonanoticias.com\\\/en\\\/transfers\\\/real-madrid-cools-off-its-possible-star-signing-due-to-two-weighty-factors_308699_102.html#breadcrumb\"},\"inLanguage\":\"en-US\",\"potentialAction\":[{\"@type\":\"ReadAction\",\"target\":[\"https:\\\/\\\/www.fcbarcelonanoticias.com\\\/en\\\/transfers\\\/real-madrid-cools-off-its-possible-star-signing-due-to-two-weighty-factors_308699_102.html\"]}]},{\"@type\":\"ImageObject\",\"inLanguage\":\"en-US\",\"@id\":\"https:\\\/\\\/www.fcbarcelonanoticias.com\\\/en\\\/transfers\\\/real-madrid-cools-off-its-possible-star-signing-due-to-two-weighty-factors_308699_102.html#primaryimage\",\"url\":\"https:\\\/\\\/www.fcbarcelonanoticias.com\\\/en\\\/wp-content\\\/uploads\\\/sites\\\/2\\\/2024\\\/11\\\/florian-wirtz-musiala.jpeg\",\"contentUrl\":\"https:\\\/\\\/www.fcbarcelonanoticias.com\\\/en\\\/wp-content\\\/uploads\\\/sites\\\/2\\\/2024\\\/11\\\/florian-wirtz-musiala.jpeg\",\"width\":1250,\"height\":730},{\"@type\":\"BreadcrumbList\",\"@id\":\"https:\\\/\\\/www.fcbarcelonanoticias.com\\\/en\\\/transfers\\\/real-madrid-cools-off-its-possible-star-signing-due-to-two-weighty-factors_308699_102.html#breadcrumb\",\"itemListElement\":[{\"@type\":\"ListItem\",\"position\":1,\"name\":\"Portada\",\"item\":\"https:\\\/\\\/www.fcbarcelonanoticias.com\\\/en\\\/\"},{\"@type\":\"ListItem\",\"position\":2,\"name\":\"Real Madrid &#8216;cools off&#8217; its possible star signing due to two &#8216;weighty&#8217; factors\"}]},{\"@type\":\"WebSite\",\"@id\":\"https:\\\/\\\/www.fcbarcelonanoticias.com\\\/en\\\/#website\",\"url\":\"https:\\\/\\\/www.fcbarcelonanoticias.com\\\/en\\\/\",\"name\":\"EN - FC Barcelona Noticias\",\"description\":\"\",\"potentialAction\":[{\"@type\":\"SearchAction\",\"target\":{\"@type\":\"EntryPoint\",\"urlTemplate\":\"https:\\\/\\\/www.fcbarcelonanoticias.com\\\/en\\\/?s={search_term_string}\"},\"query-input\":{\"@type\":\"PropertyValueSpecification\",\"valueRequired\":true,\"valueName\":\"search_term_string\"}}],\"inLanguage\":\"en-US\"},{\"@type\":\"Person\",\"@id\":\"https:\\\/\\\/www.fcbarcelonanoticias.com\\\/en\\\/#\\\/schema\\\/person\\\/88d756918a0a1ae9fa593b5edddd1815\",\"name\":\"Juan Pablo Berdugo\",\"image\":{\"@type\":\"ImageObject\",\"inLanguage\":\"en-US\",\"@id\":\"https:\\\/\\\/secure.gravatar.com\\\/avatar\\\/?s=96&d=mm&r=g\",\"url\":\"https:\\\/\\\/secure.gravatar.com\\\/avatar\\\/?s=96&d=mm&r=g\",\"contentUrl\":\"https:\\\/\\\/secure.gravatar.com\\\/avatar\\\/?s=96&d=mm&r=g\",\"caption\":\"Juan Pablo Berdugo\"},\"description\":\"Juan Pablo Berdugo es graduado en Periodismo. Colabora con FCBN como especialista en informaci\u00f3n del primer equipo del FC Barcelona, f\u00fatbol internacional y mercado de fichajes. Destaca por su enfoque anal\u00edtico, su rigor informativo y su capacidad para detectar tendencias emergentes en el f\u00fatbol global.\",\"url\":\"https:\\\/\\\/www.fcbarcelonanoticias.com\\\/en\\\/fc-barcelona\\\/juan-pablo-berdugo_18_115.html\"}]}<\/script>\n<!-- \/ Yoast SEO plugin. -->","yoast_head_json":{"title":"Real Madrid 'cools off' its possible star signing due to two 'weighty' factors","description":"The signing of Florian Wirtz by Real Madrid is not so clear. The Whites are thinking about his arrival due to his high price and the lack of effective defence","robots":{"index":"index","follow":"follow","max-snippet":"max-snippet:-1","max-image-preview":"max-image-preview:large","max-video-preview":"max-video-preview:-1"},"canonical":"https:\/\/www.fcbarcelonanoticias.com\/en\/transfers\/real-madrid-cools-off-its-possible-star-signing-due-to-two-weighty-factors_308699_102.html","og_locale":"en_US","og_type":"article","og_title":"Real Madrid 'cools off' its possible star signing due to two 'weighty' factors","og_description":"The signing of Florian Wirtz by Real Madrid is not so clear. The Whites are thinking about his arrival due to his high price and the lack of effective defence","og_url":"https:\/\/www.fcbarcelonanoticias.com\/en\/transfers\/real-madrid-cools-off-its-possible-star-signing-due-to-two-weighty-factors_308699_102.html","og_site_name":"EN - FC Barcelona Noticias","article_published_time":"2024-11-18T18:22:00+00:00","article_modified_time":"2024-11-19T02:22:00+00:00","og_image":[{"width":1250,"height":730,"url":"https:\/\/www.fcbarcelonanoticias.com\/en\/wp-content\/uploads\/sites\/2\/2024\/11\/florian-wirtz-musiala.jpeg","type":"image\/jpeg"}],"author":"Juan Pablo Berdugo","twitter_card":"summary_large_image","twitter_misc":{"Written by":"Juan Pablo Berdugo","Est. reading time":"2 minutes"},"schema":{"@context":"https:\/\/schema.org","@graph":[{"@type":"Article","@id":"https:\/\/www.fcbarcelonanoticias.com\/en\/transfers\/real-madrid-cools-off-its-possible-star-signing-due-to-two-weighty-factors_308699_102.html#article","isPartOf":{"@id":"https:\/\/www.fcbarcelonanoticias.com\/en\/transfers\/real-madrid-cools-off-its-possible-star-signing-due-to-two-weighty-factors_308699_102.html"},"author":{"name":"Juan Pablo Berdugo","@id":"https:\/\/www.fcbarcelonanoticias.com\/en\/#\/schema\/person\/88d756918a0a1ae9fa593b5edddd1815"},"headline":"Real Madrid &#8216;cools off&#8217; its possible star signing due to two &#8216;weighty&#8217; factors","datePublished":"2024-11-18T18:22:00+00:00","dateModified":"2024-11-19T02:22:00+00:00","mainEntityOfPage":{"@id":"https:\/\/www.fcbarcelonanoticias.com\/en\/transfers\/real-madrid-cools-off-its-possible-star-signing-due-to-two-weighty-factors_308699_102.html"},"wordCount":326,"image":{"@id":"https:\/\/www.fcbarcelonanoticias.com\/en\/transfers\/real-madrid-cools-off-its-possible-star-signing-due-to-two-weighty-factors_308699_102.html#primaryimage"},"thumbnailUrl":"https:\/\/www.fcbarcelonanoticias.com\/en\/wp-content\/uploads\/sites\/2\/2024\/11\/florian-wirtz-musiala.jpeg","keywords":["Bayer Leverkusen","Florian Wirtz"],"articleSection":["Transfers","Transfers"],"inLanguage":"en-US"},{"@type":"WebPage","@id":"https:\/\/www.fcbarcelonanoticias.com\/en\/transfers\/real-madrid-cools-off-its-possible-star-signing-due-to-two-weighty-factors_308699_102.html","url":"https:\/\/www.fcbarcelonanoticias.com\/en\/transfers\/real-madrid-cools-off-its-possible-star-signing-due-to-two-weighty-factors_308699_102.html","name":"Real Madrid 'cools off' its possible star signing due to two 'weighty' factors","isPartOf":{"@id":"https:\/\/www.fcbarcelonanoticias.com\/en\/#website"},"primaryImageOfPage":{"@id":"https:\/\/www.fcbarcelonanoticias.com\/en\/transfers\/real-madrid-cools-off-its-possible-star-signing-due-to-two-weighty-factors_308699_102.html#primaryimage"},"image":{"@id":"https:\/\/www.fcbarcelonanoticias.com\/en\/transfers\/real-madrid-cools-off-its-possible-star-signing-due-to-two-weighty-factors_308699_102.html#primaryimage"},"thumbnailUrl":"https:\/\/www.fcbarcelonanoticias.com\/en\/wp-content\/uploads\/sites\/2\/2024\/11\/florian-wirtz-musiala.jpeg","datePublished":"2024-11-18T18:22:00+00:00","dateModified":"2024-11-19T02:22:00+00:00","author":{"@id":"https:\/\/www.fcbarcelonanoticias.com\/en\/#\/schema\/person\/88d756918a0a1ae9fa593b5edddd1815"},"description":"The signing of Florian Wirtz by Real Madrid is not so clear. The Whites are thinking about his arrival due to his high price and the lack of effective defence","breadcrumb":{"@id":"https:\/\/www.fcbarcelonanoticias.com\/en\/transfers\/real-madrid-cools-off-its-possible-star-signing-due-to-two-weighty-factors_308699_102.html#breadcrumb"},"inLanguage":"en-US","potentialAction":[{"@type":"ReadAction","target":["https:\/\/www.fcbarcelonanoticias.com\/en\/transfers\/real-madrid-cools-off-its-possible-star-signing-due-to-two-weighty-factors_308699_102.html"]}]},{"@type":"ImageObject","inLanguage":"en-US","@id":"https:\/\/www.fcbarcelonanoticias.com\/en\/transfers\/real-madrid-cools-off-its-possible-star-signing-due-to-two-weighty-factors_308699_102.html#primaryimage","url":"https:\/\/www.fcbarcelonanoticias.com\/en\/wp-content\/uploads\/sites\/2\/2024\/11\/florian-wirtz-musiala.jpeg","contentUrl":"https:\/\/www.fcbarcelonanoticias.com\/en\/wp-content\/uploads\/sites\/2\/2024\/11\/florian-wirtz-musiala.jpeg","width":1250,"height":730},{"@type":"BreadcrumbList","@id":"https:\/\/www.fcbarcelonanoticias.com\/en\/transfers\/real-madrid-cools-off-its-possible-star-signing-due-to-two-weighty-factors_308699_102.html#breadcrumb","itemListElement":[{"@type":"ListItem","position":1,"name":"Portada","item":"https:\/\/www.fcbarcelonanoticias.com\/en\/"},{"@type":"ListItem","position":2,"name":"Real Madrid &#8216;cools off&#8217; its possible star signing due to two &#8216;weighty&#8217; factors"}]},{"@type":"WebSite","@id":"https:\/\/www.fcbarcelonanoticias.com\/en\/#website","url":"https:\/\/www.fcbarcelonanoticias.com\/en\/","name":"EN - FC Barcelona Noticias","description":"","potentialAction":[{"@type":"SearchAction","target":{"@type":"EntryPoint","urlTemplate":"https:\/\/www.fcbarcelonanoticias.com\/en\/?s={search_term_string}"},"query-input":{"@type":"PropertyValueSpecification","valueRequired":true,"valueName":"search_term_string"}}],"inLanguage":"en-US"},{"@type":"Person","@id":"https:\/\/www.fcbarcelonanoticias.com\/en\/#\/schema\/person\/88d756918a0a1ae9fa593b5edddd1815","name":"Juan Pablo Berdugo","image":{"@type":"ImageObject","inLanguage":"en-US","@id":"https:\/\/secure.gravatar.com\/avatar\/?s=96&d=mm&r=g","url":"https:\/\/secure.gravatar.com\/avatar\/?s=96&d=mm&r=g","contentUrl":"https:\/\/secure.gravatar.com\/avatar\/?s=96&d=mm&r=g","caption":"Juan Pablo Berdugo"},"description":"Juan Pablo Berdugo es graduado en Periodismo. Colabora con FCBN como especialista en informaci\u00f3n del primer equipo del FC Barcelona, f\u00fatbol internacional y mercado de fichajes. Destaca por su enfoque anal\u00edtico, su rigor informativo y su capacidad para detectar tendencias emergentes en el f\u00fatbol global.","url":"https:\/\/www.fcbarcelonanoticias.com\/en\/fc-barcelona\/juan-pablo-berdugo_18_115.html"}]}},"_links":{"self":[{"href":"https:\/\/www.fcbarcelonanoticias.com\/en\/wp-json\/wp\/v2\/posts\/132181","targetHints":{"allow":["GET"]}}],"collection":[{"href":"https:\/\/www.fcbarcelonanoticias.com\/en\/wp-json\/wp\/v2\/posts"}],"about":[{"href":"https:\/\/www.fcbarcelonanoticias.com\/en\/wp-json\/wp\/v2\/types\/post"}],"author":[{"embeddable":true,"href":"https:\/\/www.fcbarcelonanoticias.com\/en\/wp-json\/wp\/v2\/users\/358"}],"replies":[{"embeddable":true,"href":"https:\/\/www.fcbarcelonanoticias.com\/en\/wp-json\/wp\/v2\/comments?post=132181"}],"version-history":[{"count":1,"href":"https:\/\/www.fcbarcelonanoticias.com\/en\/wp-json\/wp\/v2\/posts\/132181\/revisions"}],"predecessor-version":[{"id":152884,"href":"https:\/\/www.fcbarcelonanoticias.com\/en\/wp-json\/wp\/v2\/posts\/132181\/revisions\/152884"}],"wp:featuredmedia":[{"embeddable":true,"href":"https:\/\/www.fcbarcelonanoticias.com\/en\/wp-json\/wp\/v2\/media\/132182"}],"wp:attachment":[{"href":"https:\/\/www.fcbarcelonanoticias.com\/en\/wp-json\/wp\/v2\/media?parent=132181"}],"wp:term":[{"taxonomy":"category","embeddable":true,"href":"https:\/\/www.fcbarcelonanoticias.com\/en\/wp-json\/wp\/v2\/categories?post=132181"},{"taxonomy":"post_tag","embeddable":true,"href":"https:\/\/www.fcbarcelonanoticias.com\/en\/wp-json\/wp\/v2\/tags?post=132181"}],"curies":[{"name":"wp","href":"https:\/\/api.w.org\/{rel}","templated":true}]}}