{"id":132321,"date":"2025-01-26T00:34:00","date_gmt":"2025-01-25T23:34:00","guid":{"rendered":"https:\/\/weisetech.dev\/fc-barcelona-noticias\/en\/real-madrid-challenges-barca-for-key-signing-for-the-attack_310378_102\/"},"modified":"2025-01-26T00:34:00","modified_gmt":"2025-01-25T23:34:00","slug":"real-madrid-challenges-barca-for-key-signing-for-the-attack_310378_102","status":"publish","type":"post","link":"https:\/\/www.fcbarcelonanoticias.com\/en\/transfers\/real-madrid-challenges-barca-for-key-signing-for-the-attack_310378_102.html","title":{"rendered":"Real Madrid Challenges Bar\u00e7a for a Key Signing for the Attack"},"content":{"rendered":"<h2 class=\"wp-block-heading\">Real Madrid has set its sights on Jhon Dur\u00e1n to strengthen its attack. FC Barcelona also has the Colombian on its radar<\/h2>  \r\n<div class=\"article-addons\">\r\n    <a href=\"https:\/\/www.fcbarcelonanoticias.com\/en\/calendar-fc-barcelona.html\"\r\n       target=\"_self\"\r\n       title=\"Calendar of FC Barcelona\"\r\n       class=\"blue-gredient-btn\">\r\n       \r\n        Calendar of FC Barcelona    <\/a>\r\n<\/div>   <p>The sports management of <strong>FC Barcelona<\/strong> is still conducting a &#8216;casting&#8217; of forwards in search of the ideal replacement for <strong>Robert Lewandowski<\/strong> in the attack. Although renowned figures like <a data-external=\"0\" data-intl-links-en=\"https:\/\/www.fcbarcelonanoticias.com\/en\/transfers\/the-perfect-9-for-barcelona-gy-keres-keeps-scoring-and-shouting-for-his-signing_310209_102.html\" data-intl-links-es=\"https:\/\/www.fcbarcelonanoticias.com\/fichajes\/9-perfecto-barcelona-gy-keres-no-golear-pedir-gritos-su-fichaje_310209_102.html\" href=\"https:\/\/www.fcbarcelonanoticias.com\/en\/transfers\/the-perfect-9-for-barcelona-gy-keres-keeps-scoring-and-shouting-for-his-signing_310209_102.html\" rel=\"follow\" target=\"_self\" title=\"The Perfect '9' for Barcelona: Gy\u00f6keres Keeps Scoring and 'Demanding His Signing'\">Erling Haaland, Alexander Isak, or Viktor Gy\u00f6keres<\/a> are among the club&#8217;s top candidates, the Catalans are also keeping an eye on young talents who could become stars in the future.<\/p>  <p>One of these could be the scorer from <strong>Aston Villa<\/strong>, <strong>Jhon Dur\u00e1n<\/strong>, who has established himself as one of the sensations of the Premier League in Birmingham. The 21-year-old forward has scored <strong>12 goals in 28 matches<\/strong> and is gaining increasing importance in <strong>Unai Emery<\/strong>&#8216;s scheme, which has attracted the attention of several major clubs across the continent.<\/p>  <h3>Madrid Joins Bar\u00e7a in the Race for Dur\u00e1n<\/h3>  <p><a data-external=\"0\" data-intl-links-en=\"https:\/\/www.fcbarcelonanoticias.com\/en\/transfers\/jhon-duran-on-barca-radar-the-meeting-that-sparks-interest_309879_102.html\" data-intl-links-es=\"https:\/\/www.fcbarcelonanoticias.com\/fichajes\/jhon-duran-en-radar-barca-reunion-aviva-interes_309879_102.html\" href=\"https:\/\/www.fcbarcelonanoticias.com\/en\/transfers\/jhon-duran-on-barca-radar-the-meeting-that-sparks-interest_309879_102.html\" rel=\"follow\" target=\"_self\" title=\"Jhon Dur\u00e1n on Bar\u00e7a's Radar: The Meeting That Sparks Interest\">Bar\u00e7a has sought to get ahead in the bidding by holding a meeting with his representatives<\/a> at the end of last year to express their interest in the Colombian. However, journalist Santi Aouna has reported that <strong>Real Madrid<\/strong> also has the forward on its radar and is even willing to loan out <strong>Endrick<\/strong> to make room for him in the team.<\/p>  <p>Similarly, clubs like <strong>Paris Saint-Germain<\/strong> and <strong>Al-Nassr<\/strong> are also following the South American, although their operation would be far from economical. <strong>Aston Villa<\/strong> has valued his transfer at around <strong>100 million euros<\/strong>, so the team that wants to sign him will have to spend big. The bidding, in this way, is starting to intensify, and at <strong>Can Bar\u00e7a<\/strong>, they will need to act soon if they do not want to lose ground for one of the &#8216;gems&#8217; of the market.<\/p> ","protected":false},"excerpt":{"rendered":"<p>Real Madrid has set its sights on Jhon Dur\u00e1n to strengthen its attack. FC Barcelona also has the Colombian on its radar The sports management of FC Barcelona is still conducting a &#8216;casting&#8217; of forwards in search of the ideal replacement for Robert Lewandowski in the attack. Although renowned figures like Erling Haaland, Alexander Isak, [&hellip;]<\/p>\n","protected":false},"author":358,"featured_media":132324,"comment_status":"closed","ping_status":"open","sticky":false,"template":"","format":"standard","meta":{"_acf_changed":false,"inline_featured_image":false,"_nextfly_llmd_date_locked":false,"footnotes":""},"categories":[106,449],"tags":[],"class_list":["post-132321","post","type-post","status-publish","format-standard","has-post-thumbnail","hentry","category-transfers","category-transfers-2"],"acf":[],"yoast_head":"<!-- This site is optimized with the Yoast SEO plugin v27.3 - https:\/\/yoast.com\/product\/yoast-seo-wordpress\/ -->\n<title>Real Madrid Challenges Bar\u00e7a for a Key Signing for the Attack<\/title>\n<meta name=\"description\" content=\"Real Madrid has set its sights on Jhon Dur\u00e1n to strengthen its attack. FC Barcelona also has the Colombian on its radar\" \/>\n<meta name=\"robots\" content=\"index, follow, max-snippet:-1, max-image-preview:large, max-video-preview:-1\" \/>\n<link rel=\"canonical\" href=\"https:\/\/www.fcbarcelonanoticias.com\/en\/transfers\/real-madrid-challenges-barca-for-key-signing-for-the-attack_310378_102.html\" \/>\n<meta property=\"og:locale\" content=\"en_US\" \/>\n<meta property=\"og:type\" content=\"article\" \/>\n<meta property=\"og:title\" content=\"Real Madrid Challenges Bar\u00e7a for a Key Signing for the Attack\" \/>\n<meta property=\"og:description\" content=\"Real Madrid has set its sights on Jhon Dur\u00e1n to strengthen its attack. FC Barcelona also has the Colombian on its radar\" \/>\n<meta property=\"og:url\" content=\"https:\/\/www.fcbarcelonanoticias.com\/en\/transfers\/real-madrid-challenges-barca-for-key-signing-for-the-attack_310378_102.html\" \/>\n<meta property=\"og:site_name\" content=\"EN - FC Barcelona Noticias\" \/>\n<meta property=\"article:published_time\" content=\"2025-01-25T23:34:00+00:00\" \/>\n<meta property=\"og:image\" content=\"https:\/\/www.fcbarcelonanoticias.com\/en\/wp-content\/uploads\/sites\/2\/2025\/01\/aston-villa-fc-training-session-and-press-conference-uefa-champions-league-2024-25-league-phase-md7-1.jpeg\" \/>\n\t<meta property=\"og:image:width\" content=\"1200\" \/>\n\t<meta property=\"og:image:height\" content=\"675\" \/>\n\t<meta property=\"og:image:type\" content=\"image\/jpeg\" \/>\n<meta name=\"author\" content=\"Juan Pablo Berdugo\" \/>\n<meta name=\"twitter:card\" content=\"summary_large_image\" \/>\n<meta name=\"twitter:label1\" content=\"Written by\" \/>\n\t<meta name=\"twitter:data1\" content=\"Juan Pablo Berdugo\" \/>\n\t<meta name=\"twitter:label2\" content=\"Est. reading time\" \/>\n\t<meta name=\"twitter:data2\" content=\"1 minute\" \/>\n<script type=\"application\/ld+json\" class=\"yoast-schema-graph\">{\"@context\":\"https:\\\/\\\/schema.org\",\"@graph\":[{\"@type\":\"Article\",\"@id\":\"https:\\\/\\\/www.fcbarcelonanoticias.com\\\/en\\\/transfers\\\/real-madrid-challenges-barca-for-key-signing-for-the-attack_310378_102.html#article\",\"isPartOf\":{\"@id\":\"https:\\\/\\\/www.fcbarcelonanoticias.com\\\/en\\\/transfers\\\/real-madrid-challenges-barca-for-key-signing-for-the-attack_310378_102.html\"},\"author\":{\"name\":\"Juan Pablo Berdugo\",\"@id\":\"https:\\\/\\\/www.fcbarcelonanoticias.com\\\/en\\\/#\\\/schema\\\/person\\\/88d756918a0a1ae9fa593b5edddd1815\"},\"headline\":\"Real Madrid Challenges Bar\u00e7a for a Key Signing for the Attack\",\"datePublished\":\"2025-01-25T23:34:00+00:00\",\"mainEntityOfPage\":{\"@id\":\"https:\\\/\\\/www.fcbarcelonanoticias.com\\\/en\\\/transfers\\\/real-madrid-challenges-barca-for-key-signing-for-the-attack_310378_102.html\"},\"wordCount\":306,\"image\":{\"@id\":\"https:\\\/\\\/www.fcbarcelonanoticias.com\\\/en\\\/transfers\\\/real-madrid-challenges-barca-for-key-signing-for-the-attack_310378_102.html#primaryimage\"},\"thumbnailUrl\":\"https:\\\/\\\/www.fcbarcelonanoticias.com\\\/en\\\/wp-content\\\/uploads\\\/sites\\\/2\\\/2025\\\/01\\\/aston-villa-fc-training-session-and-press-conference-uefa-champions-league-2024-25-league-phase-md7-1.jpeg\",\"articleSection\":[\"Transfers\",\"Transfers\"],\"inLanguage\":\"en-US\"},{\"@type\":\"WebPage\",\"@id\":\"https:\\\/\\\/www.fcbarcelonanoticias.com\\\/en\\\/transfers\\\/real-madrid-challenges-barca-for-key-signing-for-the-attack_310378_102.html\",\"url\":\"https:\\\/\\\/www.fcbarcelonanoticias.com\\\/en\\\/transfers\\\/real-madrid-challenges-barca-for-key-signing-for-the-attack_310378_102.html\",\"name\":\"Real Madrid Challenges Bar\u00e7a for a Key Signing for the Attack\",\"isPartOf\":{\"@id\":\"https:\\\/\\\/www.fcbarcelonanoticias.com\\\/en\\\/#website\"},\"primaryImageOfPage\":{\"@id\":\"https:\\\/\\\/www.fcbarcelonanoticias.com\\\/en\\\/transfers\\\/real-madrid-challenges-barca-for-key-signing-for-the-attack_310378_102.html#primaryimage\"},\"image\":{\"@id\":\"https:\\\/\\\/www.fcbarcelonanoticias.com\\\/en\\\/transfers\\\/real-madrid-challenges-barca-for-key-signing-for-the-attack_310378_102.html#primaryimage\"},\"thumbnailUrl\":\"https:\\\/\\\/www.fcbarcelonanoticias.com\\\/en\\\/wp-content\\\/uploads\\\/sites\\\/2\\\/2025\\\/01\\\/aston-villa-fc-training-session-and-press-conference-uefa-champions-league-2024-25-league-phase-md7-1.jpeg\",\"datePublished\":\"2025-01-25T23:34:00+00:00\",\"author\":{\"@id\":\"https:\\\/\\\/www.fcbarcelonanoticias.com\\\/en\\\/#\\\/schema\\\/person\\\/88d756918a0a1ae9fa593b5edddd1815\"},\"description\":\"Real Madrid has set its sights on Jhon Dur\u00e1n to strengthen its attack. FC Barcelona also has the Colombian on its radar\",\"breadcrumb\":{\"@id\":\"https:\\\/\\\/www.fcbarcelonanoticias.com\\\/en\\\/transfers\\\/real-madrid-challenges-barca-for-key-signing-for-the-attack_310378_102.html#breadcrumb\"},\"inLanguage\":\"en-US\",\"potentialAction\":[{\"@type\":\"ReadAction\",\"target\":[\"https:\\\/\\\/www.fcbarcelonanoticias.com\\\/en\\\/transfers\\\/real-madrid-challenges-barca-for-key-signing-for-the-attack_310378_102.html\"]}]},{\"@type\":\"ImageObject\",\"inLanguage\":\"en-US\",\"@id\":\"https:\\\/\\\/www.fcbarcelonanoticias.com\\\/en\\\/transfers\\\/real-madrid-challenges-barca-for-key-signing-for-the-attack_310378_102.html#primaryimage\",\"url\":\"https:\\\/\\\/www.fcbarcelonanoticias.com\\\/en\\\/wp-content\\\/uploads\\\/sites\\\/2\\\/2025\\\/01\\\/aston-villa-fc-training-session-and-press-conference-uefa-champions-league-2024-25-league-phase-md7-1.jpeg\",\"contentUrl\":\"https:\\\/\\\/www.fcbarcelonanoticias.com\\\/en\\\/wp-content\\\/uploads\\\/sites\\\/2\\\/2025\\\/01\\\/aston-villa-fc-training-session-and-press-conference-uefa-champions-league-2024-25-league-phase-md7-1.jpeg\",\"width\":1200,\"height\":675},{\"@type\":\"BreadcrumbList\",\"@id\":\"https:\\\/\\\/www.fcbarcelonanoticias.com\\\/en\\\/transfers\\\/real-madrid-challenges-barca-for-key-signing-for-the-attack_310378_102.html#breadcrumb\",\"itemListElement\":[{\"@type\":\"ListItem\",\"position\":1,\"name\":\"Portada\",\"item\":\"https:\\\/\\\/www.fcbarcelonanoticias.com\\\/en\\\/\"},{\"@type\":\"ListItem\",\"position\":2,\"name\":\"Real Madrid Challenges Bar\u00e7a for a Key Signing for the Attack\"}]},{\"@type\":\"WebSite\",\"@id\":\"https:\\\/\\\/www.fcbarcelonanoticias.com\\\/en\\\/#website\",\"url\":\"https:\\\/\\\/www.fcbarcelonanoticias.com\\\/en\\\/\",\"name\":\"EN - FC Barcelona Noticias\",\"description\":\"\",\"potentialAction\":[{\"@type\":\"SearchAction\",\"target\":{\"@type\":\"EntryPoint\",\"urlTemplate\":\"https:\\\/\\\/www.fcbarcelonanoticias.com\\\/en\\\/?s={search_term_string}\"},\"query-input\":{\"@type\":\"PropertyValueSpecification\",\"valueRequired\":true,\"valueName\":\"search_term_string\"}}],\"inLanguage\":\"en-US\"},{\"@type\":\"Person\",\"@id\":\"https:\\\/\\\/www.fcbarcelonanoticias.com\\\/en\\\/#\\\/schema\\\/person\\\/88d756918a0a1ae9fa593b5edddd1815\",\"name\":\"Juan Pablo Berdugo\",\"image\":{\"@type\":\"ImageObject\",\"inLanguage\":\"en-US\",\"@id\":\"https:\\\/\\\/secure.gravatar.com\\\/avatar\\\/?s=96&d=mm&r=g\",\"url\":\"https:\\\/\\\/secure.gravatar.com\\\/avatar\\\/?s=96&d=mm&r=g\",\"contentUrl\":\"https:\\\/\\\/secure.gravatar.com\\\/avatar\\\/?s=96&d=mm&r=g\",\"caption\":\"Juan Pablo Berdugo\"},\"description\":\"Juan Pablo Berdugo es graduado en Periodismo. Colabora con FCBN como especialista en informaci\u00f3n del primer equipo del FC Barcelona, f\u00fatbol internacional y mercado de fichajes. Destaca por su enfoque anal\u00edtico, su rigor informativo y su capacidad para detectar tendencias emergentes en el f\u00fatbol global.\",\"url\":\"https:\\\/\\\/www.fcbarcelonanoticias.com\\\/en\\\/fc-barcelona\\\/juan-pablo-berdugo_18_115.html\"}]}<\/script>\n<!-- \/ Yoast SEO plugin. -->","yoast_head_json":{"title":"Real Madrid Challenges Bar\u00e7a for a Key Signing for the Attack","description":"Real Madrid has set its sights on Jhon Dur\u00e1n to strengthen its attack. FC Barcelona also has the Colombian on its radar","robots":{"index":"index","follow":"follow","max-snippet":"max-snippet:-1","max-image-preview":"max-image-preview:large","max-video-preview":"max-video-preview:-1"},"canonical":"https:\/\/www.fcbarcelonanoticias.com\/en\/transfers\/real-madrid-challenges-barca-for-key-signing-for-the-attack_310378_102.html","og_locale":"en_US","og_type":"article","og_title":"Real Madrid Challenges Bar\u00e7a for a Key Signing for the Attack","og_description":"Real Madrid has set its sights on Jhon Dur\u00e1n to strengthen its attack. FC Barcelona also has the Colombian on its radar","og_url":"https:\/\/www.fcbarcelonanoticias.com\/en\/transfers\/real-madrid-challenges-barca-for-key-signing-for-the-attack_310378_102.html","og_site_name":"EN - FC Barcelona Noticias","article_published_time":"2025-01-25T23:34:00+00:00","og_image":[{"width":1200,"height":675,"url":"https:\/\/www.fcbarcelonanoticias.com\/en\/wp-content\/uploads\/sites\/2\/2025\/01\/aston-villa-fc-training-session-and-press-conference-uefa-champions-league-2024-25-league-phase-md7-1.jpeg","type":"image\/jpeg"}],"author":"Juan Pablo Berdugo","twitter_card":"summary_large_image","twitter_misc":{"Written by":"Juan Pablo Berdugo","Est. reading time":"1 minute"},"schema":{"@context":"https:\/\/schema.org","@graph":[{"@type":"Article","@id":"https:\/\/www.fcbarcelonanoticias.com\/en\/transfers\/real-madrid-challenges-barca-for-key-signing-for-the-attack_310378_102.html#article","isPartOf":{"@id":"https:\/\/www.fcbarcelonanoticias.com\/en\/transfers\/real-madrid-challenges-barca-for-key-signing-for-the-attack_310378_102.html"},"author":{"name":"Juan Pablo Berdugo","@id":"https:\/\/www.fcbarcelonanoticias.com\/en\/#\/schema\/person\/88d756918a0a1ae9fa593b5edddd1815"},"headline":"Real Madrid Challenges Bar\u00e7a for a Key Signing for the Attack","datePublished":"2025-01-25T23:34:00+00:00","mainEntityOfPage":{"@id":"https:\/\/www.fcbarcelonanoticias.com\/en\/transfers\/real-madrid-challenges-barca-for-key-signing-for-the-attack_310378_102.html"},"wordCount":306,"image":{"@id":"https:\/\/www.fcbarcelonanoticias.com\/en\/transfers\/real-madrid-challenges-barca-for-key-signing-for-the-attack_310378_102.html#primaryimage"},"thumbnailUrl":"https:\/\/www.fcbarcelonanoticias.com\/en\/wp-content\/uploads\/sites\/2\/2025\/01\/aston-villa-fc-training-session-and-press-conference-uefa-champions-league-2024-25-league-phase-md7-1.jpeg","articleSection":["Transfers","Transfers"],"inLanguage":"en-US"},{"@type":"WebPage","@id":"https:\/\/www.fcbarcelonanoticias.com\/en\/transfers\/real-madrid-challenges-barca-for-key-signing-for-the-attack_310378_102.html","url":"https:\/\/www.fcbarcelonanoticias.com\/en\/transfers\/real-madrid-challenges-barca-for-key-signing-for-the-attack_310378_102.html","name":"Real Madrid Challenges Bar\u00e7a for a Key Signing for the Attack","isPartOf":{"@id":"https:\/\/www.fcbarcelonanoticias.com\/en\/#website"},"primaryImageOfPage":{"@id":"https:\/\/www.fcbarcelonanoticias.com\/en\/transfers\/real-madrid-challenges-barca-for-key-signing-for-the-attack_310378_102.html#primaryimage"},"image":{"@id":"https:\/\/www.fcbarcelonanoticias.com\/en\/transfers\/real-madrid-challenges-barca-for-key-signing-for-the-attack_310378_102.html#primaryimage"},"thumbnailUrl":"https:\/\/www.fcbarcelonanoticias.com\/en\/wp-content\/uploads\/sites\/2\/2025\/01\/aston-villa-fc-training-session-and-press-conference-uefa-champions-league-2024-25-league-phase-md7-1.jpeg","datePublished":"2025-01-25T23:34:00+00:00","author":{"@id":"https:\/\/www.fcbarcelonanoticias.com\/en\/#\/schema\/person\/88d756918a0a1ae9fa593b5edddd1815"},"description":"Real Madrid has set its sights on Jhon Dur\u00e1n to strengthen its attack. FC Barcelona also has the Colombian on its radar","breadcrumb":{"@id":"https:\/\/www.fcbarcelonanoticias.com\/en\/transfers\/real-madrid-challenges-barca-for-key-signing-for-the-attack_310378_102.html#breadcrumb"},"inLanguage":"en-US","potentialAction":[{"@type":"ReadAction","target":["https:\/\/www.fcbarcelonanoticias.com\/en\/transfers\/real-madrid-challenges-barca-for-key-signing-for-the-attack_310378_102.html"]}]},{"@type":"ImageObject","inLanguage":"en-US","@id":"https:\/\/www.fcbarcelonanoticias.com\/en\/transfers\/real-madrid-challenges-barca-for-key-signing-for-the-attack_310378_102.html#primaryimage","url":"https:\/\/www.fcbarcelonanoticias.com\/en\/wp-content\/uploads\/sites\/2\/2025\/01\/aston-villa-fc-training-session-and-press-conference-uefa-champions-league-2024-25-league-phase-md7-1.jpeg","contentUrl":"https:\/\/www.fcbarcelonanoticias.com\/en\/wp-content\/uploads\/sites\/2\/2025\/01\/aston-villa-fc-training-session-and-press-conference-uefa-champions-league-2024-25-league-phase-md7-1.jpeg","width":1200,"height":675},{"@type":"BreadcrumbList","@id":"https:\/\/www.fcbarcelonanoticias.com\/en\/transfers\/real-madrid-challenges-barca-for-key-signing-for-the-attack_310378_102.html#breadcrumb","itemListElement":[{"@type":"ListItem","position":1,"name":"Portada","item":"https:\/\/www.fcbarcelonanoticias.com\/en\/"},{"@type":"ListItem","position":2,"name":"Real Madrid Challenges Bar\u00e7a for a Key Signing for the Attack"}]},{"@type":"WebSite","@id":"https:\/\/www.fcbarcelonanoticias.com\/en\/#website","url":"https:\/\/www.fcbarcelonanoticias.com\/en\/","name":"EN - FC Barcelona Noticias","description":"","potentialAction":[{"@type":"SearchAction","target":{"@type":"EntryPoint","urlTemplate":"https:\/\/www.fcbarcelonanoticias.com\/en\/?s={search_term_string}"},"query-input":{"@type":"PropertyValueSpecification","valueRequired":true,"valueName":"search_term_string"}}],"inLanguage":"en-US"},{"@type":"Person","@id":"https:\/\/www.fcbarcelonanoticias.com\/en\/#\/schema\/person\/88d756918a0a1ae9fa593b5edddd1815","name":"Juan Pablo Berdugo","image":{"@type":"ImageObject","inLanguage":"en-US","@id":"https:\/\/secure.gravatar.com\/avatar\/?s=96&d=mm&r=g","url":"https:\/\/secure.gravatar.com\/avatar\/?s=96&d=mm&r=g","contentUrl":"https:\/\/secure.gravatar.com\/avatar\/?s=96&d=mm&r=g","caption":"Juan Pablo Berdugo"},"description":"Juan Pablo Berdugo es graduado en Periodismo. Colabora con FCBN como especialista en informaci\u00f3n del primer equipo del FC Barcelona, f\u00fatbol internacional y mercado de fichajes. Destaca por su enfoque anal\u00edtico, su rigor informativo y su capacidad para detectar tendencias emergentes en el f\u00fatbol global.","url":"https:\/\/www.fcbarcelonanoticias.com\/en\/fc-barcelona\/juan-pablo-berdugo_18_115.html"}]}},"_links":{"self":[{"href":"https:\/\/www.fcbarcelonanoticias.com\/en\/wp-json\/wp\/v2\/posts\/132321","targetHints":{"allow":["GET"]}}],"collection":[{"href":"https:\/\/www.fcbarcelonanoticias.com\/en\/wp-json\/wp\/v2\/posts"}],"about":[{"href":"https:\/\/www.fcbarcelonanoticias.com\/en\/wp-json\/wp\/v2\/types\/post"}],"author":[{"embeddable":true,"href":"https:\/\/www.fcbarcelonanoticias.com\/en\/wp-json\/wp\/v2\/users\/358"}],"replies":[{"embeddable":true,"href":"https:\/\/www.fcbarcelonanoticias.com\/en\/wp-json\/wp\/v2\/comments?post=132321"}],"version-history":[{"count":1,"href":"https:\/\/www.fcbarcelonanoticias.com\/en\/wp-json\/wp\/v2\/posts\/132321\/revisions"}],"predecessor-version":[{"id":152890,"href":"https:\/\/www.fcbarcelonanoticias.com\/en\/wp-json\/wp\/v2\/posts\/132321\/revisions\/152890"}],"wp:featuredmedia":[{"embeddable":true,"href":"https:\/\/www.fcbarcelonanoticias.com\/en\/wp-json\/wp\/v2\/media\/132324"}],"wp:attachment":[{"href":"https:\/\/www.fcbarcelonanoticias.com\/en\/wp-json\/wp\/v2\/media?parent=132321"}],"wp:term":[{"taxonomy":"category","embeddable":true,"href":"https:\/\/www.fcbarcelonanoticias.com\/en\/wp-json\/wp\/v2\/categories?post=132321"},{"taxonomy":"post_tag","embeddable":true,"href":"https:\/\/www.fcbarcelonanoticias.com\/en\/wp-json\/wp\/v2\/tags?post=132321"}],"curies":[{"name":"wp","href":"https:\/\/api.w.org\/{rel}","templated":true}]}}