{"id":132444,"date":"2024-12-22T05:34:00","date_gmt":"2024-12-22T04:34:00","guid":{"rendered":"https:\/\/weisetech.dev\/fc-barcelona-noticias\/en\/real-madrid-seeks-to-strengthen-its-defense-with-familiar-face_309530_102\/"},"modified":"2024-12-22T05:34:00","modified_gmt":"2024-12-22T04:34:00","slug":"real-madrid-seeks-to-strengthen-its-defense-with-familiar-face_309530_102","status":"publish","type":"post","link":"https:\/\/www.fcbarcelonanoticias.com\/en\/transfers\/real-madrid-seeks-to-strengthen-its-defense-with-familiar-face_309530_102.html","title":{"rendered":"Real Madrid seeks to strengthen its defense with a familiar face"},"content":{"rendered":"<h2 class=\"wp-block-heading\">Given the urgencies presented in the center of their defense, Real Madrid is considering &#8216;re-signing&#8217; Rafa Mar\u00edn, who has had few opportunities at Napoli<\/h2>  \r\n<div class=\"article-addons\">\r\n    <a href=\"https:\/\/www.fcbarcelonanoticias.com\/en\/calendar-fc-barcelona.html\"\r\n       target=\"_self\"\r\n       title=\"Calendar of FC Barcelona\"\r\n       class=\"blue-gredient-btn\">\r\n       \r\n        Calendar of FC Barcelona    <\/a>\r\n<\/div>   <p>The injury crisis in the <strong>Real Madrid<\/strong> squad keeps the offices at Santiago Bernab\u00e9u in constant motion. The club&#8217;s sports management is looking for solutions to the numerous absences suffered in a defense in urgent need of reinforcements, and an unexpected alternative has emerged as the &#8216;salvation&#8217; for <strong>Carlo Ancelotti<\/strong>.<\/p>  <p>This is <strong>Rafa Mar\u00edn<\/strong>, a youth academy player from La F\u00e1brica who currently plays for <strong>Napoli<\/strong>. After shining during his loan at <strong>Alav\u00e9s<\/strong>, the former Madrid player packed his bags for the Diego Armando Maradona last summer for a fee of 12 million euros.<\/p>  <p>However, the player is not getting the desired opportunities under <strong>Antonio Conte<\/strong>, which is why Chamart\u00edn is seriously considering the option of re-signing him during the upcoming <a data-external=\"0\" data-intl-links-en=\"https:\/\/www.fcbarcelonanoticias.com\/en\/transfers\" data-intl-links-es=\"https:\/\/www.fcbarcelonanoticias.com\/fichajes\" href=\"https:\/\/www.fcbarcelonanoticias.com\/en\/fc-barcelona\/transfers.html\" rel=\"follow\" target=\"_self\" title=\"Transfers\">January transfer window<\/a>, as reported by &#8216;SPORT&#8217;.<\/p>  <h3>Madrid&#8217;s formula to re-sign Mar\u00edn<\/h3>  <p>Madrid&#8217;s caution during winter windows is well known, which is why the aforementioned source claims that the whites would propose to Napoli <strong>a loan until the end of the season with an option to buy<\/strong> to secure the services of <strong>Mar\u00edn<\/strong> in the coming weeks.<\/p>  <p>However, the Madrid team would face competition in the race for the defender. The player still has a reputation in <strong>LaLiga<\/strong>, and clubs like <strong>Villarreal<\/strong> are also reportedly interested in him. Despite this, the central defender&#8217;s priority would be to return to <strong>Santiago Bernab\u00e9u<\/strong>, so the final decision of the Madrid club regarding his arrival will be crucial.<\/p> ","protected":false},"excerpt":{"rendered":"<p>Given the urgencies presented in the center of their defense, Real Madrid is considering &#8216;re-signing&#8217; Rafa Mar\u00edn, who has had few opportunities at Napoli The injury crisis in the Real Madrid squad keeps the offices at Santiago Bernab\u00e9u in constant motion. The club&#8217;s sports management is looking for solutions to the numerous absences suffered in [&hellip;]<\/p>\n","protected":false},"author":358,"featured_media":132447,"comment_status":"closed","ping_status":"open","sticky":false,"template":"","format":"standard","meta":{"_acf_changed":false,"inline_featured_image":false,"_nextfly_llmd_date_locked":false,"footnotes":""},"categories":[449,106],"tags":[51],"class_list":["post-132444","post","type-post","status-publish","format-standard","has-post-thumbnail","hentry","category-transfers-2","category-transfers","tag-napoli"],"acf":[],"yoast_head":"<!-- This site is optimized with the Yoast SEO plugin v27.3 - https:\/\/yoast.com\/product\/yoast-seo-wordpress\/ -->\n<title>Real Madrid seeks to strengthen its defense with a familiar face<\/title>\n<meta name=\"description\" content=\"Given the urgencies presented in the center of their defense, Real Madrid is considering &#039;re-signing&#039; Rafa Mar\u00edn, who has had few opportunities at Napoli\" \/>\n<meta name=\"robots\" content=\"index, follow, max-snippet:-1, max-image-preview:large, max-video-preview:-1\" \/>\n<link rel=\"canonical\" href=\"https:\/\/www.fcbarcelonanoticias.com\/en\/transfers\/real-madrid-seeks-to-strengthen-its-defense-with-familiar-face_309530_102.html\" \/>\n<meta property=\"og:locale\" content=\"en_US\" \/>\n<meta property=\"og:type\" content=\"article\" \/>\n<meta property=\"og:title\" content=\"Real Madrid seeks to strengthen its defense with a familiar face\" \/>\n<meta property=\"og:description\" content=\"Given the urgencies presented in the center of their defense, Real Madrid is considering &#039;re-signing&#039; Rafa Mar\u00edn, who has had few opportunities at Napoli\" \/>\n<meta property=\"og:url\" content=\"https:\/\/www.fcbarcelonanoticias.com\/en\/transfers\/real-madrid-seeks-to-strengthen-its-defense-with-familiar-face_309530_102.html\" \/>\n<meta property=\"og:site_name\" content=\"EN - FC Barcelona Noticias\" \/>\n<meta property=\"article:published_time\" content=\"2024-12-22T04:34:00+00:00\" \/>\n<meta property=\"og:image\" content=\"https:\/\/www.fcbarcelonanoticias.com\/en\/wp-content\/uploads\/sites\/2\/2024\/12\/carlo-ancelotti-davide-scaled.jpeg\" \/>\n\t<meta property=\"og:image:width\" content=\"2560\" \/>\n\t<meta property=\"og:image:height\" content=\"1809\" \/>\n\t<meta property=\"og:image:type\" content=\"image\/jpeg\" \/>\n<meta name=\"author\" content=\"Juan Pablo Berdugo\" \/>\n<meta name=\"twitter:card\" content=\"summary_large_image\" \/>\n<meta name=\"twitter:label1\" content=\"Written by\" \/>\n\t<meta name=\"twitter:data1\" content=\"Juan Pablo Berdugo\" \/>\n\t<meta name=\"twitter:label2\" content=\"Est. reading time\" \/>\n\t<meta name=\"twitter:data2\" content=\"1 minute\" \/>\n<script type=\"application\/ld+json\" class=\"yoast-schema-graph\">{\"@context\":\"https:\\\/\\\/schema.org\",\"@graph\":[{\"@type\":\"Article\",\"@id\":\"https:\\\/\\\/www.fcbarcelonanoticias.com\\\/en\\\/transfers\\\/real-madrid-seeks-to-strengthen-its-defense-with-familiar-face_309530_102.html#article\",\"isPartOf\":{\"@id\":\"https:\\\/\\\/www.fcbarcelonanoticias.com\\\/en\\\/transfers\\\/real-madrid-seeks-to-strengthen-its-defense-with-familiar-face_309530_102.html\"},\"author\":{\"name\":\"Juan Pablo Berdugo\",\"@id\":\"https:\\\/\\\/www.fcbarcelonanoticias.com\\\/en\\\/#\\\/schema\\\/person\\\/88d756918a0a1ae9fa593b5edddd1815\"},\"headline\":\"Real Madrid seeks to strengthen its defense with a familiar face\",\"datePublished\":\"2024-12-22T04:34:00+00:00\",\"mainEntityOfPage\":{\"@id\":\"https:\\\/\\\/www.fcbarcelonanoticias.com\\\/en\\\/transfers\\\/real-madrid-seeks-to-strengthen-its-defense-with-familiar-face_309530_102.html\"},\"wordCount\":283,\"image\":{\"@id\":\"https:\\\/\\\/www.fcbarcelonanoticias.com\\\/en\\\/transfers\\\/real-madrid-seeks-to-strengthen-its-defense-with-familiar-face_309530_102.html#primaryimage\"},\"thumbnailUrl\":\"https:\\\/\\\/www.fcbarcelonanoticias.com\\\/en\\\/wp-content\\\/uploads\\\/sites\\\/2\\\/2024\\\/12\\\/carlo-ancelotti-davide-scaled.jpeg\",\"keywords\":[\"Napoli\"],\"articleSection\":[\"Transfers\",\"Transfers\"],\"inLanguage\":\"en-US\"},{\"@type\":\"WebPage\",\"@id\":\"https:\\\/\\\/www.fcbarcelonanoticias.com\\\/en\\\/transfers\\\/real-madrid-seeks-to-strengthen-its-defense-with-familiar-face_309530_102.html\",\"url\":\"https:\\\/\\\/www.fcbarcelonanoticias.com\\\/en\\\/transfers\\\/real-madrid-seeks-to-strengthen-its-defense-with-familiar-face_309530_102.html\",\"name\":\"Real Madrid seeks to strengthen its defense with a familiar face\",\"isPartOf\":{\"@id\":\"https:\\\/\\\/www.fcbarcelonanoticias.com\\\/en\\\/#website\"},\"primaryImageOfPage\":{\"@id\":\"https:\\\/\\\/www.fcbarcelonanoticias.com\\\/en\\\/transfers\\\/real-madrid-seeks-to-strengthen-its-defense-with-familiar-face_309530_102.html#primaryimage\"},\"image\":{\"@id\":\"https:\\\/\\\/www.fcbarcelonanoticias.com\\\/en\\\/transfers\\\/real-madrid-seeks-to-strengthen-its-defense-with-familiar-face_309530_102.html#primaryimage\"},\"thumbnailUrl\":\"https:\\\/\\\/www.fcbarcelonanoticias.com\\\/en\\\/wp-content\\\/uploads\\\/sites\\\/2\\\/2024\\\/12\\\/carlo-ancelotti-davide-scaled.jpeg\",\"datePublished\":\"2024-12-22T04:34:00+00:00\",\"author\":{\"@id\":\"https:\\\/\\\/www.fcbarcelonanoticias.com\\\/en\\\/#\\\/schema\\\/person\\\/88d756918a0a1ae9fa593b5edddd1815\"},\"description\":\"Given the urgencies presented in the center of their defense, Real Madrid is considering 're-signing' Rafa Mar\u00edn, who has had few opportunities at Napoli\",\"breadcrumb\":{\"@id\":\"https:\\\/\\\/www.fcbarcelonanoticias.com\\\/en\\\/transfers\\\/real-madrid-seeks-to-strengthen-its-defense-with-familiar-face_309530_102.html#breadcrumb\"},\"inLanguage\":\"en-US\",\"potentialAction\":[{\"@type\":\"ReadAction\",\"target\":[\"https:\\\/\\\/www.fcbarcelonanoticias.com\\\/en\\\/transfers\\\/real-madrid-seeks-to-strengthen-its-defense-with-familiar-face_309530_102.html\"]}]},{\"@type\":\"ImageObject\",\"inLanguage\":\"en-US\",\"@id\":\"https:\\\/\\\/www.fcbarcelonanoticias.com\\\/en\\\/transfers\\\/real-madrid-seeks-to-strengthen-its-defense-with-familiar-face_309530_102.html#primaryimage\",\"url\":\"https:\\\/\\\/www.fcbarcelonanoticias.com\\\/en\\\/wp-content\\\/uploads\\\/sites\\\/2\\\/2024\\\/12\\\/carlo-ancelotti-davide-scaled.jpeg\",\"contentUrl\":\"https:\\\/\\\/www.fcbarcelonanoticias.com\\\/en\\\/wp-content\\\/uploads\\\/sites\\\/2\\\/2024\\\/12\\\/carlo-ancelotti-davide-scaled.jpeg\",\"width\":2560,\"height\":1809},{\"@type\":\"BreadcrumbList\",\"@id\":\"https:\\\/\\\/www.fcbarcelonanoticias.com\\\/en\\\/transfers\\\/real-madrid-seeks-to-strengthen-its-defense-with-familiar-face_309530_102.html#breadcrumb\",\"itemListElement\":[{\"@type\":\"ListItem\",\"position\":1,\"name\":\"Portada\",\"item\":\"https:\\\/\\\/www.fcbarcelonanoticias.com\\\/en\\\/\"},{\"@type\":\"ListItem\",\"position\":2,\"name\":\"Real Madrid seeks to strengthen its defense with a familiar face\"}]},{\"@type\":\"WebSite\",\"@id\":\"https:\\\/\\\/www.fcbarcelonanoticias.com\\\/en\\\/#website\",\"url\":\"https:\\\/\\\/www.fcbarcelonanoticias.com\\\/en\\\/\",\"name\":\"EN - FC Barcelona Noticias\",\"description\":\"\",\"potentialAction\":[{\"@type\":\"SearchAction\",\"target\":{\"@type\":\"EntryPoint\",\"urlTemplate\":\"https:\\\/\\\/www.fcbarcelonanoticias.com\\\/en\\\/?s={search_term_string}\"},\"query-input\":{\"@type\":\"PropertyValueSpecification\",\"valueRequired\":true,\"valueName\":\"search_term_string\"}}],\"inLanguage\":\"en-US\"},{\"@type\":\"Person\",\"@id\":\"https:\\\/\\\/www.fcbarcelonanoticias.com\\\/en\\\/#\\\/schema\\\/person\\\/88d756918a0a1ae9fa593b5edddd1815\",\"name\":\"Juan Pablo Berdugo\",\"image\":{\"@type\":\"ImageObject\",\"inLanguage\":\"en-US\",\"@id\":\"https:\\\/\\\/secure.gravatar.com\\\/avatar\\\/?s=96&d=mm&r=g\",\"url\":\"https:\\\/\\\/secure.gravatar.com\\\/avatar\\\/?s=96&d=mm&r=g\",\"contentUrl\":\"https:\\\/\\\/secure.gravatar.com\\\/avatar\\\/?s=96&d=mm&r=g\",\"caption\":\"Juan Pablo Berdugo\"},\"description\":\"Juan Pablo Berdugo es graduado en Periodismo. Colabora con FCBN como especialista en informaci\u00f3n del primer equipo del FC Barcelona, f\u00fatbol internacional y mercado de fichajes. Destaca por su enfoque anal\u00edtico, su rigor informativo y su capacidad para detectar tendencias emergentes en el f\u00fatbol global.\",\"url\":\"https:\\\/\\\/www.fcbarcelonanoticias.com\\\/en\\\/fc-barcelona\\\/juan-pablo-berdugo_18_115.html\"}]}<\/script>\n<!-- \/ Yoast SEO plugin. -->","yoast_head_json":{"title":"Real Madrid seeks to strengthen its defense with a familiar face","description":"Given the urgencies presented in the center of their defense, Real Madrid is considering 're-signing' Rafa Mar\u00edn, who has had few opportunities at Napoli","robots":{"index":"index","follow":"follow","max-snippet":"max-snippet:-1","max-image-preview":"max-image-preview:large","max-video-preview":"max-video-preview:-1"},"canonical":"https:\/\/www.fcbarcelonanoticias.com\/en\/transfers\/real-madrid-seeks-to-strengthen-its-defense-with-familiar-face_309530_102.html","og_locale":"en_US","og_type":"article","og_title":"Real Madrid seeks to strengthen its defense with a familiar face","og_description":"Given the urgencies presented in the center of their defense, Real Madrid is considering 're-signing' Rafa Mar\u00edn, who has had few opportunities at Napoli","og_url":"https:\/\/www.fcbarcelonanoticias.com\/en\/transfers\/real-madrid-seeks-to-strengthen-its-defense-with-familiar-face_309530_102.html","og_site_name":"EN - FC Barcelona Noticias","article_published_time":"2024-12-22T04:34:00+00:00","og_image":[{"width":2560,"height":1809,"url":"https:\/\/www.fcbarcelonanoticias.com\/en\/wp-content\/uploads\/sites\/2\/2024\/12\/carlo-ancelotti-davide-scaled.jpeg","type":"image\/jpeg"}],"author":"Juan Pablo Berdugo","twitter_card":"summary_large_image","twitter_misc":{"Written by":"Juan Pablo Berdugo","Est. reading time":"1 minute"},"schema":{"@context":"https:\/\/schema.org","@graph":[{"@type":"Article","@id":"https:\/\/www.fcbarcelonanoticias.com\/en\/transfers\/real-madrid-seeks-to-strengthen-its-defense-with-familiar-face_309530_102.html#article","isPartOf":{"@id":"https:\/\/www.fcbarcelonanoticias.com\/en\/transfers\/real-madrid-seeks-to-strengthen-its-defense-with-familiar-face_309530_102.html"},"author":{"name":"Juan Pablo Berdugo","@id":"https:\/\/www.fcbarcelonanoticias.com\/en\/#\/schema\/person\/88d756918a0a1ae9fa593b5edddd1815"},"headline":"Real Madrid seeks to strengthen its defense with a familiar face","datePublished":"2024-12-22T04:34:00+00:00","mainEntityOfPage":{"@id":"https:\/\/www.fcbarcelonanoticias.com\/en\/transfers\/real-madrid-seeks-to-strengthen-its-defense-with-familiar-face_309530_102.html"},"wordCount":283,"image":{"@id":"https:\/\/www.fcbarcelonanoticias.com\/en\/transfers\/real-madrid-seeks-to-strengthen-its-defense-with-familiar-face_309530_102.html#primaryimage"},"thumbnailUrl":"https:\/\/www.fcbarcelonanoticias.com\/en\/wp-content\/uploads\/sites\/2\/2024\/12\/carlo-ancelotti-davide-scaled.jpeg","keywords":["Napoli"],"articleSection":["Transfers","Transfers"],"inLanguage":"en-US"},{"@type":"WebPage","@id":"https:\/\/www.fcbarcelonanoticias.com\/en\/transfers\/real-madrid-seeks-to-strengthen-its-defense-with-familiar-face_309530_102.html","url":"https:\/\/www.fcbarcelonanoticias.com\/en\/transfers\/real-madrid-seeks-to-strengthen-its-defense-with-familiar-face_309530_102.html","name":"Real Madrid seeks to strengthen its defense with a familiar face","isPartOf":{"@id":"https:\/\/www.fcbarcelonanoticias.com\/en\/#website"},"primaryImageOfPage":{"@id":"https:\/\/www.fcbarcelonanoticias.com\/en\/transfers\/real-madrid-seeks-to-strengthen-its-defense-with-familiar-face_309530_102.html#primaryimage"},"image":{"@id":"https:\/\/www.fcbarcelonanoticias.com\/en\/transfers\/real-madrid-seeks-to-strengthen-its-defense-with-familiar-face_309530_102.html#primaryimage"},"thumbnailUrl":"https:\/\/www.fcbarcelonanoticias.com\/en\/wp-content\/uploads\/sites\/2\/2024\/12\/carlo-ancelotti-davide-scaled.jpeg","datePublished":"2024-12-22T04:34:00+00:00","author":{"@id":"https:\/\/www.fcbarcelonanoticias.com\/en\/#\/schema\/person\/88d756918a0a1ae9fa593b5edddd1815"},"description":"Given the urgencies presented in the center of their defense, Real Madrid is considering 're-signing' Rafa Mar\u00edn, who has had few opportunities at Napoli","breadcrumb":{"@id":"https:\/\/www.fcbarcelonanoticias.com\/en\/transfers\/real-madrid-seeks-to-strengthen-its-defense-with-familiar-face_309530_102.html#breadcrumb"},"inLanguage":"en-US","potentialAction":[{"@type":"ReadAction","target":["https:\/\/www.fcbarcelonanoticias.com\/en\/transfers\/real-madrid-seeks-to-strengthen-its-defense-with-familiar-face_309530_102.html"]}]},{"@type":"ImageObject","inLanguage":"en-US","@id":"https:\/\/www.fcbarcelonanoticias.com\/en\/transfers\/real-madrid-seeks-to-strengthen-its-defense-with-familiar-face_309530_102.html#primaryimage","url":"https:\/\/www.fcbarcelonanoticias.com\/en\/wp-content\/uploads\/sites\/2\/2024\/12\/carlo-ancelotti-davide-scaled.jpeg","contentUrl":"https:\/\/www.fcbarcelonanoticias.com\/en\/wp-content\/uploads\/sites\/2\/2024\/12\/carlo-ancelotti-davide-scaled.jpeg","width":2560,"height":1809},{"@type":"BreadcrumbList","@id":"https:\/\/www.fcbarcelonanoticias.com\/en\/transfers\/real-madrid-seeks-to-strengthen-its-defense-with-familiar-face_309530_102.html#breadcrumb","itemListElement":[{"@type":"ListItem","position":1,"name":"Portada","item":"https:\/\/www.fcbarcelonanoticias.com\/en\/"},{"@type":"ListItem","position":2,"name":"Real Madrid seeks to strengthen its defense with a familiar face"}]},{"@type":"WebSite","@id":"https:\/\/www.fcbarcelonanoticias.com\/en\/#website","url":"https:\/\/www.fcbarcelonanoticias.com\/en\/","name":"EN - FC Barcelona Noticias","description":"","potentialAction":[{"@type":"SearchAction","target":{"@type":"EntryPoint","urlTemplate":"https:\/\/www.fcbarcelonanoticias.com\/en\/?s={search_term_string}"},"query-input":{"@type":"PropertyValueSpecification","valueRequired":true,"valueName":"search_term_string"}}],"inLanguage":"en-US"},{"@type":"Person","@id":"https:\/\/www.fcbarcelonanoticias.com\/en\/#\/schema\/person\/88d756918a0a1ae9fa593b5edddd1815","name":"Juan Pablo Berdugo","image":{"@type":"ImageObject","inLanguage":"en-US","@id":"https:\/\/secure.gravatar.com\/avatar\/?s=96&d=mm&r=g","url":"https:\/\/secure.gravatar.com\/avatar\/?s=96&d=mm&r=g","contentUrl":"https:\/\/secure.gravatar.com\/avatar\/?s=96&d=mm&r=g","caption":"Juan Pablo Berdugo"},"description":"Juan Pablo Berdugo es graduado en Periodismo. Colabora con FCBN como especialista en informaci\u00f3n del primer equipo del FC Barcelona, f\u00fatbol internacional y mercado de fichajes. Destaca por su enfoque anal\u00edtico, su rigor informativo y su capacidad para detectar tendencias emergentes en el f\u00fatbol global.","url":"https:\/\/www.fcbarcelonanoticias.com\/en\/fc-barcelona\/juan-pablo-berdugo_18_115.html"}]}},"_links":{"self":[{"href":"https:\/\/www.fcbarcelonanoticias.com\/en\/wp-json\/wp\/v2\/posts\/132444","targetHints":{"allow":["GET"]}}],"collection":[{"href":"https:\/\/www.fcbarcelonanoticias.com\/en\/wp-json\/wp\/v2\/posts"}],"about":[{"href":"https:\/\/www.fcbarcelonanoticias.com\/en\/wp-json\/wp\/v2\/types\/post"}],"author":[{"embeddable":true,"href":"https:\/\/www.fcbarcelonanoticias.com\/en\/wp-json\/wp\/v2\/users\/358"}],"replies":[{"embeddable":true,"href":"https:\/\/www.fcbarcelonanoticias.com\/en\/wp-json\/wp\/v2\/comments?post=132444"}],"version-history":[{"count":1,"href":"https:\/\/www.fcbarcelonanoticias.com\/en\/wp-json\/wp\/v2\/posts\/132444\/revisions"}],"predecessor-version":[{"id":152933,"href":"https:\/\/www.fcbarcelonanoticias.com\/en\/wp-json\/wp\/v2\/posts\/132444\/revisions\/152933"}],"wp:featuredmedia":[{"embeddable":true,"href":"https:\/\/www.fcbarcelonanoticias.com\/en\/wp-json\/wp\/v2\/media\/132447"}],"wp:attachment":[{"href":"https:\/\/www.fcbarcelonanoticias.com\/en\/wp-json\/wp\/v2\/media?parent=132444"}],"wp:term":[{"taxonomy":"category","embeddable":true,"href":"https:\/\/www.fcbarcelonanoticias.com\/en\/wp-json\/wp\/v2\/categories?post=132444"},{"taxonomy":"post_tag","embeddable":true,"href":"https:\/\/www.fcbarcelonanoticias.com\/en\/wp-json\/wp\/v2\/tags?post=132444"}],"curies":[{"name":"wp","href":"https:\/\/api.w.org\/{rel}","templated":true}]}}