{"id":132457,"date":"2022-05-03T16:01:00","date_gmt":"2022-05-03T14:01:00","guid":{"rendered":"https:\/\/weisetech.dev\/fc-barcelona-noticias\/en\/marcos-alonso-azpilicueta-prioritize-offer-barcelona_279960_102\/"},"modified":"2022-05-03T20:46:00","modified_gmt":"2022-05-03T18:46:00","slug":"marcos-alonso-azpilicueta-prioritize-offer-barcelona_279960_102","status":"publish","type":"post","link":"https:\/\/www.fcbarcelonanoticias.com\/en\/transfers\/marcos-alonso-azpilicueta-prioritize-offer-barcelona_279960_102.html","title":{"rendered":"Marcos Alonso and Azpilicueta will prioritize Bar\u00e7a&#8217;s offer"},"content":{"rendered":"<h2 class=\"wp-block-heading\">Barcelona knows what its needs are in the summer and continues with its &#8216;look&#8217; in England. At the club they are aware of the obstacles that could arise, but they trust that C\u00e9sar Azpilicueta and Marcos Alonso want to wear a Blaugrana<\/h2>  \r\n<div class=\"article-addons\">\r\n    <a href=\"https:\/\/www.fcbarcelonanoticias.com\/en\/calendar-fc-barcelona.html\"\r\n       target=\"_self\"\r\n       title=\"Calendar of FC Barcelona\"\r\n       class=\"blue-gredient-btn\">\r\n       \r\n        Calendar of FC Barcelona    <\/a>\r\n<\/div>   <p>The sportive direction of the FC Barcelona has present that the linea defensive is the one who has greater priority in the next market of signings. <strong>The irregularities of Sergi\u00f1o Dest, the fault of spares for Jordi Alba and the &#8216;advanced&#8217; age of Dani Alves have left clear to Xavi Hern\u00e1ndez that the reinforcements have to arrive yes or yes<\/strong>. The first of them has been <a data-external=\"0\" data-intl-links-en=\"https:\/\/www.fcbarcelonanoticias.com\/en\/tags\/andreas-christensen\" data-intl-links-es=\"https:\/\/www.fcbarcelonanoticias.com\/tags\/andreas-christensen\" href=\"https:\/\/www.fcbarcelonanoticias.com\/en\/tags\/andreas-christensen.html\" rel=\"follow\" target=\"_self\" title=\"Andreas Christensen\">Andreas Christensen<\/a>, that will arrive to &#8216;cost zero&#8217; pertinent of Chelsea.<\/p>  <p>However, the Danish is not the only aim that the Bar\u00e7a wants to &#8216;steal&#8217; of Stamford Bridge.<strong> So much C\u00e9sar Azpilicueta like Marcos Alonso also have been in the &#8216;orbit&#8217; cul\u00e9<\/strong>, being the navarro the one who more whole sum for the Barcelona discipline. With 32 years, &#8216;Azpi&#8217; has the polivalencia to play by the bands and also in the central axis of the saga, what would offer immediate solutions for the technician egarense. Besides, <strong>it has left clear that would be had to play for the Barcelona<\/strong>, as long as it attain pactar his exit.<\/p>  <p>By his part, the Madrilenian has played in England, Spain and Italy, and his route and characteristic result attractive for the m\u00edster, that without mattering the confidence that have in Alba, <strong>recognises that it does fault a spare of guarantees inside the plantel<\/strong>. Now, with all this on the table, there is another important subject that stands out in the operations:<strong> the contractual situation of both<\/strong>.<\/p>  <h3>The Bar\u00e7a, had to pay<\/h3>  <p>The two defenders culminate agreement in 2023, but the case of the captain of the &#8216;blues&#8217; is particular. With almost 10 years inside the team, <strong>has a &#8216;moral obligation&#8217; not to force a lot the machine to go out <\/strong>because of the institutional problems that crosses Chelsea with the dismissal of Roman Abramovich like owner of the club. It is thus that <strong>the Barcelona would be had to pay a quantity of money to facilitate his traspaso<\/strong>, while this was not very high and fulfil with the new politics of the Catalans.<\/p>  <p>Marcos Alonso also goes through a similar situation although without so much pressure, since in January the Bar\u00e7a try your cession.<strong> The side sees with good eyes land in the Camp Nou<\/strong>, and to a year to finish his agreement, <strong>the English would be thinking in taking out &#8216;cut&#8217; by his signing<\/strong>. Besides, his father, the big &#8216;Pich\u00f3n&#8217; Marcos, defended the shield blaugrana and his son would look for to emulate him in the final stretch of his career. Everything is directed and the window of summer will be one of the most moved in the recent years.<\/p> ","protected":false},"excerpt":{"rendered":"<p>Barcelona knows what its needs are in the summer and continues with its &#8216;look&#8217; in England. At the club they are aware of the obstacles that could arise, but they trust that C\u00e9sar Azpilicueta and Marcos Alonso want to wear a Blaugrana The sportive direction of the FC Barcelona has present that the linea defensive [&hellip;]<\/p>\n","protected":false},"author":373,"featured_media":132459,"comment_status":"closed","ping_status":"open","sticky":false,"template":"","format":"standard","meta":{"_acf_changed":false,"inline_featured_image":false,"_nextfly_llmd_date_locked":false,"footnotes":""},"categories":[449,106],"tags":[161],"class_list":["post-132457","post","type-post","status-publish","format-standard","has-post-thumbnail","hentry","category-transfers-2","category-transfers","tag-chelsea"],"acf":[],"yoast_head":"<!-- This site is optimized with the Yoast SEO plugin v27.3 - https:\/\/yoast.com\/product\/yoast-seo-wordpress\/ -->\n<title>Marcos Alonso and Azpilicueta will prioritize Bar\u00e7a&#039;s offer<\/title>\n<meta name=\"description\" content=\"Barcelona knows what its needs are in the summer and continues with its &#039;look&#039; in England. At the club they are aware of the obstacles that could arise, but they trust that C\u00e9sar Azpilicueta and Marcos Alonso want to wear a Blaugrana\" \/>\n<meta name=\"robots\" content=\"index, follow, max-snippet:-1, max-image-preview:large, max-video-preview:-1\" \/>\n<link rel=\"canonical\" href=\"https:\/\/www.fcbarcelonanoticias.com\/en\/transfers\/marcos-alonso-azpilicueta-prioritize-offer-barcelona_279960_102.html\" \/>\n<meta property=\"og:locale\" content=\"en_US\" \/>\n<meta property=\"og:type\" content=\"article\" \/>\n<meta property=\"og:title\" content=\"Marcos Alonso and Azpilicueta will prioritize Bar\u00e7a&#039;s offer\" \/>\n<meta property=\"og:description\" content=\"Barcelona knows what its needs are in the summer and continues with its &#039;look&#039; in England. At the club they are aware of the obstacles that could arise, but they trust that C\u00e9sar Azpilicueta and Marcos Alonso want to wear a Blaugrana\" \/>\n<meta property=\"og:url\" content=\"https:\/\/www.fcbarcelonanoticias.com\/en\/transfers\/marcos-alonso-azpilicueta-prioritize-offer-barcelona_279960_102.html\" \/>\n<meta property=\"og:site_name\" content=\"EN - FC Barcelona Noticias\" \/>\n<meta property=\"article:published_time\" content=\"2022-05-03T14:01:00+00:00\" \/>\n<meta property=\"article:modified_time\" content=\"2022-05-03T18:46:00+00:00\" \/>\n<meta property=\"og:image\" content=\"https:\/\/www.fcbarcelonanoticias.com\/en\/wp-content\/uploads\/sites\/2\/2022\/05\/marcos-alonso-y-cesar-azpilicueta.jpeg\" \/>\n\t<meta property=\"og:image:width\" content=\"1300\" \/>\n\t<meta property=\"og:image:height\" content=\"737\" \/>\n\t<meta property=\"og:image:type\" content=\"image\/jpeg\" \/>\n<meta name=\"author\" content=\"user_4029\" \/>\n<meta name=\"twitter:card\" content=\"summary_large_image\" \/>\n<meta name=\"twitter:label1\" content=\"Written by\" \/>\n\t<meta name=\"twitter:data1\" content=\"user_4029\" \/>\n\t<meta name=\"twitter:label2\" content=\"Est. reading time\" \/>\n\t<meta name=\"twitter:data2\" content=\"2 minutes\" \/>\n<script type=\"application\/ld+json\" class=\"yoast-schema-graph\">{\"@context\":\"https:\\\/\\\/schema.org\",\"@graph\":[{\"@type\":\"Article\",\"@id\":\"https:\\\/\\\/www.fcbarcelonanoticias.com\\\/en\\\/transfers\\\/marcos-alonso-azpilicueta-prioritize-offer-barcelona_279960_102.html#article\",\"isPartOf\":{\"@id\":\"https:\\\/\\\/www.fcbarcelonanoticias.com\\\/en\\\/transfers\\\/marcos-alonso-azpilicueta-prioritize-offer-barcelona_279960_102.html\"},\"author\":{\"name\":\"user_4029\",\"@id\":\"https:\\\/\\\/www.fcbarcelonanoticias.com\\\/en\\\/#\\\/schema\\\/person\\\/f97222962be11bcd88654b5590bd661d\"},\"headline\":\"Marcos Alonso and Azpilicueta will prioritize Bar\u00e7a&#8217;s offer\",\"datePublished\":\"2022-05-03T14:01:00+00:00\",\"dateModified\":\"2022-05-03T18:46:00+00:00\",\"mainEntityOfPage\":{\"@id\":\"https:\\\/\\\/www.fcbarcelonanoticias.com\\\/en\\\/transfers\\\/marcos-alonso-azpilicueta-prioritize-offer-barcelona_279960_102.html\"},\"wordCount\":492,\"image\":{\"@id\":\"https:\\\/\\\/www.fcbarcelonanoticias.com\\\/en\\\/transfers\\\/marcos-alonso-azpilicueta-prioritize-offer-barcelona_279960_102.html#primaryimage\"},\"thumbnailUrl\":\"https:\\\/\\\/www.fcbarcelonanoticias.com\\\/en\\\/wp-content\\\/uploads\\\/sites\\\/2\\\/2022\\\/05\\\/marcos-alonso-y-cesar-azpilicueta.jpeg\",\"keywords\":[\"Chelsea\"],\"articleSection\":[\"Transfers\",\"Transfers\"],\"inLanguage\":\"en-US\"},{\"@type\":\"WebPage\",\"@id\":\"https:\\\/\\\/www.fcbarcelonanoticias.com\\\/en\\\/transfers\\\/marcos-alonso-azpilicueta-prioritize-offer-barcelona_279960_102.html\",\"url\":\"https:\\\/\\\/www.fcbarcelonanoticias.com\\\/en\\\/transfers\\\/marcos-alonso-azpilicueta-prioritize-offer-barcelona_279960_102.html\",\"name\":\"Marcos Alonso and Azpilicueta will prioritize Bar\u00e7a's offer\",\"isPartOf\":{\"@id\":\"https:\\\/\\\/www.fcbarcelonanoticias.com\\\/en\\\/#website\"},\"primaryImageOfPage\":{\"@id\":\"https:\\\/\\\/www.fcbarcelonanoticias.com\\\/en\\\/transfers\\\/marcos-alonso-azpilicueta-prioritize-offer-barcelona_279960_102.html#primaryimage\"},\"image\":{\"@id\":\"https:\\\/\\\/www.fcbarcelonanoticias.com\\\/en\\\/transfers\\\/marcos-alonso-azpilicueta-prioritize-offer-barcelona_279960_102.html#primaryimage\"},\"thumbnailUrl\":\"https:\\\/\\\/www.fcbarcelonanoticias.com\\\/en\\\/wp-content\\\/uploads\\\/sites\\\/2\\\/2022\\\/05\\\/marcos-alonso-y-cesar-azpilicueta.jpeg\",\"datePublished\":\"2022-05-03T14:01:00+00:00\",\"dateModified\":\"2022-05-03T18:46:00+00:00\",\"author\":{\"@id\":\"https:\\\/\\\/www.fcbarcelonanoticias.com\\\/en\\\/#\\\/schema\\\/person\\\/f97222962be11bcd88654b5590bd661d\"},\"description\":\"Barcelona knows what its needs are in the summer and continues with its 'look' in England. At the club they are aware of the obstacles that could arise, but they trust that C\u00e9sar Azpilicueta and Marcos Alonso want to wear a Blaugrana\",\"breadcrumb\":{\"@id\":\"https:\\\/\\\/www.fcbarcelonanoticias.com\\\/en\\\/transfers\\\/marcos-alonso-azpilicueta-prioritize-offer-barcelona_279960_102.html#breadcrumb\"},\"inLanguage\":\"en-US\",\"potentialAction\":[{\"@type\":\"ReadAction\",\"target\":[\"https:\\\/\\\/www.fcbarcelonanoticias.com\\\/en\\\/transfers\\\/marcos-alonso-azpilicueta-prioritize-offer-barcelona_279960_102.html\"]}]},{\"@type\":\"ImageObject\",\"inLanguage\":\"en-US\",\"@id\":\"https:\\\/\\\/www.fcbarcelonanoticias.com\\\/en\\\/transfers\\\/marcos-alonso-azpilicueta-prioritize-offer-barcelona_279960_102.html#primaryimage\",\"url\":\"https:\\\/\\\/www.fcbarcelonanoticias.com\\\/en\\\/wp-content\\\/uploads\\\/sites\\\/2\\\/2022\\\/05\\\/marcos-alonso-y-cesar-azpilicueta.jpeg\",\"contentUrl\":\"https:\\\/\\\/www.fcbarcelonanoticias.com\\\/en\\\/wp-content\\\/uploads\\\/sites\\\/2\\\/2022\\\/05\\\/marcos-alonso-y-cesar-azpilicueta.jpeg\",\"width\":1300,\"height\":737},{\"@type\":\"BreadcrumbList\",\"@id\":\"https:\\\/\\\/www.fcbarcelonanoticias.com\\\/en\\\/transfers\\\/marcos-alonso-azpilicueta-prioritize-offer-barcelona_279960_102.html#breadcrumb\",\"itemListElement\":[{\"@type\":\"ListItem\",\"position\":1,\"name\":\"Portada\",\"item\":\"https:\\\/\\\/www.fcbarcelonanoticias.com\\\/en\\\/\"},{\"@type\":\"ListItem\",\"position\":2,\"name\":\"Marcos Alonso and Azpilicueta will prioritize Bar\u00e7a&#8217;s offer\"}]},{\"@type\":\"WebSite\",\"@id\":\"https:\\\/\\\/www.fcbarcelonanoticias.com\\\/en\\\/#website\",\"url\":\"https:\\\/\\\/www.fcbarcelonanoticias.com\\\/en\\\/\",\"name\":\"EN - FC Barcelona Noticias\",\"description\":\"\",\"potentialAction\":[{\"@type\":\"SearchAction\",\"target\":{\"@type\":\"EntryPoint\",\"urlTemplate\":\"https:\\\/\\\/www.fcbarcelonanoticias.com\\\/en\\\/?s={search_term_string}\"},\"query-input\":{\"@type\":\"PropertyValueSpecification\",\"valueRequired\":true,\"valueName\":\"search_term_string\"}}],\"inLanguage\":\"en-US\"},{\"@type\":\"Person\",\"@id\":\"https:\\\/\\\/www.fcbarcelonanoticias.com\\\/en\\\/#\\\/schema\\\/person\\\/f97222962be11bcd88654b5590bd661d\",\"name\":\"user_4029\",\"image\":{\"@type\":\"ImageObject\",\"inLanguage\":\"en-US\",\"@id\":\"https:\\\/\\\/secure.gravatar.com\\\/avatar\\\/?s=96&d=mm&r=g\",\"url\":\"https:\\\/\\\/secure.gravatar.com\\\/avatar\\\/?s=96&d=mm&r=g\",\"contentUrl\":\"https:\\\/\\\/secure.gravatar.com\\\/avatar\\\/?s=96&d=mm&r=g\",\"caption\":\"user_4029\"},\"url\":\"https:\\\/\\\/www.fcbarcelonanoticias.com\\\/en\\\/user_4029.html\"}]}<\/script>\n<!-- \/ Yoast SEO plugin. -->","yoast_head_json":{"title":"Marcos Alonso and Azpilicueta will prioritize Bar\u00e7a's offer","description":"Barcelona knows what its needs are in the summer and continues with its 'look' in England. At the club they are aware of the obstacles that could arise, but they trust that C\u00e9sar Azpilicueta and Marcos Alonso want to wear a Blaugrana","robots":{"index":"index","follow":"follow","max-snippet":"max-snippet:-1","max-image-preview":"max-image-preview:large","max-video-preview":"max-video-preview:-1"},"canonical":"https:\/\/www.fcbarcelonanoticias.com\/en\/transfers\/marcos-alonso-azpilicueta-prioritize-offer-barcelona_279960_102.html","og_locale":"en_US","og_type":"article","og_title":"Marcos Alonso and Azpilicueta will prioritize Bar\u00e7a's offer","og_description":"Barcelona knows what its needs are in the summer and continues with its 'look' in England. At the club they are aware of the obstacles that could arise, but they trust that C\u00e9sar Azpilicueta and Marcos Alonso want to wear a Blaugrana","og_url":"https:\/\/www.fcbarcelonanoticias.com\/en\/transfers\/marcos-alonso-azpilicueta-prioritize-offer-barcelona_279960_102.html","og_site_name":"EN - FC Barcelona Noticias","article_published_time":"2022-05-03T14:01:00+00:00","article_modified_time":"2022-05-03T18:46:00+00:00","og_image":[{"width":1300,"height":737,"url":"https:\/\/www.fcbarcelonanoticias.com\/en\/wp-content\/uploads\/sites\/2\/2022\/05\/marcos-alonso-y-cesar-azpilicueta.jpeg","type":"image\/jpeg"}],"author":"user_4029","twitter_card":"summary_large_image","twitter_misc":{"Written by":"user_4029","Est. reading time":"2 minutes"},"schema":{"@context":"https:\/\/schema.org","@graph":[{"@type":"Article","@id":"https:\/\/www.fcbarcelonanoticias.com\/en\/transfers\/marcos-alonso-azpilicueta-prioritize-offer-barcelona_279960_102.html#article","isPartOf":{"@id":"https:\/\/www.fcbarcelonanoticias.com\/en\/transfers\/marcos-alonso-azpilicueta-prioritize-offer-barcelona_279960_102.html"},"author":{"name":"user_4029","@id":"https:\/\/www.fcbarcelonanoticias.com\/en\/#\/schema\/person\/f97222962be11bcd88654b5590bd661d"},"headline":"Marcos Alonso and Azpilicueta will prioritize Bar\u00e7a&#8217;s offer","datePublished":"2022-05-03T14:01:00+00:00","dateModified":"2022-05-03T18:46:00+00:00","mainEntityOfPage":{"@id":"https:\/\/www.fcbarcelonanoticias.com\/en\/transfers\/marcos-alonso-azpilicueta-prioritize-offer-barcelona_279960_102.html"},"wordCount":492,"image":{"@id":"https:\/\/www.fcbarcelonanoticias.com\/en\/transfers\/marcos-alonso-azpilicueta-prioritize-offer-barcelona_279960_102.html#primaryimage"},"thumbnailUrl":"https:\/\/www.fcbarcelonanoticias.com\/en\/wp-content\/uploads\/sites\/2\/2022\/05\/marcos-alonso-y-cesar-azpilicueta.jpeg","keywords":["Chelsea"],"articleSection":["Transfers","Transfers"],"inLanguage":"en-US"},{"@type":"WebPage","@id":"https:\/\/www.fcbarcelonanoticias.com\/en\/transfers\/marcos-alonso-azpilicueta-prioritize-offer-barcelona_279960_102.html","url":"https:\/\/www.fcbarcelonanoticias.com\/en\/transfers\/marcos-alonso-azpilicueta-prioritize-offer-barcelona_279960_102.html","name":"Marcos Alonso and Azpilicueta will prioritize Bar\u00e7a's offer","isPartOf":{"@id":"https:\/\/www.fcbarcelonanoticias.com\/en\/#website"},"primaryImageOfPage":{"@id":"https:\/\/www.fcbarcelonanoticias.com\/en\/transfers\/marcos-alonso-azpilicueta-prioritize-offer-barcelona_279960_102.html#primaryimage"},"image":{"@id":"https:\/\/www.fcbarcelonanoticias.com\/en\/transfers\/marcos-alonso-azpilicueta-prioritize-offer-barcelona_279960_102.html#primaryimage"},"thumbnailUrl":"https:\/\/www.fcbarcelonanoticias.com\/en\/wp-content\/uploads\/sites\/2\/2022\/05\/marcos-alonso-y-cesar-azpilicueta.jpeg","datePublished":"2022-05-03T14:01:00+00:00","dateModified":"2022-05-03T18:46:00+00:00","author":{"@id":"https:\/\/www.fcbarcelonanoticias.com\/en\/#\/schema\/person\/f97222962be11bcd88654b5590bd661d"},"description":"Barcelona knows what its needs are in the summer and continues with its 'look' in England. At the club they are aware of the obstacles that could arise, but they trust that C\u00e9sar Azpilicueta and Marcos Alonso want to wear a Blaugrana","breadcrumb":{"@id":"https:\/\/www.fcbarcelonanoticias.com\/en\/transfers\/marcos-alonso-azpilicueta-prioritize-offer-barcelona_279960_102.html#breadcrumb"},"inLanguage":"en-US","potentialAction":[{"@type":"ReadAction","target":["https:\/\/www.fcbarcelonanoticias.com\/en\/transfers\/marcos-alonso-azpilicueta-prioritize-offer-barcelona_279960_102.html"]}]},{"@type":"ImageObject","inLanguage":"en-US","@id":"https:\/\/www.fcbarcelonanoticias.com\/en\/transfers\/marcos-alonso-azpilicueta-prioritize-offer-barcelona_279960_102.html#primaryimage","url":"https:\/\/www.fcbarcelonanoticias.com\/en\/wp-content\/uploads\/sites\/2\/2022\/05\/marcos-alonso-y-cesar-azpilicueta.jpeg","contentUrl":"https:\/\/www.fcbarcelonanoticias.com\/en\/wp-content\/uploads\/sites\/2\/2022\/05\/marcos-alonso-y-cesar-azpilicueta.jpeg","width":1300,"height":737},{"@type":"BreadcrumbList","@id":"https:\/\/www.fcbarcelonanoticias.com\/en\/transfers\/marcos-alonso-azpilicueta-prioritize-offer-barcelona_279960_102.html#breadcrumb","itemListElement":[{"@type":"ListItem","position":1,"name":"Portada","item":"https:\/\/www.fcbarcelonanoticias.com\/en\/"},{"@type":"ListItem","position":2,"name":"Marcos Alonso and Azpilicueta will prioritize Bar\u00e7a&#8217;s offer"}]},{"@type":"WebSite","@id":"https:\/\/www.fcbarcelonanoticias.com\/en\/#website","url":"https:\/\/www.fcbarcelonanoticias.com\/en\/","name":"EN - FC Barcelona Noticias","description":"","potentialAction":[{"@type":"SearchAction","target":{"@type":"EntryPoint","urlTemplate":"https:\/\/www.fcbarcelonanoticias.com\/en\/?s={search_term_string}"},"query-input":{"@type":"PropertyValueSpecification","valueRequired":true,"valueName":"search_term_string"}}],"inLanguage":"en-US"},{"@type":"Person","@id":"https:\/\/www.fcbarcelonanoticias.com\/en\/#\/schema\/person\/f97222962be11bcd88654b5590bd661d","name":"user_4029","image":{"@type":"ImageObject","inLanguage":"en-US","@id":"https:\/\/secure.gravatar.com\/avatar\/?s=96&d=mm&r=g","url":"https:\/\/secure.gravatar.com\/avatar\/?s=96&d=mm&r=g","contentUrl":"https:\/\/secure.gravatar.com\/avatar\/?s=96&d=mm&r=g","caption":"user_4029"},"url":"https:\/\/www.fcbarcelonanoticias.com\/en\/user_4029.html"}]}},"_links":{"self":[{"href":"https:\/\/www.fcbarcelonanoticias.com\/en\/wp-json\/wp\/v2\/posts\/132457","targetHints":{"allow":["GET"]}}],"collection":[{"href":"https:\/\/www.fcbarcelonanoticias.com\/en\/wp-json\/wp\/v2\/posts"}],"about":[{"href":"https:\/\/www.fcbarcelonanoticias.com\/en\/wp-json\/wp\/v2\/types\/post"}],"author":[{"embeddable":true,"href":"https:\/\/www.fcbarcelonanoticias.com\/en\/wp-json\/wp\/v2\/users\/373"}],"replies":[{"embeddable":true,"href":"https:\/\/www.fcbarcelonanoticias.com\/en\/wp-json\/wp\/v2\/comments?post=132457"}],"version-history":[{"count":1,"href":"https:\/\/www.fcbarcelonanoticias.com\/en\/wp-json\/wp\/v2\/posts\/132457\/revisions"}],"predecessor-version":[{"id":152552,"href":"https:\/\/www.fcbarcelonanoticias.com\/en\/wp-json\/wp\/v2\/posts\/132457\/revisions\/152552"}],"wp:featuredmedia":[{"embeddable":true,"href":"https:\/\/www.fcbarcelonanoticias.com\/en\/wp-json\/wp\/v2\/media\/132459"}],"wp:attachment":[{"href":"https:\/\/www.fcbarcelonanoticias.com\/en\/wp-json\/wp\/v2\/media?parent=132457"}],"wp:term":[{"taxonomy":"category","embeddable":true,"href":"https:\/\/www.fcbarcelonanoticias.com\/en\/wp-json\/wp\/v2\/categories?post=132457"},{"taxonomy":"post_tag","embeddable":true,"href":"https:\/\/www.fcbarcelonanoticias.com\/en\/wp-json\/wp\/v2\/tags?post=132457"}],"curies":[{"name":"wp","href":"https:\/\/api.w.org\/{rel}","templated":true}]}}