{"id":132622,"date":"2024-05-28T20:51:00","date_gmt":"2024-05-28T18:51:00","guid":{"rendered":"https:\/\/weisetech.dev\/fc-barcelona-noticias\/en\/mariona-caldentey-decides-to-leave-barca-femeni-and-will-head-to-big-team-in-the-premier_303945_102\/"},"modified":"2024-05-28T20:51:00","modified_gmt":"2024-05-28T18:51:00","slug":"mariona-caldentey-decides-to-leave-barca-femeni-and-will-head-to-big-team-in-the-premier_303945_102","status":"publish","type":"post","link":"https:\/\/www.fcbarcelonanoticias.com\/en\/transfers\/mariona-caldentey-decides-to-leave-barca-femeni-and-will-head-to-big-team-in-the-premier_303945_102.html","title":{"rendered":"Mariona Caldentey decides to leave Bar\u00e7a Femen\u00ed and will head to a &#8216;big&#8217; team in the Premier"},"content":{"rendered":"<h2 class=\"wp-block-heading\">Bar\u00e7a Femen\u00ed will have a new loss for next season, after the departure of coach Jonatan Gir\u00e1ldez and goalkeeper Sandra Pa\u00f1os. On this occasion, forward Mariona Caldentey will be the one to leave, since she will not renew her contract with the club and will move to English football<\/h2>  \r\n<div class=\"article-addons\">\r\n    <a href=\"https:\/\/www.fcbarcelonanoticias.com\/en\/calendar-fc-barcelona.html\"\r\n       target=\"_self\"\r\n       title=\"Calendar of FC Barcelona\"\r\n       class=\"blue-gredient-btn\">\r\n       \r\n        Calendar of FC Barcelona    <\/a>\r\n<\/div>   <p><strong>Mariona Caldentey will leave to dress the T-shirt of the Bar\u00e7a Femen\u00ed to the term of this season 2023\/24<\/strong>, closing like this a laureado cycle with the combined Catalan. During his ten seasons, attained to heave a total of 17 awards with the picture cul\u00e9. It did his debut with the Barcelonan cast in 2014, and since has attained to form a career much more that excellent, accumulating more than 300 official commitments contested, more than 100 annotations and 60 assistances.<\/p>  <p>In this sense, as it informed the newspaper &#8216;SPORT&#8217;, <strong>this decision oficializar\u00e1 after the concentration of the Spanish selection<\/strong>, that will contest two parties of classification for the Eurocopa 2025 in Switzerland against Denmark. The meetings will carry out on 31 May in the Viborg Stadion and on 4 June in the stadium Heliodoro Rodr\u00edguez L\u00f3pez.<\/p>  <p>It is necessary to remember that the renewal of the Barcelona forward was slope in the Bar\u00e7a Femen\u00ed,<strong> since his agreement expires on 30 June<\/strong>. Nevertheless, apparently, Mariona is not in position to renew his agreement and already has in looks it a new and tempting destination futbol\u00edstico.<\/p>  <h2>Mariona will go to a club of the &#8216;top 3&#8217; of the Premier<\/h2>  <p>As it advanced &#8216;TV3<strong>&#8216;, the forward will leave to the Premier League, in concrete to the Arsenal<\/strong>. It seems that his incorporation is practically enclosed, being missing only some details for concretising and the signature of the agreement for his oficializaci\u00f3n. Likewise, as &#8216;SPORT&#8217;, <strong>his exit does not be due to an economic problem<\/strong>, but rather to the fact that the native of Felanitx looks for a new professional challenge more competitive and where will find another big entity that bets strongly for developing the feminine football.<\/p>  <p>Now it will be necessary to see how the fans cul\u00e9 receives this news, since his game is, definitely, a hard hit for the structure of the club, that <a data-external=\"0\" data-intl-links-en=\"https:\/\/www.fcbarcelonanoticias.com\/en\/transfers\/official-alexia-putellas-seals-his-renewal-with-the-barca-femeni-until-the-2026_303722_102.html\" data-intl-links-es=\"https:\/\/www.fcbarcelonanoticias.com\/fichajes\/oficial-alexia-putellas-sella-su-renovacion-con-barca-femeni-hasta-2026_303722_102.html\" href=\"https:\/\/www.fcbarcelonanoticias.com\/en\/transfers\/official-alexia-putellas-seals-his-renewal-with-the-barca-femeni-until-the-2026_303722_102.html\" rel=\"follow\" target=\"_self\" title=\"\u00a1OFICIAL! Alexia Putellas sella su renovaci\u00f3n con el Bar\u00e7a Femen\u00ed hasta el 2026\">recently had received good news like the renewal of Alexia Putellas<\/a> and <a data-external=\"0\" data-intl-links-en=\"https:\/\/www.fcbarcelonanoticias.com\/en\/feminine-football\/champions-barca-femeni-seals-his-third-champions-against-lyon-2-0_303847_102.html\" data-intl-links-es=\"https:\/\/www.fcbarcelonanoticias.com\/futbol-femenino\/campeonas-barca-femeni-sella-tercera-champions-lyon-2-0_303847_102.html\" href=\"https:\/\/www.fcbarcelonanoticias.com\/en\/feminine-football\/champions-barca-femeni-seals-his-third-champions-against-lyon-2-0_303847_102.html\" rel=\"follow\" target=\"_self\" title=\"\u00a1CAMPEONAS! Aitana y Alexia le dan al Bar\u00e7a Femen\u00ed ante el Lyon su 3\u00aa Champions League (2-0)\">the victory in the UEFA Women&#8217;s Champions League against the Olympique Lyon (2-0)<\/a>. In fact, during the celebration, <strong>the name of Mariona was one of the more coreados by the &#8216;inflate&#8217; cul\u00e9s to the rhythm of &#8220;Mariona, remain you&#8221;<\/strong>. Under this premise, is likely that the parcialidad Barcelona attend to Johan Cruyff in the last commitment home of the season, that will play next Sunday 9 June against the Real Betis Feminine, to show his affection to the talentosa attacker Balearic.<\/p> ","protected":false},"excerpt":{"rendered":"<p>Bar\u00e7a Femen\u00ed will have a new loss for next season, after the departure of coach Jonatan Gir\u00e1ldez and goalkeeper Sandra Pa\u00f1os. On this occasion, forward Mariona Caldentey will be the one to leave, since she will not renew her contract with the club and will move to English football Mariona Caldentey will leave to dress [&hellip;]<\/p>\n","protected":false},"author":355,"featured_media":132627,"comment_status":"closed","ping_status":"open","sticky":false,"template":"","format":"standard","meta":{"_acf_changed":false,"inline_featured_image":false,"_nextfly_llmd_date_locked":false,"footnotes":""},"categories":[449,106],"tags":[102],"class_list":["post-132622","post","type-post","status-publish","format-standard","has-post-thumbnail","hentry","category-transfers-2","category-transfers","tag-arsenal"],"acf":[],"yoast_head":"<!-- This site is optimized with the Yoast SEO plugin v27.3 - https:\/\/yoast.com\/product\/yoast-seo-wordpress\/ -->\n<title>Mariona Caldentey decides to leave Bar\u00e7a Femen\u00ed and will head to a &#039;big&#039; team in the Premier<\/title>\n<meta name=\"description\" content=\"Bar\u00e7a Femen\u00ed will have a new loss for next season, after the departure of coach Jonatan Gir\u00e1ldez and goalkeeper Sandra Pa\u00f1os. On this occasion, forward Mariona Caldentey will be the one to leave, since she will not renew her contract with the club and will move to English football\" \/>\n<meta name=\"robots\" content=\"index, follow, max-snippet:-1, max-image-preview:large, max-video-preview:-1\" \/>\n<link rel=\"canonical\" href=\"https:\/\/www.fcbarcelonanoticias.com\/en\/transfers\/mariona-caldentey-decides-to-leave-barca-femeni-and-will-head-to-big-team-in-the-premier_303945_102.html\" \/>\n<meta property=\"og:locale\" content=\"en_US\" \/>\n<meta property=\"og:type\" content=\"article\" \/>\n<meta property=\"og:title\" content=\"Mariona Caldentey decides to leave Bar\u00e7a Femen\u00ed and will head to a &#039;big&#039; team in the Premier\" \/>\n<meta property=\"og:description\" content=\"Bar\u00e7a Femen\u00ed will have a new loss for next season, after the departure of coach Jonatan Gir\u00e1ldez and goalkeeper Sandra Pa\u00f1os. On this occasion, forward Mariona Caldentey will be the one to leave, since she will not renew her contract with the club and will move to English football\" \/>\n<meta property=\"og:url\" content=\"https:\/\/www.fcbarcelonanoticias.com\/en\/transfers\/mariona-caldentey-decides-to-leave-barca-femeni-and-will-head-to-big-team-in-the-premier_303945_102.html\" \/>\n<meta property=\"og:site_name\" content=\"EN - FC Barcelona Noticias\" \/>\n<meta property=\"article:published_time\" content=\"2024-05-28T18:51:00+00:00\" \/>\n<meta property=\"og:image\" content=\"https:\/\/www.fcbarcelonanoticias.com\/en\/wp-content\/uploads\/sites\/2\/2024\/05\/mariona-caldentey-en-el-duelo-entre-el-barca-femeni-y-olympique-lyon-en-la-final-de-la-uefa-woman-s-champions-league.png\" \/>\n\t<meta property=\"og:image:width\" content=\"1300\" \/>\n\t<meta property=\"og:image:height\" content=\"732\" \/>\n\t<meta property=\"og:image:type\" content=\"image\/png\" \/>\n<meta name=\"author\" content=\"Kevin G\u00f3mez\" \/>\n<meta name=\"twitter:card\" content=\"summary_large_image\" \/>\n<meta name=\"twitter:label1\" content=\"Written by\" \/>\n\t<meta name=\"twitter:data1\" content=\"Kevin G\u00f3mez\" \/>\n\t<meta name=\"twitter:label2\" content=\"Est. reading time\" \/>\n\t<meta name=\"twitter:data2\" content=\"2 minutes\" \/>\n<script type=\"application\/ld+json\" class=\"yoast-schema-graph\">{\"@context\":\"https:\\\/\\\/schema.org\",\"@graph\":[{\"@type\":\"Article\",\"@id\":\"https:\\\/\\\/www.fcbarcelonanoticias.com\\\/en\\\/transfers\\\/mariona-caldentey-decides-to-leave-barca-femeni-and-will-head-to-big-team-in-the-premier_303945_102.html#article\",\"isPartOf\":{\"@id\":\"https:\\\/\\\/www.fcbarcelonanoticias.com\\\/en\\\/transfers\\\/mariona-caldentey-decides-to-leave-barca-femeni-and-will-head-to-big-team-in-the-premier_303945_102.html\"},\"author\":{\"name\":\"Kevin G\u00f3mez\",\"@id\":\"https:\\\/\\\/www.fcbarcelonanoticias.com\\\/en\\\/#\\\/schema\\\/person\\\/991443f134df9a64c6874f96ff984c9d\"},\"headline\":\"Mariona Caldentey decides to leave Bar\u00e7a Femen\u00ed and will head to a &#8216;big&#8217; team in the Premier\",\"datePublished\":\"2024-05-28T18:51:00+00:00\",\"mainEntityOfPage\":{\"@id\":\"https:\\\/\\\/www.fcbarcelonanoticias.com\\\/en\\\/transfers\\\/mariona-caldentey-decides-to-leave-barca-femeni-and-will-head-to-big-team-in-the-premier_303945_102.html\"},\"wordCount\":473,\"image\":{\"@id\":\"https:\\\/\\\/www.fcbarcelonanoticias.com\\\/en\\\/transfers\\\/mariona-caldentey-decides-to-leave-barca-femeni-and-will-head-to-big-team-in-the-premier_303945_102.html#primaryimage\"},\"thumbnailUrl\":\"https:\\\/\\\/www.fcbarcelonanoticias.com\\\/en\\\/wp-content\\\/uploads\\\/sites\\\/2\\\/2024\\\/05\\\/mariona-caldentey-en-el-duelo-entre-el-barca-femeni-y-olympique-lyon-en-la-final-de-la-uefa-woman-s-champions-league.png\",\"keywords\":[\"Arsenal\"],\"articleSection\":[\"Transfers\",\"Transfers\"],\"inLanguage\":\"en-US\"},{\"@type\":\"WebPage\",\"@id\":\"https:\\\/\\\/www.fcbarcelonanoticias.com\\\/en\\\/transfers\\\/mariona-caldentey-decides-to-leave-barca-femeni-and-will-head-to-big-team-in-the-premier_303945_102.html\",\"url\":\"https:\\\/\\\/www.fcbarcelonanoticias.com\\\/en\\\/transfers\\\/mariona-caldentey-decides-to-leave-barca-femeni-and-will-head-to-big-team-in-the-premier_303945_102.html\",\"name\":\"Mariona Caldentey decides to leave Bar\u00e7a Femen\u00ed and will head to a 'big' team in the Premier\",\"isPartOf\":{\"@id\":\"https:\\\/\\\/www.fcbarcelonanoticias.com\\\/en\\\/#website\"},\"primaryImageOfPage\":{\"@id\":\"https:\\\/\\\/www.fcbarcelonanoticias.com\\\/en\\\/transfers\\\/mariona-caldentey-decides-to-leave-barca-femeni-and-will-head-to-big-team-in-the-premier_303945_102.html#primaryimage\"},\"image\":{\"@id\":\"https:\\\/\\\/www.fcbarcelonanoticias.com\\\/en\\\/transfers\\\/mariona-caldentey-decides-to-leave-barca-femeni-and-will-head-to-big-team-in-the-premier_303945_102.html#primaryimage\"},\"thumbnailUrl\":\"https:\\\/\\\/www.fcbarcelonanoticias.com\\\/en\\\/wp-content\\\/uploads\\\/sites\\\/2\\\/2024\\\/05\\\/mariona-caldentey-en-el-duelo-entre-el-barca-femeni-y-olympique-lyon-en-la-final-de-la-uefa-woman-s-champions-league.png\",\"datePublished\":\"2024-05-28T18:51:00+00:00\",\"author\":{\"@id\":\"https:\\\/\\\/www.fcbarcelonanoticias.com\\\/en\\\/#\\\/schema\\\/person\\\/991443f134df9a64c6874f96ff984c9d\"},\"description\":\"Bar\u00e7a Femen\u00ed will have a new loss for next season, after the departure of coach Jonatan Gir\u00e1ldez and goalkeeper Sandra Pa\u00f1os. On this occasion, forward Mariona Caldentey will be the one to leave, since she will not renew her contract with the club and will move to English football\",\"breadcrumb\":{\"@id\":\"https:\\\/\\\/www.fcbarcelonanoticias.com\\\/en\\\/transfers\\\/mariona-caldentey-decides-to-leave-barca-femeni-and-will-head-to-big-team-in-the-premier_303945_102.html#breadcrumb\"},\"inLanguage\":\"en-US\",\"potentialAction\":[{\"@type\":\"ReadAction\",\"target\":[\"https:\\\/\\\/www.fcbarcelonanoticias.com\\\/en\\\/transfers\\\/mariona-caldentey-decides-to-leave-barca-femeni-and-will-head-to-big-team-in-the-premier_303945_102.html\"]}]},{\"@type\":\"ImageObject\",\"inLanguage\":\"en-US\",\"@id\":\"https:\\\/\\\/www.fcbarcelonanoticias.com\\\/en\\\/transfers\\\/mariona-caldentey-decides-to-leave-barca-femeni-and-will-head-to-big-team-in-the-premier_303945_102.html#primaryimage\",\"url\":\"https:\\\/\\\/www.fcbarcelonanoticias.com\\\/en\\\/wp-content\\\/uploads\\\/sites\\\/2\\\/2024\\\/05\\\/mariona-caldentey-en-el-duelo-entre-el-barca-femeni-y-olympique-lyon-en-la-final-de-la-uefa-woman-s-champions-league.png\",\"contentUrl\":\"https:\\\/\\\/www.fcbarcelonanoticias.com\\\/en\\\/wp-content\\\/uploads\\\/sites\\\/2\\\/2024\\\/05\\\/mariona-caldentey-en-el-duelo-entre-el-barca-femeni-y-olympique-lyon-en-la-final-de-la-uefa-woman-s-champions-league.png\",\"width\":1300,\"height\":732},{\"@type\":\"BreadcrumbList\",\"@id\":\"https:\\\/\\\/www.fcbarcelonanoticias.com\\\/en\\\/transfers\\\/mariona-caldentey-decides-to-leave-barca-femeni-and-will-head-to-big-team-in-the-premier_303945_102.html#breadcrumb\",\"itemListElement\":[{\"@type\":\"ListItem\",\"position\":1,\"name\":\"Portada\",\"item\":\"https:\\\/\\\/www.fcbarcelonanoticias.com\\\/en\\\/\"},{\"@type\":\"ListItem\",\"position\":2,\"name\":\"Mariona Caldentey decides to leave Bar\u00e7a Femen\u00ed and will head to a &#8216;big&#8217; team in the Premier\"}]},{\"@type\":\"WebSite\",\"@id\":\"https:\\\/\\\/www.fcbarcelonanoticias.com\\\/en\\\/#website\",\"url\":\"https:\\\/\\\/www.fcbarcelonanoticias.com\\\/en\\\/\",\"name\":\"EN - FC Barcelona Noticias\",\"description\":\"\",\"potentialAction\":[{\"@type\":\"SearchAction\",\"target\":{\"@type\":\"EntryPoint\",\"urlTemplate\":\"https:\\\/\\\/www.fcbarcelonanoticias.com\\\/en\\\/?s={search_term_string}\"},\"query-input\":{\"@type\":\"PropertyValueSpecification\",\"valueRequired\":true,\"valueName\":\"search_term_string\"}}],\"inLanguage\":\"en-US\"},{\"@type\":\"Person\",\"@id\":\"https:\\\/\\\/www.fcbarcelonanoticias.com\\\/en\\\/#\\\/schema\\\/person\\\/991443f134df9a64c6874f96ff984c9d\",\"name\":\"Kevin G\u00f3mez\",\"image\":{\"@type\":\"ImageObject\",\"inLanguage\":\"en-US\",\"@id\":\"https:\\\/\\\/secure.gravatar.com\\\/avatar\\\/?s=96&d=mm&r=g\",\"url\":\"https:\\\/\\\/secure.gravatar.com\\\/avatar\\\/?s=96&d=mm&r=g\",\"contentUrl\":\"https:\\\/\\\/secure.gravatar.com\\\/avatar\\\/?s=96&d=mm&r=g\",\"caption\":\"Kevin G\u00f3mez\"},\"description\":\"Licenciado\u00a0en Periodismo y Comunicaci\u00f3n Audiovisual. Redactor en FCBN responsable de cubrir toda\u00a0la informaci\u00f3n del FC Barcelona y las principales competiciones de\u00a0f\u00fatbol.\",\"url\":\"https:\\\/\\\/www.fcbarcelonanoticias.com\\\/en\\\/jugadores\\\/kevin-gomez_23_115.html\"}]}<\/script>\n<!-- \/ Yoast SEO plugin. -->","yoast_head_json":{"title":"Mariona Caldentey decides to leave Bar\u00e7a Femen\u00ed and will head to a 'big' team in the Premier","description":"Bar\u00e7a Femen\u00ed will have a new loss for next season, after the departure of coach Jonatan Gir\u00e1ldez and goalkeeper Sandra Pa\u00f1os. On this occasion, forward Mariona Caldentey will be the one to leave, since she will not renew her contract with the club and will move to English football","robots":{"index":"index","follow":"follow","max-snippet":"max-snippet:-1","max-image-preview":"max-image-preview:large","max-video-preview":"max-video-preview:-1"},"canonical":"https:\/\/www.fcbarcelonanoticias.com\/en\/transfers\/mariona-caldentey-decides-to-leave-barca-femeni-and-will-head-to-big-team-in-the-premier_303945_102.html","og_locale":"en_US","og_type":"article","og_title":"Mariona Caldentey decides to leave Bar\u00e7a Femen\u00ed and will head to a 'big' team in the Premier","og_description":"Bar\u00e7a Femen\u00ed will have a new loss for next season, after the departure of coach Jonatan Gir\u00e1ldez and goalkeeper Sandra Pa\u00f1os. On this occasion, forward Mariona Caldentey will be the one to leave, since she will not renew her contract with the club and will move to English football","og_url":"https:\/\/www.fcbarcelonanoticias.com\/en\/transfers\/mariona-caldentey-decides-to-leave-barca-femeni-and-will-head-to-big-team-in-the-premier_303945_102.html","og_site_name":"EN - FC Barcelona Noticias","article_published_time":"2024-05-28T18:51:00+00:00","og_image":[{"width":1300,"height":732,"url":"https:\/\/www.fcbarcelonanoticias.com\/en\/wp-content\/uploads\/sites\/2\/2024\/05\/mariona-caldentey-en-el-duelo-entre-el-barca-femeni-y-olympique-lyon-en-la-final-de-la-uefa-woman-s-champions-league.png","type":"image\/png"}],"author":"Kevin G\u00f3mez","twitter_card":"summary_large_image","twitter_misc":{"Written by":"Kevin G\u00f3mez","Est. reading time":"2 minutes"},"schema":{"@context":"https:\/\/schema.org","@graph":[{"@type":"Article","@id":"https:\/\/www.fcbarcelonanoticias.com\/en\/transfers\/mariona-caldentey-decides-to-leave-barca-femeni-and-will-head-to-big-team-in-the-premier_303945_102.html#article","isPartOf":{"@id":"https:\/\/www.fcbarcelonanoticias.com\/en\/transfers\/mariona-caldentey-decides-to-leave-barca-femeni-and-will-head-to-big-team-in-the-premier_303945_102.html"},"author":{"name":"Kevin G\u00f3mez","@id":"https:\/\/www.fcbarcelonanoticias.com\/en\/#\/schema\/person\/991443f134df9a64c6874f96ff984c9d"},"headline":"Mariona Caldentey decides to leave Bar\u00e7a Femen\u00ed and will head to a &#8216;big&#8217; team in the Premier","datePublished":"2024-05-28T18:51:00+00:00","mainEntityOfPage":{"@id":"https:\/\/www.fcbarcelonanoticias.com\/en\/transfers\/mariona-caldentey-decides-to-leave-barca-femeni-and-will-head-to-big-team-in-the-premier_303945_102.html"},"wordCount":473,"image":{"@id":"https:\/\/www.fcbarcelonanoticias.com\/en\/transfers\/mariona-caldentey-decides-to-leave-barca-femeni-and-will-head-to-big-team-in-the-premier_303945_102.html#primaryimage"},"thumbnailUrl":"https:\/\/www.fcbarcelonanoticias.com\/en\/wp-content\/uploads\/sites\/2\/2024\/05\/mariona-caldentey-en-el-duelo-entre-el-barca-femeni-y-olympique-lyon-en-la-final-de-la-uefa-woman-s-champions-league.png","keywords":["Arsenal"],"articleSection":["Transfers","Transfers"],"inLanguage":"en-US"},{"@type":"WebPage","@id":"https:\/\/www.fcbarcelonanoticias.com\/en\/transfers\/mariona-caldentey-decides-to-leave-barca-femeni-and-will-head-to-big-team-in-the-premier_303945_102.html","url":"https:\/\/www.fcbarcelonanoticias.com\/en\/transfers\/mariona-caldentey-decides-to-leave-barca-femeni-and-will-head-to-big-team-in-the-premier_303945_102.html","name":"Mariona Caldentey decides to leave Bar\u00e7a Femen\u00ed and will head to a 'big' team in the Premier","isPartOf":{"@id":"https:\/\/www.fcbarcelonanoticias.com\/en\/#website"},"primaryImageOfPage":{"@id":"https:\/\/www.fcbarcelonanoticias.com\/en\/transfers\/mariona-caldentey-decides-to-leave-barca-femeni-and-will-head-to-big-team-in-the-premier_303945_102.html#primaryimage"},"image":{"@id":"https:\/\/www.fcbarcelonanoticias.com\/en\/transfers\/mariona-caldentey-decides-to-leave-barca-femeni-and-will-head-to-big-team-in-the-premier_303945_102.html#primaryimage"},"thumbnailUrl":"https:\/\/www.fcbarcelonanoticias.com\/en\/wp-content\/uploads\/sites\/2\/2024\/05\/mariona-caldentey-en-el-duelo-entre-el-barca-femeni-y-olympique-lyon-en-la-final-de-la-uefa-woman-s-champions-league.png","datePublished":"2024-05-28T18:51:00+00:00","author":{"@id":"https:\/\/www.fcbarcelonanoticias.com\/en\/#\/schema\/person\/991443f134df9a64c6874f96ff984c9d"},"description":"Bar\u00e7a Femen\u00ed will have a new loss for next season, after the departure of coach Jonatan Gir\u00e1ldez and goalkeeper Sandra Pa\u00f1os. On this occasion, forward Mariona Caldentey will be the one to leave, since she will not renew her contract with the club and will move to English football","breadcrumb":{"@id":"https:\/\/www.fcbarcelonanoticias.com\/en\/transfers\/mariona-caldentey-decides-to-leave-barca-femeni-and-will-head-to-big-team-in-the-premier_303945_102.html#breadcrumb"},"inLanguage":"en-US","potentialAction":[{"@type":"ReadAction","target":["https:\/\/www.fcbarcelonanoticias.com\/en\/transfers\/mariona-caldentey-decides-to-leave-barca-femeni-and-will-head-to-big-team-in-the-premier_303945_102.html"]}]},{"@type":"ImageObject","inLanguage":"en-US","@id":"https:\/\/www.fcbarcelonanoticias.com\/en\/transfers\/mariona-caldentey-decides-to-leave-barca-femeni-and-will-head-to-big-team-in-the-premier_303945_102.html#primaryimage","url":"https:\/\/www.fcbarcelonanoticias.com\/en\/wp-content\/uploads\/sites\/2\/2024\/05\/mariona-caldentey-en-el-duelo-entre-el-barca-femeni-y-olympique-lyon-en-la-final-de-la-uefa-woman-s-champions-league.png","contentUrl":"https:\/\/www.fcbarcelonanoticias.com\/en\/wp-content\/uploads\/sites\/2\/2024\/05\/mariona-caldentey-en-el-duelo-entre-el-barca-femeni-y-olympique-lyon-en-la-final-de-la-uefa-woman-s-champions-league.png","width":1300,"height":732},{"@type":"BreadcrumbList","@id":"https:\/\/www.fcbarcelonanoticias.com\/en\/transfers\/mariona-caldentey-decides-to-leave-barca-femeni-and-will-head-to-big-team-in-the-premier_303945_102.html#breadcrumb","itemListElement":[{"@type":"ListItem","position":1,"name":"Portada","item":"https:\/\/www.fcbarcelonanoticias.com\/en\/"},{"@type":"ListItem","position":2,"name":"Mariona Caldentey decides to leave Bar\u00e7a Femen\u00ed and will head to a &#8216;big&#8217; team in the Premier"}]},{"@type":"WebSite","@id":"https:\/\/www.fcbarcelonanoticias.com\/en\/#website","url":"https:\/\/www.fcbarcelonanoticias.com\/en\/","name":"EN - FC Barcelona Noticias","description":"","potentialAction":[{"@type":"SearchAction","target":{"@type":"EntryPoint","urlTemplate":"https:\/\/www.fcbarcelonanoticias.com\/en\/?s={search_term_string}"},"query-input":{"@type":"PropertyValueSpecification","valueRequired":true,"valueName":"search_term_string"}}],"inLanguage":"en-US"},{"@type":"Person","@id":"https:\/\/www.fcbarcelonanoticias.com\/en\/#\/schema\/person\/991443f134df9a64c6874f96ff984c9d","name":"Kevin G\u00f3mez","image":{"@type":"ImageObject","inLanguage":"en-US","@id":"https:\/\/secure.gravatar.com\/avatar\/?s=96&d=mm&r=g","url":"https:\/\/secure.gravatar.com\/avatar\/?s=96&d=mm&r=g","contentUrl":"https:\/\/secure.gravatar.com\/avatar\/?s=96&d=mm&r=g","caption":"Kevin G\u00f3mez"},"description":"Licenciado\u00a0en Periodismo y Comunicaci\u00f3n Audiovisual. Redactor en FCBN responsable de cubrir toda\u00a0la informaci\u00f3n del FC Barcelona y las principales competiciones de\u00a0f\u00fatbol.","url":"https:\/\/www.fcbarcelonanoticias.com\/en\/jugadores\/kevin-gomez_23_115.html"}]}},"_links":{"self":[{"href":"https:\/\/www.fcbarcelonanoticias.com\/en\/wp-json\/wp\/v2\/posts\/132622","targetHints":{"allow":["GET"]}}],"collection":[{"href":"https:\/\/www.fcbarcelonanoticias.com\/en\/wp-json\/wp\/v2\/posts"}],"about":[{"href":"https:\/\/www.fcbarcelonanoticias.com\/en\/wp-json\/wp\/v2\/types\/post"}],"author":[{"embeddable":true,"href":"https:\/\/www.fcbarcelonanoticias.com\/en\/wp-json\/wp\/v2\/users\/355"}],"replies":[{"embeddable":true,"href":"https:\/\/www.fcbarcelonanoticias.com\/en\/wp-json\/wp\/v2\/comments?post=132622"}],"version-history":[{"count":1,"href":"https:\/\/www.fcbarcelonanoticias.com\/en\/wp-json\/wp\/v2\/posts\/132622\/revisions"}],"predecessor-version":[{"id":152620,"href":"https:\/\/www.fcbarcelonanoticias.com\/en\/wp-json\/wp\/v2\/posts\/132622\/revisions\/152620"}],"wp:featuredmedia":[{"embeddable":true,"href":"https:\/\/www.fcbarcelonanoticias.com\/en\/wp-json\/wp\/v2\/media\/132627"}],"wp:attachment":[{"href":"https:\/\/www.fcbarcelonanoticias.com\/en\/wp-json\/wp\/v2\/media?parent=132622"}],"wp:term":[{"taxonomy":"category","embeddable":true,"href":"https:\/\/www.fcbarcelonanoticias.com\/en\/wp-json\/wp\/v2\/categories?post=132622"},{"taxonomy":"post_tag","embeddable":true,"href":"https:\/\/www.fcbarcelonanoticias.com\/en\/wp-json\/wp\/v2\/tags?post=132622"}],"curies":[{"name":"wp","href":"https:\/\/api.w.org\/{rel}","templated":true}]}}