{"id":132624,"date":"2026-01-26T23:07:00","date_gmt":"2026-01-26T22:07:00","guid":{"rendered":"https:\/\/weisetech.dev\/fc-barcelona-noticias\/en\/real-madrid-seeks-to-pry-nico-schlotterbeck-away-from-barca_315847_102\/"},"modified":"2026-03-25T10:33:09","modified_gmt":"2026-03-25T09:33:09","slug":"real-madrid-seeks-to-pry-nico-schlotterbeck-away-from-barca_315847_102","status":"publish","type":"post","link":"https:\/\/www.fcbarcelonanoticias.com\/en\/transfers\/real-madrid-seeks-to-pry-nico-schlotterbeck-away-from-barca_315847_102.html","title":{"rendered":"Real Madrid interferes in Bar\u00e7a&#8217;s plans for Nico Schlotterbeck"},"content":{"rendered":"<h2 class=\"wp-block-heading\">Bar\u00e7a could have another strong competitor in the &#8216;race&#8217; for Nico Schlotterbeck. Real Madrid, whose defense remains &#8216;short-handed&#8217; due to injuries, is not ruling out going for the Dortmund center-back<\/h2>\n\n\r\n<div class=\"article-addons\">\r\n    <a href=\"https:\/\/www.fcbarcelonanoticias.com\/en\/calendar-fc-barcelona.html\"\r\n       target=\"_self\"\r\n       title=\"Calendar of FC Barcelona\"\r\n       class=\"blue-gredient-btn\">\r\n       \r\n        Calendar of FC Barcelona    <\/a>\r\n<\/div>\n\n<p><strong>Nico Schlotterbeck<\/strong> continues to attract interest in the European transfer market. The German defender, an undisputed starter for his national team and <strong>Borussia Dortmund<\/strong>, has been linked with <strong><a title=\"FC Barcelona\" href=\"https:\/\/www.fcbarcelonanoticias.com\/en\/football-soccer\/fc-barcelona.html\" target=\"_self\" rel=\"follow\" data-external=\"0\" data-intl-links-en=\"https:\/\/www.fcbarcelonanoticias.com\/en\/fc-barcelona\" data-intl-links-es=\"https:\/\/www.fcbarcelonanoticias.com\/fc-barcelona\">FC Barcelona<\/a><\/strong> and, now, would also be on <strong>Real Madrid<\/strong>&#8216;s radar. According to &#8216;BILD&#8217;, <strong>Florentino P\u00e9rez<\/strong> would be preparing an offer close to 70 million euros for the 26-year-old center-back.<\/p>\n<p>After the arrival of <a title=\"Arbeloa asume como t\u00e9cnico del Real Madrid y debutar\u00e1 este mi\u00e9rcoles en Albacete\" href=\"https:\/\/www.fcbarcelonanoticias.com\/en\/real-madrid\/arbeloa-dismisses-fear-of-failure-at-his-presentation_315742_102.html\" target=\"_self\" rel=\"follow\" data-external=\"0\" data-intl-links-en=\"https:\/\/www.fcbarcelonanoticias.com\/en\/real-madrid\/arbeloa-dismisses-fear-of-failure-at-his-presentation_315742_102.html\" data-intl-links-es=\"https:\/\/www.fcbarcelonanoticias.com\/real-madrid\/arbeloa-asume-como-tecnico-real-madrid-debutara-este-miercoles-albacete_315742_102.html\">\u00c1lvaro Arbeloa<\/a> on the bench, the club does not seem willing to change its plans for the final stretch of the winter market. Injuries have put the &#8216;Merengue&#8217; defense in check, with <a title=\"M\u00e1s problemas para Xabi Alonso: El Real Madrid confirma la grave lesi\u00f3n de \u00c9der Militao\" href=\"https:\/\/www.fcbarcelonanoticias.com\/en\/real-madrid\/real-madrid-confirms-eder-militao-serious-injury_315460_102.html\" target=\"_self\" rel=\"follow\" data-external=\"0\" data-intl-links-en=\"https:\/\/www.fcbarcelonanoticias.com\/en\/real-madrid\/real-madrid-confirms-eder-militao-serious-injury_315460_102.html\" data-intl-links-es=\"https:\/\/www.fcbarcelonanoticias.com\/real-madrid\/mas-problemas-xabi-alonso-real-madrid-confirma-grave-lesion-eder-militao_315460_102.html\">\u00c9der Militao<\/a> practically ruled out for the rest of the season, <strong>Antonio R\u00fcdiger<\/strong> with minor issues, and <strong>David Alaba<\/strong> heading for a forced retirement due to his endless injuries.<\/p>\n<p>The doubts generated by Dean Huijsen&#8217;s poor present form and a bet on Ra\u00fal Asencio that is not entirely convincing open the door to signing another center-back, but Florentino prefers to wait until the summer to open his checkbook. Names like Ibrahima Konat\u00e9 (Liverpool) have sounded strongly on the Madrid radar, with nothing closed for now<\/p>\n<h2>Dortmund Not Yet Giving Up on Schlotterbeck<\/h2>\n<p>**Nico Schlotterbeck**, for his part, garners consensus within the board due to his age (26), characteristics (1.91m tall, imposing in aerial duels and secure in possession play, though somewhat slow in a sprint), but Dortmund has by no means given him up for lost.<\/p>\n<p>The defender has a contract until 2027 and in Germany they assure that the club is pressuring him to renew before the end of 25\/26. This with the objective of securing a minimum transfer fee in the region of <strong>80 million euros, 25 &#8216;kilos&#8217; above his current valuation<\/strong> on the &#8216;Transfermarkt&#8217; website.<\/p>\n<p>The Waiblingen native, beyond rumors about his future, remains untouchable for coach Nico Kovac. So far this season, he has scored <strong>3 goals and 2 assists in 23 games (2,030 minutes)<\/strong>, starting 22 of them. Nico only missed 6 matches due to muscle problems and has already made 147 official appearances for Borussia in three and a half seasons.<\/p>\n<h2>Bar\u00e7a could drop out of the race for Nico Schlotterbeck<\/h2>\n<p>The Blaugrana squad, for their part, sees their chances of entering the bidding for Nico Schlotterbeck becoming increasingly distant. On the one hand, **a renewal with Dortmund**, along with a prominent role with Germany in the World Cup, could drive his value above 80 million euros, a figure that Bar\u00e7a is not willing to invest in a center-back this year.<\/p>\n<p>The club does prioritize reinforcing its defense next summer, perhaps with a left-footed center-back, but prefers to bet on &#8216;low cost&#8217; alternatives. Names like Alessandro Bastoni (Inter) and Micky van de Ven (Tottenham) have also been strongly linked to the Catalan club, but the economic aspect is hindering negotiations between the partiesAnd the azulgrana board would only make a similar outlay next summer for the signing of a &#8216;9&#8217;, awaiting what happens with Robert Lewandowski. The Pole does not rule out renewing with a significant salary adjustment, but his poor performance in 25\/26 (11 goals in 24 games) and age (he will turn 38 in August) seriously compromise his continuity.<\/p>\n<p>Regarding the defense, Hansi Flick is very pleased with the performance of the pairing of **Eric Garc\u00eda-Pau Cubars\u00ed**, as well as the good form of **Gerard Mart\u00edn** in the center. If **Ronald Araujo** recovers his best form in the coming months, pursuing another center-back in the summer market would cease to be a priority for the club.<\/p>","protected":false},"excerpt":{"rendered":"<p>Bar\u00e7a could have another strong competitor in the &#8216;race&#8217; for Nico Schlotterbeck. Real Madrid, whose defense remains &#8216;short-handed&#8217; due to injuries, is not ruling out going for the Dortmund center-back Nico Schlotterbeck continues to attract interest in the European transfer market. The German defender, an undisputed starter for his national team and Borussia Dortmund, has [&hellip;]<\/p>\n","protected":false},"author":347,"featured_media":132629,"comment_status":"closed","ping_status":"open","sticky":false,"template":"","format":"standard","meta":{"_acf_changed":false,"inline_featured_image":false,"_nextfly_llmd_date_locked":false,"footnotes":""},"categories":[449,106],"tags":[67,177,261],"class_list":["post-132624","post","type-post","status-publish","format-standard","has-post-thumbnail","hentry","category-transfers-2","category-transfers","tag-borussia-dortmund","tag-florentino-perez","tag-football-transfer-rumors"],"acf":[],"yoast_head":"<!-- This site is optimized with the Yoast SEO plugin v27.3 - https:\/\/yoast.com\/product\/yoast-seo-wordpress\/ -->\n<title>Real Madrid seeks to pry Nico Schlotterbeck away from Bar\u00e7a<\/title>\n<meta name=\"description\" content=\"Bar\u00e7a could have another heavyweight rival for Nico Schlotterbeck. Real Madrid does not rule out going for the German after the injury plague in their defense\" \/>\n<meta name=\"robots\" content=\"index, follow, max-snippet:-1, max-image-preview:large, max-video-preview:-1\" \/>\n<link rel=\"canonical\" href=\"https:\/\/www.fcbarcelonanoticias.com\/en\/transfers\/real-madrid-seeks-to-pry-nico-schlotterbeck-away-from-barca_315847_102.html\" \/>\n<meta property=\"og:locale\" content=\"en_US\" \/>\n<meta property=\"og:type\" content=\"article\" \/>\n<meta property=\"og:title\" content=\"Real Madrid seeks to pry Nico Schlotterbeck away from Bar\u00e7a\" \/>\n<meta property=\"og:description\" content=\"Bar\u00e7a could have another heavyweight rival for Nico Schlotterbeck. Real Madrid does not rule out going for the German after the injury plague in their defense\" \/>\n<meta property=\"og:url\" content=\"https:\/\/www.fcbarcelonanoticias.com\/en\/transfers\/real-madrid-seeks-to-pry-nico-schlotterbeck-away-from-barca_315847_102.html\" \/>\n<meta property=\"og:site_name\" content=\"EN - FC Barcelona Noticias\" \/>\n<meta property=\"article:published_time\" content=\"2026-01-26T22:07:00+00:00\" \/>\n<meta property=\"article:modified_time\" content=\"2026-03-25T09:33:09+00:00\" \/>\n<meta property=\"og:image\" content=\"https:\/\/www.fcbarcelonanoticias.com\/en\/wp-content\/uploads\/sites\/2\/2026\/01\/nico-schlotterbeck-dortmund-bundesliga-25-26.jpeg\" \/>\n\t<meta property=\"og:image:width\" content=\"1300\" \/>\n\t<meta property=\"og:image:height\" content=\"732\" \/>\n\t<meta property=\"og:image:type\" content=\"image\/jpeg\" \/>\n<meta name=\"author\" content=\"Andr\u00e9s Quiroz\" \/>\n<meta name=\"twitter:card\" content=\"summary_large_image\" \/>\n<meta name=\"twitter:label1\" content=\"Written by\" \/>\n\t<meta name=\"twitter:data1\" content=\"Andr\u00e9s Quiroz\" \/>\n\t<meta name=\"twitter:label2\" content=\"Est. reading time\" \/>\n\t<meta name=\"twitter:data2\" content=\"3 minutes\" \/>\n<script type=\"application\/ld+json\" class=\"yoast-schema-graph\">{\"@context\":\"https:\\\/\\\/schema.org\",\"@graph\":[{\"@type\":\"Article\",\"@id\":\"https:\\\/\\\/www.fcbarcelonanoticias.com\\\/en\\\/transfers\\\/real-madrid-seeks-to-pry-nico-schlotterbeck-away-from-barca_315847_102.html#article\",\"isPartOf\":{\"@id\":\"https:\\\/\\\/www.fcbarcelonanoticias.com\\\/en\\\/transfers\\\/real-madrid-seeks-to-pry-nico-schlotterbeck-away-from-barca_315847_102.html\"},\"author\":{\"name\":\"Andr\u00e9s Quiroz\",\"@id\":\"https:\\\/\\\/www.fcbarcelonanoticias.com\\\/en\\\/#\\\/schema\\\/person\\\/c2cd9f6fa1af5c0d0eccd0fefa575c88\"},\"headline\":\"Real Madrid interferes in Bar\u00e7a&#8217;s plans for Nico Schlotterbeck\",\"datePublished\":\"2026-01-26T22:07:00+00:00\",\"dateModified\":\"2026-03-25T09:33:09+00:00\",\"mainEntityOfPage\":{\"@id\":\"https:\\\/\\\/www.fcbarcelonanoticias.com\\\/en\\\/transfers\\\/real-madrid-seeks-to-pry-nico-schlotterbeck-away-from-barca_315847_102.html\"},\"wordCount\":610,\"image\":{\"@id\":\"https:\\\/\\\/www.fcbarcelonanoticias.com\\\/en\\\/transfers\\\/real-madrid-seeks-to-pry-nico-schlotterbeck-away-from-barca_315847_102.html#primaryimage\"},\"thumbnailUrl\":\"https:\\\/\\\/www.fcbarcelonanoticias.com\\\/en\\\/wp-content\\\/uploads\\\/sites\\\/2\\\/2026\\\/01\\\/nico-schlotterbeck-dortmund-bundesliga-25-26.jpeg\",\"keywords\":[\"Borussia Dortmund\",\"Florentino P\u00e9rez\",\"Transfer Rumors\"],\"articleSection\":[\"Transfers\",\"Transfers\"],\"inLanguage\":\"en-US\"},{\"@type\":\"WebPage\",\"@id\":\"https:\\\/\\\/www.fcbarcelonanoticias.com\\\/en\\\/transfers\\\/real-madrid-seeks-to-pry-nico-schlotterbeck-away-from-barca_315847_102.html\",\"url\":\"https:\\\/\\\/www.fcbarcelonanoticias.com\\\/en\\\/transfers\\\/real-madrid-seeks-to-pry-nico-schlotterbeck-away-from-barca_315847_102.html\",\"name\":\"Real Madrid seeks to pry Nico Schlotterbeck away from Bar\u00e7a\",\"isPartOf\":{\"@id\":\"https:\\\/\\\/www.fcbarcelonanoticias.com\\\/en\\\/#website\"},\"primaryImageOfPage\":{\"@id\":\"https:\\\/\\\/www.fcbarcelonanoticias.com\\\/en\\\/transfers\\\/real-madrid-seeks-to-pry-nico-schlotterbeck-away-from-barca_315847_102.html#primaryimage\"},\"image\":{\"@id\":\"https:\\\/\\\/www.fcbarcelonanoticias.com\\\/en\\\/transfers\\\/real-madrid-seeks-to-pry-nico-schlotterbeck-away-from-barca_315847_102.html#primaryimage\"},\"thumbnailUrl\":\"https:\\\/\\\/www.fcbarcelonanoticias.com\\\/en\\\/wp-content\\\/uploads\\\/sites\\\/2\\\/2026\\\/01\\\/nico-schlotterbeck-dortmund-bundesliga-25-26.jpeg\",\"datePublished\":\"2026-01-26T22:07:00+00:00\",\"dateModified\":\"2026-03-25T09:33:09+00:00\",\"author\":{\"@id\":\"https:\\\/\\\/www.fcbarcelonanoticias.com\\\/en\\\/#\\\/schema\\\/person\\\/c2cd9f6fa1af5c0d0eccd0fefa575c88\"},\"description\":\"Bar\u00e7a could have another heavyweight rival for Nico Schlotterbeck. Real Madrid does not rule out going for the German after the injury plague in their defense\",\"breadcrumb\":{\"@id\":\"https:\\\/\\\/www.fcbarcelonanoticias.com\\\/en\\\/transfers\\\/real-madrid-seeks-to-pry-nico-schlotterbeck-away-from-barca_315847_102.html#breadcrumb\"},\"inLanguage\":\"en-US\",\"potentialAction\":[{\"@type\":\"ReadAction\",\"target\":[\"https:\\\/\\\/www.fcbarcelonanoticias.com\\\/en\\\/transfers\\\/real-madrid-seeks-to-pry-nico-schlotterbeck-away-from-barca_315847_102.html\"]}]},{\"@type\":\"ImageObject\",\"inLanguage\":\"en-US\",\"@id\":\"https:\\\/\\\/www.fcbarcelonanoticias.com\\\/en\\\/transfers\\\/real-madrid-seeks-to-pry-nico-schlotterbeck-away-from-barca_315847_102.html#primaryimage\",\"url\":\"https:\\\/\\\/www.fcbarcelonanoticias.com\\\/en\\\/wp-content\\\/uploads\\\/sites\\\/2\\\/2026\\\/01\\\/nico-schlotterbeck-dortmund-bundesliga-25-26.jpeg\",\"contentUrl\":\"https:\\\/\\\/www.fcbarcelonanoticias.com\\\/en\\\/wp-content\\\/uploads\\\/sites\\\/2\\\/2026\\\/01\\\/nico-schlotterbeck-dortmund-bundesliga-25-26.jpeg\",\"width\":1300,\"height\":732},{\"@type\":\"BreadcrumbList\",\"@id\":\"https:\\\/\\\/www.fcbarcelonanoticias.com\\\/en\\\/transfers\\\/real-madrid-seeks-to-pry-nico-schlotterbeck-away-from-barca_315847_102.html#breadcrumb\",\"itemListElement\":[{\"@type\":\"ListItem\",\"position\":1,\"name\":\"Portada\",\"item\":\"https:\\\/\\\/www.fcbarcelonanoticias.com\\\/en\\\/\"},{\"@type\":\"ListItem\",\"position\":2,\"name\":\"Real Madrid interferes in Bar\u00e7a&#8217;s plans for Nico Schlotterbeck\"}]},{\"@type\":\"WebSite\",\"@id\":\"https:\\\/\\\/www.fcbarcelonanoticias.com\\\/en\\\/#website\",\"url\":\"https:\\\/\\\/www.fcbarcelonanoticias.com\\\/en\\\/\",\"name\":\"EN - FC Barcelona Noticias\",\"description\":\"\",\"potentialAction\":[{\"@type\":\"SearchAction\",\"target\":{\"@type\":\"EntryPoint\",\"urlTemplate\":\"https:\\\/\\\/www.fcbarcelonanoticias.com\\\/en\\\/?s={search_term_string}\"},\"query-input\":{\"@type\":\"PropertyValueSpecification\",\"valueRequired\":true,\"valueName\":\"search_term_string\"}}],\"inLanguage\":\"en-US\"},{\"@type\":\"Person\",\"@id\":\"https:\\\/\\\/www.fcbarcelonanoticias.com\\\/en\\\/#\\\/schema\\\/person\\\/c2cd9f6fa1af5c0d0eccd0fefa575c88\",\"name\":\"Andr\u00e9s Quiroz\",\"image\":{\"@type\":\"ImageObject\",\"inLanguage\":\"en-US\",\"@id\":\"https:\\\/\\\/secure.gravatar.com\\\/avatar\\\/?s=96&d=mm&r=g\",\"url\":\"https:\\\/\\\/secure.gravatar.com\\\/avatar\\\/?s=96&d=mm&r=g\",\"contentUrl\":\"https:\\\/\\\/secure.gravatar.com\\\/avatar\\\/?s=96&d=mm&r=g\",\"caption\":\"Andr\u00e9s Quiroz\"},\"description\":\"Licenciado en Periodismo por la Universidad de los Andes. Me encargo de analizar y compartir los contenidos m\u00e1s destacados de la\u00a0actualidad del F\u00fatbol Club Barcelona, Mercado de Fichajes y F\u00fatbol Internacional en FCBN. La informaci\u00f3n es poder, pero tambi\u00e9n conocimiento.\",\"url\":\"https:\\\/\\\/www.fcbarcelonanoticias.com\\\/en\\\/fc-barcelona\\\/andres-quiroz_17_115.html\"}]}<\/script>\n<!-- \/ Yoast SEO plugin. -->","yoast_head_json":{"title":"Real Madrid seeks to pry Nico Schlotterbeck away from Bar\u00e7a","description":"Bar\u00e7a could have another heavyweight rival for Nico Schlotterbeck. Real Madrid does not rule out going for the German after the injury plague in their defense","robots":{"index":"index","follow":"follow","max-snippet":"max-snippet:-1","max-image-preview":"max-image-preview:large","max-video-preview":"max-video-preview:-1"},"canonical":"https:\/\/www.fcbarcelonanoticias.com\/en\/transfers\/real-madrid-seeks-to-pry-nico-schlotterbeck-away-from-barca_315847_102.html","og_locale":"en_US","og_type":"article","og_title":"Real Madrid seeks to pry Nico Schlotterbeck away from Bar\u00e7a","og_description":"Bar\u00e7a could have another heavyweight rival for Nico Schlotterbeck. Real Madrid does not rule out going for the German after the injury plague in their defense","og_url":"https:\/\/www.fcbarcelonanoticias.com\/en\/transfers\/real-madrid-seeks-to-pry-nico-schlotterbeck-away-from-barca_315847_102.html","og_site_name":"EN - FC Barcelona Noticias","article_published_time":"2026-01-26T22:07:00+00:00","article_modified_time":"2026-03-25T09:33:09+00:00","og_image":[{"width":1300,"height":732,"url":"https:\/\/www.fcbarcelonanoticias.com\/en\/wp-content\/uploads\/sites\/2\/2026\/01\/nico-schlotterbeck-dortmund-bundesliga-25-26.jpeg","type":"image\/jpeg"}],"author":"Andr\u00e9s Quiroz","twitter_card":"summary_large_image","twitter_misc":{"Written by":"Andr\u00e9s Quiroz","Est. reading time":"3 minutes"},"schema":{"@context":"https:\/\/schema.org","@graph":[{"@type":"Article","@id":"https:\/\/www.fcbarcelonanoticias.com\/en\/transfers\/real-madrid-seeks-to-pry-nico-schlotterbeck-away-from-barca_315847_102.html#article","isPartOf":{"@id":"https:\/\/www.fcbarcelonanoticias.com\/en\/transfers\/real-madrid-seeks-to-pry-nico-schlotterbeck-away-from-barca_315847_102.html"},"author":{"name":"Andr\u00e9s Quiroz","@id":"https:\/\/www.fcbarcelonanoticias.com\/en\/#\/schema\/person\/c2cd9f6fa1af5c0d0eccd0fefa575c88"},"headline":"Real Madrid interferes in Bar\u00e7a&#8217;s plans for Nico Schlotterbeck","datePublished":"2026-01-26T22:07:00+00:00","dateModified":"2026-03-25T09:33:09+00:00","mainEntityOfPage":{"@id":"https:\/\/www.fcbarcelonanoticias.com\/en\/transfers\/real-madrid-seeks-to-pry-nico-schlotterbeck-away-from-barca_315847_102.html"},"wordCount":610,"image":{"@id":"https:\/\/www.fcbarcelonanoticias.com\/en\/transfers\/real-madrid-seeks-to-pry-nico-schlotterbeck-away-from-barca_315847_102.html#primaryimage"},"thumbnailUrl":"https:\/\/www.fcbarcelonanoticias.com\/en\/wp-content\/uploads\/sites\/2\/2026\/01\/nico-schlotterbeck-dortmund-bundesliga-25-26.jpeg","keywords":["Borussia Dortmund","Florentino P\u00e9rez","Transfer Rumors"],"articleSection":["Transfers","Transfers"],"inLanguage":"en-US"},{"@type":"WebPage","@id":"https:\/\/www.fcbarcelonanoticias.com\/en\/transfers\/real-madrid-seeks-to-pry-nico-schlotterbeck-away-from-barca_315847_102.html","url":"https:\/\/www.fcbarcelonanoticias.com\/en\/transfers\/real-madrid-seeks-to-pry-nico-schlotterbeck-away-from-barca_315847_102.html","name":"Real Madrid seeks to pry Nico Schlotterbeck away from Bar\u00e7a","isPartOf":{"@id":"https:\/\/www.fcbarcelonanoticias.com\/en\/#website"},"primaryImageOfPage":{"@id":"https:\/\/www.fcbarcelonanoticias.com\/en\/transfers\/real-madrid-seeks-to-pry-nico-schlotterbeck-away-from-barca_315847_102.html#primaryimage"},"image":{"@id":"https:\/\/www.fcbarcelonanoticias.com\/en\/transfers\/real-madrid-seeks-to-pry-nico-schlotterbeck-away-from-barca_315847_102.html#primaryimage"},"thumbnailUrl":"https:\/\/www.fcbarcelonanoticias.com\/en\/wp-content\/uploads\/sites\/2\/2026\/01\/nico-schlotterbeck-dortmund-bundesliga-25-26.jpeg","datePublished":"2026-01-26T22:07:00+00:00","dateModified":"2026-03-25T09:33:09+00:00","author":{"@id":"https:\/\/www.fcbarcelonanoticias.com\/en\/#\/schema\/person\/c2cd9f6fa1af5c0d0eccd0fefa575c88"},"description":"Bar\u00e7a could have another heavyweight rival for Nico Schlotterbeck. Real Madrid does not rule out going for the German after the injury plague in their defense","breadcrumb":{"@id":"https:\/\/www.fcbarcelonanoticias.com\/en\/transfers\/real-madrid-seeks-to-pry-nico-schlotterbeck-away-from-barca_315847_102.html#breadcrumb"},"inLanguage":"en-US","potentialAction":[{"@type":"ReadAction","target":["https:\/\/www.fcbarcelonanoticias.com\/en\/transfers\/real-madrid-seeks-to-pry-nico-schlotterbeck-away-from-barca_315847_102.html"]}]},{"@type":"ImageObject","inLanguage":"en-US","@id":"https:\/\/www.fcbarcelonanoticias.com\/en\/transfers\/real-madrid-seeks-to-pry-nico-schlotterbeck-away-from-barca_315847_102.html#primaryimage","url":"https:\/\/www.fcbarcelonanoticias.com\/en\/wp-content\/uploads\/sites\/2\/2026\/01\/nico-schlotterbeck-dortmund-bundesliga-25-26.jpeg","contentUrl":"https:\/\/www.fcbarcelonanoticias.com\/en\/wp-content\/uploads\/sites\/2\/2026\/01\/nico-schlotterbeck-dortmund-bundesliga-25-26.jpeg","width":1300,"height":732},{"@type":"BreadcrumbList","@id":"https:\/\/www.fcbarcelonanoticias.com\/en\/transfers\/real-madrid-seeks-to-pry-nico-schlotterbeck-away-from-barca_315847_102.html#breadcrumb","itemListElement":[{"@type":"ListItem","position":1,"name":"Portada","item":"https:\/\/www.fcbarcelonanoticias.com\/en\/"},{"@type":"ListItem","position":2,"name":"Real Madrid interferes in Bar\u00e7a&#8217;s plans for Nico Schlotterbeck"}]},{"@type":"WebSite","@id":"https:\/\/www.fcbarcelonanoticias.com\/en\/#website","url":"https:\/\/www.fcbarcelonanoticias.com\/en\/","name":"EN - FC Barcelona Noticias","description":"","potentialAction":[{"@type":"SearchAction","target":{"@type":"EntryPoint","urlTemplate":"https:\/\/www.fcbarcelonanoticias.com\/en\/?s={search_term_string}"},"query-input":{"@type":"PropertyValueSpecification","valueRequired":true,"valueName":"search_term_string"}}],"inLanguage":"en-US"},{"@type":"Person","@id":"https:\/\/www.fcbarcelonanoticias.com\/en\/#\/schema\/person\/c2cd9f6fa1af5c0d0eccd0fefa575c88","name":"Andr\u00e9s Quiroz","image":{"@type":"ImageObject","inLanguage":"en-US","@id":"https:\/\/secure.gravatar.com\/avatar\/?s=96&d=mm&r=g","url":"https:\/\/secure.gravatar.com\/avatar\/?s=96&d=mm&r=g","contentUrl":"https:\/\/secure.gravatar.com\/avatar\/?s=96&d=mm&r=g","caption":"Andr\u00e9s Quiroz"},"description":"Licenciado en Periodismo por la Universidad de los Andes. Me encargo de analizar y compartir los contenidos m\u00e1s destacados de la\u00a0actualidad del F\u00fatbol Club Barcelona, Mercado de Fichajes y F\u00fatbol Internacional en FCBN. La informaci\u00f3n es poder, pero tambi\u00e9n conocimiento.","url":"https:\/\/www.fcbarcelonanoticias.com\/en\/fc-barcelona\/andres-quiroz_17_115.html"}]}},"_links":{"self":[{"href":"https:\/\/www.fcbarcelonanoticias.com\/en\/wp-json\/wp\/v2\/posts\/132624","targetHints":{"allow":["GET"]}}],"collection":[{"href":"https:\/\/www.fcbarcelonanoticias.com\/en\/wp-json\/wp\/v2\/posts"}],"about":[{"href":"https:\/\/www.fcbarcelonanoticias.com\/en\/wp-json\/wp\/v2\/types\/post"}],"author":[{"embeddable":true,"href":"https:\/\/www.fcbarcelonanoticias.com\/en\/wp-json\/wp\/v2\/users\/347"}],"replies":[{"embeddable":true,"href":"https:\/\/www.fcbarcelonanoticias.com\/en\/wp-json\/wp\/v2\/comments?post=132624"}],"version-history":[{"count":5,"href":"https:\/\/www.fcbarcelonanoticias.com\/en\/wp-json\/wp\/v2\/posts\/132624\/revisions"}],"predecessor-version":[{"id":156557,"href":"https:\/\/www.fcbarcelonanoticias.com\/en\/wp-json\/wp\/v2\/posts\/132624\/revisions\/156557"}],"wp:featuredmedia":[{"embeddable":true,"href":"https:\/\/www.fcbarcelonanoticias.com\/en\/wp-json\/wp\/v2\/media\/132629"}],"wp:attachment":[{"href":"https:\/\/www.fcbarcelonanoticias.com\/en\/wp-json\/wp\/v2\/media?parent=132624"}],"wp:term":[{"taxonomy":"category","embeddable":true,"href":"https:\/\/www.fcbarcelonanoticias.com\/en\/wp-json\/wp\/v2\/categories?post=132624"},{"taxonomy":"post_tag","embeddable":true,"href":"https:\/\/www.fcbarcelonanoticias.com\/en\/wp-json\/wp\/v2\/tags?post=132624"}],"curies":[{"name":"wp","href":"https:\/\/api.w.org\/{rel}","templated":true}]}}