{"id":132797,"date":"2022-07-06T19:13:00","date_gmt":"2022-07-06T17:13:00","guid":{"rendered":"https:\/\/weisetech.dev\/fc-barcelona-noticias\/en\/reason-for-barcelona-has-not-closed-renewal-gavi_281943_102\/"},"modified":"2026-04-16T09:16:03","modified_gmt":"2026-04-16T07:16:03","slug":"reason-for-barcelona-has-not-closed-renewal-gavi_281943_102","status":"publish","type":"post","link":"https:\/\/www.fcbarcelonanoticias.com\/en\/transfers\/reason-for-barcelona-has-not-closed-renewal-gavi_281943_102.html","title":{"rendered":"The reason why Bar\u00e7a has not closed Gavi&#8217;s renewal"},"content":{"rendered":"<h2 class=\"wp-block-heading\">Gavi will be a Bar\u00e7a player. The Catalan team and the footballer have managed to maintain their bond, but Mateu Alemany confirmed that this cannot be made official until the midfielder turns 18<\/h2>  \r\n<div class=\"article-addons\">\r\n    <a href=\"https:\/\/www.fcbarcelonanoticias.com\/en\/calendar-fc-barcelona.html\"\r\n       target=\"_self\"\r\n       title=\"Calendar of FC Barcelona\"\r\n       class=\"blue-gredient-btn\">\r\n       \r\n        Calendar of FC Barcelona    <\/a>\r\n<\/div>   <p>The <a href=\"https:\/\/www.fcbarcelonanoticias.com\/futbol\/fc-barcelona.html\" title=\"FC Barcelona\">FC Barcelona<\/a> has stepped more in the preparation of his staff for the future. From the offices of the Camp Nou plan to give him to the team the jump of quality that needs to go back to compete by all the titles, and are more put that never in the market of signings. Nevertheless, the Catalans are conscious of the talent that there is<strong> <\/strong>inside &#8216;house&#8217; and are doing all the possible for retaining to these &#8216;jewels&#8217;. After achieving the renewal of Ronald Ara\u00fajo,<strong> the cul\u00e9s put all his efforts in extending the stay of Gavi in the City Condal<\/strong><strong> and have achieved the aim.<\/strong><\/p>  <p>The midfield player knew to do with a place in the first team and was one of the disclosures of the square blaugrana and the Spanish selection this season, but <strong>his bond with the entity barcelonista culminates in June of the next year<\/strong> and many of the big clubs of the continent have been attentive to his situation. In spite of this, from Can Bar\u00e7a trusted to keep it by a lot of campaigns more since they consider it like one of the &#8216;pillars&#8217; of the future of the institution, and the player also wants to follow playing in the Camp Nou.<\/p>  <p>However, the negotiations for his renewal were very &#8216;rugged&#8217;. <strong>The one of the Palaces still has index card and wage of the filial, by what expects to increase his emolumentos chords to the paper that plays in the staff<\/strong> of <a href=\"https:\/\/www.fcbarcelonanoticias.com\/en\/tags\/xavi-hernandez.html\" title=\"Xavi Hern\u00e1ndez\">Xavi Hern\u00e1ndez<\/a>. The agreement between both parts of the operation found far, and the main &#8216;escollo&#8217; was the money. The club offers him a consistent agreement to the of a footballer of 17 years that grieve has gone up to the first team, whereas his surroundings considers that the mediocampista is an important piece of the square of the egarense, by what his wage has to be remunerado like such.<\/p>  <p>Now, both parts attained to approach postures and achieved a &#8216;intermediate terrain&#8217; that satisfies the pretences of each one. Like this it has confirmed it Mateu Alemany, the one who during the presentation of Frack Kessi\u00e9 ensured that already there is an agreement with Gavi, but have to expect to that it fulfil the majority of age to be able to oficializarlo. &#8220;<b>There is a frame in accordance with the player and the agent, but no can him do an agreement of more than three years until it fulfil 18 years<\/b>, while we go to solve lateral subjects, but calm that Gavi will follow with us to 100%&#8221;, manifested the sportive director.<\/p>  <h3>On 5 August it is the key date<\/h3>  <p>After this<strong>, the barcelonistas have marked in his calendars on 5 August, date in which the midfield player will fulfil the 18 years of age<\/strong>. Of this way, the Catalans ensure to one of his fundamental pieces in the vertebral column of the future of the team beside the Pedri, Ansu Fati and Ronald Ara\u00fajo. The footballer always left clear his wish to follow dressing the T-shirt blaugrana, with which expects to achieve a lot of titles and write his name in the history of the club.<\/p> ","protected":false},"excerpt":{"rendered":"<p>Gavi will be a Bar\u00e7a player. The Catalan team and the footballer have managed to maintain their bond, but Mateu Alemany confirmed that this cannot be made official until the midfielder turns 18 The FC Barcelona has stepped more in the preparation of his staff for the future. From the offices of the Camp Nou [&hellip;]<\/p>\n","protected":false},"author":358,"featured_media":132799,"comment_status":"closed","ping_status":"open","sticky":false,"template":"","format":"standard","meta":{"_acf_changed":false,"inline_featured_image":false,"_nextfly_llmd_date_locked":false,"footnotes":""},"categories":[449,106],"tags":[329],"class_list":["post-132797","post","type-post","status-publish","format-standard","has-post-thumbnail","hentry","category-transfers-2","category-transfers","tag-mateu-alemany"],"acf":[],"yoast_head":"<!-- This site is optimized with the Yoast SEO plugin v27.3 - https:\/\/yoast.com\/product\/yoast-seo-wordpress\/ -->\n<title>The reason why Bar\u00e7a has not closed Gavi&#039;s renewal<\/title>\n<meta name=\"description\" content=\"Gavi Will be being player of the Bar\u00e7a. The Catalan group and the footballer have achieved to keep his bond, but Mateu Alemany confirmed that this will not be able to ...\" \/>\n<meta name=\"robots\" content=\"index, follow, max-snippet:-1, max-image-preview:large, max-video-preview:-1\" \/>\n<link rel=\"canonical\" href=\"https:\/\/www.fcbarcelonanoticias.com\/en\/transfers\/reason-for-barcelona-has-not-closed-renewal-gavi_281943_102.html\" \/>\n<meta property=\"og:locale\" content=\"en_US\" \/>\n<meta property=\"og:type\" content=\"article\" \/>\n<meta property=\"og:title\" content=\"The reason why Bar\u00e7a has not closed Gavi&#039;s renewal\" \/>\n<meta property=\"og:description\" content=\"Gavi Will be being player of the Bar\u00e7a. The Catalan group and the footballer have achieved to keep his bond, but Mateu Alemany confirmed that this will not be able to ...\" \/>\n<meta property=\"og:url\" content=\"https:\/\/www.fcbarcelonanoticias.com\/en\/transfers\/reason-for-barcelona-has-not-closed-renewal-gavi_281943_102.html\" \/>\n<meta property=\"og:site_name\" content=\"EN - FC Barcelona Noticias\" \/>\n<meta property=\"article:published_time\" content=\"2022-07-06T17:13:00+00:00\" \/>\n<meta property=\"article:modified_time\" content=\"2026-04-16T07:16:03+00:00\" \/>\n<meta property=\"og:image\" content=\"https:\/\/www.fcbarcelonanoticias.com\/en\/wp-content\/uploads\/sites\/2\/2022\/07\/gavi-frente-al-rayo-vallecano.jpeg\" \/>\n\t<meta property=\"og:image:width\" content=\"1300\" \/>\n\t<meta property=\"og:image:height\" content=\"731\" \/>\n\t<meta property=\"og:image:type\" content=\"image\/jpeg\" \/>\n<meta name=\"author\" content=\"Juan Pablo Berdugo\" \/>\n<meta name=\"twitter:card\" content=\"summary_large_image\" \/>\n<meta name=\"twitter:label1\" content=\"Written by\" \/>\n\t<meta name=\"twitter:data1\" content=\"Juan Pablo Berdugo\" \/>\n\t<meta name=\"twitter:label2\" content=\"Est. reading time\" \/>\n\t<meta name=\"twitter:data2\" content=\"3 minutes\" \/>\n<script type=\"application\/ld+json\" class=\"yoast-schema-graph\">{\"@context\":\"https:\\\/\\\/schema.org\",\"@graph\":[{\"@type\":\"Article\",\"@id\":\"https:\\\/\\\/www.fcbarcelonanoticias.com\\\/en\\\/transfers\\\/reason-for-barcelona-has-not-closed-renewal-gavi_281943_102.html#article\",\"isPartOf\":{\"@id\":\"https:\\\/\\\/www.fcbarcelonanoticias.com\\\/en\\\/transfers\\\/reason-for-barcelona-has-not-closed-renewal-gavi_281943_102.html\"},\"author\":{\"name\":\"Juan Pablo Berdugo\",\"@id\":\"https:\\\/\\\/www.fcbarcelonanoticias.com\\\/en\\\/#\\\/schema\\\/person\\\/88d756918a0a1ae9fa593b5edddd1815\"},\"headline\":\"The reason why Bar\u00e7a has not closed Gavi&#8217;s renewal\",\"datePublished\":\"2022-07-06T17:13:00+00:00\",\"dateModified\":\"2026-04-16T07:16:03+00:00\",\"mainEntityOfPage\":{\"@id\":\"https:\\\/\\\/www.fcbarcelonanoticias.com\\\/en\\\/transfers\\\/reason-for-barcelona-has-not-closed-renewal-gavi_281943_102.html\"},\"wordCount\":569,\"image\":{\"@id\":\"https:\\\/\\\/www.fcbarcelonanoticias.com\\\/en\\\/transfers\\\/reason-for-barcelona-has-not-closed-renewal-gavi_281943_102.html#primaryimage\"},\"thumbnailUrl\":\"https:\\\/\\\/www.fcbarcelonanoticias.com\\\/en\\\/wp-content\\\/uploads\\\/sites\\\/2\\\/2022\\\/07\\\/gavi-frente-al-rayo-vallecano.jpeg\",\"keywords\":[\"Mateu Alemany\"],\"articleSection\":[\"Transfers\",\"Transfers\"],\"inLanguage\":\"en-US\"},{\"@type\":\"WebPage\",\"@id\":\"https:\\\/\\\/www.fcbarcelonanoticias.com\\\/en\\\/transfers\\\/reason-for-barcelona-has-not-closed-renewal-gavi_281943_102.html\",\"url\":\"https:\\\/\\\/www.fcbarcelonanoticias.com\\\/en\\\/transfers\\\/reason-for-barcelona-has-not-closed-renewal-gavi_281943_102.html\",\"name\":\"The reason why Bar\u00e7a has not closed Gavi's renewal\",\"isPartOf\":{\"@id\":\"https:\\\/\\\/www.fcbarcelonanoticias.com\\\/en\\\/#website\"},\"primaryImageOfPage\":{\"@id\":\"https:\\\/\\\/www.fcbarcelonanoticias.com\\\/en\\\/transfers\\\/reason-for-barcelona-has-not-closed-renewal-gavi_281943_102.html#primaryimage\"},\"image\":{\"@id\":\"https:\\\/\\\/www.fcbarcelonanoticias.com\\\/en\\\/transfers\\\/reason-for-barcelona-has-not-closed-renewal-gavi_281943_102.html#primaryimage\"},\"thumbnailUrl\":\"https:\\\/\\\/www.fcbarcelonanoticias.com\\\/en\\\/wp-content\\\/uploads\\\/sites\\\/2\\\/2022\\\/07\\\/gavi-frente-al-rayo-vallecano.jpeg\",\"datePublished\":\"2022-07-06T17:13:00+00:00\",\"dateModified\":\"2026-04-16T07:16:03+00:00\",\"author\":{\"@id\":\"https:\\\/\\\/www.fcbarcelonanoticias.com\\\/en\\\/#\\\/schema\\\/person\\\/88d756918a0a1ae9fa593b5edddd1815\"},\"description\":\"Gavi Will be being player of the Bar\u00e7a. The Catalan group and the footballer have achieved to keep his bond, but Mateu Alemany confirmed that this will not be able to ...\",\"breadcrumb\":{\"@id\":\"https:\\\/\\\/www.fcbarcelonanoticias.com\\\/en\\\/transfers\\\/reason-for-barcelona-has-not-closed-renewal-gavi_281943_102.html#breadcrumb\"},\"inLanguage\":\"en-US\",\"potentialAction\":[{\"@type\":\"ReadAction\",\"target\":[\"https:\\\/\\\/www.fcbarcelonanoticias.com\\\/en\\\/transfers\\\/reason-for-barcelona-has-not-closed-renewal-gavi_281943_102.html\"]}]},{\"@type\":\"ImageObject\",\"inLanguage\":\"en-US\",\"@id\":\"https:\\\/\\\/www.fcbarcelonanoticias.com\\\/en\\\/transfers\\\/reason-for-barcelona-has-not-closed-renewal-gavi_281943_102.html#primaryimage\",\"url\":\"https:\\\/\\\/www.fcbarcelonanoticias.com\\\/en\\\/wp-content\\\/uploads\\\/sites\\\/2\\\/2022\\\/07\\\/gavi-frente-al-rayo-vallecano.jpeg\",\"contentUrl\":\"https:\\\/\\\/www.fcbarcelonanoticias.com\\\/en\\\/wp-content\\\/uploads\\\/sites\\\/2\\\/2022\\\/07\\\/gavi-frente-al-rayo-vallecano.jpeg\",\"width\":1300,\"height\":731},{\"@type\":\"BreadcrumbList\",\"@id\":\"https:\\\/\\\/www.fcbarcelonanoticias.com\\\/en\\\/transfers\\\/reason-for-barcelona-has-not-closed-renewal-gavi_281943_102.html#breadcrumb\",\"itemListElement\":[{\"@type\":\"ListItem\",\"position\":1,\"name\":\"Portada\",\"item\":\"https:\\\/\\\/www.fcbarcelonanoticias.com\\\/en\\\/\"},{\"@type\":\"ListItem\",\"position\":2,\"name\":\"The reason why Bar\u00e7a has not closed Gavi&#8217;s renewal\"}]},{\"@type\":\"WebSite\",\"@id\":\"https:\\\/\\\/www.fcbarcelonanoticias.com\\\/en\\\/#website\",\"url\":\"https:\\\/\\\/www.fcbarcelonanoticias.com\\\/en\\\/\",\"name\":\"EN - FC Barcelona Noticias\",\"description\":\"\",\"potentialAction\":[{\"@type\":\"SearchAction\",\"target\":{\"@type\":\"EntryPoint\",\"urlTemplate\":\"https:\\\/\\\/www.fcbarcelonanoticias.com\\\/en\\\/?s={search_term_string}\"},\"query-input\":{\"@type\":\"PropertyValueSpecification\",\"valueRequired\":true,\"valueName\":\"search_term_string\"}}],\"inLanguage\":\"en-US\"},{\"@type\":\"Person\",\"@id\":\"https:\\\/\\\/www.fcbarcelonanoticias.com\\\/en\\\/#\\\/schema\\\/person\\\/88d756918a0a1ae9fa593b5edddd1815\",\"name\":\"Juan Pablo Berdugo\",\"image\":{\"@type\":\"ImageObject\",\"inLanguage\":\"en-US\",\"@id\":\"https:\\\/\\\/secure.gravatar.com\\\/avatar\\\/?s=96&d=mm&r=g\",\"url\":\"https:\\\/\\\/secure.gravatar.com\\\/avatar\\\/?s=96&d=mm&r=g\",\"contentUrl\":\"https:\\\/\\\/secure.gravatar.com\\\/avatar\\\/?s=96&d=mm&r=g\",\"caption\":\"Juan Pablo Berdugo\"},\"description\":\"Juan Pablo Berdugo es graduado en Periodismo. Colabora con FCBN como especialista en informaci\u00f3n del primer equipo del FC Barcelona, f\u00fatbol internacional y mercado de fichajes. Destaca por su enfoque anal\u00edtico, su rigor informativo y su capacidad para detectar tendencias emergentes en el f\u00fatbol global.\",\"url\":\"https:\\\/\\\/www.fcbarcelonanoticias.com\\\/en\\\/fc-barcelona\\\/juan-pablo-berdugo_18_115.html\"}]}<\/script>\n<!-- \/ Yoast SEO plugin. -->","yoast_head_json":{"title":"The reason why Bar\u00e7a has not closed Gavi's renewal","description":"Gavi Will be being player of the Bar\u00e7a. The Catalan group and the footballer have achieved to keep his bond, but Mateu Alemany confirmed that this will not be able to ...","robots":{"index":"index","follow":"follow","max-snippet":"max-snippet:-1","max-image-preview":"max-image-preview:large","max-video-preview":"max-video-preview:-1"},"canonical":"https:\/\/www.fcbarcelonanoticias.com\/en\/transfers\/reason-for-barcelona-has-not-closed-renewal-gavi_281943_102.html","og_locale":"en_US","og_type":"article","og_title":"The reason why Bar\u00e7a has not closed Gavi's renewal","og_description":"Gavi Will be being player of the Bar\u00e7a. The Catalan group and the footballer have achieved to keep his bond, but Mateu Alemany confirmed that this will not be able to ...","og_url":"https:\/\/www.fcbarcelonanoticias.com\/en\/transfers\/reason-for-barcelona-has-not-closed-renewal-gavi_281943_102.html","og_site_name":"EN - FC Barcelona Noticias","article_published_time":"2022-07-06T17:13:00+00:00","article_modified_time":"2026-04-16T07:16:03+00:00","og_image":[{"width":1300,"height":731,"url":"https:\/\/www.fcbarcelonanoticias.com\/en\/wp-content\/uploads\/sites\/2\/2022\/07\/gavi-frente-al-rayo-vallecano.jpeg","type":"image\/jpeg"}],"author":"Juan Pablo Berdugo","twitter_card":"summary_large_image","twitter_misc":{"Written by":"Juan Pablo Berdugo","Est. reading time":"3 minutes"},"schema":{"@context":"https:\/\/schema.org","@graph":[{"@type":"Article","@id":"https:\/\/www.fcbarcelonanoticias.com\/en\/transfers\/reason-for-barcelona-has-not-closed-renewal-gavi_281943_102.html#article","isPartOf":{"@id":"https:\/\/www.fcbarcelonanoticias.com\/en\/transfers\/reason-for-barcelona-has-not-closed-renewal-gavi_281943_102.html"},"author":{"name":"Juan Pablo Berdugo","@id":"https:\/\/www.fcbarcelonanoticias.com\/en\/#\/schema\/person\/88d756918a0a1ae9fa593b5edddd1815"},"headline":"The reason why Bar\u00e7a has not closed Gavi&#8217;s renewal","datePublished":"2022-07-06T17:13:00+00:00","dateModified":"2026-04-16T07:16:03+00:00","mainEntityOfPage":{"@id":"https:\/\/www.fcbarcelonanoticias.com\/en\/transfers\/reason-for-barcelona-has-not-closed-renewal-gavi_281943_102.html"},"wordCount":569,"image":{"@id":"https:\/\/www.fcbarcelonanoticias.com\/en\/transfers\/reason-for-barcelona-has-not-closed-renewal-gavi_281943_102.html#primaryimage"},"thumbnailUrl":"https:\/\/www.fcbarcelonanoticias.com\/en\/wp-content\/uploads\/sites\/2\/2022\/07\/gavi-frente-al-rayo-vallecano.jpeg","keywords":["Mateu Alemany"],"articleSection":["Transfers","Transfers"],"inLanguage":"en-US"},{"@type":"WebPage","@id":"https:\/\/www.fcbarcelonanoticias.com\/en\/transfers\/reason-for-barcelona-has-not-closed-renewal-gavi_281943_102.html","url":"https:\/\/www.fcbarcelonanoticias.com\/en\/transfers\/reason-for-barcelona-has-not-closed-renewal-gavi_281943_102.html","name":"The reason why Bar\u00e7a has not closed Gavi's renewal","isPartOf":{"@id":"https:\/\/www.fcbarcelonanoticias.com\/en\/#website"},"primaryImageOfPage":{"@id":"https:\/\/www.fcbarcelonanoticias.com\/en\/transfers\/reason-for-barcelona-has-not-closed-renewal-gavi_281943_102.html#primaryimage"},"image":{"@id":"https:\/\/www.fcbarcelonanoticias.com\/en\/transfers\/reason-for-barcelona-has-not-closed-renewal-gavi_281943_102.html#primaryimage"},"thumbnailUrl":"https:\/\/www.fcbarcelonanoticias.com\/en\/wp-content\/uploads\/sites\/2\/2022\/07\/gavi-frente-al-rayo-vallecano.jpeg","datePublished":"2022-07-06T17:13:00+00:00","dateModified":"2026-04-16T07:16:03+00:00","author":{"@id":"https:\/\/www.fcbarcelonanoticias.com\/en\/#\/schema\/person\/88d756918a0a1ae9fa593b5edddd1815"},"description":"Gavi Will be being player of the Bar\u00e7a. The Catalan group and the footballer have achieved to keep his bond, but Mateu Alemany confirmed that this will not be able to ...","breadcrumb":{"@id":"https:\/\/www.fcbarcelonanoticias.com\/en\/transfers\/reason-for-barcelona-has-not-closed-renewal-gavi_281943_102.html#breadcrumb"},"inLanguage":"en-US","potentialAction":[{"@type":"ReadAction","target":["https:\/\/www.fcbarcelonanoticias.com\/en\/transfers\/reason-for-barcelona-has-not-closed-renewal-gavi_281943_102.html"]}]},{"@type":"ImageObject","inLanguage":"en-US","@id":"https:\/\/www.fcbarcelonanoticias.com\/en\/transfers\/reason-for-barcelona-has-not-closed-renewal-gavi_281943_102.html#primaryimage","url":"https:\/\/www.fcbarcelonanoticias.com\/en\/wp-content\/uploads\/sites\/2\/2022\/07\/gavi-frente-al-rayo-vallecano.jpeg","contentUrl":"https:\/\/www.fcbarcelonanoticias.com\/en\/wp-content\/uploads\/sites\/2\/2022\/07\/gavi-frente-al-rayo-vallecano.jpeg","width":1300,"height":731},{"@type":"BreadcrumbList","@id":"https:\/\/www.fcbarcelonanoticias.com\/en\/transfers\/reason-for-barcelona-has-not-closed-renewal-gavi_281943_102.html#breadcrumb","itemListElement":[{"@type":"ListItem","position":1,"name":"Portada","item":"https:\/\/www.fcbarcelonanoticias.com\/en\/"},{"@type":"ListItem","position":2,"name":"The reason why Bar\u00e7a has not closed Gavi&#8217;s renewal"}]},{"@type":"WebSite","@id":"https:\/\/www.fcbarcelonanoticias.com\/en\/#website","url":"https:\/\/www.fcbarcelonanoticias.com\/en\/","name":"EN - FC Barcelona Noticias","description":"","potentialAction":[{"@type":"SearchAction","target":{"@type":"EntryPoint","urlTemplate":"https:\/\/www.fcbarcelonanoticias.com\/en\/?s={search_term_string}"},"query-input":{"@type":"PropertyValueSpecification","valueRequired":true,"valueName":"search_term_string"}}],"inLanguage":"en-US"},{"@type":"Person","@id":"https:\/\/www.fcbarcelonanoticias.com\/en\/#\/schema\/person\/88d756918a0a1ae9fa593b5edddd1815","name":"Juan Pablo Berdugo","image":{"@type":"ImageObject","inLanguage":"en-US","@id":"https:\/\/secure.gravatar.com\/avatar\/?s=96&d=mm&r=g","url":"https:\/\/secure.gravatar.com\/avatar\/?s=96&d=mm&r=g","contentUrl":"https:\/\/secure.gravatar.com\/avatar\/?s=96&d=mm&r=g","caption":"Juan Pablo Berdugo"},"description":"Juan Pablo Berdugo es graduado en Periodismo. Colabora con FCBN como especialista en informaci\u00f3n del primer equipo del FC Barcelona, f\u00fatbol internacional y mercado de fichajes. Destaca por su enfoque anal\u00edtico, su rigor informativo y su capacidad para detectar tendencias emergentes en el f\u00fatbol global.","url":"https:\/\/www.fcbarcelonanoticias.com\/en\/fc-barcelona\/juan-pablo-berdugo_18_115.html"}]}},"_links":{"self":[{"href":"https:\/\/www.fcbarcelonanoticias.com\/en\/wp-json\/wp\/v2\/posts\/132797","targetHints":{"allow":["GET"]}}],"collection":[{"href":"https:\/\/www.fcbarcelonanoticias.com\/en\/wp-json\/wp\/v2\/posts"}],"about":[{"href":"https:\/\/www.fcbarcelonanoticias.com\/en\/wp-json\/wp\/v2\/types\/post"}],"author":[{"embeddable":true,"href":"https:\/\/www.fcbarcelonanoticias.com\/en\/wp-json\/wp\/v2\/users\/358"}],"replies":[{"embeddable":true,"href":"https:\/\/www.fcbarcelonanoticias.com\/en\/wp-json\/wp\/v2\/comments?post=132797"}],"version-history":[{"count":2,"href":"https:\/\/www.fcbarcelonanoticias.com\/en\/wp-json\/wp\/v2\/posts\/132797\/revisions"}],"predecessor-version":[{"id":170545,"href":"https:\/\/www.fcbarcelonanoticias.com\/en\/wp-json\/wp\/v2\/posts\/132797\/revisions\/170545"}],"wp:featuredmedia":[{"embeddable":true,"href":"https:\/\/www.fcbarcelonanoticias.com\/en\/wp-json\/wp\/v2\/media\/132799"}],"wp:attachment":[{"href":"https:\/\/www.fcbarcelonanoticias.com\/en\/wp-json\/wp\/v2\/media?parent=132797"}],"wp:term":[{"taxonomy":"category","embeddable":true,"href":"https:\/\/www.fcbarcelonanoticias.com\/en\/wp-json\/wp\/v2\/categories?post=132797"},{"taxonomy":"post_tag","embeddable":true,"href":"https:\/\/www.fcbarcelonanoticias.com\/en\/wp-json\/wp\/v2\/tags?post=132797"}],"curies":[{"name":"wp","href":"https:\/\/api.w.org\/{rel}","templated":true}]}}