{"id":132865,"date":"2020-02-12T17:18:00","date_gmt":"2020-02-12T16:18:00","guid":{"rendered":"https:\/\/weisetech.dev\/fc-barcelona-noticias\/en\/real-sociedad-rule-out-negotiate-willian-jose-refers-clause_255395_102\/"},"modified":"2020-02-12T17:18:00","modified_gmt":"2020-02-12T16:18:00","slug":"real-sociedad-rule-out-negotiate-willian-jose-refers-clause_255395_102","status":"publish","type":"post","link":"https:\/\/www.fcbarcelonanoticias.com\/en\/transfers\/real-sociedad-rule-out-negotiate-willian-jose-refers-clause_255395_102.html","title":{"rendered":"Real Sociedad rule out negotiate for Willian Jos\u00e9 and refers to his clause"},"content":{"rendered":"<h2 class=\"wp-block-heading\">Imanol Alguacil, coach of the Royal Society, ruled out in a press conference the departure of Willian Jos\u00e9 al Bar\u00e7a. The coach said that the Brazilian wants to stay and will not move from Donosti until the end of the season<\/h2>  \r\n<div class=\"article-addons\">\r\n    <a href=\"https:\/\/www.fcbarcelonanoticias.com\/en\/calendar-fc-barcelona.html\"\r\n       target=\"_self\"\r\n       title=\"Calendar of FC Barcelona\"\r\n       class=\"blue-gredient-btn\">\r\n       \r\n        Calendar of FC Barcelona    <\/a>\r\n<\/div>   <p>The FC Barcelona is looking for a forward to cover the drop <strong><a data-external=\"0\" data-intl-links-en=\"https:\/\/www.fcbarcelonanoticias.com\/en\/tags\/dembele\" data-intl-links-es=\"https:\/\/www.fcbarcelonanoticias.com\/tags\/dembele\" href=\"https:\/\/www.fcbarcelonanoticias.com\/en\/tags\/dembele.html\" rel=\"follow\" target=\"_self\" title=\"Demb\u00e9l\u00e9\">of Ousmane Demb\u00e9l\u00e9<\/a><\/strong> what subtracts of season and has in his looks to Willian Jos\u00e9. <strong>The tip of the Real Sociedad is very of the taste of <a data-external=\"0\" data-intl-links-en=\"https:\/\/www.fcbarcelonanoticias.com\/en\/tags\/quique-setien\" data-intl-links-es=\"https:\/\/www.fcbarcelonanoticias.com\/tags\/quique-setien\" href=\"https:\/\/www.fcbarcelonanoticias.com\/en\/tags\/quique-setien.html\" rel=\"follow\" target=\"_self\" title=\"Quique Seti\u00e9n\">Quique Seti\u00e9n<\/a>\u200b, that already had him to his orders in The<\/strong>Palms , and likes in the club like reinforcement for the forward. The Brazilian is a &#8216;9&#8217; of the ones of before and could be a great help to raise this League in front of a Real Madrid that is putting the very complicated things.<\/p>  <p>The problem for the Bar\u00e7a is that the Real does not seem had to leave to leave to his goleador as well as like this. Imanol Bailiff has spoken this Wednesday on this subject and has wanted to leave clear that Willian does not go to move of the group donostiarra and that will be still in the club. &#8220;<strong>On my part I do not have news in this regard. It played the other day in front of the Athletic and think that will follow with us<\/strong>&#8220;, commented in press conference.<\/p>  <p>The trainer &#8216;txuri-urdin&#8217; did not want to ensure at all to 100%, but practically confirmed that the &#8216;killer&#8217; will not go out by less than what costs his clause of rescission, denying of this way any negotiation with the Bar\u00e7a. &#8220;I can not ensure at all. <strong>If they put the 70 million his clause there is not at all that do, but do not think that was like this<\/strong>&#8220;, explained in the previous press conference to the &#8216;semis&#8217; against the Mirand\u00e9s of Glass of Rey.<\/p>  <p>Bailiff insisted in that it thinks that Willian Jos\u00e9 will not move of the Real right now, although it left to fall that to final of season could suceder anything. &#8220;<strong>It is with us and it wants to follow being with us, do not know until when, but understand that until final of season<\/strong> goes to be followed being with us&#8221;, affirmed. It is necessary to remember that the footballer asked to go out in winter to the Tottenham, by what in some months could do the same.<\/p>  <p>The preparador realistic himself wanted to leave clear that, in spite of what is speaking , neither the Brazilian neither the group are seeing affected. &#8220;<strong>I am calm because we carry a month and beak like this and to the team and to the player has not affected them<\/strong>. It is a week more speaking of him, but to Willy have it with us&#8221;, admitted.<\/p>  <h3>The Real plays the final of Glass<\/h3>  <p>The Real has this Thursday the gone of the semifinals of Glass against the Mirand\u00e9s and Bailiff wanted to highlight that this is the only that matters him in these moments. <strong>The one of Orio trusts that Willian remain and was important so that the &#8216;txuri-urdin&#8217; can raise the trophy <\/strong>in May. The ones of Miranda of Ebro will try to prevent it and keep his dream copero alive until, at least, the final of the Cartuja.<\/p> ","protected":false},"excerpt":{"rendered":"<p>Imanol Alguacil, coach of the Royal Society, ruled out in a press conference the departure of Willian Jos\u00e9 al Bar\u00e7a. The coach said that the Brazilian wants to stay and will not move from Donosti until the end of the season The FC Barcelona is looking for a forward to cover the drop of Ousmane [&hellip;]<\/p>\n","protected":false},"author":392,"featured_media":132868,"comment_status":"closed","ping_status":"open","sticky":false,"template":"","format":"standard","meta":{"_acf_changed":false,"inline_featured_image":false,"_nextfly_llmd_date_locked":false,"footnotes":""},"categories":[106,449],"tags":[72],"class_list":["post-132865","post","type-post","status-publish","format-standard","has-post-thumbnail","hentry","category-transfers","category-transfers-2","tag-real-sociedad"],"acf":[],"yoast_head":"<!-- This site is optimized with the Yoast SEO plugin v27.3 - https:\/\/yoast.com\/product\/yoast-seo-wordpress\/ -->\n<title>Real Sociedad rule out negotiating for Willian Jos\u00e9 and refers to his clause<\/title>\n<meta name=\"description\" content=\"Imanol Bailiff, trainer of the Real Sociedad, descart\u00f3 in press conference the exit of Willian Jos\u00e9 to the Bar\u00e7a. The technician ensured that the Brazilian wants to q...\" \/>\n<meta name=\"robots\" content=\"index, follow, max-snippet:-1, max-image-preview:large, max-video-preview:-1\" \/>\n<link rel=\"canonical\" href=\"https:\/\/www.fcbarcelonanoticias.com\/en\/transfers\/real-sociedad-rule-out-negotiate-willian-jose-refers-clause_255395_102.html\" \/>\n<meta property=\"og:locale\" content=\"en_US\" \/>\n<meta property=\"og:type\" content=\"article\" \/>\n<meta property=\"og:title\" content=\"Real Sociedad rule out negotiating for Willian Jos\u00e9 and refers to his clause\" \/>\n<meta property=\"og:description\" content=\"Imanol Bailiff, trainer of the Real Sociedad, descart\u00f3 in press conference the exit of Willian Jos\u00e9 to the Bar\u00e7a. The technician ensured that the Brazilian wants to q...\" \/>\n<meta property=\"og:url\" content=\"https:\/\/www.fcbarcelonanoticias.com\/en\/transfers\/real-sociedad-rule-out-negotiate-willian-jose-refers-clause_255395_102.html\" \/>\n<meta property=\"og:site_name\" content=\"EN - FC Barcelona Noticias\" \/>\n<meta property=\"article:published_time\" content=\"2020-02-12T16:18:00+00:00\" \/>\n<meta property=\"og:image\" content=\"https:\/\/www.fcbarcelonanoticias.com\/en\/wp-content\/uploads\/sites\/2\/2020\/02\/willian-jose-barcelona.jpeg\" \/>\n\t<meta property=\"og:image:width\" content=\"1300\" \/>\n\t<meta property=\"og:image:height\" content=\"790\" \/>\n\t<meta property=\"og:image:type\" content=\"image\/jpeg\" \/>\n<meta name=\"author\" content=\"user_4048\" \/>\n<meta name=\"twitter:card\" content=\"summary_large_image\" \/>\n<meta name=\"twitter:label1\" content=\"Written by\" \/>\n\t<meta name=\"twitter:data1\" content=\"user_4048\" \/>\n\t<meta name=\"twitter:label2\" content=\"Est. reading time\" \/>\n\t<meta name=\"twitter:data2\" content=\"3 minutes\" \/>\n<script type=\"application\/ld+json\" class=\"yoast-schema-graph\">{\"@context\":\"https:\\\/\\\/schema.org\",\"@graph\":[{\"@type\":\"Article\",\"@id\":\"https:\\\/\\\/www.fcbarcelonanoticias.com\\\/en\\\/transfers\\\/real-sociedad-rule-out-negotiate-willian-jose-refers-clause_255395_102.html#article\",\"isPartOf\":{\"@id\":\"https:\\\/\\\/www.fcbarcelonanoticias.com\\\/en\\\/transfers\\\/real-sociedad-rule-out-negotiate-willian-jose-refers-clause_255395_102.html\"},\"author\":{\"name\":\"user_4048\",\"@id\":\"https:\\\/\\\/www.fcbarcelonanoticias.com\\\/en\\\/#\\\/schema\\\/person\\\/fcdad55cab72b8d0e106d75506783b6d\"},\"headline\":\"Real Sociedad rule out negotiate for Willian Jos\u00e9 and refers to his clause\",\"datePublished\":\"2020-02-12T16:18:00+00:00\",\"mainEntityOfPage\":{\"@id\":\"https:\\\/\\\/www.fcbarcelonanoticias.com\\\/en\\\/transfers\\\/real-sociedad-rule-out-negotiate-willian-jose-refers-clause_255395_102.html\"},\"wordCount\":563,\"image\":{\"@id\":\"https:\\\/\\\/www.fcbarcelonanoticias.com\\\/en\\\/transfers\\\/real-sociedad-rule-out-negotiate-willian-jose-refers-clause_255395_102.html#primaryimage\"},\"thumbnailUrl\":\"https:\\\/\\\/www.fcbarcelonanoticias.com\\\/en\\\/wp-content\\\/uploads\\\/sites\\\/2\\\/2020\\\/02\\\/willian-jose-barcelona.jpeg\",\"keywords\":[\"Real Sociedad\"],\"articleSection\":[\"Transfers\",\"Transfers\"],\"inLanguage\":\"en-US\"},{\"@type\":\"WebPage\",\"@id\":\"https:\\\/\\\/www.fcbarcelonanoticias.com\\\/en\\\/transfers\\\/real-sociedad-rule-out-negotiate-willian-jose-refers-clause_255395_102.html\",\"url\":\"https:\\\/\\\/www.fcbarcelonanoticias.com\\\/en\\\/transfers\\\/real-sociedad-rule-out-negotiate-willian-jose-refers-clause_255395_102.html\",\"name\":\"Real Sociedad rule out negotiating for Willian Jos\u00e9 and refers to his clause\",\"isPartOf\":{\"@id\":\"https:\\\/\\\/www.fcbarcelonanoticias.com\\\/en\\\/#website\"},\"primaryImageOfPage\":{\"@id\":\"https:\\\/\\\/www.fcbarcelonanoticias.com\\\/en\\\/transfers\\\/real-sociedad-rule-out-negotiate-willian-jose-refers-clause_255395_102.html#primaryimage\"},\"image\":{\"@id\":\"https:\\\/\\\/www.fcbarcelonanoticias.com\\\/en\\\/transfers\\\/real-sociedad-rule-out-negotiate-willian-jose-refers-clause_255395_102.html#primaryimage\"},\"thumbnailUrl\":\"https:\\\/\\\/www.fcbarcelonanoticias.com\\\/en\\\/wp-content\\\/uploads\\\/sites\\\/2\\\/2020\\\/02\\\/willian-jose-barcelona.jpeg\",\"datePublished\":\"2020-02-12T16:18:00+00:00\",\"author\":{\"@id\":\"https:\\\/\\\/www.fcbarcelonanoticias.com\\\/en\\\/#\\\/schema\\\/person\\\/fcdad55cab72b8d0e106d75506783b6d\"},\"description\":\"Imanol Bailiff, trainer of the Real Sociedad, descart\u00f3 in press conference the exit of Willian Jos\u00e9 to the Bar\u00e7a. The technician ensured that the Brazilian wants to q...\",\"breadcrumb\":{\"@id\":\"https:\\\/\\\/www.fcbarcelonanoticias.com\\\/en\\\/transfers\\\/real-sociedad-rule-out-negotiate-willian-jose-refers-clause_255395_102.html#breadcrumb\"},\"inLanguage\":\"en-US\",\"potentialAction\":[{\"@type\":\"ReadAction\",\"target\":[\"https:\\\/\\\/www.fcbarcelonanoticias.com\\\/en\\\/transfers\\\/real-sociedad-rule-out-negotiate-willian-jose-refers-clause_255395_102.html\"]}]},{\"@type\":\"ImageObject\",\"inLanguage\":\"en-US\",\"@id\":\"https:\\\/\\\/www.fcbarcelonanoticias.com\\\/en\\\/transfers\\\/real-sociedad-rule-out-negotiate-willian-jose-refers-clause_255395_102.html#primaryimage\",\"url\":\"https:\\\/\\\/www.fcbarcelonanoticias.com\\\/en\\\/wp-content\\\/uploads\\\/sites\\\/2\\\/2020\\\/02\\\/willian-jose-barcelona.jpeg\",\"contentUrl\":\"https:\\\/\\\/www.fcbarcelonanoticias.com\\\/en\\\/wp-content\\\/uploads\\\/sites\\\/2\\\/2020\\\/02\\\/willian-jose-barcelona.jpeg\",\"width\":1300,\"height\":790},{\"@type\":\"BreadcrumbList\",\"@id\":\"https:\\\/\\\/www.fcbarcelonanoticias.com\\\/en\\\/transfers\\\/real-sociedad-rule-out-negotiate-willian-jose-refers-clause_255395_102.html#breadcrumb\",\"itemListElement\":[{\"@type\":\"ListItem\",\"position\":1,\"name\":\"Portada\",\"item\":\"https:\\\/\\\/www.fcbarcelonanoticias.com\\\/en\\\/\"},{\"@type\":\"ListItem\",\"position\":2,\"name\":\"Real Sociedad rule out negotiate for Willian Jos\u00e9 and refers to his clause\"}]},{\"@type\":\"WebSite\",\"@id\":\"https:\\\/\\\/www.fcbarcelonanoticias.com\\\/en\\\/#website\",\"url\":\"https:\\\/\\\/www.fcbarcelonanoticias.com\\\/en\\\/\",\"name\":\"EN - FC Barcelona Noticias\",\"description\":\"\",\"potentialAction\":[{\"@type\":\"SearchAction\",\"target\":{\"@type\":\"EntryPoint\",\"urlTemplate\":\"https:\\\/\\\/www.fcbarcelonanoticias.com\\\/en\\\/?s={search_term_string}\"},\"query-input\":{\"@type\":\"PropertyValueSpecification\",\"valueRequired\":true,\"valueName\":\"search_term_string\"}}],\"inLanguage\":\"en-US\"},{\"@type\":\"Person\",\"@id\":\"https:\\\/\\\/www.fcbarcelonanoticias.com\\\/en\\\/#\\\/schema\\\/person\\\/fcdad55cab72b8d0e106d75506783b6d\",\"name\":\"user_4048\",\"image\":{\"@type\":\"ImageObject\",\"inLanguage\":\"en-US\",\"@id\":\"https:\\\/\\\/secure.gravatar.com\\\/avatar\\\/?s=96&d=mm&r=g\",\"url\":\"https:\\\/\\\/secure.gravatar.com\\\/avatar\\\/?s=96&d=mm&r=g\",\"contentUrl\":\"https:\\\/\\\/secure.gravatar.com\\\/avatar\\\/?s=96&d=mm&r=g\",\"caption\":\"user_4048\"},\"url\":\"https:\\\/\\\/www.fcbarcelonanoticias.com\\\/en\\\/user_4048.html\"}]}<\/script>\n<!-- \/ Yoast SEO plugin. -->","yoast_head_json":{"title":"Real Sociedad rule out negotiating for Willian Jos\u00e9 and refers to his clause","description":"Imanol Bailiff, trainer of the Real Sociedad, descart\u00f3 in press conference the exit of Willian Jos\u00e9 to the Bar\u00e7a. The technician ensured that the Brazilian wants to q...","robots":{"index":"index","follow":"follow","max-snippet":"max-snippet:-1","max-image-preview":"max-image-preview:large","max-video-preview":"max-video-preview:-1"},"canonical":"https:\/\/www.fcbarcelonanoticias.com\/en\/transfers\/real-sociedad-rule-out-negotiate-willian-jose-refers-clause_255395_102.html","og_locale":"en_US","og_type":"article","og_title":"Real Sociedad rule out negotiating for Willian Jos\u00e9 and refers to his clause","og_description":"Imanol Bailiff, trainer of the Real Sociedad, descart\u00f3 in press conference the exit of Willian Jos\u00e9 to the Bar\u00e7a. The technician ensured that the Brazilian wants to q...","og_url":"https:\/\/www.fcbarcelonanoticias.com\/en\/transfers\/real-sociedad-rule-out-negotiate-willian-jose-refers-clause_255395_102.html","og_site_name":"EN - FC Barcelona Noticias","article_published_time":"2020-02-12T16:18:00+00:00","og_image":[{"width":1300,"height":790,"url":"https:\/\/www.fcbarcelonanoticias.com\/en\/wp-content\/uploads\/sites\/2\/2020\/02\/willian-jose-barcelona.jpeg","type":"image\/jpeg"}],"author":"user_4048","twitter_card":"summary_large_image","twitter_misc":{"Written by":"user_4048","Est. reading time":"3 minutes"},"schema":{"@context":"https:\/\/schema.org","@graph":[{"@type":"Article","@id":"https:\/\/www.fcbarcelonanoticias.com\/en\/transfers\/real-sociedad-rule-out-negotiate-willian-jose-refers-clause_255395_102.html#article","isPartOf":{"@id":"https:\/\/www.fcbarcelonanoticias.com\/en\/transfers\/real-sociedad-rule-out-negotiate-willian-jose-refers-clause_255395_102.html"},"author":{"name":"user_4048","@id":"https:\/\/www.fcbarcelonanoticias.com\/en\/#\/schema\/person\/fcdad55cab72b8d0e106d75506783b6d"},"headline":"Real Sociedad rule out negotiate for Willian Jos\u00e9 and refers to his clause","datePublished":"2020-02-12T16:18:00+00:00","mainEntityOfPage":{"@id":"https:\/\/www.fcbarcelonanoticias.com\/en\/transfers\/real-sociedad-rule-out-negotiate-willian-jose-refers-clause_255395_102.html"},"wordCount":563,"image":{"@id":"https:\/\/www.fcbarcelonanoticias.com\/en\/transfers\/real-sociedad-rule-out-negotiate-willian-jose-refers-clause_255395_102.html#primaryimage"},"thumbnailUrl":"https:\/\/www.fcbarcelonanoticias.com\/en\/wp-content\/uploads\/sites\/2\/2020\/02\/willian-jose-barcelona.jpeg","keywords":["Real Sociedad"],"articleSection":["Transfers","Transfers"],"inLanguage":"en-US"},{"@type":"WebPage","@id":"https:\/\/www.fcbarcelonanoticias.com\/en\/transfers\/real-sociedad-rule-out-negotiate-willian-jose-refers-clause_255395_102.html","url":"https:\/\/www.fcbarcelonanoticias.com\/en\/transfers\/real-sociedad-rule-out-negotiate-willian-jose-refers-clause_255395_102.html","name":"Real Sociedad rule out negotiating for Willian Jos\u00e9 and refers to his clause","isPartOf":{"@id":"https:\/\/www.fcbarcelonanoticias.com\/en\/#website"},"primaryImageOfPage":{"@id":"https:\/\/www.fcbarcelonanoticias.com\/en\/transfers\/real-sociedad-rule-out-negotiate-willian-jose-refers-clause_255395_102.html#primaryimage"},"image":{"@id":"https:\/\/www.fcbarcelonanoticias.com\/en\/transfers\/real-sociedad-rule-out-negotiate-willian-jose-refers-clause_255395_102.html#primaryimage"},"thumbnailUrl":"https:\/\/www.fcbarcelonanoticias.com\/en\/wp-content\/uploads\/sites\/2\/2020\/02\/willian-jose-barcelona.jpeg","datePublished":"2020-02-12T16:18:00+00:00","author":{"@id":"https:\/\/www.fcbarcelonanoticias.com\/en\/#\/schema\/person\/fcdad55cab72b8d0e106d75506783b6d"},"description":"Imanol Bailiff, trainer of the Real Sociedad, descart\u00f3 in press conference the exit of Willian Jos\u00e9 to the Bar\u00e7a. The technician ensured that the Brazilian wants to q...","breadcrumb":{"@id":"https:\/\/www.fcbarcelonanoticias.com\/en\/transfers\/real-sociedad-rule-out-negotiate-willian-jose-refers-clause_255395_102.html#breadcrumb"},"inLanguage":"en-US","potentialAction":[{"@type":"ReadAction","target":["https:\/\/www.fcbarcelonanoticias.com\/en\/transfers\/real-sociedad-rule-out-negotiate-willian-jose-refers-clause_255395_102.html"]}]},{"@type":"ImageObject","inLanguage":"en-US","@id":"https:\/\/www.fcbarcelonanoticias.com\/en\/transfers\/real-sociedad-rule-out-negotiate-willian-jose-refers-clause_255395_102.html#primaryimage","url":"https:\/\/www.fcbarcelonanoticias.com\/en\/wp-content\/uploads\/sites\/2\/2020\/02\/willian-jose-barcelona.jpeg","contentUrl":"https:\/\/www.fcbarcelonanoticias.com\/en\/wp-content\/uploads\/sites\/2\/2020\/02\/willian-jose-barcelona.jpeg","width":1300,"height":790},{"@type":"BreadcrumbList","@id":"https:\/\/www.fcbarcelonanoticias.com\/en\/transfers\/real-sociedad-rule-out-negotiate-willian-jose-refers-clause_255395_102.html#breadcrumb","itemListElement":[{"@type":"ListItem","position":1,"name":"Portada","item":"https:\/\/www.fcbarcelonanoticias.com\/en\/"},{"@type":"ListItem","position":2,"name":"Real Sociedad rule out negotiate for Willian Jos\u00e9 and refers to his clause"}]},{"@type":"WebSite","@id":"https:\/\/www.fcbarcelonanoticias.com\/en\/#website","url":"https:\/\/www.fcbarcelonanoticias.com\/en\/","name":"EN - FC Barcelona Noticias","description":"","potentialAction":[{"@type":"SearchAction","target":{"@type":"EntryPoint","urlTemplate":"https:\/\/www.fcbarcelonanoticias.com\/en\/?s={search_term_string}"},"query-input":{"@type":"PropertyValueSpecification","valueRequired":true,"valueName":"search_term_string"}}],"inLanguage":"en-US"},{"@type":"Person","@id":"https:\/\/www.fcbarcelonanoticias.com\/en\/#\/schema\/person\/fcdad55cab72b8d0e106d75506783b6d","name":"user_4048","image":{"@type":"ImageObject","inLanguage":"en-US","@id":"https:\/\/secure.gravatar.com\/avatar\/?s=96&d=mm&r=g","url":"https:\/\/secure.gravatar.com\/avatar\/?s=96&d=mm&r=g","contentUrl":"https:\/\/secure.gravatar.com\/avatar\/?s=96&d=mm&r=g","caption":"user_4048"},"url":"https:\/\/www.fcbarcelonanoticias.com\/en\/user_4048.html"}]}},"_links":{"self":[{"href":"https:\/\/www.fcbarcelonanoticias.com\/en\/wp-json\/wp\/v2\/posts\/132865","targetHints":{"allow":["GET"]}}],"collection":[{"href":"https:\/\/www.fcbarcelonanoticias.com\/en\/wp-json\/wp\/v2\/posts"}],"about":[{"href":"https:\/\/www.fcbarcelonanoticias.com\/en\/wp-json\/wp\/v2\/types\/post"}],"author":[{"embeddable":true,"href":"https:\/\/www.fcbarcelonanoticias.com\/en\/wp-json\/wp\/v2\/users\/392"}],"replies":[{"embeddable":true,"href":"https:\/\/www.fcbarcelonanoticias.com\/en\/wp-json\/wp\/v2\/comments?post=132865"}],"version-history":[{"count":1,"href":"https:\/\/www.fcbarcelonanoticias.com\/en\/wp-json\/wp\/v2\/posts\/132865\/revisions"}],"predecessor-version":[{"id":152975,"href":"https:\/\/www.fcbarcelonanoticias.com\/en\/wp-json\/wp\/v2\/posts\/132865\/revisions\/152975"}],"wp:featuredmedia":[{"embeddable":true,"href":"https:\/\/www.fcbarcelonanoticias.com\/en\/wp-json\/wp\/v2\/media\/132868"}],"wp:attachment":[{"href":"https:\/\/www.fcbarcelonanoticias.com\/en\/wp-json\/wp\/v2\/media?parent=132865"}],"wp:term":[{"taxonomy":"category","embeddable":true,"href":"https:\/\/www.fcbarcelonanoticias.com\/en\/wp-json\/wp\/v2\/categories?post=132865"},{"taxonomy":"post_tag","embeddable":true,"href":"https:\/\/www.fcbarcelonanoticias.com\/en\/wp-json\/wp\/v2\/tags?post=132865"}],"curies":[{"name":"wp","href":"https:\/\/api.w.org\/{rel}","templated":true}]}}