{"id":132899,"date":"2023-12-27T08:52:00","date_gmt":"2023-12-27T07:52:00","guid":{"rendered":"https:\/\/weisetech.dev\/fc-barcelona-noticias\/en\/mason-greenwood-could-be-on-radar-of-the-fcbarcelona_299383_102\/"},"modified":"2023-12-27T09:15:00","modified_gmt":"2023-12-27T08:15:00","slug":"mason-greenwood-could-be-on-radar-of-the-fcbarcelona_299383_102","status":"publish","type":"post","link":"https:\/\/www.fcbarcelonanoticias.com\/en\/transfers\/mason-greenwood-could-be-on-radar-of-the-fcbarcelona_299383_102.html","title":{"rendered":"Mason Greenwood could be on FC Barcelona&#8217;s radar"},"content":{"rendered":"<h2 class=\"wp-block-heading\">The performance on the lawn of Mason Greenwood has remembered to a lot of teams the enormous talent of the English extreme, arriving even to add  to the &#8216;radar&#8217; of the Bar\u00e7a, although his happened surely keep on being a problem<\/h2>  \r\n<div class=\"article-addons\">\r\n    <a href=\"https:\/\/www.fcbarcelonanoticias.com\/en\/calendar-fc-barcelona.html\"\r\n       target=\"_self\"\r\n       title=\"Calendar of FC Barcelona\"\r\n       class=\"blue-gredient-btn\">\r\n       \r\n        Calendar of FC Barcelona    <\/a>\r\n<\/div>   <p>If there is an extreme that is leaving very good feelings <a data-external=\"0\" data-intl-links-en=\"https:\/\/www.fcbarcelonanoticias.com\/en\/laliga\/like-this-it-is-the-classification-of-laliga-ea-sports-the-athletic-him-steal-the-3a-square-to-the-barca_299309_102.html\" data-intl-links-es=\"https:\/\/www.fcbarcelonanoticias.com\/laliga\/esta-clasificacion-laliga-ea-sports-el-atletico-roba-3a-plaza-barca_299309_102.html\" href=\"https:\/\/www.fcbarcelonanoticias.com\/en\/laliga\/like-this-it-is-the-classification-of-laliga-ea-sports-the-athletic-him-steal-the-3a-square-to-the-barca_299309_102.html\" rel=\"follow\" target=\"_self\" title=\"As\u00ed est\u00e1 la clasificaci\u00f3n de LaLiga EA Sports: \u00a1El Atl\u00e9tico le 'roba' la 3\u00aa plaza al Bar\u00e7a!\">this season in LaLiga<\/a> is being Mason Greenwood. The forward of the Getafe is surprised with his football after being two seasons without competing by several problems with the justice in England, <strong>a situation that went precisely the impulsora of his exit <a data-external=\"0\" data-intl-links-en=\"https:\/\/www.fcbarcelonanoticias.com\/en\/transfers\/manchester-city-and-chelsea-between-the-interested-of-the-premier-by-the-signing-of-balde_299360_102.html\" data-intl-links-es=\"https:\/\/www.fcbarcelonanoticias.com\/fichajes\/manchester-city-chelsea-entre-interesados-premier-por-fichaje-de-balde_299360_102.html\" href=\"https:\/\/www.fcbarcelonanoticias.com\/en\/transfers\/manchester-city-and-chelsea-between-the-interested-of-the-premier-by-the-signing-of-balde_299360_102.html\" rel=\"follow\" target=\"_self\" title=\"Manchester City y Chelsea, entre los interesados de la Premier por el fichaje&nbsp;de&nbsp;Balde\">of the Premier League<\/a> and his arrival to the Madrilenian team, in condition of yielded.<\/strong><\/p>  <p>His positive performance with Jos\u00e9 Bordal\u00e1s is doing that several teams fix in him of face to the next season, and although has the clear conditioning of his past, <strong>even is in the diary of the FC Barcelona. <\/strong>Like this it has reviewed it big part of the Spanish press during the last two weeks, joining to the Barcelona team with the Athletic of Madrid, the Seville and the Real Madrid, aimed also &#8216;talkSPORT&#8217; in his moment.<\/p>  <h2>The Bar\u00e7a himself that needs a player of a very similar profile<\/h2>  <p>And it is that reviewing his performance futbol\u00edstico in the last two months, Greenwood surely was the extreme of better level at present in LaLiga, surpassing to names like Raphinha, Rodrygo, Kubo, Savinho or the lesionado Vinicius. <strong>From the beginning of the past month of October surely any another external attacker has been more determinant for his team in LaLiga, a situation that has reaffirmed the big talent with which explains the English of 22 years.<\/strong><\/p>  <p>In front of the Athletic, the past week, went simply imparable, finishing in five occasions, being the second player with more finish in the team getafense, only behind Latasa (eight), and executing successfully four of the ten dribblings tried. <strong>One of these dribblings resulted in the goal 3-2 of Mayoral, and another caused the hand of Riquelme that carried to the 3-3. <\/strong>This type of footballers are those that the Bar\u00e7a so much odd, very to the style of Neymar or Demb\u00e9l\u00e9, for quoting some example of extremes very habilidosos in the one against one that went through the Bar\u00e7a in the last years.<\/p>  <h2>The big problem of Greenwood<\/h2>  <p>However, it can not shelve that for the Bar\u00e7a, and almost any another team, represents a big problem the can interest seriously in Greenwood. In spite of his big talent and age, the youngster only has a value of market of 7,5 million euros, <strong>a situation that produces after being accused in January of 2022 of attempt of rape, aggression with result of real corporal damage and behaviour controller and coercive by an altercation with his expareja.<\/strong> The penal process was suspended, but to almost any fan of the football is a fact that has forgotten him .<\/p> ","protected":false},"excerpt":{"rendered":"<p>The performance on the lawn of Mason Greenwood has remembered to a lot of teams the enormous talent of the English extreme, arriving even to add to the &#8216;radar&#8217; of the Bar\u00e7a, although his happened surely keep on being a problem If there is an extreme that is leaving very good feelings this season in [&hellip;]<\/p>\n","protected":false},"author":345,"featured_media":132904,"comment_status":"closed","ping_status":"open","sticky":false,"template":"","format":"standard","meta":{"_acf_changed":false,"inline_featured_image":false,"_nextfly_llmd_date_locked":false,"footnotes":""},"categories":[449,106],"tags":[335,96,158,197,48],"class_list":["post-132899","post","type-post","status-publish","format-standard","has-post-thumbnail","hentry","category-transfers-2","category-transfers","tag-deco","tag-getafe-cf","tag-joan-laporta","tag-manchester-united","tag-xavi-hernandez"],"acf":[],"yoast_head":"<!-- This site is optimized with the Yoast SEO plugin v27.3 - https:\/\/yoast.com\/product\/yoast-seo-wordpress\/ -->\n<title>Mason Greenwood could be on FC Barcelona&#039;s radar<\/title>\n<meta name=\"description\" content=\"The performance on the lawn of Mason Greenwood has remembered to a lot of teams the enormous talent of the English extreme, arriving even to add to the &#039;radar&#039; of the Bar\u00e7a, although his happened surely keep on being a problem\" \/>\n<meta name=\"robots\" content=\"index, follow, max-snippet:-1, max-image-preview:large, max-video-preview:-1\" \/>\n<link rel=\"canonical\" href=\"https:\/\/www.fcbarcelonanoticias.com\/en\/transfers\/mason-greenwood-could-be-on-radar-of-the-fcbarcelona_299383_102.html\" \/>\n<meta property=\"og:locale\" content=\"en_US\" \/>\n<meta property=\"og:type\" content=\"article\" \/>\n<meta property=\"og:title\" content=\"Mason Greenwood could be on FC Barcelona&#039;s radar\" \/>\n<meta property=\"og:description\" content=\"The performance on the lawn of Mason Greenwood has remembered to a lot of teams the enormous talent of the English extreme, arriving even to add to the &#039;radar&#039; of the Bar\u00e7a, although his happened surely keep on being a problem\" \/>\n<meta property=\"og:url\" content=\"https:\/\/www.fcbarcelonanoticias.com\/en\/transfers\/mason-greenwood-could-be-on-radar-of-the-fcbarcelona_299383_102.html\" \/>\n<meta property=\"og:site_name\" content=\"EN - FC Barcelona Noticias\" \/>\n<meta property=\"article:published_time\" content=\"2023-12-27T07:52:00+00:00\" \/>\n<meta property=\"article:modified_time\" content=\"2023-12-27T08:15:00+00:00\" \/>\n<meta property=\"og:image\" content=\"https:\/\/www.fcbarcelonanoticias.com\/en\/wp-content\/uploads\/sites\/2\/2023\/12\/mason-greenwood-gol-1.jpeg\" \/>\n\t<meta property=\"og:image:width\" content=\"1300\" \/>\n\t<meta property=\"og:image:height\" content=\"736\" \/>\n\t<meta property=\"og:image:type\" content=\"image\/jpeg\" \/>\n<meta name=\"author\" content=\"Carlos Montenegro\" \/>\n<meta name=\"twitter:card\" content=\"summary_large_image\" \/>\n<meta name=\"twitter:label1\" content=\"Written by\" \/>\n\t<meta name=\"twitter:data1\" content=\"Carlos Montenegro\" \/>\n\t<meta name=\"twitter:label2\" content=\"Est. reading time\" \/>\n\t<meta name=\"twitter:data2\" content=\"2 minutes\" \/>\n<script type=\"application\/ld+json\" class=\"yoast-schema-graph\">{\"@context\":\"https:\\\/\\\/schema.org\",\"@graph\":[{\"@type\":\"Article\",\"@id\":\"https:\\\/\\\/www.fcbarcelonanoticias.com\\\/en\\\/transfers\\\/mason-greenwood-could-be-on-radar-of-the-fcbarcelona_299383_102.html#article\",\"isPartOf\":{\"@id\":\"https:\\\/\\\/www.fcbarcelonanoticias.com\\\/en\\\/transfers\\\/mason-greenwood-could-be-on-radar-of-the-fcbarcelona_299383_102.html\"},\"author\":{\"name\":\"Carlos Montenegro\",\"@id\":\"https:\\\/\\\/www.fcbarcelonanoticias.com\\\/en\\\/#\\\/schema\\\/person\\\/aa1d038709c262cb247e240f6b39bbf5\"},\"headline\":\"Mason Greenwood could be on FC Barcelona&#8217;s radar\",\"datePublished\":\"2023-12-27T07:52:00+00:00\",\"dateModified\":\"2023-12-27T08:15:00+00:00\",\"mainEntityOfPage\":{\"@id\":\"https:\\\/\\\/www.fcbarcelonanoticias.com\\\/en\\\/transfers\\\/mason-greenwood-could-be-on-radar-of-the-fcbarcelona_299383_102.html\"},\"wordCount\":494,\"image\":{\"@id\":\"https:\\\/\\\/www.fcbarcelonanoticias.com\\\/en\\\/transfers\\\/mason-greenwood-could-be-on-radar-of-the-fcbarcelona_299383_102.html#primaryimage\"},\"thumbnailUrl\":\"https:\\\/\\\/www.fcbarcelonanoticias.com\\\/en\\\/wp-content\\\/uploads\\\/sites\\\/2\\\/2023\\\/12\\\/mason-greenwood-gol-1.jpeg\",\"keywords\":[\"Deco\",\"Getafe CF\",\"Joan Laporta\",\"Manchester United\",\"Xavi Hern\u00e1ndez\"],\"articleSection\":[\"Transfers\",\"Transfers\"],\"inLanguage\":\"en-US\"},{\"@type\":\"WebPage\",\"@id\":\"https:\\\/\\\/www.fcbarcelonanoticias.com\\\/en\\\/transfers\\\/mason-greenwood-could-be-on-radar-of-the-fcbarcelona_299383_102.html\",\"url\":\"https:\\\/\\\/www.fcbarcelonanoticias.com\\\/en\\\/transfers\\\/mason-greenwood-could-be-on-radar-of-the-fcbarcelona_299383_102.html\",\"name\":\"Mason Greenwood could be on FC Barcelona's radar\",\"isPartOf\":{\"@id\":\"https:\\\/\\\/www.fcbarcelonanoticias.com\\\/en\\\/#website\"},\"primaryImageOfPage\":{\"@id\":\"https:\\\/\\\/www.fcbarcelonanoticias.com\\\/en\\\/transfers\\\/mason-greenwood-could-be-on-radar-of-the-fcbarcelona_299383_102.html#primaryimage\"},\"image\":{\"@id\":\"https:\\\/\\\/www.fcbarcelonanoticias.com\\\/en\\\/transfers\\\/mason-greenwood-could-be-on-radar-of-the-fcbarcelona_299383_102.html#primaryimage\"},\"thumbnailUrl\":\"https:\\\/\\\/www.fcbarcelonanoticias.com\\\/en\\\/wp-content\\\/uploads\\\/sites\\\/2\\\/2023\\\/12\\\/mason-greenwood-gol-1.jpeg\",\"datePublished\":\"2023-12-27T07:52:00+00:00\",\"dateModified\":\"2023-12-27T08:15:00+00:00\",\"author\":{\"@id\":\"https:\\\/\\\/www.fcbarcelonanoticias.com\\\/en\\\/#\\\/schema\\\/person\\\/aa1d038709c262cb247e240f6b39bbf5\"},\"description\":\"The performance on the lawn of Mason Greenwood has remembered to a lot of teams the enormous talent of the English extreme, arriving even to add to the 'radar' of the Bar\u00e7a, although his happened surely keep on being a problem\",\"breadcrumb\":{\"@id\":\"https:\\\/\\\/www.fcbarcelonanoticias.com\\\/en\\\/transfers\\\/mason-greenwood-could-be-on-radar-of-the-fcbarcelona_299383_102.html#breadcrumb\"},\"inLanguage\":\"en-US\",\"potentialAction\":[{\"@type\":\"ReadAction\",\"target\":[\"https:\\\/\\\/www.fcbarcelonanoticias.com\\\/en\\\/transfers\\\/mason-greenwood-could-be-on-radar-of-the-fcbarcelona_299383_102.html\"]}]},{\"@type\":\"ImageObject\",\"inLanguage\":\"en-US\",\"@id\":\"https:\\\/\\\/www.fcbarcelonanoticias.com\\\/en\\\/transfers\\\/mason-greenwood-could-be-on-radar-of-the-fcbarcelona_299383_102.html#primaryimage\",\"url\":\"https:\\\/\\\/www.fcbarcelonanoticias.com\\\/en\\\/wp-content\\\/uploads\\\/sites\\\/2\\\/2023\\\/12\\\/mason-greenwood-gol-1.jpeg\",\"contentUrl\":\"https:\\\/\\\/www.fcbarcelonanoticias.com\\\/en\\\/wp-content\\\/uploads\\\/sites\\\/2\\\/2023\\\/12\\\/mason-greenwood-gol-1.jpeg\",\"width\":1300,\"height\":736},{\"@type\":\"BreadcrumbList\",\"@id\":\"https:\\\/\\\/www.fcbarcelonanoticias.com\\\/en\\\/transfers\\\/mason-greenwood-could-be-on-radar-of-the-fcbarcelona_299383_102.html#breadcrumb\",\"itemListElement\":[{\"@type\":\"ListItem\",\"position\":1,\"name\":\"Portada\",\"item\":\"https:\\\/\\\/www.fcbarcelonanoticias.com\\\/en\\\/\"},{\"@type\":\"ListItem\",\"position\":2,\"name\":\"Mason Greenwood could be on FC Barcelona&#8217;s radar\"}]},{\"@type\":\"WebSite\",\"@id\":\"https:\\\/\\\/www.fcbarcelonanoticias.com\\\/en\\\/#website\",\"url\":\"https:\\\/\\\/www.fcbarcelonanoticias.com\\\/en\\\/\",\"name\":\"EN - FC Barcelona Noticias\",\"description\":\"\",\"potentialAction\":[{\"@type\":\"SearchAction\",\"target\":{\"@type\":\"EntryPoint\",\"urlTemplate\":\"https:\\\/\\\/www.fcbarcelonanoticias.com\\\/en\\\/?s={search_term_string}\"},\"query-input\":{\"@type\":\"PropertyValueSpecification\",\"valueRequired\":true,\"valueName\":\"search_term_string\"}}],\"inLanguage\":\"en-US\"},{\"@type\":\"Person\",\"@id\":\"https:\\\/\\\/www.fcbarcelonanoticias.com\\\/en\\\/#\\\/schema\\\/person\\\/aa1d038709c262cb247e240f6b39bbf5\",\"name\":\"Carlos Montenegro\",\"image\":{\"@type\":\"ImageObject\",\"inLanguage\":\"en-US\",\"@id\":\"https:\\\/\\\/secure.gravatar.com\\\/avatar\\\/?s=96&d=mm&r=g\",\"url\":\"https:\\\/\\\/secure.gravatar.com\\\/avatar\\\/?s=96&d=mm&r=g\",\"contentUrl\":\"https:\\\/\\\/secure.gravatar.com\\\/avatar\\\/?s=96&d=mm&r=g\",\"caption\":\"Carlos Montenegro\"},\"url\":\"https:\\\/\\\/www.fcbarcelonanoticias.com\\\/en\\\/carlos-montenegro_20_115.html\"}]}<\/script>\n<!-- \/ Yoast SEO plugin. -->","yoast_head_json":{"title":"Mason Greenwood could be on FC Barcelona's radar","description":"The performance on the lawn of Mason Greenwood has remembered to a lot of teams the enormous talent of the English extreme, arriving even to add to the 'radar' of the Bar\u00e7a, although his happened surely keep on being a problem","robots":{"index":"index","follow":"follow","max-snippet":"max-snippet:-1","max-image-preview":"max-image-preview:large","max-video-preview":"max-video-preview:-1"},"canonical":"https:\/\/www.fcbarcelonanoticias.com\/en\/transfers\/mason-greenwood-could-be-on-radar-of-the-fcbarcelona_299383_102.html","og_locale":"en_US","og_type":"article","og_title":"Mason Greenwood could be on FC Barcelona's radar","og_description":"The performance on the lawn of Mason Greenwood has remembered to a lot of teams the enormous talent of the English extreme, arriving even to add to the 'radar' of the Bar\u00e7a, although his happened surely keep on being a problem","og_url":"https:\/\/www.fcbarcelonanoticias.com\/en\/transfers\/mason-greenwood-could-be-on-radar-of-the-fcbarcelona_299383_102.html","og_site_name":"EN - FC Barcelona Noticias","article_published_time":"2023-12-27T07:52:00+00:00","article_modified_time":"2023-12-27T08:15:00+00:00","og_image":[{"width":1300,"height":736,"url":"https:\/\/www.fcbarcelonanoticias.com\/en\/wp-content\/uploads\/sites\/2\/2023\/12\/mason-greenwood-gol-1.jpeg","type":"image\/jpeg"}],"author":"Carlos Montenegro","twitter_card":"summary_large_image","twitter_misc":{"Written by":"Carlos Montenegro","Est. reading time":"2 minutes"},"schema":{"@context":"https:\/\/schema.org","@graph":[{"@type":"Article","@id":"https:\/\/www.fcbarcelonanoticias.com\/en\/transfers\/mason-greenwood-could-be-on-radar-of-the-fcbarcelona_299383_102.html#article","isPartOf":{"@id":"https:\/\/www.fcbarcelonanoticias.com\/en\/transfers\/mason-greenwood-could-be-on-radar-of-the-fcbarcelona_299383_102.html"},"author":{"name":"Carlos Montenegro","@id":"https:\/\/www.fcbarcelonanoticias.com\/en\/#\/schema\/person\/aa1d038709c262cb247e240f6b39bbf5"},"headline":"Mason Greenwood could be on FC Barcelona&#8217;s radar","datePublished":"2023-12-27T07:52:00+00:00","dateModified":"2023-12-27T08:15:00+00:00","mainEntityOfPage":{"@id":"https:\/\/www.fcbarcelonanoticias.com\/en\/transfers\/mason-greenwood-could-be-on-radar-of-the-fcbarcelona_299383_102.html"},"wordCount":494,"image":{"@id":"https:\/\/www.fcbarcelonanoticias.com\/en\/transfers\/mason-greenwood-could-be-on-radar-of-the-fcbarcelona_299383_102.html#primaryimage"},"thumbnailUrl":"https:\/\/www.fcbarcelonanoticias.com\/en\/wp-content\/uploads\/sites\/2\/2023\/12\/mason-greenwood-gol-1.jpeg","keywords":["Deco","Getafe CF","Joan Laporta","Manchester United","Xavi Hern\u00e1ndez"],"articleSection":["Transfers","Transfers"],"inLanguage":"en-US"},{"@type":"WebPage","@id":"https:\/\/www.fcbarcelonanoticias.com\/en\/transfers\/mason-greenwood-could-be-on-radar-of-the-fcbarcelona_299383_102.html","url":"https:\/\/www.fcbarcelonanoticias.com\/en\/transfers\/mason-greenwood-could-be-on-radar-of-the-fcbarcelona_299383_102.html","name":"Mason Greenwood could be on FC Barcelona's radar","isPartOf":{"@id":"https:\/\/www.fcbarcelonanoticias.com\/en\/#website"},"primaryImageOfPage":{"@id":"https:\/\/www.fcbarcelonanoticias.com\/en\/transfers\/mason-greenwood-could-be-on-radar-of-the-fcbarcelona_299383_102.html#primaryimage"},"image":{"@id":"https:\/\/www.fcbarcelonanoticias.com\/en\/transfers\/mason-greenwood-could-be-on-radar-of-the-fcbarcelona_299383_102.html#primaryimage"},"thumbnailUrl":"https:\/\/www.fcbarcelonanoticias.com\/en\/wp-content\/uploads\/sites\/2\/2023\/12\/mason-greenwood-gol-1.jpeg","datePublished":"2023-12-27T07:52:00+00:00","dateModified":"2023-12-27T08:15:00+00:00","author":{"@id":"https:\/\/www.fcbarcelonanoticias.com\/en\/#\/schema\/person\/aa1d038709c262cb247e240f6b39bbf5"},"description":"The performance on the lawn of Mason Greenwood has remembered to a lot of teams the enormous talent of the English extreme, arriving even to add to the 'radar' of the Bar\u00e7a, although his happened surely keep on being a problem","breadcrumb":{"@id":"https:\/\/www.fcbarcelonanoticias.com\/en\/transfers\/mason-greenwood-could-be-on-radar-of-the-fcbarcelona_299383_102.html#breadcrumb"},"inLanguage":"en-US","potentialAction":[{"@type":"ReadAction","target":["https:\/\/www.fcbarcelonanoticias.com\/en\/transfers\/mason-greenwood-could-be-on-radar-of-the-fcbarcelona_299383_102.html"]}]},{"@type":"ImageObject","inLanguage":"en-US","@id":"https:\/\/www.fcbarcelonanoticias.com\/en\/transfers\/mason-greenwood-could-be-on-radar-of-the-fcbarcelona_299383_102.html#primaryimage","url":"https:\/\/www.fcbarcelonanoticias.com\/en\/wp-content\/uploads\/sites\/2\/2023\/12\/mason-greenwood-gol-1.jpeg","contentUrl":"https:\/\/www.fcbarcelonanoticias.com\/en\/wp-content\/uploads\/sites\/2\/2023\/12\/mason-greenwood-gol-1.jpeg","width":1300,"height":736},{"@type":"BreadcrumbList","@id":"https:\/\/www.fcbarcelonanoticias.com\/en\/transfers\/mason-greenwood-could-be-on-radar-of-the-fcbarcelona_299383_102.html#breadcrumb","itemListElement":[{"@type":"ListItem","position":1,"name":"Portada","item":"https:\/\/www.fcbarcelonanoticias.com\/en\/"},{"@type":"ListItem","position":2,"name":"Mason Greenwood could be on FC Barcelona&#8217;s radar"}]},{"@type":"WebSite","@id":"https:\/\/www.fcbarcelonanoticias.com\/en\/#website","url":"https:\/\/www.fcbarcelonanoticias.com\/en\/","name":"EN - FC Barcelona Noticias","description":"","potentialAction":[{"@type":"SearchAction","target":{"@type":"EntryPoint","urlTemplate":"https:\/\/www.fcbarcelonanoticias.com\/en\/?s={search_term_string}"},"query-input":{"@type":"PropertyValueSpecification","valueRequired":true,"valueName":"search_term_string"}}],"inLanguage":"en-US"},{"@type":"Person","@id":"https:\/\/www.fcbarcelonanoticias.com\/en\/#\/schema\/person\/aa1d038709c262cb247e240f6b39bbf5","name":"Carlos Montenegro","image":{"@type":"ImageObject","inLanguage":"en-US","@id":"https:\/\/secure.gravatar.com\/avatar\/?s=96&d=mm&r=g","url":"https:\/\/secure.gravatar.com\/avatar\/?s=96&d=mm&r=g","contentUrl":"https:\/\/secure.gravatar.com\/avatar\/?s=96&d=mm&r=g","caption":"Carlos Montenegro"},"url":"https:\/\/www.fcbarcelonanoticias.com\/en\/carlos-montenegro_20_115.html"}]}},"_links":{"self":[{"href":"https:\/\/www.fcbarcelonanoticias.com\/en\/wp-json\/wp\/v2\/posts\/132899","targetHints":{"allow":["GET"]}}],"collection":[{"href":"https:\/\/www.fcbarcelonanoticias.com\/en\/wp-json\/wp\/v2\/posts"}],"about":[{"href":"https:\/\/www.fcbarcelonanoticias.com\/en\/wp-json\/wp\/v2\/types\/post"}],"author":[{"embeddable":true,"href":"https:\/\/www.fcbarcelonanoticias.com\/en\/wp-json\/wp\/v2\/users\/345"}],"replies":[{"embeddable":true,"href":"https:\/\/www.fcbarcelonanoticias.com\/en\/wp-json\/wp\/v2\/comments?post=132899"}],"version-history":[{"count":1,"href":"https:\/\/www.fcbarcelonanoticias.com\/en\/wp-json\/wp\/v2\/posts\/132899\/revisions"}],"predecessor-version":[{"id":152741,"href":"https:\/\/www.fcbarcelonanoticias.com\/en\/wp-json\/wp\/v2\/posts\/132899\/revisions\/152741"}],"wp:featuredmedia":[{"embeddable":true,"href":"https:\/\/www.fcbarcelonanoticias.com\/en\/wp-json\/wp\/v2\/media\/132904"}],"wp:attachment":[{"href":"https:\/\/www.fcbarcelonanoticias.com\/en\/wp-json\/wp\/v2\/media?parent=132899"}],"wp:term":[{"taxonomy":"category","embeddable":true,"href":"https:\/\/www.fcbarcelonanoticias.com\/en\/wp-json\/wp\/v2\/categories?post=132899"},{"taxonomy":"post_tag","embeddable":true,"href":"https:\/\/www.fcbarcelonanoticias.com\/en\/wp-json\/wp\/v2\/tags?post=132899"}],"curies":[{"name":"wp","href":"https:\/\/api.w.org\/{rel}","templated":true}]}}