{"id":132944,"date":"2025-04-05T03:15:00","date_gmt":"2025-04-05T01:15:00","guid":{"rendered":"https:\/\/weisetech.dev\/fc-barcelona-noticias\/en\/real-sociedad-insists-on-eric-garcia-will-barcelona-let-him-go_311966_102\/"},"modified":"2025-04-05T03:15:00","modified_gmt":"2025-04-05T01:15:00","slug":"real-sociedad-insists-on-eric-garcia-will-barcelona-let-him-go_311966_102","status":"publish","type":"post","link":"https:\/\/www.fcbarcelonanoticias.com\/en\/transfers\/real-sociedad-insists-on-eric-garcia-will-barcelona-let-him-go_311966_102.html","title":{"rendered":"Real Sociedad insists on Eric Garc\u00eda: Will Bar\u00e7a let him go?"},"content":{"rendered":"<h2 class=\"wp-block-heading\">Eric Garc\u00eda has several suitors in LaLiga: What plans does Bar\u00e7a have?<\/h2>  \r\n<div class=\"article-addons\">\r\n    <a href=\"https:\/\/www.fcbarcelonanoticias.com\/en\/calendar-fc-barcelona.html\"\r\n       target=\"_self\"\r\n       title=\"Calendar of FC Barcelona\"\r\n       class=\"blue-gredient-btn\">\r\n       \r\n        Calendar of FC Barcelona    <\/a>\r\n<\/div>   <p>Real Sociedad seems determined to double down on their bet for Eric Garc\u00eda. <strong>The &#8216;txuri urdines&#8217; know that the defender has no place in the team next season<\/strong>, beyond the trust that Hansi Flick has placed in him to cover some significant absences in the center of defense and in the pivot position. Moreover, the Catalans need to raise funds in the upcoming market.<\/p>  <p>Bar\u00e7a is currently open to negotiating the departure of the 24-year-old player. Although he has had minutes this season due to injuries to other teammates, his role in the team is not a priority. <strong>The coaching staff values his versatility as a center-back and pivot<\/strong>, but internal competition and the club&#8217;s plans to strengthen other positions make his continuity uncertain.<\/p>  <h2>Real Sociedad and Girona press for Eric Garc\u00eda<\/h2>  <p>In this sense, <strong>the club has set an exit price close to 10 million euros, although some sources mention figures of up to 15 &#8216;kilos&#8217;<\/strong> depending on negotiations. In the case of Real, the Donostiarras have had many problems covering the absence of Robin Le Normand, and the &#8217;24&#8217; from Bar\u00e7a is the preferred choice of coach Imanol Alguacil for this position.<\/p>  <p>Moreover, <strong>doubts about the continuity of Nayef Aguerd<\/strong> also prompt the Real board to move quickly in search of another center-back. Girona has been the club that, since last summer, has pursued the signing of Eric with the most insistence. M\u00edchel wanted to bring him back in the last two markets, but Bar\u00e7a refused to listen to offers, first due to the absence of Ronald Araujo and later at Flick&#8217;s express request.<\/p>  <p>However, looking ahead to the summer, <a data-external=\"0\" data-intl-links-en=\"https:\/\/www.fcbarcelonanoticias.com\/en\/transfers\/jonathan-tah-urges-barca-he-wants-to-resolve-his-future-as-soon-as-possible_311876_102.html\" data-intl-links-es=\"https:\/\/www.fcbarcelonanoticias.com\/fichajes\/jonathan-tah-mete-prisa-barca-quiere-resolver-su-futuro-cuanto-antes_311876_102.html\" href=\"https:\/\/www.fcbarcelonanoticias.com\/en\/transfers\/jonathan-tah-urges-barca-he-wants-to-resolve-his-future-as-soon-as-possible_311876_102.html\" rel=\"follow\" target=\"_self\" title=\"Jonathan Tah urges Bar\u00e7a: wants to resolve his future as soon as possible\">the possible arrival of Jonathan Tah to the cul\u00e9 defense<\/a>, along with the return of Marc Bernal to the midfield, leaves him without a place in the squad even if Andreas Christensen also packs his bags in the summer. In any case, Bar\u00e7a will wait for offers starting in July and renewing the contract of the 24-year-old player is not ruled out, as there is no intention to let him go for free in 2026.<\/p> ","protected":false},"excerpt":{"rendered":"<p>Eric Garc\u00eda has several suitors in LaLiga: What plans does Bar\u00e7a have? Real Sociedad seems determined to double down on their bet for Eric Garc\u00eda. The &#8216;txuri urdines&#8217; know that the defender has no place in the team next season, beyond the trust that Hansi Flick has placed in him to cover some significant absences [&hellip;]<\/p>\n","protected":false},"author":347,"featured_media":132946,"comment_status":"closed","ping_status":"open","sticky":false,"template":"","format":"standard","meta":{"_acf_changed":false,"inline_featured_image":false,"_nextfly_llmd_date_locked":false,"footnotes":""},"categories":[106,449],"tags":[],"class_list":["post-132944","post","type-post","status-publish","format-standard","has-post-thumbnail","hentry","category-transfers","category-transfers-2"],"acf":[],"yoast_head":"<!-- This site is optimized with the Yoast SEO plugin v27.3 - https:\/\/yoast.com\/product\/yoast-seo-wordpress\/ -->\n<title>Real Sociedad insists on Eric Garc\u00eda: Will Bar\u00e7a let him go?<\/title>\n<meta name=\"description\" content=\"Eric Garc\u00eda has several suitors in LaLiga: What plans does Bar\u00e7a have?\" \/>\n<meta name=\"robots\" content=\"index, follow, max-snippet:-1, max-image-preview:large, max-video-preview:-1\" \/>\n<link rel=\"canonical\" href=\"https:\/\/www.fcbarcelonanoticias.com\/en\/transfers\/real-sociedad-insists-on-eric-garcia-will-barcelona-let-him-go_311966_102.html\" \/>\n<meta property=\"og:locale\" content=\"en_US\" \/>\n<meta property=\"og:type\" content=\"article\" \/>\n<meta property=\"og:title\" content=\"Real Sociedad insists on Eric Garc\u00eda: Will Bar\u00e7a let him go?\" \/>\n<meta property=\"og:description\" content=\"Eric Garc\u00eda has several suitors in LaLiga: What plans does Bar\u00e7a have?\" \/>\n<meta property=\"og:url\" content=\"https:\/\/www.fcbarcelonanoticias.com\/en\/transfers\/real-sociedad-insists-on-eric-garcia-will-barcelona-let-him-go_311966_102.html\" \/>\n<meta property=\"og:site_name\" content=\"EN - FC Barcelona Noticias\" \/>\n<meta property=\"article:published_time\" content=\"2025-04-05T01:15:00+00:00\" \/>\n<meta property=\"og:image\" content=\"https:\/\/www.fcbarcelonanoticias.com\/en\/wp-content\/uploads\/sites\/2\/2025\/04\/eric-garcia-fc-barcelona.webp\" \/>\n\t<meta property=\"og:image:width\" content=\"1200\" \/>\n\t<meta property=\"og:image:height\" content=\"675\" \/>\n\t<meta property=\"og:image:type\" content=\"image\/webp\" \/>\n<meta name=\"author\" content=\"Andr\u00e9s Quiroz\" \/>\n<meta name=\"twitter:card\" content=\"summary_large_image\" \/>\n<meta name=\"twitter:label1\" content=\"Written by\" \/>\n\t<meta name=\"twitter:data1\" content=\"Andr\u00e9s Quiroz\" \/>\n\t<meta name=\"twitter:label2\" content=\"Est. reading time\" \/>\n\t<meta name=\"twitter:data2\" content=\"2 minutes\" \/>\n<script type=\"application\/ld+json\" class=\"yoast-schema-graph\">{\"@context\":\"https:\\\/\\\/schema.org\",\"@graph\":[{\"@type\":\"Article\",\"@id\":\"https:\\\/\\\/www.fcbarcelonanoticias.com\\\/en\\\/transfers\\\/real-sociedad-insists-on-eric-garcia-will-barcelona-let-him-go_311966_102.html#article\",\"isPartOf\":{\"@id\":\"https:\\\/\\\/www.fcbarcelonanoticias.com\\\/en\\\/transfers\\\/real-sociedad-insists-on-eric-garcia-will-barcelona-let-him-go_311966_102.html\"},\"author\":{\"name\":\"Andr\u00e9s Quiroz\",\"@id\":\"https:\\\/\\\/www.fcbarcelonanoticias.com\\\/en\\\/#\\\/schema\\\/person\\\/c2cd9f6fa1af5c0d0eccd0fefa575c88\"},\"headline\":\"Real Sociedad insists on Eric Garc\u00eda: Will Bar\u00e7a let him go?\",\"datePublished\":\"2025-04-05T01:15:00+00:00\",\"mainEntityOfPage\":{\"@id\":\"https:\\\/\\\/www.fcbarcelonanoticias.com\\\/en\\\/transfers\\\/real-sociedad-insists-on-eric-garcia-will-barcelona-let-him-go_311966_102.html\"},\"wordCount\":379,\"image\":{\"@id\":\"https:\\\/\\\/www.fcbarcelonanoticias.com\\\/en\\\/transfers\\\/real-sociedad-insists-on-eric-garcia-will-barcelona-let-him-go_311966_102.html#primaryimage\"},\"thumbnailUrl\":\"https:\\\/\\\/www.fcbarcelonanoticias.com\\\/en\\\/wp-content\\\/uploads\\\/sites\\\/2\\\/2025\\\/04\\\/eric-garcia-fc-barcelona.webp\",\"articleSection\":[\"Transfers\",\"Transfers\"],\"inLanguage\":\"en-US\"},{\"@type\":\"WebPage\",\"@id\":\"https:\\\/\\\/www.fcbarcelonanoticias.com\\\/en\\\/transfers\\\/real-sociedad-insists-on-eric-garcia-will-barcelona-let-him-go_311966_102.html\",\"url\":\"https:\\\/\\\/www.fcbarcelonanoticias.com\\\/en\\\/transfers\\\/real-sociedad-insists-on-eric-garcia-will-barcelona-let-him-go_311966_102.html\",\"name\":\"Real Sociedad insists on Eric Garc\u00eda: Will Bar\u00e7a let him go?\",\"isPartOf\":{\"@id\":\"https:\\\/\\\/www.fcbarcelonanoticias.com\\\/en\\\/#website\"},\"primaryImageOfPage\":{\"@id\":\"https:\\\/\\\/www.fcbarcelonanoticias.com\\\/en\\\/transfers\\\/real-sociedad-insists-on-eric-garcia-will-barcelona-let-him-go_311966_102.html#primaryimage\"},\"image\":{\"@id\":\"https:\\\/\\\/www.fcbarcelonanoticias.com\\\/en\\\/transfers\\\/real-sociedad-insists-on-eric-garcia-will-barcelona-let-him-go_311966_102.html#primaryimage\"},\"thumbnailUrl\":\"https:\\\/\\\/www.fcbarcelonanoticias.com\\\/en\\\/wp-content\\\/uploads\\\/sites\\\/2\\\/2025\\\/04\\\/eric-garcia-fc-barcelona.webp\",\"datePublished\":\"2025-04-05T01:15:00+00:00\",\"author\":{\"@id\":\"https:\\\/\\\/www.fcbarcelonanoticias.com\\\/en\\\/#\\\/schema\\\/person\\\/c2cd9f6fa1af5c0d0eccd0fefa575c88\"},\"description\":\"Eric Garc\u00eda has several suitors in LaLiga: What plans does Bar\u00e7a have?\",\"breadcrumb\":{\"@id\":\"https:\\\/\\\/www.fcbarcelonanoticias.com\\\/en\\\/transfers\\\/real-sociedad-insists-on-eric-garcia-will-barcelona-let-him-go_311966_102.html#breadcrumb\"},\"inLanguage\":\"en-US\",\"potentialAction\":[{\"@type\":\"ReadAction\",\"target\":[\"https:\\\/\\\/www.fcbarcelonanoticias.com\\\/en\\\/transfers\\\/real-sociedad-insists-on-eric-garcia-will-barcelona-let-him-go_311966_102.html\"]}]},{\"@type\":\"ImageObject\",\"inLanguage\":\"en-US\",\"@id\":\"https:\\\/\\\/www.fcbarcelonanoticias.com\\\/en\\\/transfers\\\/real-sociedad-insists-on-eric-garcia-will-barcelona-let-him-go_311966_102.html#primaryimage\",\"url\":\"https:\\\/\\\/www.fcbarcelonanoticias.com\\\/en\\\/wp-content\\\/uploads\\\/sites\\\/2\\\/2025\\\/04\\\/eric-garcia-fc-barcelona.webp\",\"contentUrl\":\"https:\\\/\\\/www.fcbarcelonanoticias.com\\\/en\\\/wp-content\\\/uploads\\\/sites\\\/2\\\/2025\\\/04\\\/eric-garcia-fc-barcelona.webp\",\"width\":1200,\"height\":675},{\"@type\":\"BreadcrumbList\",\"@id\":\"https:\\\/\\\/www.fcbarcelonanoticias.com\\\/en\\\/transfers\\\/real-sociedad-insists-on-eric-garcia-will-barcelona-let-him-go_311966_102.html#breadcrumb\",\"itemListElement\":[{\"@type\":\"ListItem\",\"position\":1,\"name\":\"Portada\",\"item\":\"https:\\\/\\\/www.fcbarcelonanoticias.com\\\/en\\\/\"},{\"@type\":\"ListItem\",\"position\":2,\"name\":\"Real Sociedad insists on Eric Garc\u00eda: Will Bar\u00e7a let him go?\"}]},{\"@type\":\"WebSite\",\"@id\":\"https:\\\/\\\/www.fcbarcelonanoticias.com\\\/en\\\/#website\",\"url\":\"https:\\\/\\\/www.fcbarcelonanoticias.com\\\/en\\\/\",\"name\":\"EN - FC Barcelona Noticias\",\"description\":\"\",\"potentialAction\":[{\"@type\":\"SearchAction\",\"target\":{\"@type\":\"EntryPoint\",\"urlTemplate\":\"https:\\\/\\\/www.fcbarcelonanoticias.com\\\/en\\\/?s={search_term_string}\"},\"query-input\":{\"@type\":\"PropertyValueSpecification\",\"valueRequired\":true,\"valueName\":\"search_term_string\"}}],\"inLanguage\":\"en-US\"},{\"@type\":\"Person\",\"@id\":\"https:\\\/\\\/www.fcbarcelonanoticias.com\\\/en\\\/#\\\/schema\\\/person\\\/c2cd9f6fa1af5c0d0eccd0fefa575c88\",\"name\":\"Andr\u00e9s Quiroz\",\"image\":{\"@type\":\"ImageObject\",\"inLanguage\":\"en-US\",\"@id\":\"https:\\\/\\\/secure.gravatar.com\\\/avatar\\\/?s=96&d=mm&r=g\",\"url\":\"https:\\\/\\\/secure.gravatar.com\\\/avatar\\\/?s=96&d=mm&r=g\",\"contentUrl\":\"https:\\\/\\\/secure.gravatar.com\\\/avatar\\\/?s=96&d=mm&r=g\",\"caption\":\"Andr\u00e9s Quiroz\"},\"description\":\"Licenciado en Periodismo por la Universidad de los Andes. Me encargo de analizar y compartir los contenidos m\u00e1s destacados de la\u00a0actualidad del F\u00fatbol Club Barcelona, Mercado de Fichajes y F\u00fatbol Internacional en FCBN. La informaci\u00f3n es poder, pero tambi\u00e9n conocimiento.\",\"url\":\"https:\\\/\\\/www.fcbarcelonanoticias.com\\\/en\\\/fc-barcelona\\\/andres-quiroz_17_115.html\"}]}<\/script>\n<!-- \/ Yoast SEO plugin. -->","yoast_head_json":{"title":"Real Sociedad insists on Eric Garc\u00eda: Will Bar\u00e7a let him go?","description":"Eric Garc\u00eda has several suitors in LaLiga: What plans does Bar\u00e7a have?","robots":{"index":"index","follow":"follow","max-snippet":"max-snippet:-1","max-image-preview":"max-image-preview:large","max-video-preview":"max-video-preview:-1"},"canonical":"https:\/\/www.fcbarcelonanoticias.com\/en\/transfers\/real-sociedad-insists-on-eric-garcia-will-barcelona-let-him-go_311966_102.html","og_locale":"en_US","og_type":"article","og_title":"Real Sociedad insists on Eric Garc\u00eda: Will Bar\u00e7a let him go?","og_description":"Eric Garc\u00eda has several suitors in LaLiga: What plans does Bar\u00e7a have?","og_url":"https:\/\/www.fcbarcelonanoticias.com\/en\/transfers\/real-sociedad-insists-on-eric-garcia-will-barcelona-let-him-go_311966_102.html","og_site_name":"EN - FC Barcelona Noticias","article_published_time":"2025-04-05T01:15:00+00:00","og_image":[{"width":1200,"height":675,"url":"https:\/\/www.fcbarcelonanoticias.com\/en\/wp-content\/uploads\/sites\/2\/2025\/04\/eric-garcia-fc-barcelona.webp","type":"image\/webp"}],"author":"Andr\u00e9s Quiroz","twitter_card":"summary_large_image","twitter_misc":{"Written by":"Andr\u00e9s Quiroz","Est. reading time":"2 minutes"},"schema":{"@context":"https:\/\/schema.org","@graph":[{"@type":"Article","@id":"https:\/\/www.fcbarcelonanoticias.com\/en\/transfers\/real-sociedad-insists-on-eric-garcia-will-barcelona-let-him-go_311966_102.html#article","isPartOf":{"@id":"https:\/\/www.fcbarcelonanoticias.com\/en\/transfers\/real-sociedad-insists-on-eric-garcia-will-barcelona-let-him-go_311966_102.html"},"author":{"name":"Andr\u00e9s Quiroz","@id":"https:\/\/www.fcbarcelonanoticias.com\/en\/#\/schema\/person\/c2cd9f6fa1af5c0d0eccd0fefa575c88"},"headline":"Real Sociedad insists on Eric Garc\u00eda: Will Bar\u00e7a let him go?","datePublished":"2025-04-05T01:15:00+00:00","mainEntityOfPage":{"@id":"https:\/\/www.fcbarcelonanoticias.com\/en\/transfers\/real-sociedad-insists-on-eric-garcia-will-barcelona-let-him-go_311966_102.html"},"wordCount":379,"image":{"@id":"https:\/\/www.fcbarcelonanoticias.com\/en\/transfers\/real-sociedad-insists-on-eric-garcia-will-barcelona-let-him-go_311966_102.html#primaryimage"},"thumbnailUrl":"https:\/\/www.fcbarcelonanoticias.com\/en\/wp-content\/uploads\/sites\/2\/2025\/04\/eric-garcia-fc-barcelona.webp","articleSection":["Transfers","Transfers"],"inLanguage":"en-US"},{"@type":"WebPage","@id":"https:\/\/www.fcbarcelonanoticias.com\/en\/transfers\/real-sociedad-insists-on-eric-garcia-will-barcelona-let-him-go_311966_102.html","url":"https:\/\/www.fcbarcelonanoticias.com\/en\/transfers\/real-sociedad-insists-on-eric-garcia-will-barcelona-let-him-go_311966_102.html","name":"Real Sociedad insists on Eric Garc\u00eda: Will Bar\u00e7a let him go?","isPartOf":{"@id":"https:\/\/www.fcbarcelonanoticias.com\/en\/#website"},"primaryImageOfPage":{"@id":"https:\/\/www.fcbarcelonanoticias.com\/en\/transfers\/real-sociedad-insists-on-eric-garcia-will-barcelona-let-him-go_311966_102.html#primaryimage"},"image":{"@id":"https:\/\/www.fcbarcelonanoticias.com\/en\/transfers\/real-sociedad-insists-on-eric-garcia-will-barcelona-let-him-go_311966_102.html#primaryimage"},"thumbnailUrl":"https:\/\/www.fcbarcelonanoticias.com\/en\/wp-content\/uploads\/sites\/2\/2025\/04\/eric-garcia-fc-barcelona.webp","datePublished":"2025-04-05T01:15:00+00:00","author":{"@id":"https:\/\/www.fcbarcelonanoticias.com\/en\/#\/schema\/person\/c2cd9f6fa1af5c0d0eccd0fefa575c88"},"description":"Eric Garc\u00eda has several suitors in LaLiga: What plans does Bar\u00e7a have?","breadcrumb":{"@id":"https:\/\/www.fcbarcelonanoticias.com\/en\/transfers\/real-sociedad-insists-on-eric-garcia-will-barcelona-let-him-go_311966_102.html#breadcrumb"},"inLanguage":"en-US","potentialAction":[{"@type":"ReadAction","target":["https:\/\/www.fcbarcelonanoticias.com\/en\/transfers\/real-sociedad-insists-on-eric-garcia-will-barcelona-let-him-go_311966_102.html"]}]},{"@type":"ImageObject","inLanguage":"en-US","@id":"https:\/\/www.fcbarcelonanoticias.com\/en\/transfers\/real-sociedad-insists-on-eric-garcia-will-barcelona-let-him-go_311966_102.html#primaryimage","url":"https:\/\/www.fcbarcelonanoticias.com\/en\/wp-content\/uploads\/sites\/2\/2025\/04\/eric-garcia-fc-barcelona.webp","contentUrl":"https:\/\/www.fcbarcelonanoticias.com\/en\/wp-content\/uploads\/sites\/2\/2025\/04\/eric-garcia-fc-barcelona.webp","width":1200,"height":675},{"@type":"BreadcrumbList","@id":"https:\/\/www.fcbarcelonanoticias.com\/en\/transfers\/real-sociedad-insists-on-eric-garcia-will-barcelona-let-him-go_311966_102.html#breadcrumb","itemListElement":[{"@type":"ListItem","position":1,"name":"Portada","item":"https:\/\/www.fcbarcelonanoticias.com\/en\/"},{"@type":"ListItem","position":2,"name":"Real Sociedad insists on Eric Garc\u00eda: Will Bar\u00e7a let him go?"}]},{"@type":"WebSite","@id":"https:\/\/www.fcbarcelonanoticias.com\/en\/#website","url":"https:\/\/www.fcbarcelonanoticias.com\/en\/","name":"EN - FC Barcelona Noticias","description":"","potentialAction":[{"@type":"SearchAction","target":{"@type":"EntryPoint","urlTemplate":"https:\/\/www.fcbarcelonanoticias.com\/en\/?s={search_term_string}"},"query-input":{"@type":"PropertyValueSpecification","valueRequired":true,"valueName":"search_term_string"}}],"inLanguage":"en-US"},{"@type":"Person","@id":"https:\/\/www.fcbarcelonanoticias.com\/en\/#\/schema\/person\/c2cd9f6fa1af5c0d0eccd0fefa575c88","name":"Andr\u00e9s Quiroz","image":{"@type":"ImageObject","inLanguage":"en-US","@id":"https:\/\/secure.gravatar.com\/avatar\/?s=96&d=mm&r=g","url":"https:\/\/secure.gravatar.com\/avatar\/?s=96&d=mm&r=g","contentUrl":"https:\/\/secure.gravatar.com\/avatar\/?s=96&d=mm&r=g","caption":"Andr\u00e9s Quiroz"},"description":"Licenciado en Periodismo por la Universidad de los Andes. Me encargo de analizar y compartir los contenidos m\u00e1s destacados de la\u00a0actualidad del F\u00fatbol Club Barcelona, Mercado de Fichajes y F\u00fatbol Internacional en FCBN. La informaci\u00f3n es poder, pero tambi\u00e9n conocimiento.","url":"https:\/\/www.fcbarcelonanoticias.com\/en\/fc-barcelona\/andres-quiroz_17_115.html"}]}},"_links":{"self":[{"href":"https:\/\/www.fcbarcelonanoticias.com\/en\/wp-json\/wp\/v2\/posts\/132944","targetHints":{"allow":["GET"]}}],"collection":[{"href":"https:\/\/www.fcbarcelonanoticias.com\/en\/wp-json\/wp\/v2\/posts"}],"about":[{"href":"https:\/\/www.fcbarcelonanoticias.com\/en\/wp-json\/wp\/v2\/types\/post"}],"author":[{"embeddable":true,"href":"https:\/\/www.fcbarcelonanoticias.com\/en\/wp-json\/wp\/v2\/users\/347"}],"replies":[{"embeddable":true,"href":"https:\/\/www.fcbarcelonanoticias.com\/en\/wp-json\/wp\/v2\/comments?post=132944"}],"version-history":[{"count":1,"href":"https:\/\/www.fcbarcelonanoticias.com\/en\/wp-json\/wp\/v2\/posts\/132944\/revisions"}],"predecessor-version":[{"id":153000,"href":"https:\/\/www.fcbarcelonanoticias.com\/en\/wp-json\/wp\/v2\/posts\/132944\/revisions\/153000"}],"wp:featuredmedia":[{"embeddable":true,"href":"https:\/\/www.fcbarcelonanoticias.com\/en\/wp-json\/wp\/v2\/media\/132946"}],"wp:attachment":[{"href":"https:\/\/www.fcbarcelonanoticias.com\/en\/wp-json\/wp\/v2\/media?parent=132944"}],"wp:term":[{"taxonomy":"category","embeddable":true,"href":"https:\/\/www.fcbarcelonanoticias.com\/en\/wp-json\/wp\/v2\/categories?post=132944"},{"taxonomy":"post_tag","embeddable":true,"href":"https:\/\/www.fcbarcelonanoticias.com\/en\/wp-json\/wp\/v2\/tags?post=132944"}],"curies":[{"name":"wp","href":"https:\/\/api.w.org\/{rel}","templated":true}]}}