{"id":132980,"date":"2022-05-06T10:30:00","date_gmt":"2022-05-06T08:30:00","guid":{"rendered":"https:\/\/weisetech.dev\/fc-barcelona-noticias\/en\/reasons-for-javi-galan-walks-away-barcelona_280035_102\/"},"modified":"2022-05-06T10:30:00","modified_gmt":"2022-05-06T08:30:00","slug":"reasons-for-javi-galan-walks-away-barcelona_280035_102","status":"publish","type":"post","link":"https:\/\/www.fcbarcelonanoticias.com\/en\/transfers\/reasons-for-javi-galan-walks-away-barcelona_280035_102.html","title":{"rendered":"The reasons why Javi Gal\u00e1n walks away from Bar\u00e7a"},"content":{"rendered":"<h2 class=\"wp-block-heading\">FC Barcelona wants to strengthen the position of the left back with Javi Gal\u00e1n. However, there are several details that could be a major obstacle in the operation<\/h2>  \r\n<div class=\"article-addons\">\r\n    <a href=\"https:\/\/www.fcbarcelonanoticias.com\/en\/calendar-fc-barcelona.html\"\r\n       target=\"_self\"\r\n       title=\"Calendar of FC Barcelona\"\r\n       class=\"blue-gredient-btn\">\r\n       \r\n        Calendar of FC Barcelona    <\/a>\r\n<\/div>   <p>The Bar\u00e7a continues looking for a left side that bring competition to the staff. In spite of that the performance of Jordi Alba has been correct,<strong> the true is that it does not have a natural spare of guarantees inside the first team<\/strong>, something that concerns to a large extent to Xavi Hern\u00e1ndez, as it is an exposed flank in case that the one of L&#8217;Hospitalet de Llobregat have to ausentarse.<\/p>  <p>The directive has evaluated to several candidates for the place, and one of them is <a data-external=\"0\" data-intl-links-en=\"https:\/\/www.fcbarcelonanoticias.com\/en\/tags\/celtic-of-vigo\" data-intl-links-es=\"https:\/\/www.fcbarcelonanoticias.com\/tags\/celta-de-vigo\" href=\"https:\/\/www.fcbarcelonanoticias.com\/en\/tags\/celtic-of-vigo.html\" rel=\"follow\" target=\"_self\" title=\"Celta de Vigo\">Javi Gal\u00e1n<\/a>, the footballer of the Celtic of Vigo. His surroundings knows the interest of the Barcelona and has kept the contacts, <strong>but exist several problems that could frustrate his landing in the Camp Nou<\/strong>. The defender has several beaux, so much in League as in the Premier, in addition to having a clause of rescission that is not attractive for the cul\u00e9s.<\/p>  <p>With 27 years and an agreement until 2026, Gal\u00e1n is one of the most sought-after sides of the Spanish football by the projection that has showed since salio of C\u00f3rdoba, <strong>what has won him a place in the diary of the Seville<\/strong>. Monchi, sportive director of the Andalusian group, is working in ficharle, since it recognises that it is an active important and that the club celti\u00f1a is seller.<\/p>  <p>Added to this,<strong> the clause of exit of the of Badajoz is of 18 million euros<\/strong>, a price that nowadays the Barcelona would not be had to pay by a different player to Jos\u00e9 Luis Gay\u00e0. Besides,<strong> the Galicians do not contemplate to receive players as &#8216;coin of change&#8217;<\/strong>, by what Riqui Puig and Martin Braithwaite could not be included in the operation to lighten his cost.<\/p>  <h3>Other options<\/h3>  <p>With Gay\u00e0 practically descartado and Gal\u00e1n complicating increasingly, <strong>the barcelonistas will have to resort to other alternatives to solve his defensive lacks<\/strong>. <a data-external=\"0\" data-intl-links-en=\"https:\/\/www.fcbarcelonanoticias.com\/en\/tags\/benfica\" data-intl-links-es=\"https:\/\/www.fcbarcelonanoticias.com\/tags\/benfica\" href=\"https:\/\/www.fcbarcelonanoticias.com\/en\/tags\/benfica.html\" rel=\"follow\" target=\"_self\" title=\"Benfica\">Alejandro Grimaldo<\/a> is in the &#8216;orbit&#8217; Barcelona and could go out in summer, since the Benfica does not want to see him leave free in 2023. Adri\u00e0 Pedrosa, of the Espanyol, also is underlined in the list of the FC Barcelona to the equal that \u00c1lex Moreno and Nicol\u00e1s Tagliafico. It will be necessary to see which will be the decision of Xavi and Mateu Alemany during the market estival.<\/p> ","protected":false},"excerpt":{"rendered":"<p>FC Barcelona wants to strengthen the position of the left back with Javi Gal\u00e1n. However, there are several details that could be a major obstacle in the operation The Bar\u00e7a continues looking for a left side that bring competition to the staff. In spite of that the performance of Jordi Alba has been correct, the [&hellip;]<\/p>\n","protected":false},"author":373,"featured_media":132983,"comment_status":"closed","ping_status":"open","sticky":false,"template":"","format":"standard","meta":{"_acf_changed":false,"inline_featured_image":false,"_nextfly_llmd_date_locked":false,"footnotes":""},"categories":[449,106],"tags":[71,346],"class_list":["post-132980","post","type-post","status-publish","format-standard","has-post-thumbnail","hentry","category-transfers-2","category-transfers","tag-celtic-of-vigo","tag-riqui-puig"],"acf":[],"yoast_head":"<!-- This site is optimized with the Yoast SEO plugin v27.3 - https:\/\/yoast.com\/product\/yoast-seo-wordpress\/ -->\n<title>The reasons why Javi Gal\u00e1n walks aways from Bar\u00e7a<\/title>\n<meta name=\"description\" content=\"FC Barcelona wants to strengthen the position of the left back with Javi Gal\u00e1n. However, there are several details that could be a major obstacle in the operation\" \/>\n<meta name=\"robots\" content=\"index, follow, max-snippet:-1, max-image-preview:large, max-video-preview:-1\" \/>\n<link rel=\"canonical\" href=\"https:\/\/www.fcbarcelonanoticias.com\/en\/transfers\/reasons-for-javi-galan-walks-away-barcelona_280035_102.html\" \/>\n<meta property=\"og:locale\" content=\"en_US\" \/>\n<meta property=\"og:type\" content=\"article\" \/>\n<meta property=\"og:title\" content=\"The reasons why Javi Gal\u00e1n walks aways from Bar\u00e7a\" \/>\n<meta property=\"og:description\" content=\"FC Barcelona wants to strengthen the position of the left back with Javi Gal\u00e1n. However, there are several details that could be a major obstacle in the operation\" \/>\n<meta property=\"og:url\" content=\"https:\/\/www.fcbarcelonanoticias.com\/en\/transfers\/reasons-for-javi-galan-walks-away-barcelona_280035_102.html\" \/>\n<meta property=\"og:site_name\" content=\"EN - FC Barcelona Noticias\" \/>\n<meta property=\"article:published_time\" content=\"2022-05-06T08:30:00+00:00\" \/>\n<meta property=\"og:image\" content=\"https:\/\/www.fcbarcelonanoticias.com\/en\/wp-content\/uploads\/sites\/2\/2022\/05\/javi-galan-con-el-celta.jpeg\" \/>\n\t<meta property=\"og:image:width\" content=\"1300\" \/>\n\t<meta property=\"og:image:height\" content=\"738\" \/>\n\t<meta property=\"og:image:type\" content=\"image\/jpeg\" \/>\n<meta name=\"author\" content=\"user_4029\" \/>\n<meta name=\"twitter:card\" content=\"summary_large_image\" \/>\n<meta name=\"twitter:label1\" content=\"Written by\" \/>\n\t<meta name=\"twitter:data1\" content=\"user_4029\" \/>\n\t<meta name=\"twitter:label2\" content=\"Est. reading time\" \/>\n\t<meta name=\"twitter:data2\" content=\"2 minutes\" \/>\n<script type=\"application\/ld+json\" class=\"yoast-schema-graph\">{\"@context\":\"https:\\\/\\\/schema.org\",\"@graph\":[{\"@type\":\"Article\",\"@id\":\"https:\\\/\\\/www.fcbarcelonanoticias.com\\\/en\\\/transfers\\\/reasons-for-javi-galan-walks-away-barcelona_280035_102.html#article\",\"isPartOf\":{\"@id\":\"https:\\\/\\\/www.fcbarcelonanoticias.com\\\/en\\\/transfers\\\/reasons-for-javi-galan-walks-away-barcelona_280035_102.html\"},\"author\":{\"name\":\"user_4029\",\"@id\":\"https:\\\/\\\/www.fcbarcelonanoticias.com\\\/en\\\/#\\\/schema\\\/person\\\/f97222962be11bcd88654b5590bd661d\"},\"headline\":\"The reasons why Javi Gal\u00e1n walks away from Bar\u00e7a\",\"datePublished\":\"2022-05-06T08:30:00+00:00\",\"mainEntityOfPage\":{\"@id\":\"https:\\\/\\\/www.fcbarcelonanoticias.com\\\/en\\\/transfers\\\/reasons-for-javi-galan-walks-away-barcelona_280035_102.html\"},\"wordCount\":425,\"image\":{\"@id\":\"https:\\\/\\\/www.fcbarcelonanoticias.com\\\/en\\\/transfers\\\/reasons-for-javi-galan-walks-away-barcelona_280035_102.html#primaryimage\"},\"thumbnailUrl\":\"https:\\\/\\\/www.fcbarcelonanoticias.com\\\/en\\\/wp-content\\\/uploads\\\/sites\\\/2\\\/2022\\\/05\\\/javi-galan-con-el-celta.jpeg\",\"keywords\":[\"Celtic of Vigo\",\"Riqui Puig\"],\"articleSection\":[\"Transfers\",\"Transfers\"],\"inLanguage\":\"en-US\"},{\"@type\":\"WebPage\",\"@id\":\"https:\\\/\\\/www.fcbarcelonanoticias.com\\\/en\\\/transfers\\\/reasons-for-javi-galan-walks-away-barcelona_280035_102.html\",\"url\":\"https:\\\/\\\/www.fcbarcelonanoticias.com\\\/en\\\/transfers\\\/reasons-for-javi-galan-walks-away-barcelona_280035_102.html\",\"name\":\"The reasons why Javi Gal\u00e1n walks aways from Bar\u00e7a\",\"isPartOf\":{\"@id\":\"https:\\\/\\\/www.fcbarcelonanoticias.com\\\/en\\\/#website\"},\"primaryImageOfPage\":{\"@id\":\"https:\\\/\\\/www.fcbarcelonanoticias.com\\\/en\\\/transfers\\\/reasons-for-javi-galan-walks-away-barcelona_280035_102.html#primaryimage\"},\"image\":{\"@id\":\"https:\\\/\\\/www.fcbarcelonanoticias.com\\\/en\\\/transfers\\\/reasons-for-javi-galan-walks-away-barcelona_280035_102.html#primaryimage\"},\"thumbnailUrl\":\"https:\\\/\\\/www.fcbarcelonanoticias.com\\\/en\\\/wp-content\\\/uploads\\\/sites\\\/2\\\/2022\\\/05\\\/javi-galan-con-el-celta.jpeg\",\"datePublished\":\"2022-05-06T08:30:00+00:00\",\"author\":{\"@id\":\"https:\\\/\\\/www.fcbarcelonanoticias.com\\\/en\\\/#\\\/schema\\\/person\\\/f97222962be11bcd88654b5590bd661d\"},\"description\":\"FC Barcelona wants to strengthen the position of the left back with Javi Gal\u00e1n. However, there are several details that could be a major obstacle in the operation\",\"breadcrumb\":{\"@id\":\"https:\\\/\\\/www.fcbarcelonanoticias.com\\\/en\\\/transfers\\\/reasons-for-javi-galan-walks-away-barcelona_280035_102.html#breadcrumb\"},\"inLanguage\":\"en-US\",\"potentialAction\":[{\"@type\":\"ReadAction\",\"target\":[\"https:\\\/\\\/www.fcbarcelonanoticias.com\\\/en\\\/transfers\\\/reasons-for-javi-galan-walks-away-barcelona_280035_102.html\"]}]},{\"@type\":\"ImageObject\",\"inLanguage\":\"en-US\",\"@id\":\"https:\\\/\\\/www.fcbarcelonanoticias.com\\\/en\\\/transfers\\\/reasons-for-javi-galan-walks-away-barcelona_280035_102.html#primaryimage\",\"url\":\"https:\\\/\\\/www.fcbarcelonanoticias.com\\\/en\\\/wp-content\\\/uploads\\\/sites\\\/2\\\/2022\\\/05\\\/javi-galan-con-el-celta.jpeg\",\"contentUrl\":\"https:\\\/\\\/www.fcbarcelonanoticias.com\\\/en\\\/wp-content\\\/uploads\\\/sites\\\/2\\\/2022\\\/05\\\/javi-galan-con-el-celta.jpeg\",\"width\":1300,\"height\":738},{\"@type\":\"BreadcrumbList\",\"@id\":\"https:\\\/\\\/www.fcbarcelonanoticias.com\\\/en\\\/transfers\\\/reasons-for-javi-galan-walks-away-barcelona_280035_102.html#breadcrumb\",\"itemListElement\":[{\"@type\":\"ListItem\",\"position\":1,\"name\":\"Portada\",\"item\":\"https:\\\/\\\/www.fcbarcelonanoticias.com\\\/en\\\/\"},{\"@type\":\"ListItem\",\"position\":2,\"name\":\"The reasons why Javi Gal\u00e1n walks away from Bar\u00e7a\"}]},{\"@type\":\"WebSite\",\"@id\":\"https:\\\/\\\/www.fcbarcelonanoticias.com\\\/en\\\/#website\",\"url\":\"https:\\\/\\\/www.fcbarcelonanoticias.com\\\/en\\\/\",\"name\":\"EN - FC Barcelona Noticias\",\"description\":\"\",\"potentialAction\":[{\"@type\":\"SearchAction\",\"target\":{\"@type\":\"EntryPoint\",\"urlTemplate\":\"https:\\\/\\\/www.fcbarcelonanoticias.com\\\/en\\\/?s={search_term_string}\"},\"query-input\":{\"@type\":\"PropertyValueSpecification\",\"valueRequired\":true,\"valueName\":\"search_term_string\"}}],\"inLanguage\":\"en-US\"},{\"@type\":\"Person\",\"@id\":\"https:\\\/\\\/www.fcbarcelonanoticias.com\\\/en\\\/#\\\/schema\\\/person\\\/f97222962be11bcd88654b5590bd661d\",\"name\":\"user_4029\",\"image\":{\"@type\":\"ImageObject\",\"inLanguage\":\"en-US\",\"@id\":\"https:\\\/\\\/secure.gravatar.com\\\/avatar\\\/?s=96&d=mm&r=g\",\"url\":\"https:\\\/\\\/secure.gravatar.com\\\/avatar\\\/?s=96&d=mm&r=g\",\"contentUrl\":\"https:\\\/\\\/secure.gravatar.com\\\/avatar\\\/?s=96&d=mm&r=g\",\"caption\":\"user_4029\"},\"url\":\"https:\\\/\\\/www.fcbarcelonanoticias.com\\\/en\\\/user_4029.html\"}]}<\/script>\n<!-- \/ Yoast SEO plugin. -->","yoast_head_json":{"title":"The reasons why Javi Gal\u00e1n walks aways from Bar\u00e7a","description":"FC Barcelona wants to strengthen the position of the left back with Javi Gal\u00e1n. However, there are several details that could be a major obstacle in the operation","robots":{"index":"index","follow":"follow","max-snippet":"max-snippet:-1","max-image-preview":"max-image-preview:large","max-video-preview":"max-video-preview:-1"},"canonical":"https:\/\/www.fcbarcelonanoticias.com\/en\/transfers\/reasons-for-javi-galan-walks-away-barcelona_280035_102.html","og_locale":"en_US","og_type":"article","og_title":"The reasons why Javi Gal\u00e1n walks aways from Bar\u00e7a","og_description":"FC Barcelona wants to strengthen the position of the left back with Javi Gal\u00e1n. However, there are several details that could be a major obstacle in the operation","og_url":"https:\/\/www.fcbarcelonanoticias.com\/en\/transfers\/reasons-for-javi-galan-walks-away-barcelona_280035_102.html","og_site_name":"EN - FC Barcelona Noticias","article_published_time":"2022-05-06T08:30:00+00:00","og_image":[{"width":1300,"height":738,"url":"https:\/\/www.fcbarcelonanoticias.com\/en\/wp-content\/uploads\/sites\/2\/2022\/05\/javi-galan-con-el-celta.jpeg","type":"image\/jpeg"}],"author":"user_4029","twitter_card":"summary_large_image","twitter_misc":{"Written by":"user_4029","Est. reading time":"2 minutes"},"schema":{"@context":"https:\/\/schema.org","@graph":[{"@type":"Article","@id":"https:\/\/www.fcbarcelonanoticias.com\/en\/transfers\/reasons-for-javi-galan-walks-away-barcelona_280035_102.html#article","isPartOf":{"@id":"https:\/\/www.fcbarcelonanoticias.com\/en\/transfers\/reasons-for-javi-galan-walks-away-barcelona_280035_102.html"},"author":{"name":"user_4029","@id":"https:\/\/www.fcbarcelonanoticias.com\/en\/#\/schema\/person\/f97222962be11bcd88654b5590bd661d"},"headline":"The reasons why Javi Gal\u00e1n walks away from Bar\u00e7a","datePublished":"2022-05-06T08:30:00+00:00","mainEntityOfPage":{"@id":"https:\/\/www.fcbarcelonanoticias.com\/en\/transfers\/reasons-for-javi-galan-walks-away-barcelona_280035_102.html"},"wordCount":425,"image":{"@id":"https:\/\/www.fcbarcelonanoticias.com\/en\/transfers\/reasons-for-javi-galan-walks-away-barcelona_280035_102.html#primaryimage"},"thumbnailUrl":"https:\/\/www.fcbarcelonanoticias.com\/en\/wp-content\/uploads\/sites\/2\/2022\/05\/javi-galan-con-el-celta.jpeg","keywords":["Celtic of Vigo","Riqui Puig"],"articleSection":["Transfers","Transfers"],"inLanguage":"en-US"},{"@type":"WebPage","@id":"https:\/\/www.fcbarcelonanoticias.com\/en\/transfers\/reasons-for-javi-galan-walks-away-barcelona_280035_102.html","url":"https:\/\/www.fcbarcelonanoticias.com\/en\/transfers\/reasons-for-javi-galan-walks-away-barcelona_280035_102.html","name":"The reasons why Javi Gal\u00e1n walks aways from Bar\u00e7a","isPartOf":{"@id":"https:\/\/www.fcbarcelonanoticias.com\/en\/#website"},"primaryImageOfPage":{"@id":"https:\/\/www.fcbarcelonanoticias.com\/en\/transfers\/reasons-for-javi-galan-walks-away-barcelona_280035_102.html#primaryimage"},"image":{"@id":"https:\/\/www.fcbarcelonanoticias.com\/en\/transfers\/reasons-for-javi-galan-walks-away-barcelona_280035_102.html#primaryimage"},"thumbnailUrl":"https:\/\/www.fcbarcelonanoticias.com\/en\/wp-content\/uploads\/sites\/2\/2022\/05\/javi-galan-con-el-celta.jpeg","datePublished":"2022-05-06T08:30:00+00:00","author":{"@id":"https:\/\/www.fcbarcelonanoticias.com\/en\/#\/schema\/person\/f97222962be11bcd88654b5590bd661d"},"description":"FC Barcelona wants to strengthen the position of the left back with Javi Gal\u00e1n. However, there are several details that could be a major obstacle in the operation","breadcrumb":{"@id":"https:\/\/www.fcbarcelonanoticias.com\/en\/transfers\/reasons-for-javi-galan-walks-away-barcelona_280035_102.html#breadcrumb"},"inLanguage":"en-US","potentialAction":[{"@type":"ReadAction","target":["https:\/\/www.fcbarcelonanoticias.com\/en\/transfers\/reasons-for-javi-galan-walks-away-barcelona_280035_102.html"]}]},{"@type":"ImageObject","inLanguage":"en-US","@id":"https:\/\/www.fcbarcelonanoticias.com\/en\/transfers\/reasons-for-javi-galan-walks-away-barcelona_280035_102.html#primaryimage","url":"https:\/\/www.fcbarcelonanoticias.com\/en\/wp-content\/uploads\/sites\/2\/2022\/05\/javi-galan-con-el-celta.jpeg","contentUrl":"https:\/\/www.fcbarcelonanoticias.com\/en\/wp-content\/uploads\/sites\/2\/2022\/05\/javi-galan-con-el-celta.jpeg","width":1300,"height":738},{"@type":"BreadcrumbList","@id":"https:\/\/www.fcbarcelonanoticias.com\/en\/transfers\/reasons-for-javi-galan-walks-away-barcelona_280035_102.html#breadcrumb","itemListElement":[{"@type":"ListItem","position":1,"name":"Portada","item":"https:\/\/www.fcbarcelonanoticias.com\/en\/"},{"@type":"ListItem","position":2,"name":"The reasons why Javi Gal\u00e1n walks away from Bar\u00e7a"}]},{"@type":"WebSite","@id":"https:\/\/www.fcbarcelonanoticias.com\/en\/#website","url":"https:\/\/www.fcbarcelonanoticias.com\/en\/","name":"EN - FC Barcelona Noticias","description":"","potentialAction":[{"@type":"SearchAction","target":{"@type":"EntryPoint","urlTemplate":"https:\/\/www.fcbarcelonanoticias.com\/en\/?s={search_term_string}"},"query-input":{"@type":"PropertyValueSpecification","valueRequired":true,"valueName":"search_term_string"}}],"inLanguage":"en-US"},{"@type":"Person","@id":"https:\/\/www.fcbarcelonanoticias.com\/en\/#\/schema\/person\/f97222962be11bcd88654b5590bd661d","name":"user_4029","image":{"@type":"ImageObject","inLanguage":"en-US","@id":"https:\/\/secure.gravatar.com\/avatar\/?s=96&d=mm&r=g","url":"https:\/\/secure.gravatar.com\/avatar\/?s=96&d=mm&r=g","contentUrl":"https:\/\/secure.gravatar.com\/avatar\/?s=96&d=mm&r=g","caption":"user_4029"},"url":"https:\/\/www.fcbarcelonanoticias.com\/en\/user_4029.html"}]}},"_links":{"self":[{"href":"https:\/\/www.fcbarcelonanoticias.com\/en\/wp-json\/wp\/v2\/posts\/132980","targetHints":{"allow":["GET"]}}],"collection":[{"href":"https:\/\/www.fcbarcelonanoticias.com\/en\/wp-json\/wp\/v2\/posts"}],"about":[{"href":"https:\/\/www.fcbarcelonanoticias.com\/en\/wp-json\/wp\/v2\/types\/post"}],"author":[{"embeddable":true,"href":"https:\/\/www.fcbarcelonanoticias.com\/en\/wp-json\/wp\/v2\/users\/373"}],"replies":[{"embeddable":true,"href":"https:\/\/www.fcbarcelonanoticias.com\/en\/wp-json\/wp\/v2\/comments?post=132980"}],"version-history":[{"count":1,"href":"https:\/\/www.fcbarcelonanoticias.com\/en\/wp-json\/wp\/v2\/posts\/132980\/revisions"}],"predecessor-version":[{"id":153003,"href":"https:\/\/www.fcbarcelonanoticias.com\/en\/wp-json\/wp\/v2\/posts\/132980\/revisions\/153003"}],"wp:featuredmedia":[{"embeddable":true,"href":"https:\/\/www.fcbarcelonanoticias.com\/en\/wp-json\/wp\/v2\/media\/132983"}],"wp:attachment":[{"href":"https:\/\/www.fcbarcelonanoticias.com\/en\/wp-json\/wp\/v2\/media?parent=132980"}],"wp:term":[{"taxonomy":"category","embeddable":true,"href":"https:\/\/www.fcbarcelonanoticias.com\/en\/wp-json\/wp\/v2\/categories?post=132980"},{"taxonomy":"post_tag","embeddable":true,"href":"https:\/\/www.fcbarcelonanoticias.com\/en\/wp-json\/wp\/v2\/tags?post=132980"}],"curies":[{"name":"wp","href":"https:\/\/api.w.org\/{rel}","templated":true}]}}