{"id":133031,"date":"2023-08-09T00:27:00","date_gmt":"2023-08-08T22:27:00","guid":{"rendered":"https:\/\/weisetech.dev\/fc-barcelona-noticias\/en\/mateu-alemany-clarifies-situation-dembele-asked-to-leave-is-in-paris_294934_102\/"},"modified":"2023-08-09T00:27:00","modified_gmt":"2023-08-08T22:27:00","slug":"mateu-alemany-clarifies-situation-dembele-asked-to-leave-is-in-paris_294934_102","status":"publish","type":"post","link":"https:\/\/www.fcbarcelonanoticias.com\/en\/transfers\/mateu-alemany-clarifies-situation-dembele-asked-to-leave-is-in-paris_294934_102.html","title":{"rendered":"Mateu Alemany clarifies Demb\u00e9l\u00e9&#8217;s situation: &#8220;He asked to leave and he is already in Paris&#8221;"},"content":{"rendered":"<h2 class=\"wp-block-heading\">In the run-up to the match between FC Barcelona and Tottenham corresponding to the Joan Gamper Trophy, Mateu Alemany confirmed the departure of Ousmane Demb\u00e9l\u00e9. The &#8216;7&#8217; has returned to Paris and, except for surprise, will complete his signing for PSG on Wednesday<\/h2>  \r\n<div class=\"article-addons\">\r\n    <a href=\"https:\/\/www.fcbarcelonanoticias.com\/en\/calendar-fc-barcelona.html\"\r\n       target=\"_self\"\r\n       title=\"Calendar of FC Barcelona\"\r\n       class=\"blue-gredient-btn\">\r\n       \r\n        Calendar of FC Barcelona    <\/a>\r\n<\/div>   <p>Ousmane Demb\u00e9l\u00e9 Has travelled again to Paris to close his signing by Paris Saint-Germain. After remaining out of the announcement of Xavi Hern\u00e1ndez for the Trophy Joan Gamper, <strong>the extreme has convinced to the Barcelona directive to leave him go and, except surprise, his signing by the PSG will be official this Wednesday<\/strong>. The same Mateu Alemany confirmed his exit in the previous of the <a data-external=\"0\" data-intl-links-en=\"https:\/\/www.fcbarcelonanoticias.com\/en\/joan-gamper-trophy\/fc-barcelona-totenham-4-2-video-summary-goals-best-plays-gamper_294928_102.html\" data-intl-links-es=\"https:\/\/www.fcbarcelonanoticias.com\/trofeo-joan-gamper\/fc-barcelona-totenham-4-2-video-resumen-goles-mejores-jugadas-gamper_294928_102.html\" href=\"https:\/\/www.fcbarcelonanoticias.com\/en\/joan-gamper-trophy\/fc-barcelona-totenham-4-2-video-summary-goals-best-plays-gamper_294928_102.html\" rel=\"follow\" target=\"_self\" title=\"FC BARCELONA-TOTENHAM (4-2): V\u00eddeo resumen, goles y mejores jugadas del Gamper\">Bar\u00e7a-Tottenham in Montju\u00efc<\/a>.<\/p>  <p>&#8220;Demb\u00e9l\u00e9 Asked to go out. The agreement that had collected this circumstance (the discount of the 50 % of his clause in July) if he wanted to leave. <strong>We are in process of negotiation with the PSG. Now no longer it is in dynamics of the first team, already is in Paris<\/strong>. When it was all closed will say the figures&#8221;, explained the Barcelona sportive director. In principle, the Bar\u00e7a only would receive 25 of the 50 millions of the traspaso, but the club wants to reduce the percentage that will go to the pocket of Moussa Sissoko, agent of the Frenchman.<\/p>  <h2>The end of the &#8216;case Demb\u00e9l\u00e9&#8217; is near<\/h2>  <p>With this announcement, Alemany leaves clear that <a data-external=\"0\" data-intl-links-en=\"https:\/\/www.fcbarcelonanoticias.com\/en\/transfers\/departure-shortly-barca-dembele-could-disassociate-after-gamper_294910_102.html\" data-intl-links-es=\"https:\/\/www.fcbarcelonanoticias.com\/fichajes\/salida-en-breve-barca-dembele-podrian-desvincularse-despues-gamper_294910_102.html\" href=\"https:\/\/www.fcbarcelonanoticias.com\/en\/transfers\/departure-shortly-barca-dembele-could-disassociate-after-gamper_294910_102.html\" rel=\"follow\" target=\"_self\" title=\"\u00a1Salida en breve! El Bar\u00e7a y Demb\u00e9l\u00e9 podr\u00edan desvincularse despu\u00e9s del Gamper\">the end of the &#8216;serial&#8217; by the exit of Demb\u00e9l\u00e9 is very near<\/a>. <strong>The PSG formulated his offer by the one of Vernon the past Monday, just before concluding the month of July<\/strong>, but the negotiation between the directive and Sissoko have frozen the traspaso, as in Barcelona understand that the player broke with the fixed in his agreement when negotiating with Paris secretly.<\/p>  <p>In principle, <strong>Ousmane will sign with the PSG by 5 seasons at a rate of some 20 &#8216;kilos&#8217; net to the year<\/strong>, a quantity that the extreme expected to receive of the Bar\u00e7a to remain in Catalonia. The club had the intention to renew him, but a wage like that is impossible to adjust to the plan of economic feasibility approved by LaLiga. On the finances cul\u00e9s, Mateu reassured to the fans by the demora in the registration of the rest of the staff.<\/p>  <h2>The Bar\u00e7a keeps the calm on the pending registrations<\/h2>  <p>&#8220;<strong>They have given the necessary exits, on the other hand are in process to resolve the subject of the registrations<\/strong>. <strong>We are slope of two payments that have not done . I am optimistic always, now only think in inscribing to all the world&#8221;<\/strong>, explained Mateu Alemany. One of the payments corresponds on sale of the 16 % of Bar\u00e7a Studios to a bottom German investor, mount that it has to ingresar to the arks cul\u00e9s this week.<\/p> ","protected":false},"excerpt":{"rendered":"<p>In the run-up to the match between FC Barcelona and Tottenham corresponding to the Joan Gamper Trophy, Mateu Alemany confirmed the departure of Ousmane Demb\u00e9l\u00e9. The &#8216;7&#8217; has returned to Paris and, except for surprise, will complete his signing for PSG on Wednesday Ousmane Demb\u00e9l\u00e9 Has travelled again to Paris to close his signing by [&hellip;]<\/p>\n","protected":false},"author":347,"featured_media":133035,"comment_status":"closed","ping_status":"open","sticky":false,"template":"","format":"standard","meta":{"_acf_changed":false,"inline_featured_image":false,"_nextfly_llmd_date_locked":false,"footnotes":""},"categories":[449,106],"tags":[146,329],"class_list":["post-133031","post","type-post","status-publish","format-standard","has-post-thumbnail","hentry","category-transfers-2","category-transfers","tag-dembele","tag-mateu-alemany"],"acf":[],"yoast_head":"<!-- This site is optimized with the Yoast SEO plugin v27.3 - https:\/\/yoast.com\/product\/yoast-seo-wordpress\/ -->\n<title>Mateu Alemany clarifies Demb\u00e9l\u00e9&#039;s situation: &quot;He asked to leave and he is already in Paris&quot;<\/title>\n<meta name=\"description\" content=\"In the run-up to the match between FC Barcelona and Tottenham corresponding to the Joan Gamper Trophy, Mateu Alemany confirmed the departure of Ousmane Demb\u00e9l\u00e9. The &#039;7&#039; has returned to Paris and, except for surprise, will complete his signing for PSG on Wednesday\" \/>\n<meta name=\"robots\" content=\"index, follow, max-snippet:-1, max-image-preview:large, max-video-preview:-1\" \/>\n<link rel=\"canonical\" href=\"https:\/\/www.fcbarcelonanoticias.com\/en\/transfers\/mateu-alemany-clarifies-situation-dembele-asked-to-leave-is-in-paris_294934_102.html\" \/>\n<meta property=\"og:locale\" content=\"en_US\" \/>\n<meta property=\"og:type\" content=\"article\" \/>\n<meta property=\"og:title\" content=\"Mateu Alemany clarifies Demb\u00e9l\u00e9&#039;s situation: &quot;He asked to leave and he is already in Paris&quot;\" \/>\n<meta property=\"og:description\" content=\"In the run-up to the match between FC Barcelona and Tottenham corresponding to the Joan Gamper Trophy, Mateu Alemany confirmed the departure of Ousmane Demb\u00e9l\u00e9. The &#039;7&#039; has returned to Paris and, except for surprise, will complete his signing for PSG on Wednesday\" \/>\n<meta property=\"og:url\" content=\"https:\/\/www.fcbarcelonanoticias.com\/en\/transfers\/mateu-alemany-clarifies-situation-dembele-asked-to-leave-is-in-paris_294934_102.html\" \/>\n<meta property=\"og:site_name\" content=\"EN - FC Barcelona Noticias\" \/>\n<meta property=\"article:published_time\" content=\"2023-08-08T22:27:00+00:00\" \/>\n<meta property=\"og:image\" content=\"https:\/\/www.fcbarcelonanoticias.com\/en\/wp-content\/uploads\/sites\/2\/2023\/08\/ousmane-dembele-fc-barcelona-1.jpeg\" \/>\n\t<meta property=\"og:image:width\" content=\"1300\" \/>\n\t<meta property=\"og:image:height\" content=\"732\" \/>\n\t<meta property=\"og:image:type\" content=\"image\/jpeg\" \/>\n<meta name=\"author\" content=\"Andr\u00e9s Quiroz\" \/>\n<meta name=\"twitter:card\" content=\"summary_large_image\" \/>\n<meta name=\"twitter:label1\" content=\"Written by\" \/>\n\t<meta name=\"twitter:data1\" content=\"Andr\u00e9s Quiroz\" \/>\n\t<meta name=\"twitter:label2\" content=\"Est. reading time\" \/>\n\t<meta name=\"twitter:data2\" content=\"2 minutes\" \/>\n<script type=\"application\/ld+json\" class=\"yoast-schema-graph\">{\"@context\":\"https:\\\/\\\/schema.org\",\"@graph\":[{\"@type\":\"Article\",\"@id\":\"https:\\\/\\\/www.fcbarcelonanoticias.com\\\/en\\\/transfers\\\/mateu-alemany-clarifies-situation-dembele-asked-to-leave-is-in-paris_294934_102.html#article\",\"isPartOf\":{\"@id\":\"https:\\\/\\\/www.fcbarcelonanoticias.com\\\/en\\\/transfers\\\/mateu-alemany-clarifies-situation-dembele-asked-to-leave-is-in-paris_294934_102.html\"},\"author\":{\"name\":\"Andr\u00e9s Quiroz\",\"@id\":\"https:\\\/\\\/www.fcbarcelonanoticias.com\\\/en\\\/#\\\/schema\\\/person\\\/c2cd9f6fa1af5c0d0eccd0fefa575c88\"},\"headline\":\"Mateu Alemany clarifies Demb\u00e9l\u00e9&#8217;s situation: &#8220;He asked to leave and he is already in Paris&#8221;\",\"datePublished\":\"2023-08-08T22:27:00+00:00\",\"mainEntityOfPage\":{\"@id\":\"https:\\\/\\\/www.fcbarcelonanoticias.com\\\/en\\\/transfers\\\/mateu-alemany-clarifies-situation-dembele-asked-to-leave-is-in-paris_294934_102.html\"},\"wordCount\":484,\"image\":{\"@id\":\"https:\\\/\\\/www.fcbarcelonanoticias.com\\\/en\\\/transfers\\\/mateu-alemany-clarifies-situation-dembele-asked-to-leave-is-in-paris_294934_102.html#primaryimage\"},\"thumbnailUrl\":\"https:\\\/\\\/www.fcbarcelonanoticias.com\\\/en\\\/wp-content\\\/uploads\\\/sites\\\/2\\\/2023\\\/08\\\/ousmane-dembele-fc-barcelona-1.jpeg\",\"keywords\":[\"Demb\u00e9l\u00e9\",\"Mateu Alemany\"],\"articleSection\":[\"Transfers\",\"Transfers\"],\"inLanguage\":\"en-US\"},{\"@type\":\"WebPage\",\"@id\":\"https:\\\/\\\/www.fcbarcelonanoticias.com\\\/en\\\/transfers\\\/mateu-alemany-clarifies-situation-dembele-asked-to-leave-is-in-paris_294934_102.html\",\"url\":\"https:\\\/\\\/www.fcbarcelonanoticias.com\\\/en\\\/transfers\\\/mateu-alemany-clarifies-situation-dembele-asked-to-leave-is-in-paris_294934_102.html\",\"name\":\"Mateu Alemany clarifies Demb\u00e9l\u00e9's situation: \\\"He asked to leave and he is already in Paris\\\"\",\"isPartOf\":{\"@id\":\"https:\\\/\\\/www.fcbarcelonanoticias.com\\\/en\\\/#website\"},\"primaryImageOfPage\":{\"@id\":\"https:\\\/\\\/www.fcbarcelonanoticias.com\\\/en\\\/transfers\\\/mateu-alemany-clarifies-situation-dembele-asked-to-leave-is-in-paris_294934_102.html#primaryimage\"},\"image\":{\"@id\":\"https:\\\/\\\/www.fcbarcelonanoticias.com\\\/en\\\/transfers\\\/mateu-alemany-clarifies-situation-dembele-asked-to-leave-is-in-paris_294934_102.html#primaryimage\"},\"thumbnailUrl\":\"https:\\\/\\\/www.fcbarcelonanoticias.com\\\/en\\\/wp-content\\\/uploads\\\/sites\\\/2\\\/2023\\\/08\\\/ousmane-dembele-fc-barcelona-1.jpeg\",\"datePublished\":\"2023-08-08T22:27:00+00:00\",\"author\":{\"@id\":\"https:\\\/\\\/www.fcbarcelonanoticias.com\\\/en\\\/#\\\/schema\\\/person\\\/c2cd9f6fa1af5c0d0eccd0fefa575c88\"},\"description\":\"In the run-up to the match between FC Barcelona and Tottenham corresponding to the Joan Gamper Trophy, Mateu Alemany confirmed the departure of Ousmane Demb\u00e9l\u00e9. The '7' has returned to Paris and, except for surprise, will complete his signing for PSG on Wednesday\",\"breadcrumb\":{\"@id\":\"https:\\\/\\\/www.fcbarcelonanoticias.com\\\/en\\\/transfers\\\/mateu-alemany-clarifies-situation-dembele-asked-to-leave-is-in-paris_294934_102.html#breadcrumb\"},\"inLanguage\":\"en-US\",\"potentialAction\":[{\"@type\":\"ReadAction\",\"target\":[\"https:\\\/\\\/www.fcbarcelonanoticias.com\\\/en\\\/transfers\\\/mateu-alemany-clarifies-situation-dembele-asked-to-leave-is-in-paris_294934_102.html\"]}]},{\"@type\":\"ImageObject\",\"inLanguage\":\"en-US\",\"@id\":\"https:\\\/\\\/www.fcbarcelonanoticias.com\\\/en\\\/transfers\\\/mateu-alemany-clarifies-situation-dembele-asked-to-leave-is-in-paris_294934_102.html#primaryimage\",\"url\":\"https:\\\/\\\/www.fcbarcelonanoticias.com\\\/en\\\/wp-content\\\/uploads\\\/sites\\\/2\\\/2023\\\/08\\\/ousmane-dembele-fc-barcelona-1.jpeg\",\"contentUrl\":\"https:\\\/\\\/www.fcbarcelonanoticias.com\\\/en\\\/wp-content\\\/uploads\\\/sites\\\/2\\\/2023\\\/08\\\/ousmane-dembele-fc-barcelona-1.jpeg\",\"width\":1300,\"height\":732},{\"@type\":\"BreadcrumbList\",\"@id\":\"https:\\\/\\\/www.fcbarcelonanoticias.com\\\/en\\\/transfers\\\/mateu-alemany-clarifies-situation-dembele-asked-to-leave-is-in-paris_294934_102.html#breadcrumb\",\"itemListElement\":[{\"@type\":\"ListItem\",\"position\":1,\"name\":\"Portada\",\"item\":\"https:\\\/\\\/www.fcbarcelonanoticias.com\\\/en\\\/\"},{\"@type\":\"ListItem\",\"position\":2,\"name\":\"Mateu Alemany clarifies Demb\u00e9l\u00e9&#8217;s situation: &#8220;He asked to leave and he is already in Paris&#8221;\"}]},{\"@type\":\"WebSite\",\"@id\":\"https:\\\/\\\/www.fcbarcelonanoticias.com\\\/en\\\/#website\",\"url\":\"https:\\\/\\\/www.fcbarcelonanoticias.com\\\/en\\\/\",\"name\":\"EN - FC Barcelona Noticias\",\"description\":\"\",\"potentialAction\":[{\"@type\":\"SearchAction\",\"target\":{\"@type\":\"EntryPoint\",\"urlTemplate\":\"https:\\\/\\\/www.fcbarcelonanoticias.com\\\/en\\\/?s={search_term_string}\"},\"query-input\":{\"@type\":\"PropertyValueSpecification\",\"valueRequired\":true,\"valueName\":\"search_term_string\"}}],\"inLanguage\":\"en-US\"},{\"@type\":\"Person\",\"@id\":\"https:\\\/\\\/www.fcbarcelonanoticias.com\\\/en\\\/#\\\/schema\\\/person\\\/c2cd9f6fa1af5c0d0eccd0fefa575c88\",\"name\":\"Andr\u00e9s Quiroz\",\"image\":{\"@type\":\"ImageObject\",\"inLanguage\":\"en-US\",\"@id\":\"https:\\\/\\\/secure.gravatar.com\\\/avatar\\\/?s=96&d=mm&r=g\",\"url\":\"https:\\\/\\\/secure.gravatar.com\\\/avatar\\\/?s=96&d=mm&r=g\",\"contentUrl\":\"https:\\\/\\\/secure.gravatar.com\\\/avatar\\\/?s=96&d=mm&r=g\",\"caption\":\"Andr\u00e9s Quiroz\"},\"description\":\"Licenciado en Periodismo por la Universidad de los Andes. Me encargo de analizar y compartir los contenidos m\u00e1s destacados de la\u00a0actualidad del F\u00fatbol Club Barcelona, Mercado de Fichajes y F\u00fatbol Internacional en FCBN. La informaci\u00f3n es poder, pero tambi\u00e9n conocimiento.\",\"url\":\"https:\\\/\\\/www.fcbarcelonanoticias.com\\\/en\\\/fc-barcelona\\\/andres-quiroz_17_115.html\"}]}<\/script>\n<!-- \/ Yoast SEO plugin. -->","yoast_head_json":{"title":"Mateu Alemany clarifies Demb\u00e9l\u00e9's situation: \"He asked to leave and he is already in Paris\"","description":"In the run-up to the match between FC Barcelona and Tottenham corresponding to the Joan Gamper Trophy, Mateu Alemany confirmed the departure of Ousmane Demb\u00e9l\u00e9. The '7' has returned to Paris and, except for surprise, will complete his signing for PSG on Wednesday","robots":{"index":"index","follow":"follow","max-snippet":"max-snippet:-1","max-image-preview":"max-image-preview:large","max-video-preview":"max-video-preview:-1"},"canonical":"https:\/\/www.fcbarcelonanoticias.com\/en\/transfers\/mateu-alemany-clarifies-situation-dembele-asked-to-leave-is-in-paris_294934_102.html","og_locale":"en_US","og_type":"article","og_title":"Mateu Alemany clarifies Demb\u00e9l\u00e9's situation: \"He asked to leave and he is already in Paris\"","og_description":"In the run-up to the match between FC Barcelona and Tottenham corresponding to the Joan Gamper Trophy, Mateu Alemany confirmed the departure of Ousmane Demb\u00e9l\u00e9. The '7' has returned to Paris and, except for surprise, will complete his signing for PSG on Wednesday","og_url":"https:\/\/www.fcbarcelonanoticias.com\/en\/transfers\/mateu-alemany-clarifies-situation-dembele-asked-to-leave-is-in-paris_294934_102.html","og_site_name":"EN - FC Barcelona Noticias","article_published_time":"2023-08-08T22:27:00+00:00","og_image":[{"width":1300,"height":732,"url":"https:\/\/www.fcbarcelonanoticias.com\/en\/wp-content\/uploads\/sites\/2\/2023\/08\/ousmane-dembele-fc-barcelona-1.jpeg","type":"image\/jpeg"}],"author":"Andr\u00e9s Quiroz","twitter_card":"summary_large_image","twitter_misc":{"Written by":"Andr\u00e9s Quiroz","Est. reading time":"2 minutes"},"schema":{"@context":"https:\/\/schema.org","@graph":[{"@type":"Article","@id":"https:\/\/www.fcbarcelonanoticias.com\/en\/transfers\/mateu-alemany-clarifies-situation-dembele-asked-to-leave-is-in-paris_294934_102.html#article","isPartOf":{"@id":"https:\/\/www.fcbarcelonanoticias.com\/en\/transfers\/mateu-alemany-clarifies-situation-dembele-asked-to-leave-is-in-paris_294934_102.html"},"author":{"name":"Andr\u00e9s Quiroz","@id":"https:\/\/www.fcbarcelonanoticias.com\/en\/#\/schema\/person\/c2cd9f6fa1af5c0d0eccd0fefa575c88"},"headline":"Mateu Alemany clarifies Demb\u00e9l\u00e9&#8217;s situation: &#8220;He asked to leave and he is already in Paris&#8221;","datePublished":"2023-08-08T22:27:00+00:00","mainEntityOfPage":{"@id":"https:\/\/www.fcbarcelonanoticias.com\/en\/transfers\/mateu-alemany-clarifies-situation-dembele-asked-to-leave-is-in-paris_294934_102.html"},"wordCount":484,"image":{"@id":"https:\/\/www.fcbarcelonanoticias.com\/en\/transfers\/mateu-alemany-clarifies-situation-dembele-asked-to-leave-is-in-paris_294934_102.html#primaryimage"},"thumbnailUrl":"https:\/\/www.fcbarcelonanoticias.com\/en\/wp-content\/uploads\/sites\/2\/2023\/08\/ousmane-dembele-fc-barcelona-1.jpeg","keywords":["Demb\u00e9l\u00e9","Mateu Alemany"],"articleSection":["Transfers","Transfers"],"inLanguage":"en-US"},{"@type":"WebPage","@id":"https:\/\/www.fcbarcelonanoticias.com\/en\/transfers\/mateu-alemany-clarifies-situation-dembele-asked-to-leave-is-in-paris_294934_102.html","url":"https:\/\/www.fcbarcelonanoticias.com\/en\/transfers\/mateu-alemany-clarifies-situation-dembele-asked-to-leave-is-in-paris_294934_102.html","name":"Mateu Alemany clarifies Demb\u00e9l\u00e9's situation: \"He asked to leave and he is already in Paris\"","isPartOf":{"@id":"https:\/\/www.fcbarcelonanoticias.com\/en\/#website"},"primaryImageOfPage":{"@id":"https:\/\/www.fcbarcelonanoticias.com\/en\/transfers\/mateu-alemany-clarifies-situation-dembele-asked-to-leave-is-in-paris_294934_102.html#primaryimage"},"image":{"@id":"https:\/\/www.fcbarcelonanoticias.com\/en\/transfers\/mateu-alemany-clarifies-situation-dembele-asked-to-leave-is-in-paris_294934_102.html#primaryimage"},"thumbnailUrl":"https:\/\/www.fcbarcelonanoticias.com\/en\/wp-content\/uploads\/sites\/2\/2023\/08\/ousmane-dembele-fc-barcelona-1.jpeg","datePublished":"2023-08-08T22:27:00+00:00","author":{"@id":"https:\/\/www.fcbarcelonanoticias.com\/en\/#\/schema\/person\/c2cd9f6fa1af5c0d0eccd0fefa575c88"},"description":"In the run-up to the match between FC Barcelona and Tottenham corresponding to the Joan Gamper Trophy, Mateu Alemany confirmed the departure of Ousmane Demb\u00e9l\u00e9. The '7' has returned to Paris and, except for surprise, will complete his signing for PSG on Wednesday","breadcrumb":{"@id":"https:\/\/www.fcbarcelonanoticias.com\/en\/transfers\/mateu-alemany-clarifies-situation-dembele-asked-to-leave-is-in-paris_294934_102.html#breadcrumb"},"inLanguage":"en-US","potentialAction":[{"@type":"ReadAction","target":["https:\/\/www.fcbarcelonanoticias.com\/en\/transfers\/mateu-alemany-clarifies-situation-dembele-asked-to-leave-is-in-paris_294934_102.html"]}]},{"@type":"ImageObject","inLanguage":"en-US","@id":"https:\/\/www.fcbarcelonanoticias.com\/en\/transfers\/mateu-alemany-clarifies-situation-dembele-asked-to-leave-is-in-paris_294934_102.html#primaryimage","url":"https:\/\/www.fcbarcelonanoticias.com\/en\/wp-content\/uploads\/sites\/2\/2023\/08\/ousmane-dembele-fc-barcelona-1.jpeg","contentUrl":"https:\/\/www.fcbarcelonanoticias.com\/en\/wp-content\/uploads\/sites\/2\/2023\/08\/ousmane-dembele-fc-barcelona-1.jpeg","width":1300,"height":732},{"@type":"BreadcrumbList","@id":"https:\/\/www.fcbarcelonanoticias.com\/en\/transfers\/mateu-alemany-clarifies-situation-dembele-asked-to-leave-is-in-paris_294934_102.html#breadcrumb","itemListElement":[{"@type":"ListItem","position":1,"name":"Portada","item":"https:\/\/www.fcbarcelonanoticias.com\/en\/"},{"@type":"ListItem","position":2,"name":"Mateu Alemany clarifies Demb\u00e9l\u00e9&#8217;s situation: &#8220;He asked to leave and he is already in Paris&#8221;"}]},{"@type":"WebSite","@id":"https:\/\/www.fcbarcelonanoticias.com\/en\/#website","url":"https:\/\/www.fcbarcelonanoticias.com\/en\/","name":"EN - FC Barcelona Noticias","description":"","potentialAction":[{"@type":"SearchAction","target":{"@type":"EntryPoint","urlTemplate":"https:\/\/www.fcbarcelonanoticias.com\/en\/?s={search_term_string}"},"query-input":{"@type":"PropertyValueSpecification","valueRequired":true,"valueName":"search_term_string"}}],"inLanguage":"en-US"},{"@type":"Person","@id":"https:\/\/www.fcbarcelonanoticias.com\/en\/#\/schema\/person\/c2cd9f6fa1af5c0d0eccd0fefa575c88","name":"Andr\u00e9s Quiroz","image":{"@type":"ImageObject","inLanguage":"en-US","@id":"https:\/\/secure.gravatar.com\/avatar\/?s=96&d=mm&r=g","url":"https:\/\/secure.gravatar.com\/avatar\/?s=96&d=mm&r=g","contentUrl":"https:\/\/secure.gravatar.com\/avatar\/?s=96&d=mm&r=g","caption":"Andr\u00e9s Quiroz"},"description":"Licenciado en Periodismo por la Universidad de los Andes. Me encargo de analizar y compartir los contenidos m\u00e1s destacados de la\u00a0actualidad del F\u00fatbol Club Barcelona, Mercado de Fichajes y F\u00fatbol Internacional en FCBN. La informaci\u00f3n es poder, pero tambi\u00e9n conocimiento.","url":"https:\/\/www.fcbarcelonanoticias.com\/en\/fc-barcelona\/andres-quiroz_17_115.html"}]}},"_links":{"self":[{"href":"https:\/\/www.fcbarcelonanoticias.com\/en\/wp-json\/wp\/v2\/posts\/133031","targetHints":{"allow":["GET"]}}],"collection":[{"href":"https:\/\/www.fcbarcelonanoticias.com\/en\/wp-json\/wp\/v2\/posts"}],"about":[{"href":"https:\/\/www.fcbarcelonanoticias.com\/en\/wp-json\/wp\/v2\/types\/post"}],"author":[{"embeddable":true,"href":"https:\/\/www.fcbarcelonanoticias.com\/en\/wp-json\/wp\/v2\/users\/347"}],"replies":[{"embeddable":true,"href":"https:\/\/www.fcbarcelonanoticias.com\/en\/wp-json\/wp\/v2\/comments?post=133031"}],"version-history":[{"count":1,"href":"https:\/\/www.fcbarcelonanoticias.com\/en\/wp-json\/wp\/v2\/posts\/133031\/revisions"}],"predecessor-version":[{"id":152770,"href":"https:\/\/www.fcbarcelonanoticias.com\/en\/wp-json\/wp\/v2\/posts\/133031\/revisions\/152770"}],"wp:featuredmedia":[{"embeddable":true,"href":"https:\/\/www.fcbarcelonanoticias.com\/en\/wp-json\/wp\/v2\/media\/133035"}],"wp:attachment":[{"href":"https:\/\/www.fcbarcelonanoticias.com\/en\/wp-json\/wp\/v2\/media?parent=133031"}],"wp:term":[{"taxonomy":"category","embeddable":true,"href":"https:\/\/www.fcbarcelonanoticias.com\/en\/wp-json\/wp\/v2\/categories?post=133031"},{"taxonomy":"post_tag","embeddable":true,"href":"https:\/\/www.fcbarcelonanoticias.com\/en\/wp-json\/wp\/v2\/tags?post=133031"}],"curies":[{"name":"wp","href":"https:\/\/api.w.org\/{rel}","templated":true}]}}