{"id":133086,"date":"2022-06-22T20:09:00","date_gmt":"2022-06-22T18:09:00","guid":{"rendered":"https:\/\/weisetech.dev\/fc-barcelona-noticias\/en\/operation-exit-doesn-t-finish-start-barcelona-begins-to-worry_281494_102\/"},"modified":"2026-04-16T09:15:49","modified_gmt":"2026-04-16T07:15:49","slug":"operation-exit-doesn-t-finish-start-barcelona-begins-to-worry_281494_102","status":"publish","type":"post","link":"https:\/\/www.fcbarcelonanoticias.com\/en\/transfers\/operation-exit-doesn-t-finish-start-barcelona-begins-to-worry_281494_102.html","title":{"rendered":"The &#8216;exit operation&#8217; does not finish starting and Bar\u00e7a begins to worry"},"content":{"rendered":"<h2 class=\"wp-block-heading\">Bar\u00e7a expects to experience an &#8216;exodus&#8217; of players during the next transfer market. The azulgranas need to cash in and several footballers will leave the cul\u00e9s ranks, but their departures are &#8216;stuck&#8217;<\/h2>  \r\n<div class=\"article-addons\">\r\n    <a href=\"https:\/\/www.fcbarcelonanoticias.com\/en\/calendar-fc-barcelona.html\"\r\n       target=\"_self\"\r\n       title=\"Calendar of FC Barcelona\"\r\n       class=\"blue-gredient-btn\">\r\n       \r\n        Calendar of FC Barcelona    <\/a>\r\n<\/div>   <p>The <a href=\"https:\/\/www.fcbarcelonanoticias.com\/futbol\/fc-barcelona.html\" title=\"FC Barcelona\">FC Barcelona<\/a> wants to give him a &#8216;washed of expensive&#8217; to the staff during the following window of summer. After the end of the past course, <a data-external=\"0\" data-intl-links-en=\"https:\/\/www.fcbarcelonanoticias.com\/en\/tags\/xavi-hernandez\" data-intl-links-es=\"https:\/\/www.fcbarcelonanoticias.com\/tags\/xavi-hernandez\" href=\"https:\/\/www.fcbarcelonanoticias.com\/en\/tags\/xavi-hernandez.html\" rel=\"follow\" target=\"_self\" title=\"Xavi Hern\u00e1ndez\">Xavi Hern\u00e1ndez<\/a> communicated him to several players that will have to do the &#8216;cases&#8217; to a new destination, <strong>but some of these operations begin to be a &#8216;headache&#8217; for the team<\/strong>. The delicate economic situation of the Barcelona institution forces to the Catalans to undo of the footballers that do not go in in the plans of the egarense for the following season, but the &#8216;revolution&#8217; scheduled in Can Bar\u00e7a has delayed more than the account.<\/p>  <p>And it is that it has happened more than a month since the trainer of Terrassa gathered with the &#8216;sacrificed&#8217; for informal that does not have they, <strong>and only 4 players are those that have abandoned the City Condal, 3 of them whose agreements expired when culminating the campaign<\/strong>, as they are the cases of Dani Alves, Luuk of Jong and Adama Traor\u00e9. Of equal way, Ferran Jutgl\u00e1 also went out of the club to put course to Belgium, where will play from the following year with the Witches.<\/p>  <p>On the other hand, the club finds with a &#8216;overbooking&#8217; in the retaguardia with the arrival of Christensen and the interest in Kound\u00e9, by<strong> what Lenglet, Umtiti and Mingueza are the main aimed to leave the Camp Nou<\/strong>. The ex of the Seville has woken up the interest of several teams of the Premier, but his high wage has hampered his traspaso. Likewise, the canterano of the Farm also has poster in England and Germany, although they have not made any movement.<\/p>  <p>Of the same form, Umtiti also will change of &#8216;airs&#8217; in summer and already negotiates with the club his exit, <strong>although the doubts on his physicist and his heights emolumentos are the big obstacles of his course<\/strong>. By his part, the future of Frenkie of Jong keeps on being a &#8216;inc\u00f3gnita&#8217; since the cul\u00e9s follow negotiating his traspaso to the Manchester United, whose offers do not satisfy the requirements of the club. Equally, Hern\u00e1ndez would have recommended him to Riqui Puig find a new destination, and in spite of that has been linked to several clubs of First, for now there is not at all enclosed.<\/p>  <h3>Situations &#8216;aground&#8217;<\/h3>  <p>The Bar\u00e7a confronts two situations that could trastocar his plans. <strong>And it is that so much Braithwaite like Pjanic and Net,<\/strong> <strong>in principle, would want to fulfil his agreement in the City Condal<\/strong>. The Danish has manifested his wish to continue under the orders of Xavi that it does not have he and would not put eases to the hour to go out. Same case that the goalkeeper, that has decided to refuse all the offers received in order to be still in Barcelona during the year that subtracts him to his agreement with the club, whereas the bosnio wants to do the pre-season with the team before defining his future, by what the cul\u00e9s will have to devise them to give off of them.<\/p>  <p>Finally, Francisco Trincao would be decided to change of &#8216;airs&#8217; and his priority is to return to Portugal, where the Sporting of Lisbon would be interested in doing with his services. Nevertheless, <strong>the barcelonistas expect ingresar a good &#8216;paste&#8217; by the player, by what his sale has delayed more than the planned<\/strong>. Likewise, the traspaso of Sergi\u00f1o Dest would be conditioned to the possible incorporations of the square and any option is descartada. The time runs against of a Bar\u00e7a that needs income to follow his leaf of route.<\/p> ","protected":false},"excerpt":{"rendered":"<p>Bar\u00e7a expects to experience an &#8216;exodus&#8217; of players during the next transfer market. The azulgranas need to cash in and several footballers will leave the cul\u00e9s ranks, but their departures are &#8216;stuck&#8217; The FC Barcelona wants to give him a &#8216;washed of expensive&#8217; to the staff during the following window of summer. After the end [&hellip;]<\/p>\n","protected":false},"author":358,"featured_media":133089,"comment_status":"closed","ping_status":"open","sticky":false,"template":"","format":"standard","meta":{"_acf_changed":false,"inline_featured_image":false,"_nextfly_llmd_date_locked":false,"footnotes":""},"categories":[449,106],"tags":[371,225,312,246,320,358,357,352,326,298,309],"class_list":["post-133086","post","type-post","status-publish","format-standard","has-post-thumbnail","hentry","category-transfers-2","category-transfers","tag-adama-traore","tag-dani-alves","tag-jutgla","tag-francisco-trincao","tag-lenglet","tag-luuk-de-jong","tag-martin-braithwaite","tag-mingueza","tag-miralem-pjanic","tag-neto","tag-samuel-umtiti"],"acf":[],"yoast_head":"<!-- This site is optimized with the Yoast SEO plugin v27.3 - https:\/\/yoast.com\/product\/yoast-seo-wordpress\/ -->\n<title>The &#039;exit operation&#039; does not finish starting and Bar\u00e7a begins to worry<\/title>\n<meta name=\"description\" content=\"The Bar\u00e7a expects to live a &#039;exodus\u00b4 of players during the next market of signings. The Barcelona need to do box and several footballers will leave the fi...\" \/>\n<meta name=\"robots\" content=\"index, follow, max-snippet:-1, max-image-preview:large, max-video-preview:-1\" \/>\n<link rel=\"canonical\" href=\"https:\/\/www.fcbarcelonanoticias.com\/en\/transfers\/operation-exit-doesn-t-finish-start-barcelona-begins-to-worry_281494_102.html\" \/>\n<meta property=\"og:locale\" content=\"en_US\" \/>\n<meta property=\"og:type\" content=\"article\" \/>\n<meta property=\"og:title\" content=\"The &#039;exit operation&#039; does not finish starting and Bar\u00e7a begins to worry\" \/>\n<meta property=\"og:description\" content=\"The Bar\u00e7a expects to live a &#039;exodus\u00b4 of players during the next market of signings. The Barcelona need to do box and several footballers will leave the fi...\" \/>\n<meta property=\"og:url\" content=\"https:\/\/www.fcbarcelonanoticias.com\/en\/transfers\/operation-exit-doesn-t-finish-start-barcelona-begins-to-worry_281494_102.html\" \/>\n<meta property=\"og:site_name\" content=\"EN - FC Barcelona Noticias\" \/>\n<meta property=\"article:published_time\" content=\"2022-06-22T18:09:00+00:00\" \/>\n<meta property=\"article:modified_time\" content=\"2026-04-16T07:15:49+00:00\" \/>\n<meta property=\"og:image\" content=\"https:\/\/www.fcbarcelonanoticias.com\/en\/wp-content\/uploads\/sites\/2\/2022\/06\/jugadores-en-la-rampa-de-salida-1.jpeg\" \/>\n\t<meta property=\"og:image:width\" content=\"1300\" \/>\n\t<meta property=\"og:image:height\" content=\"732\" \/>\n\t<meta property=\"og:image:type\" content=\"image\/jpeg\" \/>\n<meta name=\"author\" content=\"Juan Pablo Berdugo\" \/>\n<meta name=\"twitter:card\" content=\"summary_large_image\" \/>\n<meta name=\"twitter:label1\" content=\"Written by\" \/>\n\t<meta name=\"twitter:data1\" content=\"Juan Pablo Berdugo\" \/>\n\t<meta name=\"twitter:label2\" content=\"Est. reading time\" \/>\n\t<meta name=\"twitter:data2\" content=\"3 minutes\" \/>\n<script type=\"application\/ld+json\" class=\"yoast-schema-graph\">{\"@context\":\"https:\\\/\\\/schema.org\",\"@graph\":[{\"@type\":\"Article\",\"@id\":\"https:\\\/\\\/www.fcbarcelonanoticias.com\\\/en\\\/transfers\\\/operation-exit-doesn-t-finish-start-barcelona-begins-to-worry_281494_102.html#article\",\"isPartOf\":{\"@id\":\"https:\\\/\\\/www.fcbarcelonanoticias.com\\\/en\\\/transfers\\\/operation-exit-doesn-t-finish-start-barcelona-begins-to-worry_281494_102.html\"},\"author\":{\"name\":\"Juan Pablo Berdugo\",\"@id\":\"https:\\\/\\\/www.fcbarcelonanoticias.com\\\/en\\\/#\\\/schema\\\/person\\\/88d756918a0a1ae9fa593b5edddd1815\"},\"headline\":\"The &#8216;exit operation&#8217; does not finish starting and Bar\u00e7a begins to worry\",\"datePublished\":\"2022-06-22T18:09:00+00:00\",\"dateModified\":\"2026-04-16T07:15:49+00:00\",\"mainEntityOfPage\":{\"@id\":\"https:\\\/\\\/www.fcbarcelonanoticias.com\\\/en\\\/transfers\\\/operation-exit-doesn-t-finish-start-barcelona-begins-to-worry_281494_102.html\"},\"wordCount\":650,\"image\":{\"@id\":\"https:\\\/\\\/www.fcbarcelonanoticias.com\\\/en\\\/transfers\\\/operation-exit-doesn-t-finish-start-barcelona-begins-to-worry_281494_102.html#primaryimage\"},\"thumbnailUrl\":\"https:\\\/\\\/www.fcbarcelonanoticias.com\\\/en\\\/wp-content\\\/uploads\\\/sites\\\/2\\\/2022\\\/06\\\/jugadores-en-la-rampa-de-salida-1.jpeg\",\"keywords\":[\"Adama Traor\u00e9\",\"Dani Alves\",\"Ferran Jutgl\u00e0\",\"Francisco Trincao\",\"Lenglet\",\"Luuk De Jong\",\"Martin Braithwaite\",\"Mingueza\",\"Miralem Pjanic\",\"Neto\",\"Samuel Umtiti\"],\"articleSection\":[\"Transfers\",\"Transfers\"],\"inLanguage\":\"en-US\"},{\"@type\":\"WebPage\",\"@id\":\"https:\\\/\\\/www.fcbarcelonanoticias.com\\\/en\\\/transfers\\\/operation-exit-doesn-t-finish-start-barcelona-begins-to-worry_281494_102.html\",\"url\":\"https:\\\/\\\/www.fcbarcelonanoticias.com\\\/en\\\/transfers\\\/operation-exit-doesn-t-finish-start-barcelona-begins-to-worry_281494_102.html\",\"name\":\"The 'exit operation' does not finish starting and Bar\u00e7a begins to worry\",\"isPartOf\":{\"@id\":\"https:\\\/\\\/www.fcbarcelonanoticias.com\\\/en\\\/#website\"},\"primaryImageOfPage\":{\"@id\":\"https:\\\/\\\/www.fcbarcelonanoticias.com\\\/en\\\/transfers\\\/operation-exit-doesn-t-finish-start-barcelona-begins-to-worry_281494_102.html#primaryimage\"},\"image\":{\"@id\":\"https:\\\/\\\/www.fcbarcelonanoticias.com\\\/en\\\/transfers\\\/operation-exit-doesn-t-finish-start-barcelona-begins-to-worry_281494_102.html#primaryimage\"},\"thumbnailUrl\":\"https:\\\/\\\/www.fcbarcelonanoticias.com\\\/en\\\/wp-content\\\/uploads\\\/sites\\\/2\\\/2022\\\/06\\\/jugadores-en-la-rampa-de-salida-1.jpeg\",\"datePublished\":\"2022-06-22T18:09:00+00:00\",\"dateModified\":\"2026-04-16T07:15:49+00:00\",\"author\":{\"@id\":\"https:\\\/\\\/www.fcbarcelonanoticias.com\\\/en\\\/#\\\/schema\\\/person\\\/88d756918a0a1ae9fa593b5edddd1815\"},\"description\":\"The Bar\u00e7a expects to live a 'exodus\u00b4 of players during the next market of signings. The Barcelona need to do box and several footballers will leave the fi...\",\"breadcrumb\":{\"@id\":\"https:\\\/\\\/www.fcbarcelonanoticias.com\\\/en\\\/transfers\\\/operation-exit-doesn-t-finish-start-barcelona-begins-to-worry_281494_102.html#breadcrumb\"},\"inLanguage\":\"en-US\",\"potentialAction\":[{\"@type\":\"ReadAction\",\"target\":[\"https:\\\/\\\/www.fcbarcelonanoticias.com\\\/en\\\/transfers\\\/operation-exit-doesn-t-finish-start-barcelona-begins-to-worry_281494_102.html\"]}]},{\"@type\":\"ImageObject\",\"inLanguage\":\"en-US\",\"@id\":\"https:\\\/\\\/www.fcbarcelonanoticias.com\\\/en\\\/transfers\\\/operation-exit-doesn-t-finish-start-barcelona-begins-to-worry_281494_102.html#primaryimage\",\"url\":\"https:\\\/\\\/www.fcbarcelonanoticias.com\\\/en\\\/wp-content\\\/uploads\\\/sites\\\/2\\\/2022\\\/06\\\/jugadores-en-la-rampa-de-salida-1.jpeg\",\"contentUrl\":\"https:\\\/\\\/www.fcbarcelonanoticias.com\\\/en\\\/wp-content\\\/uploads\\\/sites\\\/2\\\/2022\\\/06\\\/jugadores-en-la-rampa-de-salida-1.jpeg\",\"width\":1300,\"height\":732},{\"@type\":\"BreadcrumbList\",\"@id\":\"https:\\\/\\\/www.fcbarcelonanoticias.com\\\/en\\\/transfers\\\/operation-exit-doesn-t-finish-start-barcelona-begins-to-worry_281494_102.html#breadcrumb\",\"itemListElement\":[{\"@type\":\"ListItem\",\"position\":1,\"name\":\"Portada\",\"item\":\"https:\\\/\\\/www.fcbarcelonanoticias.com\\\/en\\\/\"},{\"@type\":\"ListItem\",\"position\":2,\"name\":\"The &#8216;exit operation&#8217; does not finish starting and Bar\u00e7a begins to worry\"}]},{\"@type\":\"WebSite\",\"@id\":\"https:\\\/\\\/www.fcbarcelonanoticias.com\\\/en\\\/#website\",\"url\":\"https:\\\/\\\/www.fcbarcelonanoticias.com\\\/en\\\/\",\"name\":\"EN - FC Barcelona Noticias\",\"description\":\"\",\"potentialAction\":[{\"@type\":\"SearchAction\",\"target\":{\"@type\":\"EntryPoint\",\"urlTemplate\":\"https:\\\/\\\/www.fcbarcelonanoticias.com\\\/en\\\/?s={search_term_string}\"},\"query-input\":{\"@type\":\"PropertyValueSpecification\",\"valueRequired\":true,\"valueName\":\"search_term_string\"}}],\"inLanguage\":\"en-US\"},{\"@type\":\"Person\",\"@id\":\"https:\\\/\\\/www.fcbarcelonanoticias.com\\\/en\\\/#\\\/schema\\\/person\\\/88d756918a0a1ae9fa593b5edddd1815\",\"name\":\"Juan Pablo Berdugo\",\"image\":{\"@type\":\"ImageObject\",\"inLanguage\":\"en-US\",\"@id\":\"https:\\\/\\\/secure.gravatar.com\\\/avatar\\\/?s=96&d=mm&r=g\",\"url\":\"https:\\\/\\\/secure.gravatar.com\\\/avatar\\\/?s=96&d=mm&r=g\",\"contentUrl\":\"https:\\\/\\\/secure.gravatar.com\\\/avatar\\\/?s=96&d=mm&r=g\",\"caption\":\"Juan Pablo Berdugo\"},\"description\":\"Juan Pablo Berdugo es graduado en Periodismo. Colabora con FCBN como especialista en informaci\u00f3n del primer equipo del FC Barcelona, f\u00fatbol internacional y mercado de fichajes. Destaca por su enfoque anal\u00edtico, su rigor informativo y su capacidad para detectar tendencias emergentes en el f\u00fatbol global.\",\"url\":\"https:\\\/\\\/www.fcbarcelonanoticias.com\\\/en\\\/fc-barcelona\\\/juan-pablo-berdugo_18_115.html\"}]}<\/script>\n<!-- \/ Yoast SEO plugin. -->","yoast_head_json":{"title":"The 'exit operation' does not finish starting and Bar\u00e7a begins to worry","description":"The Bar\u00e7a expects to live a 'exodus\u00b4 of players during the next market of signings. The Barcelona need to do box and several footballers will leave the fi...","robots":{"index":"index","follow":"follow","max-snippet":"max-snippet:-1","max-image-preview":"max-image-preview:large","max-video-preview":"max-video-preview:-1"},"canonical":"https:\/\/www.fcbarcelonanoticias.com\/en\/transfers\/operation-exit-doesn-t-finish-start-barcelona-begins-to-worry_281494_102.html","og_locale":"en_US","og_type":"article","og_title":"The 'exit operation' does not finish starting and Bar\u00e7a begins to worry","og_description":"The Bar\u00e7a expects to live a 'exodus\u00b4 of players during the next market of signings. The Barcelona need to do box and several footballers will leave the fi...","og_url":"https:\/\/www.fcbarcelonanoticias.com\/en\/transfers\/operation-exit-doesn-t-finish-start-barcelona-begins-to-worry_281494_102.html","og_site_name":"EN - FC Barcelona Noticias","article_published_time":"2022-06-22T18:09:00+00:00","article_modified_time":"2026-04-16T07:15:49+00:00","og_image":[{"width":1300,"height":732,"url":"https:\/\/www.fcbarcelonanoticias.com\/en\/wp-content\/uploads\/sites\/2\/2022\/06\/jugadores-en-la-rampa-de-salida-1.jpeg","type":"image\/jpeg"}],"author":"Juan Pablo Berdugo","twitter_card":"summary_large_image","twitter_misc":{"Written by":"Juan Pablo Berdugo","Est. reading time":"3 minutes"},"schema":{"@context":"https:\/\/schema.org","@graph":[{"@type":"Article","@id":"https:\/\/www.fcbarcelonanoticias.com\/en\/transfers\/operation-exit-doesn-t-finish-start-barcelona-begins-to-worry_281494_102.html#article","isPartOf":{"@id":"https:\/\/www.fcbarcelonanoticias.com\/en\/transfers\/operation-exit-doesn-t-finish-start-barcelona-begins-to-worry_281494_102.html"},"author":{"name":"Juan Pablo Berdugo","@id":"https:\/\/www.fcbarcelonanoticias.com\/en\/#\/schema\/person\/88d756918a0a1ae9fa593b5edddd1815"},"headline":"The &#8216;exit operation&#8217; does not finish starting and Bar\u00e7a begins to worry","datePublished":"2022-06-22T18:09:00+00:00","dateModified":"2026-04-16T07:15:49+00:00","mainEntityOfPage":{"@id":"https:\/\/www.fcbarcelonanoticias.com\/en\/transfers\/operation-exit-doesn-t-finish-start-barcelona-begins-to-worry_281494_102.html"},"wordCount":650,"image":{"@id":"https:\/\/www.fcbarcelonanoticias.com\/en\/transfers\/operation-exit-doesn-t-finish-start-barcelona-begins-to-worry_281494_102.html#primaryimage"},"thumbnailUrl":"https:\/\/www.fcbarcelonanoticias.com\/en\/wp-content\/uploads\/sites\/2\/2022\/06\/jugadores-en-la-rampa-de-salida-1.jpeg","keywords":["Adama Traor\u00e9","Dani Alves","Ferran Jutgl\u00e0","Francisco Trincao","Lenglet","Luuk De Jong","Martin Braithwaite","Mingueza","Miralem Pjanic","Neto","Samuel Umtiti"],"articleSection":["Transfers","Transfers"],"inLanguage":"en-US"},{"@type":"WebPage","@id":"https:\/\/www.fcbarcelonanoticias.com\/en\/transfers\/operation-exit-doesn-t-finish-start-barcelona-begins-to-worry_281494_102.html","url":"https:\/\/www.fcbarcelonanoticias.com\/en\/transfers\/operation-exit-doesn-t-finish-start-barcelona-begins-to-worry_281494_102.html","name":"The 'exit operation' does not finish starting and Bar\u00e7a begins to worry","isPartOf":{"@id":"https:\/\/www.fcbarcelonanoticias.com\/en\/#website"},"primaryImageOfPage":{"@id":"https:\/\/www.fcbarcelonanoticias.com\/en\/transfers\/operation-exit-doesn-t-finish-start-barcelona-begins-to-worry_281494_102.html#primaryimage"},"image":{"@id":"https:\/\/www.fcbarcelonanoticias.com\/en\/transfers\/operation-exit-doesn-t-finish-start-barcelona-begins-to-worry_281494_102.html#primaryimage"},"thumbnailUrl":"https:\/\/www.fcbarcelonanoticias.com\/en\/wp-content\/uploads\/sites\/2\/2022\/06\/jugadores-en-la-rampa-de-salida-1.jpeg","datePublished":"2022-06-22T18:09:00+00:00","dateModified":"2026-04-16T07:15:49+00:00","author":{"@id":"https:\/\/www.fcbarcelonanoticias.com\/en\/#\/schema\/person\/88d756918a0a1ae9fa593b5edddd1815"},"description":"The Bar\u00e7a expects to live a 'exodus\u00b4 of players during the next market of signings. The Barcelona need to do box and several footballers will leave the fi...","breadcrumb":{"@id":"https:\/\/www.fcbarcelonanoticias.com\/en\/transfers\/operation-exit-doesn-t-finish-start-barcelona-begins-to-worry_281494_102.html#breadcrumb"},"inLanguage":"en-US","potentialAction":[{"@type":"ReadAction","target":["https:\/\/www.fcbarcelonanoticias.com\/en\/transfers\/operation-exit-doesn-t-finish-start-barcelona-begins-to-worry_281494_102.html"]}]},{"@type":"ImageObject","inLanguage":"en-US","@id":"https:\/\/www.fcbarcelonanoticias.com\/en\/transfers\/operation-exit-doesn-t-finish-start-barcelona-begins-to-worry_281494_102.html#primaryimage","url":"https:\/\/www.fcbarcelonanoticias.com\/en\/wp-content\/uploads\/sites\/2\/2022\/06\/jugadores-en-la-rampa-de-salida-1.jpeg","contentUrl":"https:\/\/www.fcbarcelonanoticias.com\/en\/wp-content\/uploads\/sites\/2\/2022\/06\/jugadores-en-la-rampa-de-salida-1.jpeg","width":1300,"height":732},{"@type":"BreadcrumbList","@id":"https:\/\/www.fcbarcelonanoticias.com\/en\/transfers\/operation-exit-doesn-t-finish-start-barcelona-begins-to-worry_281494_102.html#breadcrumb","itemListElement":[{"@type":"ListItem","position":1,"name":"Portada","item":"https:\/\/www.fcbarcelonanoticias.com\/en\/"},{"@type":"ListItem","position":2,"name":"The &#8216;exit operation&#8217; does not finish starting and Bar\u00e7a begins to worry"}]},{"@type":"WebSite","@id":"https:\/\/www.fcbarcelonanoticias.com\/en\/#website","url":"https:\/\/www.fcbarcelonanoticias.com\/en\/","name":"EN - FC Barcelona Noticias","description":"","potentialAction":[{"@type":"SearchAction","target":{"@type":"EntryPoint","urlTemplate":"https:\/\/www.fcbarcelonanoticias.com\/en\/?s={search_term_string}"},"query-input":{"@type":"PropertyValueSpecification","valueRequired":true,"valueName":"search_term_string"}}],"inLanguage":"en-US"},{"@type":"Person","@id":"https:\/\/www.fcbarcelonanoticias.com\/en\/#\/schema\/person\/88d756918a0a1ae9fa593b5edddd1815","name":"Juan Pablo Berdugo","image":{"@type":"ImageObject","inLanguage":"en-US","@id":"https:\/\/secure.gravatar.com\/avatar\/?s=96&d=mm&r=g","url":"https:\/\/secure.gravatar.com\/avatar\/?s=96&d=mm&r=g","contentUrl":"https:\/\/secure.gravatar.com\/avatar\/?s=96&d=mm&r=g","caption":"Juan Pablo Berdugo"},"description":"Juan Pablo Berdugo es graduado en Periodismo. Colabora con FCBN como especialista en informaci\u00f3n del primer equipo del FC Barcelona, f\u00fatbol internacional y mercado de fichajes. Destaca por su enfoque anal\u00edtico, su rigor informativo y su capacidad para detectar tendencias emergentes en el f\u00fatbol global.","url":"https:\/\/www.fcbarcelonanoticias.com\/en\/fc-barcelona\/juan-pablo-berdugo_18_115.html"}]}},"_links":{"self":[{"href":"https:\/\/www.fcbarcelonanoticias.com\/en\/wp-json\/wp\/v2\/posts\/133086","targetHints":{"allow":["GET"]}}],"collection":[{"href":"https:\/\/www.fcbarcelonanoticias.com\/en\/wp-json\/wp\/v2\/posts"}],"about":[{"href":"https:\/\/www.fcbarcelonanoticias.com\/en\/wp-json\/wp\/v2\/types\/post"}],"author":[{"embeddable":true,"href":"https:\/\/www.fcbarcelonanoticias.com\/en\/wp-json\/wp\/v2\/users\/358"}],"replies":[{"embeddable":true,"href":"https:\/\/www.fcbarcelonanoticias.com\/en\/wp-json\/wp\/v2\/comments?post=133086"}],"version-history":[{"count":2,"href":"https:\/\/www.fcbarcelonanoticias.com\/en\/wp-json\/wp\/v2\/posts\/133086\/revisions"}],"predecessor-version":[{"id":170440,"href":"https:\/\/www.fcbarcelonanoticias.com\/en\/wp-json\/wp\/v2\/posts\/133086\/revisions\/170440"}],"wp:featuredmedia":[{"embeddable":true,"href":"https:\/\/www.fcbarcelonanoticias.com\/en\/wp-json\/wp\/v2\/media\/133089"}],"wp:attachment":[{"href":"https:\/\/www.fcbarcelonanoticias.com\/en\/wp-json\/wp\/v2\/media?parent=133086"}],"wp:term":[{"taxonomy":"category","embeddable":true,"href":"https:\/\/www.fcbarcelonanoticias.com\/en\/wp-json\/wp\/v2\/categories?post=133086"},{"taxonomy":"post_tag","embeddable":true,"href":"https:\/\/www.fcbarcelonanoticias.com\/en\/wp-json\/wp\/v2\/tags?post=133086"}],"curies":[{"name":"wp","href":"https:\/\/api.w.org\/{rel}","templated":true}]}}