{"id":133118,"date":"2024-02-27T15:41:00","date_gmt":"2024-02-27T14:41:00","guid":{"rendered":"https:\/\/weisetech.dev\/fc-barcelona-noticias\/en\/maximiano-the-goalkeeper-barca-have-their-as-replacement-for-ter-stegen_301211_102\/"},"modified":"2024-02-28T03:12:00","modified_gmt":"2024-02-28T02:12:00","slug":"maximiano-the-goalkeeper-barca-have-their-as-replacement-for-ter-stegen_301211_102","status":"publish","type":"post","link":"https:\/\/www.fcbarcelonanoticias.com\/en\/transfers\/maximiano-the-goalkeeper-barca-have-their-as-replacement-for-ter-stegen_301211_102.html","title":{"rendered":"Maximiano, the goalkeeper Bar\u00e7a have in their sights as a replacement for Ter Stegen"},"content":{"rendered":"<h2 class=\"wp-block-heading\">Bar\u00e7a&#8217;s goalkeeping could undergo a significant change for next season and in the offices they have the name of Lu\u00eds Maximiano as one of the possible alternatives for it<\/h2>  \r\n<div class=\"article-addons\">\r\n    <a href=\"https:\/\/www.fcbarcelonanoticias.com\/en\/calendar-fc-barcelona.html\"\r\n       target=\"_self\"\r\n       title=\"Calendar of FC Barcelona\"\r\n       class=\"blue-gredient-btn\">\r\n       \r\n        Calendar of FC Barcelona    <\/a>\r\n<\/div>   <p>The FC Barcelona looks forward to to reinforce some zones of the staff the following summer. <strong>The cul\u00e9s need to complete the continuity of Joao Cancel, for example, and besides can <a data-external=\"0\" data-intl-links-en=\"https:\/\/www.fcbarcelonanoticias.com\/en\/transfers\/the-formula-that-barca-is-studying-to-convince-everton-with-onana_301184_102.html\" data-intl-links-es=\"https:\/\/www.fcbarcelonanoticias.com\/fichajes\/formula-estudia-barca-convencer-everton-con-onana_301184_102.html\" href=\"https:\/\/www.fcbarcelonanoticias.com\/en\/transfers\/the-formula-that-barca-is-studying-to-convince-everton-with-onana_301184_102.html\" rel=\"follow\" target=\"_self\" title=\"La f\u00f3rmula que estudia el Bar\u00e7a para convencer al Everton con Amadou Onana\">situate in the market a pivote<\/a> that go in in the style of game of the club,<\/strong> taking into account also to the new trainer. But the entity also thinks that reinforce the goal would be an interesting possibility, <a data-external=\"0\" data-intl-links-en=\"https:\/\/www.fcbarcelonanoticias.com\/en\/players\/barca-doubt-inaki-pena-and-are-considering-going-to-the-market-in-search-of-more-veteran-goalkeeper_301206_102.html\" data-intl-links-es=\"https:\/\/www.fcbarcelonanoticias.com\/jugadores\/barca-duda-inaki-pena-se-plantea-ir-mercado-en-busca-portero-mas-veterano_301206_102.html\" href=\"https:\/\/www.fcbarcelonanoticias.com\/en\/players\/barca-doubt-inaki-pena-and-are-considering-going-to-the-market-in-search-of-more-veteran-goalkeeper_301206_102.html\" rel=\"follow\" target=\"_self\" title=\"El Bar\u00e7a duda de I\u00f1aki Pe\u00f1a y se plantea ir al mercado en busca de un portero&nbsp;m\u00e1s&nbsp;veterano\">as we already explain this Tuesday<\/a>.<\/p>  <p>In this information signal that one of the possibilities that the Bar\u00e7a would have in his &#8216;radar&#8217; is the one of the Portuguese Lu\u00eds Maximiano, once decide if I\u00f1aki Crag finally would follow or no like acting of Marc-Andr\u00e9 ter Stegen. By his part, <strong>the luso of 25 years has been this season yielded in the Almer\u00eda by the Lazio and his reports, in spite of the abysmal season of the Andalusian team, which is already convict to the descent to Second Division.<\/strong><\/p>  <h2>The Bar\u00e7a will have to expect that it arrive the end of the season<\/h2>  <p>But further of this reality that shows the classification, &#8216;Sportive World&#8217; aims that Maximiano is an old known of the Bar\u00e7a because it already called the attention of the scouting of the club seasons backwards. <strong>It went out of the quarry of the Sporting of Portugal for later go through the Granada, <\/strong>club in which only in a season attained to leave to the Series To with the Lazio in return of 10 million euros, but right now does not explain for the project of the Italians.<\/p>  <p>The proof is definitely his cession to the Almer\u00eda, where has a clause liberatoria in his agreement in the stage of the descent, <strong>cancelled the option of compulsory purchase of 8,5 &#8216;kilos&#8217; that both clubs agreed the past summer. <\/strong>With this in account, the Bar\u00e7a could bet for doing box with I\u00f1aki and pose a cession by the Portuguese, understanding that the Lazio probably do not go to receive offers too important by the player after receiving surely more than 50 or 60 goals this season.<\/p> ","protected":false},"excerpt":{"rendered":"<p>Bar\u00e7a&#8217;s goalkeeping could undergo a significant change for next season and in the offices they have the name of Lu\u00eds Maximiano as one of the possible alternatives for it The FC Barcelona looks forward to to reinforce some zones of the staff the following summer. The cul\u00e9s need to complete the continuity of Joao Cancel, [&hellip;]<\/p>\n","protected":false},"author":345,"featured_media":133120,"comment_status":"closed","ping_status":"open","sticky":false,"template":"","format":"standard","meta":{"_acf_changed":false,"inline_featured_image":false,"_nextfly_llmd_date_locked":false,"footnotes":""},"categories":[106,449],"tags":[397,335,73,158],"class_list":["post-133118","post","type-post","status-publish","format-standard","has-post-thumbnail","hentry","category-transfers","category-transfers-2","tag-almeria","tag-deco","tag-granada-cf","tag-joan-laporta"],"acf":[],"yoast_head":"<!-- This site is optimized with the Yoast SEO plugin v27.3 - https:\/\/yoast.com\/product\/yoast-seo-wordpress\/ -->\n<title>Maximiano, the goalkeeper Bar\u00e7a have in their sights as a replacement for Ter Stegen<\/title>\n<meta name=\"description\" content=\"Bar\u00e7a&#039;s goalkeeping could undergo a significant change for next season and in the offices they have the name of Lu\u00eds Maximiano as one of the possible alternatives for it\" \/>\n<meta name=\"robots\" content=\"index, follow, max-snippet:-1, max-image-preview:large, max-video-preview:-1\" \/>\n<link rel=\"canonical\" href=\"https:\/\/www.fcbarcelonanoticias.com\/en\/transfers\/maximiano-the-goalkeeper-barca-have-their-as-replacement-for-ter-stegen_301211_102.html\" \/>\n<meta property=\"og:locale\" content=\"en_US\" \/>\n<meta property=\"og:type\" content=\"article\" \/>\n<meta property=\"og:title\" content=\"Maximiano, the goalkeeper Bar\u00e7a have in their sights as a replacement for Ter Stegen\" \/>\n<meta property=\"og:description\" content=\"Bar\u00e7a&#039;s goalkeeping could undergo a significant change for next season and in the offices they have the name of Lu\u00eds Maximiano as one of the possible alternatives for it\" \/>\n<meta property=\"og:url\" content=\"https:\/\/www.fcbarcelonanoticias.com\/en\/transfers\/maximiano-the-goalkeeper-barca-have-their-as-replacement-for-ter-stegen_301211_102.html\" \/>\n<meta property=\"og:site_name\" content=\"EN - FC Barcelona Noticias\" \/>\n<meta property=\"article:published_time\" content=\"2024-02-27T14:41:00+00:00\" \/>\n<meta property=\"article:modified_time\" content=\"2024-02-28T02:12:00+00:00\" \/>\n<meta property=\"og:image\" content=\"https:\/\/www.fcbarcelonanoticias.com\/en\/wp-content\/uploads\/sites\/2\/2024\/02\/luis-maximiano-barca.jpeg\" \/>\n\t<meta property=\"og:image:width\" content=\"1300\" \/>\n\t<meta property=\"og:image:height\" content=\"739\" \/>\n\t<meta property=\"og:image:type\" content=\"image\/jpeg\" \/>\n<meta name=\"author\" content=\"Carlos Montenegro\" \/>\n<meta name=\"twitter:card\" content=\"summary_large_image\" \/>\n<meta name=\"twitter:label1\" content=\"Written by\" \/>\n\t<meta name=\"twitter:data1\" content=\"Carlos Montenegro\" \/>\n\t<meta name=\"twitter:label2\" content=\"Est. reading time\" \/>\n\t<meta name=\"twitter:data2\" content=\"2 minutes\" \/>\n<script type=\"application\/ld+json\" class=\"yoast-schema-graph\">{\"@context\":\"https:\\\/\\\/schema.org\",\"@graph\":[{\"@type\":\"Article\",\"@id\":\"https:\\\/\\\/www.fcbarcelonanoticias.com\\\/en\\\/transfers\\\/maximiano-the-goalkeeper-barca-have-their-as-replacement-for-ter-stegen_301211_102.html#article\",\"isPartOf\":{\"@id\":\"https:\\\/\\\/www.fcbarcelonanoticias.com\\\/en\\\/transfers\\\/maximiano-the-goalkeeper-barca-have-their-as-replacement-for-ter-stegen_301211_102.html\"},\"author\":{\"name\":\"Carlos Montenegro\",\"@id\":\"https:\\\/\\\/www.fcbarcelonanoticias.com\\\/en\\\/#\\\/schema\\\/person\\\/aa1d038709c262cb247e240f6b39bbf5\"},\"headline\":\"Maximiano, the goalkeeper Bar\u00e7a have in their sights as a replacement for Ter Stegen\",\"datePublished\":\"2024-02-27T14:41:00+00:00\",\"dateModified\":\"2024-02-28T02:12:00+00:00\",\"mainEntityOfPage\":{\"@id\":\"https:\\\/\\\/www.fcbarcelonanoticias.com\\\/en\\\/transfers\\\/maximiano-the-goalkeeper-barca-have-their-as-replacement-for-ter-stegen_301211_102.html\"},\"wordCount\":398,\"image\":{\"@id\":\"https:\\\/\\\/www.fcbarcelonanoticias.com\\\/en\\\/transfers\\\/maximiano-the-goalkeeper-barca-have-their-as-replacement-for-ter-stegen_301211_102.html#primaryimage\"},\"thumbnailUrl\":\"https:\\\/\\\/www.fcbarcelonanoticias.com\\\/en\\\/wp-content\\\/uploads\\\/sites\\\/2\\\/2024\\\/02\\\/luis-maximiano-barca.jpeg\",\"keywords\":[\"Almer\u00eda\",\"Deco\",\"Granada CF\",\"Joan Laporta\"],\"articleSection\":[\"Transfers\",\"Transfers\"],\"inLanguage\":\"en-US\"},{\"@type\":\"WebPage\",\"@id\":\"https:\\\/\\\/www.fcbarcelonanoticias.com\\\/en\\\/transfers\\\/maximiano-the-goalkeeper-barca-have-their-as-replacement-for-ter-stegen_301211_102.html\",\"url\":\"https:\\\/\\\/www.fcbarcelonanoticias.com\\\/en\\\/transfers\\\/maximiano-the-goalkeeper-barca-have-their-as-replacement-for-ter-stegen_301211_102.html\",\"name\":\"Maximiano, the goalkeeper Bar\u00e7a have in their sights as a replacement for Ter Stegen\",\"isPartOf\":{\"@id\":\"https:\\\/\\\/www.fcbarcelonanoticias.com\\\/en\\\/#website\"},\"primaryImageOfPage\":{\"@id\":\"https:\\\/\\\/www.fcbarcelonanoticias.com\\\/en\\\/transfers\\\/maximiano-the-goalkeeper-barca-have-their-as-replacement-for-ter-stegen_301211_102.html#primaryimage\"},\"image\":{\"@id\":\"https:\\\/\\\/www.fcbarcelonanoticias.com\\\/en\\\/transfers\\\/maximiano-the-goalkeeper-barca-have-their-as-replacement-for-ter-stegen_301211_102.html#primaryimage\"},\"thumbnailUrl\":\"https:\\\/\\\/www.fcbarcelonanoticias.com\\\/en\\\/wp-content\\\/uploads\\\/sites\\\/2\\\/2024\\\/02\\\/luis-maximiano-barca.jpeg\",\"datePublished\":\"2024-02-27T14:41:00+00:00\",\"dateModified\":\"2024-02-28T02:12:00+00:00\",\"author\":{\"@id\":\"https:\\\/\\\/www.fcbarcelonanoticias.com\\\/en\\\/#\\\/schema\\\/person\\\/aa1d038709c262cb247e240f6b39bbf5\"},\"description\":\"Bar\u00e7a's goalkeeping could undergo a significant change for next season and in the offices they have the name of Lu\u00eds Maximiano as one of the possible alternatives for it\",\"breadcrumb\":{\"@id\":\"https:\\\/\\\/www.fcbarcelonanoticias.com\\\/en\\\/transfers\\\/maximiano-the-goalkeeper-barca-have-their-as-replacement-for-ter-stegen_301211_102.html#breadcrumb\"},\"inLanguage\":\"en-US\",\"potentialAction\":[{\"@type\":\"ReadAction\",\"target\":[\"https:\\\/\\\/www.fcbarcelonanoticias.com\\\/en\\\/transfers\\\/maximiano-the-goalkeeper-barca-have-their-as-replacement-for-ter-stegen_301211_102.html\"]}]},{\"@type\":\"ImageObject\",\"inLanguage\":\"en-US\",\"@id\":\"https:\\\/\\\/www.fcbarcelonanoticias.com\\\/en\\\/transfers\\\/maximiano-the-goalkeeper-barca-have-their-as-replacement-for-ter-stegen_301211_102.html#primaryimage\",\"url\":\"https:\\\/\\\/www.fcbarcelonanoticias.com\\\/en\\\/wp-content\\\/uploads\\\/sites\\\/2\\\/2024\\\/02\\\/luis-maximiano-barca.jpeg\",\"contentUrl\":\"https:\\\/\\\/www.fcbarcelonanoticias.com\\\/en\\\/wp-content\\\/uploads\\\/sites\\\/2\\\/2024\\\/02\\\/luis-maximiano-barca.jpeg\",\"width\":1300,\"height\":739},{\"@type\":\"BreadcrumbList\",\"@id\":\"https:\\\/\\\/www.fcbarcelonanoticias.com\\\/en\\\/transfers\\\/maximiano-the-goalkeeper-barca-have-their-as-replacement-for-ter-stegen_301211_102.html#breadcrumb\",\"itemListElement\":[{\"@type\":\"ListItem\",\"position\":1,\"name\":\"Portada\",\"item\":\"https:\\\/\\\/www.fcbarcelonanoticias.com\\\/en\\\/\"},{\"@type\":\"ListItem\",\"position\":2,\"name\":\"Maximiano, the goalkeeper Bar\u00e7a have in their sights as a replacement for Ter Stegen\"}]},{\"@type\":\"WebSite\",\"@id\":\"https:\\\/\\\/www.fcbarcelonanoticias.com\\\/en\\\/#website\",\"url\":\"https:\\\/\\\/www.fcbarcelonanoticias.com\\\/en\\\/\",\"name\":\"EN - FC Barcelona Noticias\",\"description\":\"\",\"potentialAction\":[{\"@type\":\"SearchAction\",\"target\":{\"@type\":\"EntryPoint\",\"urlTemplate\":\"https:\\\/\\\/www.fcbarcelonanoticias.com\\\/en\\\/?s={search_term_string}\"},\"query-input\":{\"@type\":\"PropertyValueSpecification\",\"valueRequired\":true,\"valueName\":\"search_term_string\"}}],\"inLanguage\":\"en-US\"},{\"@type\":\"Person\",\"@id\":\"https:\\\/\\\/www.fcbarcelonanoticias.com\\\/en\\\/#\\\/schema\\\/person\\\/aa1d038709c262cb247e240f6b39bbf5\",\"name\":\"Carlos Montenegro\",\"image\":{\"@type\":\"ImageObject\",\"inLanguage\":\"en-US\",\"@id\":\"https:\\\/\\\/secure.gravatar.com\\\/avatar\\\/?s=96&d=mm&r=g\",\"url\":\"https:\\\/\\\/secure.gravatar.com\\\/avatar\\\/?s=96&d=mm&r=g\",\"contentUrl\":\"https:\\\/\\\/secure.gravatar.com\\\/avatar\\\/?s=96&d=mm&r=g\",\"caption\":\"Carlos Montenegro\"},\"url\":\"https:\\\/\\\/www.fcbarcelonanoticias.com\\\/en\\\/carlos-montenegro_20_115.html\"}]}<\/script>\n<!-- \/ Yoast SEO plugin. -->","yoast_head_json":{"title":"Maximiano, the goalkeeper Bar\u00e7a have in their sights as a replacement for Ter Stegen","description":"Bar\u00e7a's goalkeeping could undergo a significant change for next season and in the offices they have the name of Lu\u00eds Maximiano as one of the possible alternatives for it","robots":{"index":"index","follow":"follow","max-snippet":"max-snippet:-1","max-image-preview":"max-image-preview:large","max-video-preview":"max-video-preview:-1"},"canonical":"https:\/\/www.fcbarcelonanoticias.com\/en\/transfers\/maximiano-the-goalkeeper-barca-have-their-as-replacement-for-ter-stegen_301211_102.html","og_locale":"en_US","og_type":"article","og_title":"Maximiano, the goalkeeper Bar\u00e7a have in their sights as a replacement for Ter Stegen","og_description":"Bar\u00e7a's goalkeeping could undergo a significant change for next season and in the offices they have the name of Lu\u00eds Maximiano as one of the possible alternatives for it","og_url":"https:\/\/www.fcbarcelonanoticias.com\/en\/transfers\/maximiano-the-goalkeeper-barca-have-their-as-replacement-for-ter-stegen_301211_102.html","og_site_name":"EN - FC Barcelona Noticias","article_published_time":"2024-02-27T14:41:00+00:00","article_modified_time":"2024-02-28T02:12:00+00:00","og_image":[{"width":1300,"height":739,"url":"https:\/\/www.fcbarcelonanoticias.com\/en\/wp-content\/uploads\/sites\/2\/2024\/02\/luis-maximiano-barca.jpeg","type":"image\/jpeg"}],"author":"Carlos Montenegro","twitter_card":"summary_large_image","twitter_misc":{"Written by":"Carlos Montenegro","Est. reading time":"2 minutes"},"schema":{"@context":"https:\/\/schema.org","@graph":[{"@type":"Article","@id":"https:\/\/www.fcbarcelonanoticias.com\/en\/transfers\/maximiano-the-goalkeeper-barca-have-their-as-replacement-for-ter-stegen_301211_102.html#article","isPartOf":{"@id":"https:\/\/www.fcbarcelonanoticias.com\/en\/transfers\/maximiano-the-goalkeeper-barca-have-their-as-replacement-for-ter-stegen_301211_102.html"},"author":{"name":"Carlos Montenegro","@id":"https:\/\/www.fcbarcelonanoticias.com\/en\/#\/schema\/person\/aa1d038709c262cb247e240f6b39bbf5"},"headline":"Maximiano, the goalkeeper Bar\u00e7a have in their sights as a replacement for Ter Stegen","datePublished":"2024-02-27T14:41:00+00:00","dateModified":"2024-02-28T02:12:00+00:00","mainEntityOfPage":{"@id":"https:\/\/www.fcbarcelonanoticias.com\/en\/transfers\/maximiano-the-goalkeeper-barca-have-their-as-replacement-for-ter-stegen_301211_102.html"},"wordCount":398,"image":{"@id":"https:\/\/www.fcbarcelonanoticias.com\/en\/transfers\/maximiano-the-goalkeeper-barca-have-their-as-replacement-for-ter-stegen_301211_102.html#primaryimage"},"thumbnailUrl":"https:\/\/www.fcbarcelonanoticias.com\/en\/wp-content\/uploads\/sites\/2\/2024\/02\/luis-maximiano-barca.jpeg","keywords":["Almer\u00eda","Deco","Granada CF","Joan Laporta"],"articleSection":["Transfers","Transfers"],"inLanguage":"en-US"},{"@type":"WebPage","@id":"https:\/\/www.fcbarcelonanoticias.com\/en\/transfers\/maximiano-the-goalkeeper-barca-have-their-as-replacement-for-ter-stegen_301211_102.html","url":"https:\/\/www.fcbarcelonanoticias.com\/en\/transfers\/maximiano-the-goalkeeper-barca-have-their-as-replacement-for-ter-stegen_301211_102.html","name":"Maximiano, the goalkeeper Bar\u00e7a have in their sights as a replacement for Ter Stegen","isPartOf":{"@id":"https:\/\/www.fcbarcelonanoticias.com\/en\/#website"},"primaryImageOfPage":{"@id":"https:\/\/www.fcbarcelonanoticias.com\/en\/transfers\/maximiano-the-goalkeeper-barca-have-their-as-replacement-for-ter-stegen_301211_102.html#primaryimage"},"image":{"@id":"https:\/\/www.fcbarcelonanoticias.com\/en\/transfers\/maximiano-the-goalkeeper-barca-have-their-as-replacement-for-ter-stegen_301211_102.html#primaryimage"},"thumbnailUrl":"https:\/\/www.fcbarcelonanoticias.com\/en\/wp-content\/uploads\/sites\/2\/2024\/02\/luis-maximiano-barca.jpeg","datePublished":"2024-02-27T14:41:00+00:00","dateModified":"2024-02-28T02:12:00+00:00","author":{"@id":"https:\/\/www.fcbarcelonanoticias.com\/en\/#\/schema\/person\/aa1d038709c262cb247e240f6b39bbf5"},"description":"Bar\u00e7a's goalkeeping could undergo a significant change for next season and in the offices they have the name of Lu\u00eds Maximiano as one of the possible alternatives for it","breadcrumb":{"@id":"https:\/\/www.fcbarcelonanoticias.com\/en\/transfers\/maximiano-the-goalkeeper-barca-have-their-as-replacement-for-ter-stegen_301211_102.html#breadcrumb"},"inLanguage":"en-US","potentialAction":[{"@type":"ReadAction","target":["https:\/\/www.fcbarcelonanoticias.com\/en\/transfers\/maximiano-the-goalkeeper-barca-have-their-as-replacement-for-ter-stegen_301211_102.html"]}]},{"@type":"ImageObject","inLanguage":"en-US","@id":"https:\/\/www.fcbarcelonanoticias.com\/en\/transfers\/maximiano-the-goalkeeper-barca-have-their-as-replacement-for-ter-stegen_301211_102.html#primaryimage","url":"https:\/\/www.fcbarcelonanoticias.com\/en\/wp-content\/uploads\/sites\/2\/2024\/02\/luis-maximiano-barca.jpeg","contentUrl":"https:\/\/www.fcbarcelonanoticias.com\/en\/wp-content\/uploads\/sites\/2\/2024\/02\/luis-maximiano-barca.jpeg","width":1300,"height":739},{"@type":"BreadcrumbList","@id":"https:\/\/www.fcbarcelonanoticias.com\/en\/transfers\/maximiano-the-goalkeeper-barca-have-their-as-replacement-for-ter-stegen_301211_102.html#breadcrumb","itemListElement":[{"@type":"ListItem","position":1,"name":"Portada","item":"https:\/\/www.fcbarcelonanoticias.com\/en\/"},{"@type":"ListItem","position":2,"name":"Maximiano, the goalkeeper Bar\u00e7a have in their sights as a replacement for Ter Stegen"}]},{"@type":"WebSite","@id":"https:\/\/www.fcbarcelonanoticias.com\/en\/#website","url":"https:\/\/www.fcbarcelonanoticias.com\/en\/","name":"EN - FC Barcelona Noticias","description":"","potentialAction":[{"@type":"SearchAction","target":{"@type":"EntryPoint","urlTemplate":"https:\/\/www.fcbarcelonanoticias.com\/en\/?s={search_term_string}"},"query-input":{"@type":"PropertyValueSpecification","valueRequired":true,"valueName":"search_term_string"}}],"inLanguage":"en-US"},{"@type":"Person","@id":"https:\/\/www.fcbarcelonanoticias.com\/en\/#\/schema\/person\/aa1d038709c262cb247e240f6b39bbf5","name":"Carlos Montenegro","image":{"@type":"ImageObject","inLanguage":"en-US","@id":"https:\/\/secure.gravatar.com\/avatar\/?s=96&d=mm&r=g","url":"https:\/\/secure.gravatar.com\/avatar\/?s=96&d=mm&r=g","contentUrl":"https:\/\/secure.gravatar.com\/avatar\/?s=96&d=mm&r=g","caption":"Carlos Montenegro"},"url":"https:\/\/www.fcbarcelonanoticias.com\/en\/carlos-montenegro_20_115.html"}]}},"_links":{"self":[{"href":"https:\/\/www.fcbarcelonanoticias.com\/en\/wp-json\/wp\/v2\/posts\/133118","targetHints":{"allow":["GET"]}}],"collection":[{"href":"https:\/\/www.fcbarcelonanoticias.com\/en\/wp-json\/wp\/v2\/posts"}],"about":[{"href":"https:\/\/www.fcbarcelonanoticias.com\/en\/wp-json\/wp\/v2\/types\/post"}],"author":[{"embeddable":true,"href":"https:\/\/www.fcbarcelonanoticias.com\/en\/wp-json\/wp\/v2\/users\/345"}],"replies":[{"embeddable":true,"href":"https:\/\/www.fcbarcelonanoticias.com\/en\/wp-json\/wp\/v2\/comments?post=133118"}],"version-history":[{"count":1,"href":"https:\/\/www.fcbarcelonanoticias.com\/en\/wp-json\/wp\/v2\/posts\/133118\/revisions"}],"predecessor-version":[{"id":152773,"href":"https:\/\/www.fcbarcelonanoticias.com\/en\/wp-json\/wp\/v2\/posts\/133118\/revisions\/152773"}],"wp:featuredmedia":[{"embeddable":true,"href":"https:\/\/www.fcbarcelonanoticias.com\/en\/wp-json\/wp\/v2\/media\/133120"}],"wp:attachment":[{"href":"https:\/\/www.fcbarcelonanoticias.com\/en\/wp-json\/wp\/v2\/media?parent=133118"}],"wp:term":[{"taxonomy":"category","embeddable":true,"href":"https:\/\/www.fcbarcelonanoticias.com\/en\/wp-json\/wp\/v2\/categories?post=133118"},{"taxonomy":"post_tag","embeddable":true,"href":"https:\/\/www.fcbarcelonanoticias.com\/en\/wp-json\/wp\/v2\/tags?post=133118"}],"curies":[{"name":"wp","href":"https:\/\/api.w.org\/{rel}","templated":true}]}}