{"id":133139,"date":"2024-01-04T00:48:00","date_gmt":"2024-01-03T23:48:00","guid":{"rendered":"https:\/\/weisetech.dev\/fc-barcelona-noticias\/en\/mbappe-confirms-he-has-not-decided-future-insinuates-if-he-goes-psg-is-protected_299584_102\/"},"modified":"2024-01-04T00:48:00","modified_gmt":"2024-01-03T23:48:00","slug":"mbappe-confirms-he-has-not-decided-future-insinuates-if-he-goes-psg-is-protected_299584_102","status":"publish","type":"post","link":"https:\/\/www.fcbarcelonanoticias.com\/en\/transfers\/mbappe-confirms-he-has-not-decided-future-insinuates-if-he-goes-psg-is-protected_299584_102.html","title":{"rendered":"Mbapp\u00e9 confirms that he has not yet decided his future and suggests that if he leaves, PSG is protec"},"content":{"rendered":"<h2 class=\"wp-block-heading\">Kylian Mbapp\u00e9 did not avoid getting wet about his future with Paris Saint-Germain after the victory of Luis Enrique&#8217;s team in the French Super Cup against Toulouse (2-0). The &#8216;7&#8217; made it clear that he has not yet decided anything and left the door open for his departure<\/h2>  \r\n<div class=\"article-addons\">\r\n    <a href=\"https:\/\/www.fcbarcelonanoticias.com\/en\/calendar-fc-barcelona.html\"\r\n       target=\"_self\"\r\n       title=\"Calendar of FC Barcelona\"\r\n       class=\"blue-gredient-btn\">\r\n       \r\n        Calendar of FC Barcelona    <\/a>\r\n<\/div>   <p>Paris Saint-Germain added his first title from the arrival of Luis Enrique to the bench after winning to the Toulouse in the Supercopa of France contested the Wednesday in the main gala (2-0). <strong>Lee Kang-In and Kylian Mbapp\u00e9 converted the so many Parisians<\/strong> and, after the party, the &#8216;crack&#8217; of Bondy took advantage of to converse on his future in the mixed zone. In spite of the rumours on his exit, the forward of 25 years <a data-external=\"0\" data-intl-links-en=\"https:\/\/www.fcbarcelonanoticias.com\/en\/transfers\/real-madrid-and-psg-will-have-to-fight-against-another-big-for-mbappe_299532_102.html\" data-intl-links-es=\"https:\/\/www.fcbarcelonanoticias.com\/fichajes\/real-madrid-psg-tendran-luchar-contra-otro-grande-por-mbappe_299532_102.html\" href=\"https:\/\/www.fcbarcelonanoticias.com\/en\/transfers\/real-madrid-and-psg-will-have-to-fight-against-another-big-for-mbappe_299532_102.html\" rel=\"follow\" target=\"_self\" title=\"El Real Madrid y el PSG tendr\u00e1n que 'luchar' contra otro 'grande' por Mbapp\u00e9\">left opened the door to any stage<\/a>.<\/p>  <p><strong>&#8220;Still I have not taken a decision. But have an agreement with the president that means that all the parts are protected. My future is not an internal question. It is necessary to think in the team&#8221;<\/strong>, said the one of Bondy in the mixed zone. The forward converted the second so much of the ones of Luis Enrique to sentence a victory that, further of the result, was not so comfortable as it expected .<\/p>  <p>In this sense, Mbapp\u00e9 does allusion to the agreement to the that the forward and Nasser To the-Khela\u00effi arrived in summer.<strong> To be reincorporado, the footballer renounced to several premiums of fidelity established in the agreement signed in 2022<\/strong>, which rise to 80 million euros. In case to leave in summer without renewing, the PSG would not suffer an enormous offend economic after the goodbye of the &#8216;7&#8217;.<\/p>  <h2>Mbapp\u00e9 Leaves clear that will take a time to decide<\/h2>  <p>On the other hand, the forward remembered how handle the things does a pair of years, when <a data-external=\"0\" data-intl-links-en=\"https:\/\/www.fcbarcelonanoticias.com\/en\/transfers\/now-or-never-the-ultimatum-that-madrid-goes-to-give-him-to-mbappe-in-january_299468_102.html\" data-intl-links-es=\"https:\/\/www.fcbarcelonanoticias.com\/fichajes\/ahora-nunca-ultimatum-madrid-va-darle-mbappe-en-enero_299468_102.html\" href=\"https:\/\/www.fcbarcelonanoticias.com\/en\/transfers\/now-or-never-the-ultimatum-that-madrid-goes-to-give-him-to-mbappe-in-january_299468_102.html\" rel=\"follow\" target=\"_self\" title=\"Ahora o nunca: El ultim\u00e1tum que el Madrid va a darle a Mbapp\u00e9&nbsp;en&nbsp;enero\">his signing by the Real Madrid<\/a> seemed done and finish renewing with Paris. <strong>&#8220;In 2022 I did not know my decision until May. If I know what want to do, would not have to leave that it lengthen the decision. It would not have any sense<\/strong>. Anybody speaks of my situation in the club, to anybody interests him&#8221;, argued Kylian.<\/p>  <h2>Demb\u00e9l\u00e9, trusted on the future of Kylian<\/h2>  <p>Another that took advantage of the triumph of the PSG to refer to the future of the &#8216;7&#8217; Parisian was Ousmane Demb\u00e9l\u00e9. After the party, the extreme of the FC Barcelona expressed his confidence on the final decision of his mate and how will be able to handle the pressure in the weeks to come. <strong>&#8220;It went back very motivated, as always. It is hungry, it knows that the second half of the season is very important&#8221;<\/strong>, commented the &#8216;Mosquito&#8217;.<\/p> ","protected":false},"excerpt":{"rendered":"<p>Kylian Mbapp\u00e9 did not avoid getting wet about his future with Paris Saint-Germain after the victory of Luis Enrique&#8217;s team in the French Super Cup against Toulouse (2-0). The &#8216;7&#8217; made it clear that he has not yet decided anything and left the door open for his departure Paris Saint-Germain added his first title from [&hellip;]<\/p>\n","protected":false},"author":347,"featured_media":133141,"comment_status":"closed","ping_status":"open","sticky":false,"template":"","format":"standard","meta":{"_acf_changed":false,"inline_featured_image":false,"_nextfly_llmd_date_locked":false,"footnotes":""},"categories":[449,106],"tags":[171,88],"class_list":["post-133139","post","type-post","status-publish","format-standard","has-post-thumbnail","hentry","category-transfers-2","category-transfers","tag-mbappe","tag-paris-saint-germain"],"acf":[],"yoast_head":"<!-- This site is optimized with the Yoast SEO plugin v27.3 - https:\/\/yoast.com\/product\/yoast-seo-wordpress\/ -->\n<title>Mbapp\u00e9 confirms that he has not yet decided his future and suggests that if he leaves, PSG is protected<\/title>\n<meta name=\"description\" content=\"Kylian Mbapp\u00e9 did not avoid getting wet about his future with Paris Saint-Germain after the victory of Luis Enrique&#039;s team in the French Super Cup against Toulouse (2-0). The &#039;7&#039; made it clear that he has not yet decided anything and left the door open for his departure\" \/>\n<meta name=\"robots\" content=\"index, follow, max-snippet:-1, max-image-preview:large, max-video-preview:-1\" \/>\n<link rel=\"canonical\" href=\"https:\/\/www.fcbarcelonanoticias.com\/en\/transfers\/mbappe-confirms-he-has-not-decided-future-insinuates-if-he-goes-psg-is-protected_299584_102.html\" \/>\n<meta property=\"og:locale\" content=\"en_US\" \/>\n<meta property=\"og:type\" content=\"article\" \/>\n<meta property=\"og:title\" content=\"Mbapp\u00e9 confirms that he has not yet decided his future and suggests that if he leaves, PSG is protected\" \/>\n<meta property=\"og:description\" content=\"Kylian Mbapp\u00e9 did not avoid getting wet about his future with Paris Saint-Germain after the victory of Luis Enrique&#039;s team in the French Super Cup against Toulouse (2-0). The &#039;7&#039; made it clear that he has not yet decided anything and left the door open for his departure\" \/>\n<meta property=\"og:url\" content=\"https:\/\/www.fcbarcelonanoticias.com\/en\/transfers\/mbappe-confirms-he-has-not-decided-future-insinuates-if-he-goes-psg-is-protected_299584_102.html\" \/>\n<meta property=\"og:site_name\" content=\"EN - FC Barcelona Noticias\" \/>\n<meta property=\"article:published_time\" content=\"2024-01-03T23:48:00+00:00\" \/>\n<meta property=\"og:image\" content=\"https:\/\/www.fcbarcelonanoticias.com\/en\/wp-content\/uploads\/sites\/2\/2024\/01\/kylian-mbappe-psg.jpeg\" \/>\n\t<meta property=\"og:image:width\" content=\"1300\" \/>\n\t<meta property=\"og:image:height\" content=\"732\" \/>\n\t<meta property=\"og:image:type\" content=\"image\/jpeg\" \/>\n<meta name=\"author\" content=\"Andr\u00e9s Quiroz\" \/>\n<meta name=\"twitter:card\" content=\"summary_large_image\" \/>\n<meta name=\"twitter:label1\" content=\"Written by\" \/>\n\t<meta name=\"twitter:data1\" content=\"Andr\u00e9s Quiroz\" \/>\n\t<meta name=\"twitter:label2\" content=\"Est. reading time\" \/>\n\t<meta name=\"twitter:data2\" content=\"2 minutes\" \/>\n<script type=\"application\/ld+json\" class=\"yoast-schema-graph\">{\"@context\":\"https:\\\/\\\/schema.org\",\"@graph\":[{\"@type\":\"Article\",\"@id\":\"https:\\\/\\\/www.fcbarcelonanoticias.com\\\/en\\\/transfers\\\/mbappe-confirms-he-has-not-decided-future-insinuates-if-he-goes-psg-is-protected_299584_102.html#article\",\"isPartOf\":{\"@id\":\"https:\\\/\\\/www.fcbarcelonanoticias.com\\\/en\\\/transfers\\\/mbappe-confirms-he-has-not-decided-future-insinuates-if-he-goes-psg-is-protected_299584_102.html\"},\"author\":{\"name\":\"Andr\u00e9s Quiroz\",\"@id\":\"https:\\\/\\\/www.fcbarcelonanoticias.com\\\/en\\\/#\\\/schema\\\/person\\\/c2cd9f6fa1af5c0d0eccd0fefa575c88\"},\"headline\":\"Mbapp\u00e9 confirms that he has not yet decided his future and suggests that if he leaves, PSG is protec\",\"datePublished\":\"2024-01-03T23:48:00+00:00\",\"mainEntityOfPage\":{\"@id\":\"https:\\\/\\\/www.fcbarcelonanoticias.com\\\/en\\\/transfers\\\/mbappe-confirms-he-has-not-decided-future-insinuates-if-he-goes-psg-is-protected_299584_102.html\"},\"wordCount\":464,\"image\":{\"@id\":\"https:\\\/\\\/www.fcbarcelonanoticias.com\\\/en\\\/transfers\\\/mbappe-confirms-he-has-not-decided-future-insinuates-if-he-goes-psg-is-protected_299584_102.html#primaryimage\"},\"thumbnailUrl\":\"https:\\\/\\\/www.fcbarcelonanoticias.com\\\/en\\\/wp-content\\\/uploads\\\/sites\\\/2\\\/2024\\\/01\\\/kylian-mbappe-psg.jpeg\",\"keywords\":[\"Mbapp\u00e9\",\"Paris Saint-Germain\"],\"articleSection\":[\"Transfers\",\"Transfers\"],\"inLanguage\":\"en-US\"},{\"@type\":\"WebPage\",\"@id\":\"https:\\\/\\\/www.fcbarcelonanoticias.com\\\/en\\\/transfers\\\/mbappe-confirms-he-has-not-decided-future-insinuates-if-he-goes-psg-is-protected_299584_102.html\",\"url\":\"https:\\\/\\\/www.fcbarcelonanoticias.com\\\/en\\\/transfers\\\/mbappe-confirms-he-has-not-decided-future-insinuates-if-he-goes-psg-is-protected_299584_102.html\",\"name\":\"Mbapp\u00e9 confirms that he has not yet decided his future and suggests that if he leaves, PSG is protected\",\"isPartOf\":{\"@id\":\"https:\\\/\\\/www.fcbarcelonanoticias.com\\\/en\\\/#website\"},\"primaryImageOfPage\":{\"@id\":\"https:\\\/\\\/www.fcbarcelonanoticias.com\\\/en\\\/transfers\\\/mbappe-confirms-he-has-not-decided-future-insinuates-if-he-goes-psg-is-protected_299584_102.html#primaryimage\"},\"image\":{\"@id\":\"https:\\\/\\\/www.fcbarcelonanoticias.com\\\/en\\\/transfers\\\/mbappe-confirms-he-has-not-decided-future-insinuates-if-he-goes-psg-is-protected_299584_102.html#primaryimage\"},\"thumbnailUrl\":\"https:\\\/\\\/www.fcbarcelonanoticias.com\\\/en\\\/wp-content\\\/uploads\\\/sites\\\/2\\\/2024\\\/01\\\/kylian-mbappe-psg.jpeg\",\"datePublished\":\"2024-01-03T23:48:00+00:00\",\"author\":{\"@id\":\"https:\\\/\\\/www.fcbarcelonanoticias.com\\\/en\\\/#\\\/schema\\\/person\\\/c2cd9f6fa1af5c0d0eccd0fefa575c88\"},\"description\":\"Kylian Mbapp\u00e9 did not avoid getting wet about his future with Paris Saint-Germain after the victory of Luis Enrique's team in the French Super Cup against Toulouse (2-0). The '7' made it clear that he has not yet decided anything and left the door open for his departure\",\"breadcrumb\":{\"@id\":\"https:\\\/\\\/www.fcbarcelonanoticias.com\\\/en\\\/transfers\\\/mbappe-confirms-he-has-not-decided-future-insinuates-if-he-goes-psg-is-protected_299584_102.html#breadcrumb\"},\"inLanguage\":\"en-US\",\"potentialAction\":[{\"@type\":\"ReadAction\",\"target\":[\"https:\\\/\\\/www.fcbarcelonanoticias.com\\\/en\\\/transfers\\\/mbappe-confirms-he-has-not-decided-future-insinuates-if-he-goes-psg-is-protected_299584_102.html\"]}]},{\"@type\":\"ImageObject\",\"inLanguage\":\"en-US\",\"@id\":\"https:\\\/\\\/www.fcbarcelonanoticias.com\\\/en\\\/transfers\\\/mbappe-confirms-he-has-not-decided-future-insinuates-if-he-goes-psg-is-protected_299584_102.html#primaryimage\",\"url\":\"https:\\\/\\\/www.fcbarcelonanoticias.com\\\/en\\\/wp-content\\\/uploads\\\/sites\\\/2\\\/2024\\\/01\\\/kylian-mbappe-psg.jpeg\",\"contentUrl\":\"https:\\\/\\\/www.fcbarcelonanoticias.com\\\/en\\\/wp-content\\\/uploads\\\/sites\\\/2\\\/2024\\\/01\\\/kylian-mbappe-psg.jpeg\",\"width\":1300,\"height\":732},{\"@type\":\"BreadcrumbList\",\"@id\":\"https:\\\/\\\/www.fcbarcelonanoticias.com\\\/en\\\/transfers\\\/mbappe-confirms-he-has-not-decided-future-insinuates-if-he-goes-psg-is-protected_299584_102.html#breadcrumb\",\"itemListElement\":[{\"@type\":\"ListItem\",\"position\":1,\"name\":\"Portada\",\"item\":\"https:\\\/\\\/www.fcbarcelonanoticias.com\\\/en\\\/\"},{\"@type\":\"ListItem\",\"position\":2,\"name\":\"Mbapp\u00e9 confirms that he has not yet decided his future and suggests that if he leaves, PSG is protec\"}]},{\"@type\":\"WebSite\",\"@id\":\"https:\\\/\\\/www.fcbarcelonanoticias.com\\\/en\\\/#website\",\"url\":\"https:\\\/\\\/www.fcbarcelonanoticias.com\\\/en\\\/\",\"name\":\"EN - FC Barcelona Noticias\",\"description\":\"\",\"potentialAction\":[{\"@type\":\"SearchAction\",\"target\":{\"@type\":\"EntryPoint\",\"urlTemplate\":\"https:\\\/\\\/www.fcbarcelonanoticias.com\\\/en\\\/?s={search_term_string}\"},\"query-input\":{\"@type\":\"PropertyValueSpecification\",\"valueRequired\":true,\"valueName\":\"search_term_string\"}}],\"inLanguage\":\"en-US\"},{\"@type\":\"Person\",\"@id\":\"https:\\\/\\\/www.fcbarcelonanoticias.com\\\/en\\\/#\\\/schema\\\/person\\\/c2cd9f6fa1af5c0d0eccd0fefa575c88\",\"name\":\"Andr\u00e9s Quiroz\",\"image\":{\"@type\":\"ImageObject\",\"inLanguage\":\"en-US\",\"@id\":\"https:\\\/\\\/secure.gravatar.com\\\/avatar\\\/?s=96&d=mm&r=g\",\"url\":\"https:\\\/\\\/secure.gravatar.com\\\/avatar\\\/?s=96&d=mm&r=g\",\"contentUrl\":\"https:\\\/\\\/secure.gravatar.com\\\/avatar\\\/?s=96&d=mm&r=g\",\"caption\":\"Andr\u00e9s Quiroz\"},\"description\":\"Licenciado en Periodismo por la Universidad de los Andes. Me encargo de analizar y compartir los contenidos m\u00e1s destacados de la\u00a0actualidad del F\u00fatbol Club Barcelona, Mercado de Fichajes y F\u00fatbol Internacional en FCBN. La informaci\u00f3n es poder, pero tambi\u00e9n conocimiento.\",\"url\":\"https:\\\/\\\/www.fcbarcelonanoticias.com\\\/en\\\/fc-barcelona\\\/andres-quiroz_17_115.html\"}]}<\/script>\n<!-- \/ Yoast SEO plugin. -->","yoast_head_json":{"title":"Mbapp\u00e9 confirms that he has not yet decided his future and suggests that if he leaves, PSG is protected","description":"Kylian Mbapp\u00e9 did not avoid getting wet about his future with Paris Saint-Germain after the victory of Luis Enrique's team in the French Super Cup against Toulouse (2-0). The '7' made it clear that he has not yet decided anything and left the door open for his departure","robots":{"index":"index","follow":"follow","max-snippet":"max-snippet:-1","max-image-preview":"max-image-preview:large","max-video-preview":"max-video-preview:-1"},"canonical":"https:\/\/www.fcbarcelonanoticias.com\/en\/transfers\/mbappe-confirms-he-has-not-decided-future-insinuates-if-he-goes-psg-is-protected_299584_102.html","og_locale":"en_US","og_type":"article","og_title":"Mbapp\u00e9 confirms that he has not yet decided his future and suggests that if he leaves, PSG is protected","og_description":"Kylian Mbapp\u00e9 did not avoid getting wet about his future with Paris Saint-Germain after the victory of Luis Enrique's team in the French Super Cup against Toulouse (2-0). The '7' made it clear that he has not yet decided anything and left the door open for his departure","og_url":"https:\/\/www.fcbarcelonanoticias.com\/en\/transfers\/mbappe-confirms-he-has-not-decided-future-insinuates-if-he-goes-psg-is-protected_299584_102.html","og_site_name":"EN - FC Barcelona Noticias","article_published_time":"2024-01-03T23:48:00+00:00","og_image":[{"width":1300,"height":732,"url":"https:\/\/www.fcbarcelonanoticias.com\/en\/wp-content\/uploads\/sites\/2\/2024\/01\/kylian-mbappe-psg.jpeg","type":"image\/jpeg"}],"author":"Andr\u00e9s Quiroz","twitter_card":"summary_large_image","twitter_misc":{"Written by":"Andr\u00e9s Quiroz","Est. reading time":"2 minutes"},"schema":{"@context":"https:\/\/schema.org","@graph":[{"@type":"Article","@id":"https:\/\/www.fcbarcelonanoticias.com\/en\/transfers\/mbappe-confirms-he-has-not-decided-future-insinuates-if-he-goes-psg-is-protected_299584_102.html#article","isPartOf":{"@id":"https:\/\/www.fcbarcelonanoticias.com\/en\/transfers\/mbappe-confirms-he-has-not-decided-future-insinuates-if-he-goes-psg-is-protected_299584_102.html"},"author":{"name":"Andr\u00e9s Quiroz","@id":"https:\/\/www.fcbarcelonanoticias.com\/en\/#\/schema\/person\/c2cd9f6fa1af5c0d0eccd0fefa575c88"},"headline":"Mbapp\u00e9 confirms that he has not yet decided his future and suggests that if he leaves, PSG is protec","datePublished":"2024-01-03T23:48:00+00:00","mainEntityOfPage":{"@id":"https:\/\/www.fcbarcelonanoticias.com\/en\/transfers\/mbappe-confirms-he-has-not-decided-future-insinuates-if-he-goes-psg-is-protected_299584_102.html"},"wordCount":464,"image":{"@id":"https:\/\/www.fcbarcelonanoticias.com\/en\/transfers\/mbappe-confirms-he-has-not-decided-future-insinuates-if-he-goes-psg-is-protected_299584_102.html#primaryimage"},"thumbnailUrl":"https:\/\/www.fcbarcelonanoticias.com\/en\/wp-content\/uploads\/sites\/2\/2024\/01\/kylian-mbappe-psg.jpeg","keywords":["Mbapp\u00e9","Paris Saint-Germain"],"articleSection":["Transfers","Transfers"],"inLanguage":"en-US"},{"@type":"WebPage","@id":"https:\/\/www.fcbarcelonanoticias.com\/en\/transfers\/mbappe-confirms-he-has-not-decided-future-insinuates-if-he-goes-psg-is-protected_299584_102.html","url":"https:\/\/www.fcbarcelonanoticias.com\/en\/transfers\/mbappe-confirms-he-has-not-decided-future-insinuates-if-he-goes-psg-is-protected_299584_102.html","name":"Mbapp\u00e9 confirms that he has not yet decided his future and suggests that if he leaves, PSG is protected","isPartOf":{"@id":"https:\/\/www.fcbarcelonanoticias.com\/en\/#website"},"primaryImageOfPage":{"@id":"https:\/\/www.fcbarcelonanoticias.com\/en\/transfers\/mbappe-confirms-he-has-not-decided-future-insinuates-if-he-goes-psg-is-protected_299584_102.html#primaryimage"},"image":{"@id":"https:\/\/www.fcbarcelonanoticias.com\/en\/transfers\/mbappe-confirms-he-has-not-decided-future-insinuates-if-he-goes-psg-is-protected_299584_102.html#primaryimage"},"thumbnailUrl":"https:\/\/www.fcbarcelonanoticias.com\/en\/wp-content\/uploads\/sites\/2\/2024\/01\/kylian-mbappe-psg.jpeg","datePublished":"2024-01-03T23:48:00+00:00","author":{"@id":"https:\/\/www.fcbarcelonanoticias.com\/en\/#\/schema\/person\/c2cd9f6fa1af5c0d0eccd0fefa575c88"},"description":"Kylian Mbapp\u00e9 did not avoid getting wet about his future with Paris Saint-Germain after the victory of Luis Enrique's team in the French Super Cup against Toulouse (2-0). The '7' made it clear that he has not yet decided anything and left the door open for his departure","breadcrumb":{"@id":"https:\/\/www.fcbarcelonanoticias.com\/en\/transfers\/mbappe-confirms-he-has-not-decided-future-insinuates-if-he-goes-psg-is-protected_299584_102.html#breadcrumb"},"inLanguage":"en-US","potentialAction":[{"@type":"ReadAction","target":["https:\/\/www.fcbarcelonanoticias.com\/en\/transfers\/mbappe-confirms-he-has-not-decided-future-insinuates-if-he-goes-psg-is-protected_299584_102.html"]}]},{"@type":"ImageObject","inLanguage":"en-US","@id":"https:\/\/www.fcbarcelonanoticias.com\/en\/transfers\/mbappe-confirms-he-has-not-decided-future-insinuates-if-he-goes-psg-is-protected_299584_102.html#primaryimage","url":"https:\/\/www.fcbarcelonanoticias.com\/en\/wp-content\/uploads\/sites\/2\/2024\/01\/kylian-mbappe-psg.jpeg","contentUrl":"https:\/\/www.fcbarcelonanoticias.com\/en\/wp-content\/uploads\/sites\/2\/2024\/01\/kylian-mbappe-psg.jpeg","width":1300,"height":732},{"@type":"BreadcrumbList","@id":"https:\/\/www.fcbarcelonanoticias.com\/en\/transfers\/mbappe-confirms-he-has-not-decided-future-insinuates-if-he-goes-psg-is-protected_299584_102.html#breadcrumb","itemListElement":[{"@type":"ListItem","position":1,"name":"Portada","item":"https:\/\/www.fcbarcelonanoticias.com\/en\/"},{"@type":"ListItem","position":2,"name":"Mbapp\u00e9 confirms that he has not yet decided his future and suggests that if he leaves, PSG is protec"}]},{"@type":"WebSite","@id":"https:\/\/www.fcbarcelonanoticias.com\/en\/#website","url":"https:\/\/www.fcbarcelonanoticias.com\/en\/","name":"EN - FC Barcelona Noticias","description":"","potentialAction":[{"@type":"SearchAction","target":{"@type":"EntryPoint","urlTemplate":"https:\/\/www.fcbarcelonanoticias.com\/en\/?s={search_term_string}"},"query-input":{"@type":"PropertyValueSpecification","valueRequired":true,"valueName":"search_term_string"}}],"inLanguage":"en-US"},{"@type":"Person","@id":"https:\/\/www.fcbarcelonanoticias.com\/en\/#\/schema\/person\/c2cd9f6fa1af5c0d0eccd0fefa575c88","name":"Andr\u00e9s Quiroz","image":{"@type":"ImageObject","inLanguage":"en-US","@id":"https:\/\/secure.gravatar.com\/avatar\/?s=96&d=mm&r=g","url":"https:\/\/secure.gravatar.com\/avatar\/?s=96&d=mm&r=g","contentUrl":"https:\/\/secure.gravatar.com\/avatar\/?s=96&d=mm&r=g","caption":"Andr\u00e9s Quiroz"},"description":"Licenciado en Periodismo por la Universidad de los Andes. Me encargo de analizar y compartir los contenidos m\u00e1s destacados de la\u00a0actualidad del F\u00fatbol Club Barcelona, Mercado de Fichajes y F\u00fatbol Internacional en FCBN. La informaci\u00f3n es poder, pero tambi\u00e9n conocimiento.","url":"https:\/\/www.fcbarcelonanoticias.com\/en\/fc-barcelona\/andres-quiroz_17_115.html"}]}},"_links":{"self":[{"href":"https:\/\/www.fcbarcelonanoticias.com\/en\/wp-json\/wp\/v2\/posts\/133139","targetHints":{"allow":["GET"]}}],"collection":[{"href":"https:\/\/www.fcbarcelonanoticias.com\/en\/wp-json\/wp\/v2\/posts"}],"about":[{"href":"https:\/\/www.fcbarcelonanoticias.com\/en\/wp-json\/wp\/v2\/types\/post"}],"author":[{"embeddable":true,"href":"https:\/\/www.fcbarcelonanoticias.com\/en\/wp-json\/wp\/v2\/users\/347"}],"replies":[{"embeddable":true,"href":"https:\/\/www.fcbarcelonanoticias.com\/en\/wp-json\/wp\/v2\/comments?post=133139"}],"version-history":[{"count":1,"href":"https:\/\/www.fcbarcelonanoticias.com\/en\/wp-json\/wp\/v2\/posts\/133139\/revisions"}],"predecessor-version":[{"id":152829,"href":"https:\/\/www.fcbarcelonanoticias.com\/en\/wp-json\/wp\/v2\/posts\/133139\/revisions\/152829"}],"wp:featuredmedia":[{"embeddable":true,"href":"https:\/\/www.fcbarcelonanoticias.com\/en\/wp-json\/wp\/v2\/media\/133141"}],"wp:attachment":[{"href":"https:\/\/www.fcbarcelonanoticias.com\/en\/wp-json\/wp\/v2\/media?parent=133139"}],"wp:term":[{"taxonomy":"category","embeddable":true,"href":"https:\/\/www.fcbarcelonanoticias.com\/en\/wp-json\/wp\/v2\/categories?post=133139"},{"taxonomy":"post_tag","embeddable":true,"href":"https:\/\/www.fcbarcelonanoticias.com\/en\/wp-json\/wp\/v2\/tags?post=133139"}],"curies":[{"name":"wp","href":"https:\/\/api.w.org\/{rel}","templated":true}]}}