{"id":133208,"date":"2022-05-21T16:25:00","date_gmt":"2022-05-21T14:25:00","guid":{"rendered":"https:\/\/weisetech.dev\/fc-barcelona-noticias\/en\/mbappe-will-renew-with-the-psg-already-it-communicated-it-to-him-to-florentino-perez_280506_102\/"},"modified":"2022-05-21T19:46:00","modified_gmt":"2022-05-21T17:46:00","slug":"mbappe-will-renew-with-the-psg-already-it-communicated-it-to-him-to-florentino-perez_280506_102","status":"publish","type":"post","link":"https:\/\/www.fcbarcelonanoticias.com\/en\/transfers\/mbappe-will-renew-with-the-psg-already-it-communicated-it-to-him-to-florentino-perez_280506_102.html","title":{"rendered":"Mbapp\u00e9 will renew with PSG: He already communicated it to Florentino P\u00e9rez"},"content":{"rendered":"<h2 class=\"wp-block-heading\">It is confirmed, in the absence of an official announcement by PSG and Mbapp\u00e9: The player will stay in France and has ruled out playing for Real Madrid. It has already been communicated to Florentino P\u00e9rez<\/h2>  \r\n<div class=\"article-addons\">\r\n    <a href=\"https:\/\/www.fcbarcelonanoticias.com\/en\/calendar-fc-barcelona.html\"\r\n       target=\"_self\"\r\n       title=\"Calendar of FC Barcelona\"\r\n       class=\"blue-gredient-btn\">\r\n       \r\n        Calendar of FC Barcelona    <\/a>\r\n<\/div>   <p><strong>Kylian Mbapp\u00e9 Will remain in the Paris Saint-Germain by the next years.<\/strong> It is missing the official announcement, but from Madrid and Paris the negotiation gives by enclosed. During the afternoon of this Saturday, the player of 23 years called to Florentino P\u00e9rez, president of the Real Madrid, to announce him that it had declined definitively the proposal that put him on the table, that was historical by part of the White House. The official communiqu\u00e9 will arrive, predictably, after the crash against the Metz of tonight (21:00 hours).<\/p>  <p>The one of Bondy has opted for accepting the offer of Nasser To the-Khela\u00effi and company that, in addition to being will break all the parameters in the world of the football, with an astronomical wage and a millionaire premium, <strong>the player will happen to have can inside the team. <\/strong>It will happen to take decisions in the sportive appearance of the PSG and will be key, for example, for the contracting of the new sportive director of the club and also trainer, with Leonardo and Mauritius Pochettino in the door of exit of the Park of the Princes.<\/p>  <p>By the another side,<strong> confirms the greater humiliation and failure of the <a data-external=\"0\" data-intl-links-en=\"https:\/\/www.fcbarcelonanoticias.com\/en\/real-madrid\" data-intl-links-es=\"https:\/\/www.fcbarcelonanoticias.com\/real-madrid\" href=\"https:\/\/www.fcbarcelonanoticias.com\/en\/football-soccer\/real-madrid.html\" rel=\"follow\" target=\"_self\" title=\"Real Madrid\">Real Madrid<\/a> in his history. <\/strong>Florentino P\u00e9rez had like big aim, from does years, achieve the contracting of &#8216;Donatello&#8217; and in these two last summers had thrown the house by the window. In June of 2021 put on the table an offer of 200 million euros that went categorically refused by the club of the capital of France. This year, like free agent, has him &#8216;escaped&#8217; and has repeated the history of 2017 when also it gave them the scared to go to the PSG.<\/p>  <h3>It wins Qatar and Paris<\/h3>  <p>Of agreement to diverse informations, the pressure from the leaders of Qatar and France has been absolute. They have been wrapped Emir catar\u00ed and French president, Emmanuel Macron, so that Mbapp\u00e9 took the decision.<strong> Now, it remains for seeing what will happen with the future of the PSG<\/strong>, but what is sure is that they will come drastic changes that will begin in this same summer with multiple exits and revolutions.<\/p>  <p>The history has changed drastically in the last week, place was when it gathered for the last time with the directors of the PSG. In Madrid have informed that existed a draft agreement with the club of the Spanish capital and <strong>that had the &#8220;himself&#8221; absolute of the footballer of 23 years.<\/strong> The history twisted and the PSG finish winning a new battle to the Real Madrid.<\/p> ","protected":false},"excerpt":{"rendered":"<p>It is confirmed, in the absence of an official announcement by PSG and Mbapp\u00e9: The player will stay in France and has ruled out playing for Real Madrid. It has already been communicated to Florentino P\u00e9rez Kylian Mbapp\u00e9 Will remain in the Paris Saint-Germain by the next years. It is missing the official announcement, but [&hellip;]<\/p>\n","protected":false},"author":352,"featured_media":133214,"comment_status":"closed","ping_status":"open","sticky":false,"template":"","format":"standard","meta":{"_acf_changed":false,"inline_featured_image":false,"_nextfly_llmd_date_locked":false,"footnotes":""},"categories":[106,449],"tags":[171,88],"class_list":["post-133208","post","type-post","status-publish","format-standard","has-post-thumbnail","hentry","category-transfers","category-transfers-2","tag-mbappe","tag-paris-saint-germain"],"acf":[],"yoast_head":"<!-- This site is optimized with the Yoast SEO plugin v27.3 - https:\/\/yoast.com\/product\/yoast-seo-wordpress\/ -->\n<title>Mbapp\u00e9 Will renew with the PSG: Already it communicated it to him to Florentino P\u00e9rez<\/title>\n<meta name=\"description\" content=\"It is confirmed, to fault of official announcement by part of the PSG and Mbapp\u00e9: The player will remain in France and has descartado play in the Real Madrid. Already it has it to him...\" \/>\n<meta name=\"robots\" content=\"index, follow, max-snippet:-1, max-image-preview:large, max-video-preview:-1\" \/>\n<link rel=\"canonical\" href=\"https:\/\/www.fcbarcelonanoticias.com\/en\/transfers\/mbappe-will-renew-with-the-psg-already-it-communicated-it-to-him-to-florentino-perez_280506_102.html\" \/>\n<meta property=\"og:locale\" content=\"en_US\" \/>\n<meta property=\"og:type\" content=\"article\" \/>\n<meta property=\"og:title\" content=\"Mbapp\u00e9 Will renew with the PSG: Already it communicated it to him to Florentino P\u00e9rez\" \/>\n<meta property=\"og:description\" content=\"It is confirmed, to fault of official announcement by part of the PSG and Mbapp\u00e9: The player will remain in France and has descartado play in the Real Madrid. Already it has it to him...\" \/>\n<meta property=\"og:url\" content=\"https:\/\/www.fcbarcelonanoticias.com\/en\/transfers\/mbappe-will-renew-with-the-psg-already-it-communicated-it-to-him-to-florentino-perez_280506_102.html\" \/>\n<meta property=\"og:site_name\" content=\"EN - FC Barcelona Noticias\" \/>\n<meta property=\"article:published_time\" content=\"2022-05-21T14:25:00+00:00\" \/>\n<meta property=\"article:modified_time\" content=\"2022-05-21T17:46:00+00:00\" \/>\n<meta property=\"og:image\" content=\"https:\/\/www.fcbarcelonanoticias.com\/en\/wp-content\/uploads\/sites\/2\/2022\/05\/gala-mbappe-psg.jpeg\" \/>\n\t<meta property=\"og:image:width\" content=\"1300\" \/>\n\t<meta property=\"og:image:height\" content=\"736\" \/>\n\t<meta property=\"og:image:type\" content=\"image\/jpeg\" \/>\n<meta name=\"author\" content=\"Paola Guevara\" \/>\n<meta name=\"twitter:card\" content=\"summary_large_image\" \/>\n<meta name=\"twitter:label1\" content=\"Written by\" \/>\n\t<meta name=\"twitter:data1\" content=\"Paola Guevara\" \/>\n\t<meta name=\"twitter:label2\" content=\"Est. reading time\" \/>\n\t<meta name=\"twitter:data2\" content=\"2 minutes\" \/>\n<script type=\"application\/ld+json\" class=\"yoast-schema-graph\">{\"@context\":\"https:\\\/\\\/schema.org\",\"@graph\":[{\"@type\":\"Article\",\"@id\":\"https:\\\/\\\/www.fcbarcelonanoticias.com\\\/en\\\/transfers\\\/mbappe-will-renew-with-the-psg-already-it-communicated-it-to-him-to-florentino-perez_280506_102.html#article\",\"isPartOf\":{\"@id\":\"https:\\\/\\\/www.fcbarcelonanoticias.com\\\/en\\\/transfers\\\/mbappe-will-renew-with-the-psg-already-it-communicated-it-to-him-to-florentino-perez_280506_102.html\"},\"author\":{\"name\":\"Paola Guevara\",\"@id\":\"https:\\\/\\\/www.fcbarcelonanoticias.com\\\/en\\\/#\\\/schema\\\/person\\\/3b408513ee236e64c3043ec901f019ee\"},\"headline\":\"Mbapp\u00e9 will renew with PSG: He already communicated it to Florentino P\u00e9rez\",\"datePublished\":\"2022-05-21T14:25:00+00:00\",\"dateModified\":\"2022-05-21T17:46:00+00:00\",\"mainEntityOfPage\":{\"@id\":\"https:\\\/\\\/www.fcbarcelonanoticias.com\\\/en\\\/transfers\\\/mbappe-will-renew-with-the-psg-already-it-communicated-it-to-him-to-florentino-perez_280506_102.html\"},\"wordCount\":475,\"image\":{\"@id\":\"https:\\\/\\\/www.fcbarcelonanoticias.com\\\/en\\\/transfers\\\/mbappe-will-renew-with-the-psg-already-it-communicated-it-to-him-to-florentino-perez_280506_102.html#primaryimage\"},\"thumbnailUrl\":\"https:\\\/\\\/www.fcbarcelonanoticias.com\\\/en\\\/wp-content\\\/uploads\\\/sites\\\/2\\\/2022\\\/05\\\/gala-mbappe-psg.jpeg\",\"keywords\":[\"Mbapp\u00e9\",\"Paris Saint-Germain\"],\"articleSection\":[\"Transfers\",\"Transfers\"],\"inLanguage\":\"en-US\"},{\"@type\":\"WebPage\",\"@id\":\"https:\\\/\\\/www.fcbarcelonanoticias.com\\\/en\\\/transfers\\\/mbappe-will-renew-with-the-psg-already-it-communicated-it-to-him-to-florentino-perez_280506_102.html\",\"url\":\"https:\\\/\\\/www.fcbarcelonanoticias.com\\\/en\\\/transfers\\\/mbappe-will-renew-with-the-psg-already-it-communicated-it-to-him-to-florentino-perez_280506_102.html\",\"name\":\"Mbapp\u00e9 Will renew with the PSG: Already it communicated it to him to Florentino P\u00e9rez\",\"isPartOf\":{\"@id\":\"https:\\\/\\\/www.fcbarcelonanoticias.com\\\/en\\\/#website\"},\"primaryImageOfPage\":{\"@id\":\"https:\\\/\\\/www.fcbarcelonanoticias.com\\\/en\\\/transfers\\\/mbappe-will-renew-with-the-psg-already-it-communicated-it-to-him-to-florentino-perez_280506_102.html#primaryimage\"},\"image\":{\"@id\":\"https:\\\/\\\/www.fcbarcelonanoticias.com\\\/en\\\/transfers\\\/mbappe-will-renew-with-the-psg-already-it-communicated-it-to-him-to-florentino-perez_280506_102.html#primaryimage\"},\"thumbnailUrl\":\"https:\\\/\\\/www.fcbarcelonanoticias.com\\\/en\\\/wp-content\\\/uploads\\\/sites\\\/2\\\/2022\\\/05\\\/gala-mbappe-psg.jpeg\",\"datePublished\":\"2022-05-21T14:25:00+00:00\",\"dateModified\":\"2022-05-21T17:46:00+00:00\",\"author\":{\"@id\":\"https:\\\/\\\/www.fcbarcelonanoticias.com\\\/en\\\/#\\\/schema\\\/person\\\/3b408513ee236e64c3043ec901f019ee\"},\"description\":\"It is confirmed, to fault of official announcement by part of the PSG and Mbapp\u00e9: The player will remain in France and has descartado play in the Real Madrid. Already it has it to him...\",\"breadcrumb\":{\"@id\":\"https:\\\/\\\/www.fcbarcelonanoticias.com\\\/en\\\/transfers\\\/mbappe-will-renew-with-the-psg-already-it-communicated-it-to-him-to-florentino-perez_280506_102.html#breadcrumb\"},\"inLanguage\":\"en-US\",\"potentialAction\":[{\"@type\":\"ReadAction\",\"target\":[\"https:\\\/\\\/www.fcbarcelonanoticias.com\\\/en\\\/transfers\\\/mbappe-will-renew-with-the-psg-already-it-communicated-it-to-him-to-florentino-perez_280506_102.html\"]}]},{\"@type\":\"ImageObject\",\"inLanguage\":\"en-US\",\"@id\":\"https:\\\/\\\/www.fcbarcelonanoticias.com\\\/en\\\/transfers\\\/mbappe-will-renew-with-the-psg-already-it-communicated-it-to-him-to-florentino-perez_280506_102.html#primaryimage\",\"url\":\"https:\\\/\\\/www.fcbarcelonanoticias.com\\\/en\\\/wp-content\\\/uploads\\\/sites\\\/2\\\/2022\\\/05\\\/gala-mbappe-psg.jpeg\",\"contentUrl\":\"https:\\\/\\\/www.fcbarcelonanoticias.com\\\/en\\\/wp-content\\\/uploads\\\/sites\\\/2\\\/2022\\\/05\\\/gala-mbappe-psg.jpeg\",\"width\":1300,\"height\":736},{\"@type\":\"BreadcrumbList\",\"@id\":\"https:\\\/\\\/www.fcbarcelonanoticias.com\\\/en\\\/transfers\\\/mbappe-will-renew-with-the-psg-already-it-communicated-it-to-him-to-florentino-perez_280506_102.html#breadcrumb\",\"itemListElement\":[{\"@type\":\"ListItem\",\"position\":1,\"name\":\"Portada\",\"item\":\"https:\\\/\\\/www.fcbarcelonanoticias.com\\\/en\\\/\"},{\"@type\":\"ListItem\",\"position\":2,\"name\":\"Mbapp\u00e9 will renew with PSG: He already communicated it to Florentino P\u00e9rez\"}]},{\"@type\":\"WebSite\",\"@id\":\"https:\\\/\\\/www.fcbarcelonanoticias.com\\\/en\\\/#website\",\"url\":\"https:\\\/\\\/www.fcbarcelonanoticias.com\\\/en\\\/\",\"name\":\"EN - FC Barcelona Noticias\",\"description\":\"\",\"potentialAction\":[{\"@type\":\"SearchAction\",\"target\":{\"@type\":\"EntryPoint\",\"urlTemplate\":\"https:\\\/\\\/www.fcbarcelonanoticias.com\\\/en\\\/?s={search_term_string}\"},\"query-input\":{\"@type\":\"PropertyValueSpecification\",\"valueRequired\":true,\"valueName\":\"search_term_string\"}}],\"inLanguage\":\"en-US\"},{\"@type\":\"Person\",\"@id\":\"https:\\\/\\\/www.fcbarcelonanoticias.com\\\/en\\\/#\\\/schema\\\/person\\\/3b408513ee236e64c3043ec901f019ee\",\"name\":\"Paola Guevara\",\"image\":{\"@type\":\"ImageObject\",\"inLanguage\":\"en-US\",\"@id\":\"https:\\\/\\\/secure.gravatar.com\\\/avatar\\\/?s=96&d=mm&r=g\",\"url\":\"https:\\\/\\\/secure.gravatar.com\\\/avatar\\\/?s=96&d=mm&r=g\",\"contentUrl\":\"https:\\\/\\\/secure.gravatar.com\\\/avatar\\\/?s=96&d=mm&r=g\",\"caption\":\"Paola Guevara\"},\"url\":\"https:\\\/\\\/www.fcbarcelonanoticias.com\\\/en\\\/fc-barcelona\\\/paola-guevara_9_115.html\"}]}<\/script>\n<!-- \/ Yoast SEO plugin. -->","yoast_head_json":{"title":"Mbapp\u00e9 Will renew with the PSG: Already it communicated it to him to Florentino P\u00e9rez","description":"It is confirmed, to fault of official announcement by part of the PSG and Mbapp\u00e9: The player will remain in France and has descartado play in the Real Madrid. Already it has it to him...","robots":{"index":"index","follow":"follow","max-snippet":"max-snippet:-1","max-image-preview":"max-image-preview:large","max-video-preview":"max-video-preview:-1"},"canonical":"https:\/\/www.fcbarcelonanoticias.com\/en\/transfers\/mbappe-will-renew-with-the-psg-already-it-communicated-it-to-him-to-florentino-perez_280506_102.html","og_locale":"en_US","og_type":"article","og_title":"Mbapp\u00e9 Will renew with the PSG: Already it communicated it to him to Florentino P\u00e9rez","og_description":"It is confirmed, to fault of official announcement by part of the PSG and Mbapp\u00e9: The player will remain in France and has descartado play in the Real Madrid. Already it has it to him...","og_url":"https:\/\/www.fcbarcelonanoticias.com\/en\/transfers\/mbappe-will-renew-with-the-psg-already-it-communicated-it-to-him-to-florentino-perez_280506_102.html","og_site_name":"EN - FC Barcelona Noticias","article_published_time":"2022-05-21T14:25:00+00:00","article_modified_time":"2022-05-21T17:46:00+00:00","og_image":[{"width":1300,"height":736,"url":"https:\/\/www.fcbarcelonanoticias.com\/en\/wp-content\/uploads\/sites\/2\/2022\/05\/gala-mbappe-psg.jpeg","type":"image\/jpeg"}],"author":"Paola Guevara","twitter_card":"summary_large_image","twitter_misc":{"Written by":"Paola Guevara","Est. reading time":"2 minutes"},"schema":{"@context":"https:\/\/schema.org","@graph":[{"@type":"Article","@id":"https:\/\/www.fcbarcelonanoticias.com\/en\/transfers\/mbappe-will-renew-with-the-psg-already-it-communicated-it-to-him-to-florentino-perez_280506_102.html#article","isPartOf":{"@id":"https:\/\/www.fcbarcelonanoticias.com\/en\/transfers\/mbappe-will-renew-with-the-psg-already-it-communicated-it-to-him-to-florentino-perez_280506_102.html"},"author":{"name":"Paola Guevara","@id":"https:\/\/www.fcbarcelonanoticias.com\/en\/#\/schema\/person\/3b408513ee236e64c3043ec901f019ee"},"headline":"Mbapp\u00e9 will renew with PSG: He already communicated it to Florentino P\u00e9rez","datePublished":"2022-05-21T14:25:00+00:00","dateModified":"2022-05-21T17:46:00+00:00","mainEntityOfPage":{"@id":"https:\/\/www.fcbarcelonanoticias.com\/en\/transfers\/mbappe-will-renew-with-the-psg-already-it-communicated-it-to-him-to-florentino-perez_280506_102.html"},"wordCount":475,"image":{"@id":"https:\/\/www.fcbarcelonanoticias.com\/en\/transfers\/mbappe-will-renew-with-the-psg-already-it-communicated-it-to-him-to-florentino-perez_280506_102.html#primaryimage"},"thumbnailUrl":"https:\/\/www.fcbarcelonanoticias.com\/en\/wp-content\/uploads\/sites\/2\/2022\/05\/gala-mbappe-psg.jpeg","keywords":["Mbapp\u00e9","Paris Saint-Germain"],"articleSection":["Transfers","Transfers"],"inLanguage":"en-US"},{"@type":"WebPage","@id":"https:\/\/www.fcbarcelonanoticias.com\/en\/transfers\/mbappe-will-renew-with-the-psg-already-it-communicated-it-to-him-to-florentino-perez_280506_102.html","url":"https:\/\/www.fcbarcelonanoticias.com\/en\/transfers\/mbappe-will-renew-with-the-psg-already-it-communicated-it-to-him-to-florentino-perez_280506_102.html","name":"Mbapp\u00e9 Will renew with the PSG: Already it communicated it to him to Florentino P\u00e9rez","isPartOf":{"@id":"https:\/\/www.fcbarcelonanoticias.com\/en\/#website"},"primaryImageOfPage":{"@id":"https:\/\/www.fcbarcelonanoticias.com\/en\/transfers\/mbappe-will-renew-with-the-psg-already-it-communicated-it-to-him-to-florentino-perez_280506_102.html#primaryimage"},"image":{"@id":"https:\/\/www.fcbarcelonanoticias.com\/en\/transfers\/mbappe-will-renew-with-the-psg-already-it-communicated-it-to-him-to-florentino-perez_280506_102.html#primaryimage"},"thumbnailUrl":"https:\/\/www.fcbarcelonanoticias.com\/en\/wp-content\/uploads\/sites\/2\/2022\/05\/gala-mbappe-psg.jpeg","datePublished":"2022-05-21T14:25:00+00:00","dateModified":"2022-05-21T17:46:00+00:00","author":{"@id":"https:\/\/www.fcbarcelonanoticias.com\/en\/#\/schema\/person\/3b408513ee236e64c3043ec901f019ee"},"description":"It is confirmed, to fault of official announcement by part of the PSG and Mbapp\u00e9: The player will remain in France and has descartado play in the Real Madrid. Already it has it to him...","breadcrumb":{"@id":"https:\/\/www.fcbarcelonanoticias.com\/en\/transfers\/mbappe-will-renew-with-the-psg-already-it-communicated-it-to-him-to-florentino-perez_280506_102.html#breadcrumb"},"inLanguage":"en-US","potentialAction":[{"@type":"ReadAction","target":["https:\/\/www.fcbarcelonanoticias.com\/en\/transfers\/mbappe-will-renew-with-the-psg-already-it-communicated-it-to-him-to-florentino-perez_280506_102.html"]}]},{"@type":"ImageObject","inLanguage":"en-US","@id":"https:\/\/www.fcbarcelonanoticias.com\/en\/transfers\/mbappe-will-renew-with-the-psg-already-it-communicated-it-to-him-to-florentino-perez_280506_102.html#primaryimage","url":"https:\/\/www.fcbarcelonanoticias.com\/en\/wp-content\/uploads\/sites\/2\/2022\/05\/gala-mbappe-psg.jpeg","contentUrl":"https:\/\/www.fcbarcelonanoticias.com\/en\/wp-content\/uploads\/sites\/2\/2022\/05\/gala-mbappe-psg.jpeg","width":1300,"height":736},{"@type":"BreadcrumbList","@id":"https:\/\/www.fcbarcelonanoticias.com\/en\/transfers\/mbappe-will-renew-with-the-psg-already-it-communicated-it-to-him-to-florentino-perez_280506_102.html#breadcrumb","itemListElement":[{"@type":"ListItem","position":1,"name":"Portada","item":"https:\/\/www.fcbarcelonanoticias.com\/en\/"},{"@type":"ListItem","position":2,"name":"Mbapp\u00e9 will renew with PSG: He already communicated it to Florentino P\u00e9rez"}]},{"@type":"WebSite","@id":"https:\/\/www.fcbarcelonanoticias.com\/en\/#website","url":"https:\/\/www.fcbarcelonanoticias.com\/en\/","name":"EN - FC Barcelona Noticias","description":"","potentialAction":[{"@type":"SearchAction","target":{"@type":"EntryPoint","urlTemplate":"https:\/\/www.fcbarcelonanoticias.com\/en\/?s={search_term_string}"},"query-input":{"@type":"PropertyValueSpecification","valueRequired":true,"valueName":"search_term_string"}}],"inLanguage":"en-US"},{"@type":"Person","@id":"https:\/\/www.fcbarcelonanoticias.com\/en\/#\/schema\/person\/3b408513ee236e64c3043ec901f019ee","name":"Paola Guevara","image":{"@type":"ImageObject","inLanguage":"en-US","@id":"https:\/\/secure.gravatar.com\/avatar\/?s=96&d=mm&r=g","url":"https:\/\/secure.gravatar.com\/avatar\/?s=96&d=mm&r=g","contentUrl":"https:\/\/secure.gravatar.com\/avatar\/?s=96&d=mm&r=g","caption":"Paola Guevara"},"url":"https:\/\/www.fcbarcelonanoticias.com\/en\/fc-barcelona\/paola-guevara_9_115.html"}]}},"_links":{"self":[{"href":"https:\/\/www.fcbarcelonanoticias.com\/en\/wp-json\/wp\/v2\/posts\/133208","targetHints":{"allow":["GET"]}}],"collection":[{"href":"https:\/\/www.fcbarcelonanoticias.com\/en\/wp-json\/wp\/v2\/posts"}],"about":[{"href":"https:\/\/www.fcbarcelonanoticias.com\/en\/wp-json\/wp\/v2\/types\/post"}],"author":[{"embeddable":true,"href":"https:\/\/www.fcbarcelonanoticias.com\/en\/wp-json\/wp\/v2\/users\/352"}],"replies":[{"embeddable":true,"href":"https:\/\/www.fcbarcelonanoticias.com\/en\/wp-json\/wp\/v2\/comments?post=133208"}],"version-history":[{"count":1,"href":"https:\/\/www.fcbarcelonanoticias.com\/en\/wp-json\/wp\/v2\/posts\/133208\/revisions"}],"predecessor-version":[{"id":153094,"href":"https:\/\/www.fcbarcelonanoticias.com\/en\/wp-json\/wp\/v2\/posts\/133208\/revisions\/153094"}],"wp:featuredmedia":[{"embeddable":true,"href":"https:\/\/www.fcbarcelonanoticias.com\/en\/wp-json\/wp\/v2\/media\/133214"}],"wp:attachment":[{"href":"https:\/\/www.fcbarcelonanoticias.com\/en\/wp-json\/wp\/v2\/media?parent=133208"}],"wp:term":[{"taxonomy":"category","embeddable":true,"href":"https:\/\/www.fcbarcelonanoticias.com\/en\/wp-json\/wp\/v2\/categories?post=133208"},{"taxonomy":"post_tag","embeddable":true,"href":"https:\/\/www.fcbarcelonanoticias.com\/en\/wp-json\/wp\/v2\/tags?post=133208"}],"curies":[{"name":"wp","href":"https:\/\/api.w.org\/{rel}","templated":true}]}}