{"id":133242,"date":"2023-07-28T12:34:00","date_gmt":"2023-07-28T10:34:00","guid":{"rendered":"https:\/\/weisetech.dev\/fc-barcelona-noticias\/en\/mbappe-marginado-in-promotional-campaign-of-paris-saint-germain_294539_102\/"},"modified":"2023-07-28T12:34:00","modified_gmt":"2023-07-28T10:34:00","slug":"mbappe-marginado-in-promotional-campaign-of-paris-saint-germain_294539_102","status":"publish","type":"post","link":"https:\/\/www.fcbarcelonanoticias.com\/en\/transfers\/mbappe-marginado-in-promotional-campaign-of-paris-saint-germain_294539_102.html","title":{"rendered":"Mbapp\u00e9 sidelined in Paris Saint-Germain promotional campaign"},"content":{"rendered":"<h2 class=\"wp-block-heading\">The Parisian side replaced Mbapp\u00e9 with Marco Verratti on a poster to advertise a partnership with a cryptocurrency company. Interestingly, the Italian midfielder has a deal with Saudi Arabian club Al Hilal<\/h2>  \r\n<div class=\"article-addons\">\r\n    <a href=\"https:\/\/www.fcbarcelonanoticias.com\/en\/calendar-fc-barcelona.html\"\r\n       target=\"_self\"\r\n       title=\"Calendar of FC Barcelona\"\r\n       class=\"blue-gredient-btn\">\r\n       \r\n        Calendar of FC Barcelona    <\/a>\r\n<\/div>   <p><strong>The war between the PSG and the Parisian forward is more alive that never. <\/strong>The company of criptomonedas &#8220;Brilliantcrypto&#8221; announced this Wednesday an agreement of sponsorship with the French club with a message in the social networks to the that attached a photomontage with five footballers of the team: Marquinhos, Fabi\u00e1n Ruiz, Achraf Hakimi, Neymar and the own Mbapp\u00e9.<\/p>  <p>For surprise of many, the French club announced this agreement a day afterwards, this Thursday, and the capital surprise that soon prendi\u00f3 the social networks was the elimination of the &#8220;turtle&#8221;. The Parisian forward was deleted of the photomontage and in his place appeared the Italian midfield player <a data-external=\"0\" data-intl-links-en=\"https:\/\/www.fcbarcelonanoticias.com\/en\/international-football\/marco-verrati-confesses-team-would-like-go_273670_102.html\" data-intl-links-es=\"https:\/\/www.fcbarcelonanoticias.com\/futbol-internacional\/marco-verrati-confiesa-equipo-fichar_273670_102.html\" href=\"https:\/\/www.fcbarcelonanoticias.com\/en\/international-football\/marco-verrati-confesses-team-would-like-go_273670_102.html\" rel=\"follow\" target=\"_self\" title=\"Marco Verrati confiesa por qu\u00e9 equipo le gustar\u00eda fichar\u2026 y no es el Bar\u00e7a\">Marco Verratti, the one who in the next days could be closing an agreement with the To the Hilal Saudi.<\/a><\/p>  <p>Although it treats simply of a merely commercial detail, <strong>is quite significant, especially taking into account how is the situation between the player and the team.<\/strong> The conflict finds totally enquistado, as the Paris was very clear in his conditions: or Kylian renewed to avoid that it left free next summer, or would go out in the present market. For now, the attacker does not do part of turns it of pre-season and is moved away of the team.<\/p>  <h2>The PSG is beginning to assume the course of Mbapp\u00e9<\/h2>  <p><strong>From France already are tired with the serial of the attacker and, therefore, could initiate to assume his exit in this market of signings.<\/strong> The best proof of this is that the French picture has not put it of cover in his last advertising campaign. It is quite odd that the maximum star of the team do not do part of the announcement, and this does not do more than raising suspicions about the immediate future of the still player of the PSG.<\/p>  <p><a data-external=\"0\" data-intl-links-en=\"https:\/\/www.fcbarcelonanoticias.com\/en\/transfers\/florentino-perez-repeats-formula-for-talking-about-kylian-mbappe_294400_102.html\" data-intl-links-es=\"https:\/\/www.fcbarcelonanoticias.com\/fichajes\/florentino-perez-repite-formula-hablar-sobre-kylian-mbappe_294400_102.html\" href=\"https:\/\/www.fcbarcelonanoticias.com\/en\/transfers\/florentino-perez-repeats-formula-for-talking-about-kylian-mbappe_294400_102.html\" rel=\"follow\" target=\"_self\" title=\"Florentino P\u00e9rez repite f\u00f3rmula para hablar sobre Kylian Mbapp\u00e9\">It gives the feeling that the big winner of this long game is Florentino P\u00e9rez.<\/a> The president madridista handles better that anybody in this type of situations and has gone back it to show. Like this then , it is about to to close his last galactic, the player with which comes dreaming from years and to the one who would be had to deliver him the keys of the new Santiago Bernab\u00e9u. Has the entirely controlled situation.<\/p> ","protected":false},"excerpt":{"rendered":"<p>The Parisian side replaced Mbapp\u00e9 with Marco Verratti on a poster to advertise a partnership with a cryptocurrency company. Interestingly, the Italian midfielder has a deal with Saudi Arabian club Al Hilal The war between the PSG and the Parisian forward is more alive that never. The company of criptomonedas &#8220;Brilliantcrypto&#8221; announced this Wednesday an [&hellip;]<\/p>\n","protected":false},"author":349,"featured_media":133244,"comment_status":"closed","ping_status":"open","sticky":false,"template":"","format":"standard","meta":{"_acf_changed":false,"inline_featured_image":false,"_nextfly_llmd_date_locked":false,"footnotes":""},"categories":[449,106],"tags":[171,88],"class_list":["post-133242","post","type-post","status-publish","format-standard","has-post-thumbnail","hentry","category-transfers-2","category-transfers","tag-mbappe","tag-paris-saint-germain"],"acf":[],"yoast_head":"<!-- This site is optimized with the Yoast SEO plugin v27.3 - https:\/\/yoast.com\/product\/yoast-seo-wordpress\/ -->\n<title>Mbapp\u00e9 marginado In promotional campaign of Paris Saint-Germain<\/title>\n<meta name=\"description\" content=\"The Parisian group replaced aMbapp\u00e9 by Marco Verratti in a poster to announce the alliance with a company of criptomonedas. Curiously, the Italian midfield player has an agreement with the To the Hilal Saudi\" \/>\n<meta name=\"robots\" content=\"index, follow, max-snippet:-1, max-image-preview:large, max-video-preview:-1\" \/>\n<link rel=\"canonical\" href=\"https:\/\/www.fcbarcelonanoticias.com\/en\/transfers\/mbappe-marginado-in-promotional-campaign-of-paris-saint-germain_294539_102.html\" \/>\n<meta property=\"og:locale\" content=\"en_US\" \/>\n<meta property=\"og:type\" content=\"article\" \/>\n<meta property=\"og:title\" content=\"Mbapp\u00e9 marginado In promotional campaign of Paris Saint-Germain\" \/>\n<meta property=\"og:description\" content=\"The Parisian group replaced aMbapp\u00e9 by Marco Verratti in a poster to announce the alliance with a company of criptomonedas. Curiously, the Italian midfield player has an agreement with the To the Hilal Saudi\" \/>\n<meta property=\"og:url\" content=\"https:\/\/www.fcbarcelonanoticias.com\/en\/transfers\/mbappe-marginado-in-promotional-campaign-of-paris-saint-germain_294539_102.html\" \/>\n<meta property=\"og:site_name\" content=\"EN - FC Barcelona Noticias\" \/>\n<meta property=\"article:published_time\" content=\"2023-07-28T10:34:00+00:00\" \/>\n<meta property=\"og:image\" content=\"https:\/\/www.fcbarcelonanoticias.com\/en\/wp-content\/uploads\/sites\/2\/2023\/07\/kylian-mbappe-en-rueda-de-prensa-1.jpeg\" \/>\n\t<meta property=\"og:image:width\" content=\"1250\" \/>\n\t<meta property=\"og:image:height\" content=\"750\" \/>\n\t<meta property=\"og:image:type\" content=\"image\/jpeg\" \/>\n<meta name=\"author\" content=\"Mar\u00eda Alejandra Camacho\" \/>\n<meta name=\"twitter:card\" content=\"summary_large_image\" \/>\n<meta name=\"twitter:label1\" content=\"Written by\" \/>\n\t<meta name=\"twitter:data1\" content=\"Mar\u00eda Alejandra Camacho\" \/>\n\t<meta name=\"twitter:label2\" content=\"Est. reading time\" \/>\n\t<meta name=\"twitter:data2\" content=\"2 minutes\" \/>\n<script type=\"application\/ld+json\" class=\"yoast-schema-graph\">{\"@context\":\"https:\\\/\\\/schema.org\",\"@graph\":[{\"@type\":\"Article\",\"@id\":\"https:\\\/\\\/www.fcbarcelonanoticias.com\\\/en\\\/transfers\\\/mbappe-marginado-in-promotional-campaign-of-paris-saint-germain_294539_102.html#article\",\"isPartOf\":{\"@id\":\"https:\\\/\\\/www.fcbarcelonanoticias.com\\\/en\\\/transfers\\\/mbappe-marginado-in-promotional-campaign-of-paris-saint-germain_294539_102.html\"},\"author\":{\"name\":\"Mar\u00eda Alejandra Camacho\",\"@id\":\"https:\\\/\\\/www.fcbarcelonanoticias.com\\\/en\\\/#\\\/schema\\\/person\\\/6dabf936eaa66def2cadb54f0dd32ac1\"},\"headline\":\"Mbapp\u00e9 sidelined in Paris Saint-Germain promotional campaign\",\"datePublished\":\"2023-07-28T10:34:00+00:00\",\"mainEntityOfPage\":{\"@id\":\"https:\\\/\\\/www.fcbarcelonanoticias.com\\\/en\\\/transfers\\\/mbappe-marginado-in-promotional-campaign-of-paris-saint-germain_294539_102.html\"},\"wordCount\":418,\"image\":{\"@id\":\"https:\\\/\\\/www.fcbarcelonanoticias.com\\\/en\\\/transfers\\\/mbappe-marginado-in-promotional-campaign-of-paris-saint-germain_294539_102.html#primaryimage\"},\"thumbnailUrl\":\"https:\\\/\\\/www.fcbarcelonanoticias.com\\\/en\\\/wp-content\\\/uploads\\\/sites\\\/2\\\/2023\\\/07\\\/kylian-mbappe-en-rueda-de-prensa-1.jpeg\",\"keywords\":[\"Mbapp\u00e9\",\"Paris Saint-Germain\"],\"articleSection\":[\"Transfers\",\"Transfers\"],\"inLanguage\":\"en-US\"},{\"@type\":\"WebPage\",\"@id\":\"https:\\\/\\\/www.fcbarcelonanoticias.com\\\/en\\\/transfers\\\/mbappe-marginado-in-promotional-campaign-of-paris-saint-germain_294539_102.html\",\"url\":\"https:\\\/\\\/www.fcbarcelonanoticias.com\\\/en\\\/transfers\\\/mbappe-marginado-in-promotional-campaign-of-paris-saint-germain_294539_102.html\",\"name\":\"Mbapp\u00e9 marginado In promotional campaign of Paris Saint-Germain\",\"isPartOf\":{\"@id\":\"https:\\\/\\\/www.fcbarcelonanoticias.com\\\/en\\\/#website\"},\"primaryImageOfPage\":{\"@id\":\"https:\\\/\\\/www.fcbarcelonanoticias.com\\\/en\\\/transfers\\\/mbappe-marginado-in-promotional-campaign-of-paris-saint-germain_294539_102.html#primaryimage\"},\"image\":{\"@id\":\"https:\\\/\\\/www.fcbarcelonanoticias.com\\\/en\\\/transfers\\\/mbappe-marginado-in-promotional-campaign-of-paris-saint-germain_294539_102.html#primaryimage\"},\"thumbnailUrl\":\"https:\\\/\\\/www.fcbarcelonanoticias.com\\\/en\\\/wp-content\\\/uploads\\\/sites\\\/2\\\/2023\\\/07\\\/kylian-mbappe-en-rueda-de-prensa-1.jpeg\",\"datePublished\":\"2023-07-28T10:34:00+00:00\",\"author\":{\"@id\":\"https:\\\/\\\/www.fcbarcelonanoticias.com\\\/en\\\/#\\\/schema\\\/person\\\/6dabf936eaa66def2cadb54f0dd32ac1\"},\"description\":\"The Parisian group replaced aMbapp\u00e9 by Marco Verratti in a poster to announce the alliance with a company of criptomonedas. Curiously, the Italian midfield player has an agreement with the To the Hilal Saudi\",\"breadcrumb\":{\"@id\":\"https:\\\/\\\/www.fcbarcelonanoticias.com\\\/en\\\/transfers\\\/mbappe-marginado-in-promotional-campaign-of-paris-saint-germain_294539_102.html#breadcrumb\"},\"inLanguage\":\"en-US\",\"potentialAction\":[{\"@type\":\"ReadAction\",\"target\":[\"https:\\\/\\\/www.fcbarcelonanoticias.com\\\/en\\\/transfers\\\/mbappe-marginado-in-promotional-campaign-of-paris-saint-germain_294539_102.html\"]}]},{\"@type\":\"ImageObject\",\"inLanguage\":\"en-US\",\"@id\":\"https:\\\/\\\/www.fcbarcelonanoticias.com\\\/en\\\/transfers\\\/mbappe-marginado-in-promotional-campaign-of-paris-saint-germain_294539_102.html#primaryimage\",\"url\":\"https:\\\/\\\/www.fcbarcelonanoticias.com\\\/en\\\/wp-content\\\/uploads\\\/sites\\\/2\\\/2023\\\/07\\\/kylian-mbappe-en-rueda-de-prensa-1.jpeg\",\"contentUrl\":\"https:\\\/\\\/www.fcbarcelonanoticias.com\\\/en\\\/wp-content\\\/uploads\\\/sites\\\/2\\\/2023\\\/07\\\/kylian-mbappe-en-rueda-de-prensa-1.jpeg\",\"width\":1250,\"height\":750},{\"@type\":\"BreadcrumbList\",\"@id\":\"https:\\\/\\\/www.fcbarcelonanoticias.com\\\/en\\\/transfers\\\/mbappe-marginado-in-promotional-campaign-of-paris-saint-germain_294539_102.html#breadcrumb\",\"itemListElement\":[{\"@type\":\"ListItem\",\"position\":1,\"name\":\"Portada\",\"item\":\"https:\\\/\\\/www.fcbarcelonanoticias.com\\\/en\\\/\"},{\"@type\":\"ListItem\",\"position\":2,\"name\":\"Mbapp\u00e9 sidelined in Paris Saint-Germain promotional campaign\"}]},{\"@type\":\"WebSite\",\"@id\":\"https:\\\/\\\/www.fcbarcelonanoticias.com\\\/en\\\/#website\",\"url\":\"https:\\\/\\\/www.fcbarcelonanoticias.com\\\/en\\\/\",\"name\":\"EN - FC Barcelona Noticias\",\"description\":\"\",\"potentialAction\":[{\"@type\":\"SearchAction\",\"target\":{\"@type\":\"EntryPoint\",\"urlTemplate\":\"https:\\\/\\\/www.fcbarcelonanoticias.com\\\/en\\\/?s={search_term_string}\"},\"query-input\":{\"@type\":\"PropertyValueSpecification\",\"valueRequired\":true,\"valueName\":\"search_term_string\"}}],\"inLanguage\":\"en-US\"},{\"@type\":\"Person\",\"@id\":\"https:\\\/\\\/www.fcbarcelonanoticias.com\\\/en\\\/#\\\/schema\\\/person\\\/6dabf936eaa66def2cadb54f0dd32ac1\",\"name\":\"Mar\u00eda Alejandra Camacho\",\"image\":{\"@type\":\"ImageObject\",\"inLanguage\":\"en-US\",\"@id\":\"https:\\\/\\\/secure.gravatar.com\\\/avatar\\\/?s=96&d=mm&r=g\",\"url\":\"https:\\\/\\\/secure.gravatar.com\\\/avatar\\\/?s=96&d=mm&r=g\",\"contentUrl\":\"https:\\\/\\\/secure.gravatar.com\\\/avatar\\\/?s=96&d=mm&r=g\",\"caption\":\"Mar\u00eda Alejandra Camacho\"},\"url\":\"https:\\\/\\\/www.fcbarcelonanoticias.com\\\/en\\\/maria-alejandra-camacho_22_115.html\"}]}<\/script>\n<!-- \/ Yoast SEO plugin. -->","yoast_head_json":{"title":"Mbapp\u00e9 marginado In promotional campaign of Paris Saint-Germain","description":"The Parisian group replaced aMbapp\u00e9 by Marco Verratti in a poster to announce the alliance with a company of criptomonedas. Curiously, the Italian midfield player has an agreement with the To the Hilal Saudi","robots":{"index":"index","follow":"follow","max-snippet":"max-snippet:-1","max-image-preview":"max-image-preview:large","max-video-preview":"max-video-preview:-1"},"canonical":"https:\/\/www.fcbarcelonanoticias.com\/en\/transfers\/mbappe-marginado-in-promotional-campaign-of-paris-saint-germain_294539_102.html","og_locale":"en_US","og_type":"article","og_title":"Mbapp\u00e9 marginado In promotional campaign of Paris Saint-Germain","og_description":"The Parisian group replaced aMbapp\u00e9 by Marco Verratti in a poster to announce the alliance with a company of criptomonedas. Curiously, the Italian midfield player has an agreement with the To the Hilal Saudi","og_url":"https:\/\/www.fcbarcelonanoticias.com\/en\/transfers\/mbappe-marginado-in-promotional-campaign-of-paris-saint-germain_294539_102.html","og_site_name":"EN - FC Barcelona Noticias","article_published_time":"2023-07-28T10:34:00+00:00","og_image":[{"width":1250,"height":750,"url":"https:\/\/www.fcbarcelonanoticias.com\/en\/wp-content\/uploads\/sites\/2\/2023\/07\/kylian-mbappe-en-rueda-de-prensa-1.jpeg","type":"image\/jpeg"}],"author":"Mar\u00eda Alejandra Camacho","twitter_card":"summary_large_image","twitter_misc":{"Written by":"Mar\u00eda Alejandra Camacho","Est. reading time":"2 minutes"},"schema":{"@context":"https:\/\/schema.org","@graph":[{"@type":"Article","@id":"https:\/\/www.fcbarcelonanoticias.com\/en\/transfers\/mbappe-marginado-in-promotional-campaign-of-paris-saint-germain_294539_102.html#article","isPartOf":{"@id":"https:\/\/www.fcbarcelonanoticias.com\/en\/transfers\/mbappe-marginado-in-promotional-campaign-of-paris-saint-germain_294539_102.html"},"author":{"name":"Mar\u00eda Alejandra Camacho","@id":"https:\/\/www.fcbarcelonanoticias.com\/en\/#\/schema\/person\/6dabf936eaa66def2cadb54f0dd32ac1"},"headline":"Mbapp\u00e9 sidelined in Paris Saint-Germain promotional campaign","datePublished":"2023-07-28T10:34:00+00:00","mainEntityOfPage":{"@id":"https:\/\/www.fcbarcelonanoticias.com\/en\/transfers\/mbappe-marginado-in-promotional-campaign-of-paris-saint-germain_294539_102.html"},"wordCount":418,"image":{"@id":"https:\/\/www.fcbarcelonanoticias.com\/en\/transfers\/mbappe-marginado-in-promotional-campaign-of-paris-saint-germain_294539_102.html#primaryimage"},"thumbnailUrl":"https:\/\/www.fcbarcelonanoticias.com\/en\/wp-content\/uploads\/sites\/2\/2023\/07\/kylian-mbappe-en-rueda-de-prensa-1.jpeg","keywords":["Mbapp\u00e9","Paris Saint-Germain"],"articleSection":["Transfers","Transfers"],"inLanguage":"en-US"},{"@type":"WebPage","@id":"https:\/\/www.fcbarcelonanoticias.com\/en\/transfers\/mbappe-marginado-in-promotional-campaign-of-paris-saint-germain_294539_102.html","url":"https:\/\/www.fcbarcelonanoticias.com\/en\/transfers\/mbappe-marginado-in-promotional-campaign-of-paris-saint-germain_294539_102.html","name":"Mbapp\u00e9 marginado In promotional campaign of Paris Saint-Germain","isPartOf":{"@id":"https:\/\/www.fcbarcelonanoticias.com\/en\/#website"},"primaryImageOfPage":{"@id":"https:\/\/www.fcbarcelonanoticias.com\/en\/transfers\/mbappe-marginado-in-promotional-campaign-of-paris-saint-germain_294539_102.html#primaryimage"},"image":{"@id":"https:\/\/www.fcbarcelonanoticias.com\/en\/transfers\/mbappe-marginado-in-promotional-campaign-of-paris-saint-germain_294539_102.html#primaryimage"},"thumbnailUrl":"https:\/\/www.fcbarcelonanoticias.com\/en\/wp-content\/uploads\/sites\/2\/2023\/07\/kylian-mbappe-en-rueda-de-prensa-1.jpeg","datePublished":"2023-07-28T10:34:00+00:00","author":{"@id":"https:\/\/www.fcbarcelonanoticias.com\/en\/#\/schema\/person\/6dabf936eaa66def2cadb54f0dd32ac1"},"description":"The Parisian group replaced aMbapp\u00e9 by Marco Verratti in a poster to announce the alliance with a company of criptomonedas. Curiously, the Italian midfield player has an agreement with the To the Hilal Saudi","breadcrumb":{"@id":"https:\/\/www.fcbarcelonanoticias.com\/en\/transfers\/mbappe-marginado-in-promotional-campaign-of-paris-saint-germain_294539_102.html#breadcrumb"},"inLanguage":"en-US","potentialAction":[{"@type":"ReadAction","target":["https:\/\/www.fcbarcelonanoticias.com\/en\/transfers\/mbappe-marginado-in-promotional-campaign-of-paris-saint-germain_294539_102.html"]}]},{"@type":"ImageObject","inLanguage":"en-US","@id":"https:\/\/www.fcbarcelonanoticias.com\/en\/transfers\/mbappe-marginado-in-promotional-campaign-of-paris-saint-germain_294539_102.html#primaryimage","url":"https:\/\/www.fcbarcelonanoticias.com\/en\/wp-content\/uploads\/sites\/2\/2023\/07\/kylian-mbappe-en-rueda-de-prensa-1.jpeg","contentUrl":"https:\/\/www.fcbarcelonanoticias.com\/en\/wp-content\/uploads\/sites\/2\/2023\/07\/kylian-mbappe-en-rueda-de-prensa-1.jpeg","width":1250,"height":750},{"@type":"BreadcrumbList","@id":"https:\/\/www.fcbarcelonanoticias.com\/en\/transfers\/mbappe-marginado-in-promotional-campaign-of-paris-saint-germain_294539_102.html#breadcrumb","itemListElement":[{"@type":"ListItem","position":1,"name":"Portada","item":"https:\/\/www.fcbarcelonanoticias.com\/en\/"},{"@type":"ListItem","position":2,"name":"Mbapp\u00e9 sidelined in Paris Saint-Germain promotional campaign"}]},{"@type":"WebSite","@id":"https:\/\/www.fcbarcelonanoticias.com\/en\/#website","url":"https:\/\/www.fcbarcelonanoticias.com\/en\/","name":"EN - FC Barcelona Noticias","description":"","potentialAction":[{"@type":"SearchAction","target":{"@type":"EntryPoint","urlTemplate":"https:\/\/www.fcbarcelonanoticias.com\/en\/?s={search_term_string}"},"query-input":{"@type":"PropertyValueSpecification","valueRequired":true,"valueName":"search_term_string"}}],"inLanguage":"en-US"},{"@type":"Person","@id":"https:\/\/www.fcbarcelonanoticias.com\/en\/#\/schema\/person\/6dabf936eaa66def2cadb54f0dd32ac1","name":"Mar\u00eda Alejandra Camacho","image":{"@type":"ImageObject","inLanguage":"en-US","@id":"https:\/\/secure.gravatar.com\/avatar\/?s=96&d=mm&r=g","url":"https:\/\/secure.gravatar.com\/avatar\/?s=96&d=mm&r=g","contentUrl":"https:\/\/secure.gravatar.com\/avatar\/?s=96&d=mm&r=g","caption":"Mar\u00eda Alejandra Camacho"},"url":"https:\/\/www.fcbarcelonanoticias.com\/en\/maria-alejandra-camacho_22_115.html"}]}},"_links":{"self":[{"href":"https:\/\/www.fcbarcelonanoticias.com\/en\/wp-json\/wp\/v2\/posts\/133242","targetHints":{"allow":["GET"]}}],"collection":[{"href":"https:\/\/www.fcbarcelonanoticias.com\/en\/wp-json\/wp\/v2\/posts"}],"about":[{"href":"https:\/\/www.fcbarcelonanoticias.com\/en\/wp-json\/wp\/v2\/types\/post"}],"author":[{"embeddable":true,"href":"https:\/\/www.fcbarcelonanoticias.com\/en\/wp-json\/wp\/v2\/users\/349"}],"replies":[{"embeddable":true,"href":"https:\/\/www.fcbarcelonanoticias.com\/en\/wp-json\/wp\/v2\/comments?post=133242"}],"version-history":[{"count":1,"href":"https:\/\/www.fcbarcelonanoticias.com\/en\/wp-json\/wp\/v2\/posts\/133242\/revisions"}],"predecessor-version":[{"id":153068,"href":"https:\/\/www.fcbarcelonanoticias.com\/en\/wp-json\/wp\/v2\/posts\/133242\/revisions\/153068"}],"wp:featuredmedia":[{"embeddable":true,"href":"https:\/\/www.fcbarcelonanoticias.com\/en\/wp-json\/wp\/v2\/media\/133244"}],"wp:attachment":[{"href":"https:\/\/www.fcbarcelonanoticias.com\/en\/wp-json\/wp\/v2\/media?parent=133242"}],"wp:term":[{"taxonomy":"category","embeddable":true,"href":"https:\/\/www.fcbarcelonanoticias.com\/en\/wp-json\/wp\/v2\/categories?post=133242"},{"taxonomy":"post_tag","embeddable":true,"href":"https:\/\/www.fcbarcelonanoticias.com\/en\/wp-json\/wp\/v2\/tags?post=133242"}],"curies":[{"name":"wp","href":"https:\/\/api.w.org\/{rel}","templated":true}]}}