{"id":133279,"date":"2023-06-13T14:26:00","date_gmt":"2023-06-13T12:26:00","guid":{"rendered":"https:\/\/weisetech.dev\/fc-barcelona-noticias\/en\/mbappe-gets-wet-openly-makes-it-clear-he-doesn-t-want-to-renew-with-psg_293172_102\/"},"modified":"2023-06-13T14:29:00","modified_gmt":"2023-06-13T12:29:00","slug":"mbappe-gets-wet-openly-makes-it-clear-he-doesn-t-want-to-renew-with-psg_293172_102","status":"publish","type":"post","link":"https:\/\/www.fcbarcelonanoticias.com\/en\/transfers\/mbappe-gets-wet-openly-makes-it-clear-he-doesn-t-want-to-renew-with-psg_293172_102.html","title":{"rendered":"Mbapp\u00e9 openly &#8216;gets wet&#8217; and makes it clear that he does not want to renew with PSG"},"content":{"rendered":"<h2 class=\"wp-block-heading\">Kylian Mbapp\u00e9 has made a statement in which he assures that he has no desire to renew with Paris Saint-Germain, which will leave him as the most sought-after footballer on the European market<\/h2>  \r\n<div class=\"article-addons\">\r\n    <a href=\"https:\/\/www.fcbarcelonanoticias.com\/en\/calendar-fc-barcelona.html\"\r\n       target=\"_self\"\r\n       title=\"Calendar of FC Barcelona\"\r\n       class=\"blue-gredient-btn\">\r\n       \r\n        Calendar of FC Barcelona    <\/a>\r\n<\/div>   <p><strong>The &#8216;bombazo&#8217; of the market can be the exit of Kylian Mbapp\u00e9.<\/strong> The star of Paris Saint-Germain, as it aimed the newspaper &#8216;L&#8217;\u00c9quipe&#8217;,<strong> does not have planned to exert the third year of his agreement <\/strong>and is had to find a new club that him acobije from the summer of 2024.<\/p>  <p>In front of this, the &#8216;Agence France-Presse&#8217; (AFP) has desvelado a communiqu\u00e9 of the own footballer in <strong>where clear all it sucedido after the wave of informations that have filtered to the press on his future.<\/strong> The words of the attacker ensure that the decision had taken it almost a year backwards and that in the dispatches of the club already were knowledgeable.<\/p>  <h2>The communiqu\u00e9 of Mbapp\u00e9<\/h2>  <p><strong>&#8220;The directive of the PSG was informed on 15 July 2022 of my decision of not renewing after 2024. The letter sent only had the intention to confirm what already said them&#8221;<\/strong>, ensured the French, <a data-external=\"0\" data-intl-links-en=\"https:\/\/www.fcbarcelonanoticias.com\/en\/transfers\/madrid-risks-new-ridiculous-if-it-picks-with-lure-mbappe-psg_293164_102.html\" data-intl-links-es=\"https:\/\/www.fcbarcelonanoticias.com\/fichajes\/madrid-se-arriesga-nuevo-ridiculo-si-pica-con-senuelo-mbappe-psg_293164_102.html\" href=\"https:\/\/www.fcbarcelonanoticias.com\/en\/transfers\/madrid-risks-new-ridiculous-if-it-picks-with-lure-mbappe-psg_293164_102.html\" rel=\"follow\" target=\"_self\" title=\"El Madrid se arriesga a un nuevo rid\u00edculo si 'pica' con el se\u00f1uelo de Mbapp\u00e9 y el PSG\">the one who has gone back to be linked with the Real Madrid<\/a> in front of the need that have of fichar a forward.<\/p>  <p><strong>&#8220;<\/strong>Mbapp\u00e9 And his surroundings ensure that <strong>never more have argued this point with the club during the<\/strong>year , except 15 days ago to announce the sending of the letter.<strong> The player regrets that the reception of this letter have been transmitted to the media <\/strong>and that these exchanges have made public with the only end to prejudice his image and <strong>the good development of the conversations with the club<\/strong>&#8220;, sentenced the text of &#8216;AFP&#8217;.<\/p>  <h2>It initiates the career by him<\/h2>  <p>Like this the things, everything aims to that there will be a new &#8216;serial Mbapp\u00e9&#8217; during the market estival.<strong> The Parisians will not want to risk to lose him free and will ensure to put him in the market in case that it do not accept an extension of agreement. <\/strong>Several clubs could go in of full in the bidding by his services, being the Madrid and the Premier the main interested.<\/p>  <blockquote class=\"twitter-tweet\"> <p dir=\"ltr\" lang=\"en\"><a href=\"https:\/\/twitter.com\/en\/hashtag\/UPDATE?src=hash&amp;ref_src=twsrc%5Etfw\">#UPDATE<\/a> Kylian Mbappe tells <a href=\"https:\/\/twitter.com\/en\/AFP?ref_src=twsrc%5Etfw\">@AFP<\/a> have never discussed extending his contract with Paris Saint-Germain beyond next year. His statement Eat to day after have sent to letter to the club confirming have would not take up an option to remain at the French champions until 2025.<a href=\"https:\/\/twitter.com\/en\/hashtag\/AFPSports?src=hash&amp;ref_src=twsrc%5Etfw\">#AFPSports<\/a> <a href=\"https:\/\/t.co\/en\/ZZrgo38F1G\">pic.twitter.com\/zzrgo38f1g<\/a><\/p> \u2014 AFP News Agency (@AFP) <a href=\"https:\/\/twitter.com\/en\/AFP\/status\/1668587424035864577?ref_src=twsrc%5Etfw\">June 13, 2023<\/a> <\/blockquote> ","protected":false},"excerpt":{"rendered":"<p>Kylian Mbapp\u00e9 has made a statement in which he assures that he has no desire to renew with Paris Saint-Germain, which will leave him as the most sought-after footballer on the European market The &#8216;bombazo&#8217; of the market can be the exit of Kylian Mbapp\u00e9. The star of Paris Saint-Germain, as it aimed the newspaper [&hellip;]<\/p>\n","protected":false},"author":0,"featured_media":133284,"comment_status":"closed","ping_status":"open","sticky":false,"template":"","format":"standard","meta":{"_acf_changed":false,"inline_featured_image":false,"_nextfly_llmd_date_locked":false,"footnotes":""},"categories":[106,449],"tags":[171,88],"class_list":["post-133279","post","type-post","status-publish","format-standard","has-post-thumbnail","hentry","category-transfers","category-transfers-2","tag-mbappe","tag-paris-saint-germain"],"acf":[],"yoast_head":"<!-- This site is optimized with the Yoast SEO plugin v27.3 - https:\/\/yoast.com\/product\/yoast-seo-wordpress\/ -->\n<title>Mbapp\u00e9 openly &#039;gets wet&#039; and makes it clear that he does not want to renew with PSG<\/title>\n<meta name=\"description\" content=\"Kylian Mbapp\u00e9 has made a statement in which he assures that he has no desire to renew with Paris Saint-Germain, which will leave him as the most sought-after footballer on the European market\" \/>\n<meta name=\"robots\" content=\"index, follow, max-snippet:-1, max-image-preview:large, max-video-preview:-1\" \/>\n<link rel=\"canonical\" href=\"https:\/\/www.fcbarcelonanoticias.com\/en\/transfers\/mbappe-gets-wet-openly-makes-it-clear-he-doesn-t-want-to-renew-with-psg_293172_102.html\" \/>\n<meta property=\"og:locale\" content=\"en_US\" \/>\n<meta property=\"og:type\" content=\"article\" \/>\n<meta property=\"og:title\" content=\"Mbapp\u00e9 openly &#039;gets wet&#039; and makes it clear that he does not want to renew with PSG\" \/>\n<meta property=\"og:description\" content=\"Kylian Mbapp\u00e9 has made a statement in which he assures that he has no desire to renew with Paris Saint-Germain, which will leave him as the most sought-after footballer on the European market\" \/>\n<meta property=\"og:url\" content=\"https:\/\/www.fcbarcelonanoticias.com\/en\/transfers\/mbappe-gets-wet-openly-makes-it-clear-he-doesn-t-want-to-renew-with-psg_293172_102.html\" \/>\n<meta property=\"og:site_name\" content=\"EN - FC Barcelona Noticias\" \/>\n<meta property=\"article:published_time\" content=\"2023-06-13T12:26:00+00:00\" \/>\n<meta property=\"article:modified_time\" content=\"2023-06-13T12:29:00+00:00\" \/>\n<meta property=\"og:image\" content=\"https:\/\/www.fcbarcelonanoticias.com\/en\/wp-content\/uploads\/sites\/2\/2023\/06\/kylian-mbappe-v-pays-cassel.jpeg\" \/>\n\t<meta property=\"og:image:width\" content=\"1300\" \/>\n\t<meta property=\"og:image:height\" content=\"732\" \/>\n\t<meta property=\"og:image:type\" content=\"image\/jpeg\" \/>\n<meta name=\"twitter:card\" content=\"summary_large_image\" \/>\n<meta name=\"twitter:label1\" content=\"Est. reading time\" \/>\n\t<meta name=\"twitter:data1\" content=\"2 minutes\" \/>\n<script type=\"application\/ld+json\" class=\"yoast-schema-graph\">{\"@context\":\"https:\\\/\\\/schema.org\",\"@graph\":[{\"@type\":\"Article\",\"@id\":\"https:\\\/\\\/www.fcbarcelonanoticias.com\\\/en\\\/transfers\\\/mbappe-gets-wet-openly-makes-it-clear-he-doesn-t-want-to-renew-with-psg_293172_102.html#article\",\"isPartOf\":{\"@id\":\"https:\\\/\\\/www.fcbarcelonanoticias.com\\\/en\\\/transfers\\\/mbappe-gets-wet-openly-makes-it-clear-he-doesn-t-want-to-renew-with-psg_293172_102.html\"},\"author\":{\"name\":\"\",\"@id\":\"\"},\"headline\":\"Mbapp\u00e9 openly &#8216;gets wet&#8217; and makes it clear that he does not want to renew with PSG\",\"datePublished\":\"2023-06-13T12:26:00+00:00\",\"dateModified\":\"2023-06-13T12:29:00+00:00\",\"mainEntityOfPage\":{\"@id\":\"https:\\\/\\\/www.fcbarcelonanoticias.com\\\/en\\\/transfers\\\/mbappe-gets-wet-openly-makes-it-clear-he-doesn-t-want-to-renew-with-psg_293172_102.html\"},\"wordCount\":431,\"image\":{\"@id\":\"https:\\\/\\\/www.fcbarcelonanoticias.com\\\/en\\\/transfers\\\/mbappe-gets-wet-openly-makes-it-clear-he-doesn-t-want-to-renew-with-psg_293172_102.html#primaryimage\"},\"thumbnailUrl\":\"https:\\\/\\\/www.fcbarcelonanoticias.com\\\/en\\\/wp-content\\\/uploads\\\/sites\\\/2\\\/2023\\\/06\\\/kylian-mbappe-v-pays-cassel.jpeg\",\"keywords\":[\"Mbapp\u00e9\",\"Paris Saint-Germain\"],\"articleSection\":[\"Transfers\",\"Transfers\"],\"inLanguage\":\"en-US\"},{\"@type\":\"WebPage\",\"@id\":\"https:\\\/\\\/www.fcbarcelonanoticias.com\\\/en\\\/transfers\\\/mbappe-gets-wet-openly-makes-it-clear-he-doesn-t-want-to-renew-with-psg_293172_102.html\",\"url\":\"https:\\\/\\\/www.fcbarcelonanoticias.com\\\/en\\\/transfers\\\/mbappe-gets-wet-openly-makes-it-clear-he-doesn-t-want-to-renew-with-psg_293172_102.html\",\"name\":\"Mbapp\u00e9 openly 'gets wet' and makes it clear that he does not want to renew with PSG\",\"isPartOf\":{\"@id\":\"https:\\\/\\\/www.fcbarcelonanoticias.com\\\/en\\\/#website\"},\"primaryImageOfPage\":{\"@id\":\"https:\\\/\\\/www.fcbarcelonanoticias.com\\\/en\\\/transfers\\\/mbappe-gets-wet-openly-makes-it-clear-he-doesn-t-want-to-renew-with-psg_293172_102.html#primaryimage\"},\"image\":{\"@id\":\"https:\\\/\\\/www.fcbarcelonanoticias.com\\\/en\\\/transfers\\\/mbappe-gets-wet-openly-makes-it-clear-he-doesn-t-want-to-renew-with-psg_293172_102.html#primaryimage\"},\"thumbnailUrl\":\"https:\\\/\\\/www.fcbarcelonanoticias.com\\\/en\\\/wp-content\\\/uploads\\\/sites\\\/2\\\/2023\\\/06\\\/kylian-mbappe-v-pays-cassel.jpeg\",\"datePublished\":\"2023-06-13T12:26:00+00:00\",\"dateModified\":\"2023-06-13T12:29:00+00:00\",\"author\":{\"@id\":\"\"},\"description\":\"Kylian Mbapp\u00e9 has made a statement in which he assures that he has no desire to renew with Paris Saint-Germain, which will leave him as the most sought-after footballer on the European market\",\"breadcrumb\":{\"@id\":\"https:\\\/\\\/www.fcbarcelonanoticias.com\\\/en\\\/transfers\\\/mbappe-gets-wet-openly-makes-it-clear-he-doesn-t-want-to-renew-with-psg_293172_102.html#breadcrumb\"},\"inLanguage\":\"en-US\",\"potentialAction\":[{\"@type\":\"ReadAction\",\"target\":[\"https:\\\/\\\/www.fcbarcelonanoticias.com\\\/en\\\/transfers\\\/mbappe-gets-wet-openly-makes-it-clear-he-doesn-t-want-to-renew-with-psg_293172_102.html\"]}]},{\"@type\":\"ImageObject\",\"inLanguage\":\"en-US\",\"@id\":\"https:\\\/\\\/www.fcbarcelonanoticias.com\\\/en\\\/transfers\\\/mbappe-gets-wet-openly-makes-it-clear-he-doesn-t-want-to-renew-with-psg_293172_102.html#primaryimage\",\"url\":\"https:\\\/\\\/www.fcbarcelonanoticias.com\\\/en\\\/wp-content\\\/uploads\\\/sites\\\/2\\\/2023\\\/06\\\/kylian-mbappe-v-pays-cassel.jpeg\",\"contentUrl\":\"https:\\\/\\\/www.fcbarcelonanoticias.com\\\/en\\\/wp-content\\\/uploads\\\/sites\\\/2\\\/2023\\\/06\\\/kylian-mbappe-v-pays-cassel.jpeg\",\"width\":1300,\"height\":732},{\"@type\":\"BreadcrumbList\",\"@id\":\"https:\\\/\\\/www.fcbarcelonanoticias.com\\\/en\\\/transfers\\\/mbappe-gets-wet-openly-makes-it-clear-he-doesn-t-want-to-renew-with-psg_293172_102.html#breadcrumb\",\"itemListElement\":[{\"@type\":\"ListItem\",\"position\":1,\"name\":\"Portada\",\"item\":\"https:\\\/\\\/www.fcbarcelonanoticias.com\\\/en\\\/\"},{\"@type\":\"ListItem\",\"position\":2,\"name\":\"Mbapp\u00e9 openly &#8216;gets wet&#8217; and makes it clear that he does not want to renew with PSG\"}]},{\"@type\":\"WebSite\",\"@id\":\"https:\\\/\\\/www.fcbarcelonanoticias.com\\\/en\\\/#website\",\"url\":\"https:\\\/\\\/www.fcbarcelonanoticias.com\\\/en\\\/\",\"name\":\"EN - FC Barcelona Noticias\",\"description\":\"\",\"potentialAction\":[{\"@type\":\"SearchAction\",\"target\":{\"@type\":\"EntryPoint\",\"urlTemplate\":\"https:\\\/\\\/www.fcbarcelonanoticias.com\\\/en\\\/?s={search_term_string}\"},\"query-input\":{\"@type\":\"PropertyValueSpecification\",\"valueRequired\":true,\"valueName\":\"search_term_string\"}}],\"inLanguage\":\"en-US\"}]}<\/script>\n<!-- \/ Yoast SEO plugin. -->","yoast_head_json":{"title":"Mbapp\u00e9 openly 'gets wet' and makes it clear that he does not want to renew with PSG","description":"Kylian Mbapp\u00e9 has made a statement in which he assures that he has no desire to renew with Paris Saint-Germain, which will leave him as the most sought-after footballer on the European market","robots":{"index":"index","follow":"follow","max-snippet":"max-snippet:-1","max-image-preview":"max-image-preview:large","max-video-preview":"max-video-preview:-1"},"canonical":"https:\/\/www.fcbarcelonanoticias.com\/en\/transfers\/mbappe-gets-wet-openly-makes-it-clear-he-doesn-t-want-to-renew-with-psg_293172_102.html","og_locale":"en_US","og_type":"article","og_title":"Mbapp\u00e9 openly 'gets wet' and makes it clear that he does not want to renew with PSG","og_description":"Kylian Mbapp\u00e9 has made a statement in which he assures that he has no desire to renew with Paris Saint-Germain, which will leave him as the most sought-after footballer on the European market","og_url":"https:\/\/www.fcbarcelonanoticias.com\/en\/transfers\/mbappe-gets-wet-openly-makes-it-clear-he-doesn-t-want-to-renew-with-psg_293172_102.html","og_site_name":"EN - FC Barcelona Noticias","article_published_time":"2023-06-13T12:26:00+00:00","article_modified_time":"2023-06-13T12:29:00+00:00","og_image":[{"width":1300,"height":732,"url":"https:\/\/www.fcbarcelonanoticias.com\/en\/wp-content\/uploads\/sites\/2\/2023\/06\/kylian-mbappe-v-pays-cassel.jpeg","type":"image\/jpeg"}],"twitter_card":"summary_large_image","twitter_misc":{"Est. reading time":"2 minutes"},"schema":{"@context":"https:\/\/schema.org","@graph":[{"@type":"Article","@id":"https:\/\/www.fcbarcelonanoticias.com\/en\/transfers\/mbappe-gets-wet-openly-makes-it-clear-he-doesn-t-want-to-renew-with-psg_293172_102.html#article","isPartOf":{"@id":"https:\/\/www.fcbarcelonanoticias.com\/en\/transfers\/mbappe-gets-wet-openly-makes-it-clear-he-doesn-t-want-to-renew-with-psg_293172_102.html"},"author":{"name":"","@id":""},"headline":"Mbapp\u00e9 openly &#8216;gets wet&#8217; and makes it clear that he does not want to renew with PSG","datePublished":"2023-06-13T12:26:00+00:00","dateModified":"2023-06-13T12:29:00+00:00","mainEntityOfPage":{"@id":"https:\/\/www.fcbarcelonanoticias.com\/en\/transfers\/mbappe-gets-wet-openly-makes-it-clear-he-doesn-t-want-to-renew-with-psg_293172_102.html"},"wordCount":431,"image":{"@id":"https:\/\/www.fcbarcelonanoticias.com\/en\/transfers\/mbappe-gets-wet-openly-makes-it-clear-he-doesn-t-want-to-renew-with-psg_293172_102.html#primaryimage"},"thumbnailUrl":"https:\/\/www.fcbarcelonanoticias.com\/en\/wp-content\/uploads\/sites\/2\/2023\/06\/kylian-mbappe-v-pays-cassel.jpeg","keywords":["Mbapp\u00e9","Paris Saint-Germain"],"articleSection":["Transfers","Transfers"],"inLanguage":"en-US"},{"@type":"WebPage","@id":"https:\/\/www.fcbarcelonanoticias.com\/en\/transfers\/mbappe-gets-wet-openly-makes-it-clear-he-doesn-t-want-to-renew-with-psg_293172_102.html","url":"https:\/\/www.fcbarcelonanoticias.com\/en\/transfers\/mbappe-gets-wet-openly-makes-it-clear-he-doesn-t-want-to-renew-with-psg_293172_102.html","name":"Mbapp\u00e9 openly 'gets wet' and makes it clear that he does not want to renew with PSG","isPartOf":{"@id":"https:\/\/www.fcbarcelonanoticias.com\/en\/#website"},"primaryImageOfPage":{"@id":"https:\/\/www.fcbarcelonanoticias.com\/en\/transfers\/mbappe-gets-wet-openly-makes-it-clear-he-doesn-t-want-to-renew-with-psg_293172_102.html#primaryimage"},"image":{"@id":"https:\/\/www.fcbarcelonanoticias.com\/en\/transfers\/mbappe-gets-wet-openly-makes-it-clear-he-doesn-t-want-to-renew-with-psg_293172_102.html#primaryimage"},"thumbnailUrl":"https:\/\/www.fcbarcelonanoticias.com\/en\/wp-content\/uploads\/sites\/2\/2023\/06\/kylian-mbappe-v-pays-cassel.jpeg","datePublished":"2023-06-13T12:26:00+00:00","dateModified":"2023-06-13T12:29:00+00:00","author":{"@id":""},"description":"Kylian Mbapp\u00e9 has made a statement in which he assures that he has no desire to renew with Paris Saint-Germain, which will leave him as the most sought-after footballer on the European market","breadcrumb":{"@id":"https:\/\/www.fcbarcelonanoticias.com\/en\/transfers\/mbappe-gets-wet-openly-makes-it-clear-he-doesn-t-want-to-renew-with-psg_293172_102.html#breadcrumb"},"inLanguage":"en-US","potentialAction":[{"@type":"ReadAction","target":["https:\/\/www.fcbarcelonanoticias.com\/en\/transfers\/mbappe-gets-wet-openly-makes-it-clear-he-doesn-t-want-to-renew-with-psg_293172_102.html"]}]},{"@type":"ImageObject","inLanguage":"en-US","@id":"https:\/\/www.fcbarcelonanoticias.com\/en\/transfers\/mbappe-gets-wet-openly-makes-it-clear-he-doesn-t-want-to-renew-with-psg_293172_102.html#primaryimage","url":"https:\/\/www.fcbarcelonanoticias.com\/en\/wp-content\/uploads\/sites\/2\/2023\/06\/kylian-mbappe-v-pays-cassel.jpeg","contentUrl":"https:\/\/www.fcbarcelonanoticias.com\/en\/wp-content\/uploads\/sites\/2\/2023\/06\/kylian-mbappe-v-pays-cassel.jpeg","width":1300,"height":732},{"@type":"BreadcrumbList","@id":"https:\/\/www.fcbarcelonanoticias.com\/en\/transfers\/mbappe-gets-wet-openly-makes-it-clear-he-doesn-t-want-to-renew-with-psg_293172_102.html#breadcrumb","itemListElement":[{"@type":"ListItem","position":1,"name":"Portada","item":"https:\/\/www.fcbarcelonanoticias.com\/en\/"},{"@type":"ListItem","position":2,"name":"Mbapp\u00e9 openly &#8216;gets wet&#8217; and makes it clear that he does not want to renew with PSG"}]},{"@type":"WebSite","@id":"https:\/\/www.fcbarcelonanoticias.com\/en\/#website","url":"https:\/\/www.fcbarcelonanoticias.com\/en\/","name":"EN - FC Barcelona Noticias","description":"","potentialAction":[{"@type":"SearchAction","target":{"@type":"EntryPoint","urlTemplate":"https:\/\/www.fcbarcelonanoticias.com\/en\/?s={search_term_string}"},"query-input":{"@type":"PropertyValueSpecification","valueRequired":true,"valueName":"search_term_string"}}],"inLanguage":"en-US"}]}},"_links":{"self":[{"href":"https:\/\/www.fcbarcelonanoticias.com\/en\/wp-json\/wp\/v2\/posts\/133279","targetHints":{"allow":["GET"]}}],"collection":[{"href":"https:\/\/www.fcbarcelonanoticias.com\/en\/wp-json\/wp\/v2\/posts"}],"about":[{"href":"https:\/\/www.fcbarcelonanoticias.com\/en\/wp-json\/wp\/v2\/types\/post"}],"replies":[{"embeddable":true,"href":"https:\/\/www.fcbarcelonanoticias.com\/en\/wp-json\/wp\/v2\/comments?post=133279"}],"version-history":[{"count":1,"href":"https:\/\/www.fcbarcelonanoticias.com\/en\/wp-json\/wp\/v2\/posts\/133279\/revisions"}],"predecessor-version":[{"id":152797,"href":"https:\/\/www.fcbarcelonanoticias.com\/en\/wp-json\/wp\/v2\/posts\/133279\/revisions\/152797"}],"wp:featuredmedia":[{"embeddable":true,"href":"https:\/\/www.fcbarcelonanoticias.com\/en\/wp-json\/wp\/v2\/media\/133284"}],"wp:attachment":[{"href":"https:\/\/www.fcbarcelonanoticias.com\/en\/wp-json\/wp\/v2\/media?parent=133279"}],"wp:term":[{"taxonomy":"category","embeddable":true,"href":"https:\/\/www.fcbarcelonanoticias.com\/en\/wp-json\/wp\/v2\/categories?post=133279"},{"taxonomy":"post_tag","embeddable":true,"href":"https:\/\/www.fcbarcelonanoticias.com\/en\/wp-json\/wp\/v2\/tags?post=133279"}],"curies":[{"name":"wp","href":"https:\/\/api.w.org\/{rel}","templated":true}]}}