{"id":133351,"date":"2023-08-12T16:39:00","date_gmt":"2023-08-12T14:39:00","guid":{"rendered":"https:\/\/weisetech.dev\/fc-barcelona-noticias\/en\/mbappe-reconfirmed-his-future-with-his-affectionate-welcome-to-dembele_295046_102\/"},"modified":"2023-08-12T18:10:00","modified_gmt":"2023-08-12T16:10:00","slug":"mbappe-reconfirmed-his-future-with-his-affectionate-welcome-to-dembele_295046_102","status":"publish","type":"post","link":"https:\/\/www.fcbarcelonanoticias.com\/en\/transfers\/mbappe-reconfirmed-his-future-with-his-affectionate-welcome-to-dembele_295046_102.html","title":{"rendered":"Mbapp\u00e9 reconfirmed his future with his affectionate welcome to Demb\u00e9l\u00e9"},"content":{"rendered":"<h2 class=\"wp-block-heading\">A new chapter is being written in the &#8216;Mbapp\u00e9 soap opera&#8217;.  Now that PSG has signed Ousmane Demb\u00e9l\u00e9, there are many speculations about the continuity of &#8216;Donatello&#8217; at the club, especially after the warm welcome he has given to the &#8216;Mosquito&#8217; through his social networks<\/h2>  \r\n<div class=\"article-addons\">\r\n    <a href=\"https:\/\/www.fcbarcelonanoticias.com\/en\/calendar-fc-barcelona.html\"\r\n       target=\"_self\"\r\n       title=\"Calendar of FC Barcelona\"\r\n       class=\"blue-gredient-btn\">\r\n       \r\n        Calendar of FC Barcelona    <\/a>\r\n<\/div>   <p>It will remain Kylian Mbapp\u00e9 in the PSG? It is one of the interrogantes more formulated in the present market of signings veraniego. With the taut situation that lives in the French capital and with a Real Madrid that, up to now, has not done any movement by him, <strong>the future of the talentoso French player is wrapped in a panorama of uncertainty<\/strong>. Now, <a data-external=\"0\" data-intl-links-en=\"https:\/\/www.fcbarcelonanoticias.com\/en\/transfers\/official-figures-transfer-ousmane-dembele-psg_295041_102.html\" data-intl-links-es=\"https:\/\/www.fcbarcelonanoticias.com\/fichajes\/cifras-oficiales-traspaso-ousmane-dembele-psg_295041_102.html\" href=\"https:\/\/www.fcbarcelonanoticias.com\/en\/transfers\/official-figures-transfer-ousmane-dembele-psg_295041_102.html\" rel=\"follow\" target=\"_self\" title=\"Las cifras oficiales del traspaso de Ousmane Demb\u00e9l\u00e9 al PSG\">with the signing of Ousmane Demb\u00e9l\u00e9<\/a> by part of the Paris Saint-Germain, by a value of 50,2 million euros, especula if this movement could be considered like a replacement for place that will leave the ex of the Monaco in the Parisian staff or like a gesture of good will to persuade it to that it prolong his agreement with the club.<\/p>  <p>&#8216;Donatello&#8217; used his account of Instagram @k.mbappe To give him a calurosa welcome to the &#8216;Mosquito&#8217; to the cast that does life in the Park of the Princes: <strong>&#8220;Bienvenido to your house, brother. Very happy to see you here, the adventure begins&#8221;<\/strong>. It accompanied this appointment with an image of the official presentation of the now ex of the Bar\u00e7a and afterwards published another history in which both pose sonrientes with the T-shirt and the flag of the French selection, after winning the Glass of the World in Russia 2018.<\/p>  <h2>Mbapp\u00e9 And a &#8216;wink&#8217; more to his continuity in the PSG<\/h2>  <p>Many have interpreted this publication like a track on the future of Kylian Mbapp\u00e9 and his possible continuity in the Paris Saint-Germain. After this movement, <strong>the attacker of Bondy could reconsider his decision, since has a good relation with the extreme of Vernon<\/strong>. It is possible that the idea to share changing room, at least by this season, with one of his &#8220;brothers&#8221; futbol\u00edsticos, with the one who has cultivated a big relation from his together time in the combined &#8216;Frenchman&#8217; and that strengthened after winning the maximum title to level of selections, was attractive for him.<\/p>  <p>Although the continuity of &#8216;The Turtle&#8217; in Paris keeps on being an inc\u00f3gnita and <strong>seems that every time it is more move# away of the Park of the Princes<\/strong>, since it has been training with the players &#8216;undesirable&#8217; of the club and <a data-external=\"0\" data-intl-links-en=\"https:\/\/www.fcbarcelonanoticias.com\/en\/transfers\/in-key-market-psg-discard-neymar-mbappe-verrati-debut-league_295045_102.html\" data-intl-links-es=\"https:\/\/www.fcbarcelonanoticias.com\/fichajes\/en-clave-mercado-psg-descarta-neymar-mbappe-verrati-debut-liguero_295045_102.html\" href=\"https:\/\/www.fcbarcelonanoticias.com\/en\/transfers\/in-key-market-psg-discard-neymar-mbappe-verrati-debut-league_295045_102.html\" rel=\"follow\" target=\"_self\" title=\"\u00a1En clave mercado! El PSG descarta a Neymar, Mbapp\u00e9 y Verrati para el debut liguero\">was not summoned by Luis Enrique for the first party of the PSG<\/a> against the Lorient this Saturday in Tie it 1, &#8216;Donatello&#8217; follow firm in his decision to fulfil the last year of his agreement with the Parisian club and leave free in 2024. The incorporation of Ousmane Demb\u00e9l\u00e9 could reaffirm his posture, although the institution chaired by Nasser To the-Khela\u00effi has loomed with leaving it in the terracing if it does not renew his agreement or decides to accept his traspaso.<\/p> ","protected":false},"excerpt":{"rendered":"<p>A new chapter is being written in the &#8216;Mbapp\u00e9 soap opera&#8217;. Now that PSG has signed Ousmane Demb\u00e9l\u00e9, there are many speculations about the continuity of &#8216;Donatello&#8217; at the club, especially after the warm welcome he has given to the &#8216;Mosquito&#8217; through his social networks It will remain Kylian Mbapp\u00e9 in the PSG? It is [&hellip;]<\/p>\n","protected":false},"author":355,"featured_media":133353,"comment_status":"closed","ping_status":"open","sticky":false,"template":"","format":"standard","meta":{"_acf_changed":false,"inline_featured_image":false,"_nextfly_llmd_date_locked":false,"footnotes":""},"categories":[106,449],"tags":[146,171,88],"class_list":["post-133351","post","type-post","status-publish","format-standard","has-post-thumbnail","hentry","category-transfers","category-transfers-2","tag-dembele","tag-mbappe","tag-paris-saint-germain"],"acf":[],"yoast_head":"<!-- This site is optimized with the Yoast SEO plugin v27.3 - https:\/\/yoast.com\/product\/yoast-seo-wordpress\/ -->\n<title>Mbapp\u00e9 reconfirmed his future with his affectionate welcome to Demb\u00e9l\u00e9<\/title>\n<meta name=\"description\" content=\"A new chapter is being written in the &#039;Mbapp\u00e9 soap opera&#039;. Now that PSG has signed Ousmane Demb\u00e9l\u00e9, there are many speculations about the continuity of &#039;Donatello&#039; at the club, especially after the warm welcome he has given to the &#039;Mosquito&#039; through his social networks\" \/>\n<meta name=\"robots\" content=\"index, follow, max-snippet:-1, max-image-preview:large, max-video-preview:-1\" \/>\n<link rel=\"canonical\" href=\"https:\/\/www.fcbarcelonanoticias.com\/en\/transfers\/mbappe-reconfirmed-his-future-with-his-affectionate-welcome-to-dembele_295046_102.html\" \/>\n<meta property=\"og:locale\" content=\"en_US\" \/>\n<meta property=\"og:type\" content=\"article\" \/>\n<meta property=\"og:title\" content=\"Mbapp\u00e9 reconfirmed his future with his affectionate welcome to Demb\u00e9l\u00e9\" \/>\n<meta property=\"og:description\" content=\"A new chapter is being written in the &#039;Mbapp\u00e9 soap opera&#039;. Now that PSG has signed Ousmane Demb\u00e9l\u00e9, there are many speculations about the continuity of &#039;Donatello&#039; at the club, especially after the warm welcome he has given to the &#039;Mosquito&#039; through his social networks\" \/>\n<meta property=\"og:url\" content=\"https:\/\/www.fcbarcelonanoticias.com\/en\/transfers\/mbappe-reconfirmed-his-future-with-his-affectionate-welcome-to-dembele_295046_102.html\" \/>\n<meta property=\"og:site_name\" content=\"EN - FC Barcelona Noticias\" \/>\n<meta property=\"article:published_time\" content=\"2023-08-12T14:39:00+00:00\" \/>\n<meta property=\"article:modified_time\" content=\"2023-08-12T16:10:00+00:00\" \/>\n<meta property=\"og:image\" content=\"https:\/\/www.fcbarcelonanoticias.com\/en\/wp-content\/uploads\/sites\/2\/2023\/08\/dembele-y-mbappe-en-francia.jpeg\" \/>\n\t<meta property=\"og:image:width\" content=\"1300\" \/>\n\t<meta property=\"og:image:height\" content=\"867\" \/>\n\t<meta property=\"og:image:type\" content=\"image\/jpeg\" \/>\n<meta name=\"author\" content=\"Kevin G\u00f3mez\" \/>\n<meta name=\"twitter:card\" content=\"summary_large_image\" \/>\n<meta name=\"twitter:label1\" content=\"Written by\" \/>\n\t<meta name=\"twitter:data1\" content=\"Kevin G\u00f3mez\" \/>\n\t<meta name=\"twitter:label2\" content=\"Est. reading time\" \/>\n\t<meta name=\"twitter:data2\" content=\"2 minutes\" \/>\n<script type=\"application\/ld+json\" class=\"yoast-schema-graph\">{\"@context\":\"https:\\\/\\\/schema.org\",\"@graph\":[{\"@type\":\"Article\",\"@id\":\"https:\\\/\\\/www.fcbarcelonanoticias.com\\\/en\\\/transfers\\\/mbappe-reconfirmed-his-future-with-his-affectionate-welcome-to-dembele_295046_102.html#article\",\"isPartOf\":{\"@id\":\"https:\\\/\\\/www.fcbarcelonanoticias.com\\\/en\\\/transfers\\\/mbappe-reconfirmed-his-future-with-his-affectionate-welcome-to-dembele_295046_102.html\"},\"author\":{\"name\":\"Kevin G\u00f3mez\",\"@id\":\"https:\\\/\\\/www.fcbarcelonanoticias.com\\\/en\\\/#\\\/schema\\\/person\\\/991443f134df9a64c6874f96ff984c9d\"},\"headline\":\"Mbapp\u00e9 reconfirmed his future with his affectionate welcome to Demb\u00e9l\u00e9\",\"datePublished\":\"2023-08-12T14:39:00+00:00\",\"dateModified\":\"2023-08-12T16:10:00+00:00\",\"mainEntityOfPage\":{\"@id\":\"https:\\\/\\\/www.fcbarcelonanoticias.com\\\/en\\\/transfers\\\/mbappe-reconfirmed-his-future-with-his-affectionate-welcome-to-dembele_295046_102.html\"},\"wordCount\":509,\"image\":{\"@id\":\"https:\\\/\\\/www.fcbarcelonanoticias.com\\\/en\\\/transfers\\\/mbappe-reconfirmed-his-future-with-his-affectionate-welcome-to-dembele_295046_102.html#primaryimage\"},\"thumbnailUrl\":\"https:\\\/\\\/www.fcbarcelonanoticias.com\\\/en\\\/wp-content\\\/uploads\\\/sites\\\/2\\\/2023\\\/08\\\/dembele-y-mbappe-en-francia.jpeg\",\"keywords\":[\"Demb\u00e9l\u00e9\",\"Mbapp\u00e9\",\"Paris Saint-Germain\"],\"articleSection\":[\"Transfers\",\"Transfers\"],\"inLanguage\":\"en-US\"},{\"@type\":\"WebPage\",\"@id\":\"https:\\\/\\\/www.fcbarcelonanoticias.com\\\/en\\\/transfers\\\/mbappe-reconfirmed-his-future-with-his-affectionate-welcome-to-dembele_295046_102.html\",\"url\":\"https:\\\/\\\/www.fcbarcelonanoticias.com\\\/en\\\/transfers\\\/mbappe-reconfirmed-his-future-with-his-affectionate-welcome-to-dembele_295046_102.html\",\"name\":\"Mbapp\u00e9 reconfirmed his future with his affectionate welcome to Demb\u00e9l\u00e9\",\"isPartOf\":{\"@id\":\"https:\\\/\\\/www.fcbarcelonanoticias.com\\\/en\\\/#website\"},\"primaryImageOfPage\":{\"@id\":\"https:\\\/\\\/www.fcbarcelonanoticias.com\\\/en\\\/transfers\\\/mbappe-reconfirmed-his-future-with-his-affectionate-welcome-to-dembele_295046_102.html#primaryimage\"},\"image\":{\"@id\":\"https:\\\/\\\/www.fcbarcelonanoticias.com\\\/en\\\/transfers\\\/mbappe-reconfirmed-his-future-with-his-affectionate-welcome-to-dembele_295046_102.html#primaryimage\"},\"thumbnailUrl\":\"https:\\\/\\\/www.fcbarcelonanoticias.com\\\/en\\\/wp-content\\\/uploads\\\/sites\\\/2\\\/2023\\\/08\\\/dembele-y-mbappe-en-francia.jpeg\",\"datePublished\":\"2023-08-12T14:39:00+00:00\",\"dateModified\":\"2023-08-12T16:10:00+00:00\",\"author\":{\"@id\":\"https:\\\/\\\/www.fcbarcelonanoticias.com\\\/en\\\/#\\\/schema\\\/person\\\/991443f134df9a64c6874f96ff984c9d\"},\"description\":\"A new chapter is being written in the 'Mbapp\u00e9 soap opera'. Now that PSG has signed Ousmane Demb\u00e9l\u00e9, there are many speculations about the continuity of 'Donatello' at the club, especially after the warm welcome he has given to the 'Mosquito' through his social networks\",\"breadcrumb\":{\"@id\":\"https:\\\/\\\/www.fcbarcelonanoticias.com\\\/en\\\/transfers\\\/mbappe-reconfirmed-his-future-with-his-affectionate-welcome-to-dembele_295046_102.html#breadcrumb\"},\"inLanguage\":\"en-US\",\"potentialAction\":[{\"@type\":\"ReadAction\",\"target\":[\"https:\\\/\\\/www.fcbarcelonanoticias.com\\\/en\\\/transfers\\\/mbappe-reconfirmed-his-future-with-his-affectionate-welcome-to-dembele_295046_102.html\"]}]},{\"@type\":\"ImageObject\",\"inLanguage\":\"en-US\",\"@id\":\"https:\\\/\\\/www.fcbarcelonanoticias.com\\\/en\\\/transfers\\\/mbappe-reconfirmed-his-future-with-his-affectionate-welcome-to-dembele_295046_102.html#primaryimage\",\"url\":\"https:\\\/\\\/www.fcbarcelonanoticias.com\\\/en\\\/wp-content\\\/uploads\\\/sites\\\/2\\\/2023\\\/08\\\/dembele-y-mbappe-en-francia.jpeg\",\"contentUrl\":\"https:\\\/\\\/www.fcbarcelonanoticias.com\\\/en\\\/wp-content\\\/uploads\\\/sites\\\/2\\\/2023\\\/08\\\/dembele-y-mbappe-en-francia.jpeg\",\"width\":1300,\"height\":867},{\"@type\":\"BreadcrumbList\",\"@id\":\"https:\\\/\\\/www.fcbarcelonanoticias.com\\\/en\\\/transfers\\\/mbappe-reconfirmed-his-future-with-his-affectionate-welcome-to-dembele_295046_102.html#breadcrumb\",\"itemListElement\":[{\"@type\":\"ListItem\",\"position\":1,\"name\":\"Portada\",\"item\":\"https:\\\/\\\/www.fcbarcelonanoticias.com\\\/en\\\/\"},{\"@type\":\"ListItem\",\"position\":2,\"name\":\"Mbapp\u00e9 reconfirmed his future with his affectionate welcome to Demb\u00e9l\u00e9\"}]},{\"@type\":\"WebSite\",\"@id\":\"https:\\\/\\\/www.fcbarcelonanoticias.com\\\/en\\\/#website\",\"url\":\"https:\\\/\\\/www.fcbarcelonanoticias.com\\\/en\\\/\",\"name\":\"EN - FC Barcelona Noticias\",\"description\":\"\",\"potentialAction\":[{\"@type\":\"SearchAction\",\"target\":{\"@type\":\"EntryPoint\",\"urlTemplate\":\"https:\\\/\\\/www.fcbarcelonanoticias.com\\\/en\\\/?s={search_term_string}\"},\"query-input\":{\"@type\":\"PropertyValueSpecification\",\"valueRequired\":true,\"valueName\":\"search_term_string\"}}],\"inLanguage\":\"en-US\"},{\"@type\":\"Person\",\"@id\":\"https:\\\/\\\/www.fcbarcelonanoticias.com\\\/en\\\/#\\\/schema\\\/person\\\/991443f134df9a64c6874f96ff984c9d\",\"name\":\"Kevin G\u00f3mez\",\"image\":{\"@type\":\"ImageObject\",\"inLanguage\":\"en-US\",\"@id\":\"https:\\\/\\\/secure.gravatar.com\\\/avatar\\\/?s=96&d=mm&r=g\",\"url\":\"https:\\\/\\\/secure.gravatar.com\\\/avatar\\\/?s=96&d=mm&r=g\",\"contentUrl\":\"https:\\\/\\\/secure.gravatar.com\\\/avatar\\\/?s=96&d=mm&r=g\",\"caption\":\"Kevin G\u00f3mez\"},\"description\":\"Licenciado\u00a0en Periodismo y Comunicaci\u00f3n Audiovisual. Redactor en FCBN responsable de cubrir toda\u00a0la informaci\u00f3n del FC Barcelona y las principales competiciones de\u00a0f\u00fatbol.\",\"url\":\"https:\\\/\\\/www.fcbarcelonanoticias.com\\\/en\\\/jugadores\\\/kevin-gomez_23_115.html\"}]}<\/script>\n<!-- \/ Yoast SEO plugin. -->","yoast_head_json":{"title":"Mbapp\u00e9 reconfirmed his future with his affectionate welcome to Demb\u00e9l\u00e9","description":"A new chapter is being written in the 'Mbapp\u00e9 soap opera'. Now that PSG has signed Ousmane Demb\u00e9l\u00e9, there are many speculations about the continuity of 'Donatello' at the club, especially after the warm welcome he has given to the 'Mosquito' through his social networks","robots":{"index":"index","follow":"follow","max-snippet":"max-snippet:-1","max-image-preview":"max-image-preview:large","max-video-preview":"max-video-preview:-1"},"canonical":"https:\/\/www.fcbarcelonanoticias.com\/en\/transfers\/mbappe-reconfirmed-his-future-with-his-affectionate-welcome-to-dembele_295046_102.html","og_locale":"en_US","og_type":"article","og_title":"Mbapp\u00e9 reconfirmed his future with his affectionate welcome to Demb\u00e9l\u00e9","og_description":"A new chapter is being written in the 'Mbapp\u00e9 soap opera'. Now that PSG has signed Ousmane Demb\u00e9l\u00e9, there are many speculations about the continuity of 'Donatello' at the club, especially after the warm welcome he has given to the 'Mosquito' through his social networks","og_url":"https:\/\/www.fcbarcelonanoticias.com\/en\/transfers\/mbappe-reconfirmed-his-future-with-his-affectionate-welcome-to-dembele_295046_102.html","og_site_name":"EN - FC Barcelona Noticias","article_published_time":"2023-08-12T14:39:00+00:00","article_modified_time":"2023-08-12T16:10:00+00:00","og_image":[{"width":1300,"height":867,"url":"https:\/\/www.fcbarcelonanoticias.com\/en\/wp-content\/uploads\/sites\/2\/2023\/08\/dembele-y-mbappe-en-francia.jpeg","type":"image\/jpeg"}],"author":"Kevin G\u00f3mez","twitter_card":"summary_large_image","twitter_misc":{"Written by":"Kevin G\u00f3mez","Est. reading time":"2 minutes"},"schema":{"@context":"https:\/\/schema.org","@graph":[{"@type":"Article","@id":"https:\/\/www.fcbarcelonanoticias.com\/en\/transfers\/mbappe-reconfirmed-his-future-with-his-affectionate-welcome-to-dembele_295046_102.html#article","isPartOf":{"@id":"https:\/\/www.fcbarcelonanoticias.com\/en\/transfers\/mbappe-reconfirmed-his-future-with-his-affectionate-welcome-to-dembele_295046_102.html"},"author":{"name":"Kevin G\u00f3mez","@id":"https:\/\/www.fcbarcelonanoticias.com\/en\/#\/schema\/person\/991443f134df9a64c6874f96ff984c9d"},"headline":"Mbapp\u00e9 reconfirmed his future with his affectionate welcome to Demb\u00e9l\u00e9","datePublished":"2023-08-12T14:39:00+00:00","dateModified":"2023-08-12T16:10:00+00:00","mainEntityOfPage":{"@id":"https:\/\/www.fcbarcelonanoticias.com\/en\/transfers\/mbappe-reconfirmed-his-future-with-his-affectionate-welcome-to-dembele_295046_102.html"},"wordCount":509,"image":{"@id":"https:\/\/www.fcbarcelonanoticias.com\/en\/transfers\/mbappe-reconfirmed-his-future-with-his-affectionate-welcome-to-dembele_295046_102.html#primaryimage"},"thumbnailUrl":"https:\/\/www.fcbarcelonanoticias.com\/en\/wp-content\/uploads\/sites\/2\/2023\/08\/dembele-y-mbappe-en-francia.jpeg","keywords":["Demb\u00e9l\u00e9","Mbapp\u00e9","Paris Saint-Germain"],"articleSection":["Transfers","Transfers"],"inLanguage":"en-US"},{"@type":"WebPage","@id":"https:\/\/www.fcbarcelonanoticias.com\/en\/transfers\/mbappe-reconfirmed-his-future-with-his-affectionate-welcome-to-dembele_295046_102.html","url":"https:\/\/www.fcbarcelonanoticias.com\/en\/transfers\/mbappe-reconfirmed-his-future-with-his-affectionate-welcome-to-dembele_295046_102.html","name":"Mbapp\u00e9 reconfirmed his future with his affectionate welcome to Demb\u00e9l\u00e9","isPartOf":{"@id":"https:\/\/www.fcbarcelonanoticias.com\/en\/#website"},"primaryImageOfPage":{"@id":"https:\/\/www.fcbarcelonanoticias.com\/en\/transfers\/mbappe-reconfirmed-his-future-with-his-affectionate-welcome-to-dembele_295046_102.html#primaryimage"},"image":{"@id":"https:\/\/www.fcbarcelonanoticias.com\/en\/transfers\/mbappe-reconfirmed-his-future-with-his-affectionate-welcome-to-dembele_295046_102.html#primaryimage"},"thumbnailUrl":"https:\/\/www.fcbarcelonanoticias.com\/en\/wp-content\/uploads\/sites\/2\/2023\/08\/dembele-y-mbappe-en-francia.jpeg","datePublished":"2023-08-12T14:39:00+00:00","dateModified":"2023-08-12T16:10:00+00:00","author":{"@id":"https:\/\/www.fcbarcelonanoticias.com\/en\/#\/schema\/person\/991443f134df9a64c6874f96ff984c9d"},"description":"A new chapter is being written in the 'Mbapp\u00e9 soap opera'. Now that PSG has signed Ousmane Demb\u00e9l\u00e9, there are many speculations about the continuity of 'Donatello' at the club, especially after the warm welcome he has given to the 'Mosquito' through his social networks","breadcrumb":{"@id":"https:\/\/www.fcbarcelonanoticias.com\/en\/transfers\/mbappe-reconfirmed-his-future-with-his-affectionate-welcome-to-dembele_295046_102.html#breadcrumb"},"inLanguage":"en-US","potentialAction":[{"@type":"ReadAction","target":["https:\/\/www.fcbarcelonanoticias.com\/en\/transfers\/mbappe-reconfirmed-his-future-with-his-affectionate-welcome-to-dembele_295046_102.html"]}]},{"@type":"ImageObject","inLanguage":"en-US","@id":"https:\/\/www.fcbarcelonanoticias.com\/en\/transfers\/mbappe-reconfirmed-his-future-with-his-affectionate-welcome-to-dembele_295046_102.html#primaryimage","url":"https:\/\/www.fcbarcelonanoticias.com\/en\/wp-content\/uploads\/sites\/2\/2023\/08\/dembele-y-mbappe-en-francia.jpeg","contentUrl":"https:\/\/www.fcbarcelonanoticias.com\/en\/wp-content\/uploads\/sites\/2\/2023\/08\/dembele-y-mbappe-en-francia.jpeg","width":1300,"height":867},{"@type":"BreadcrumbList","@id":"https:\/\/www.fcbarcelonanoticias.com\/en\/transfers\/mbappe-reconfirmed-his-future-with-his-affectionate-welcome-to-dembele_295046_102.html#breadcrumb","itemListElement":[{"@type":"ListItem","position":1,"name":"Portada","item":"https:\/\/www.fcbarcelonanoticias.com\/en\/"},{"@type":"ListItem","position":2,"name":"Mbapp\u00e9 reconfirmed his future with his affectionate welcome to Demb\u00e9l\u00e9"}]},{"@type":"WebSite","@id":"https:\/\/www.fcbarcelonanoticias.com\/en\/#website","url":"https:\/\/www.fcbarcelonanoticias.com\/en\/","name":"EN - FC Barcelona Noticias","description":"","potentialAction":[{"@type":"SearchAction","target":{"@type":"EntryPoint","urlTemplate":"https:\/\/www.fcbarcelonanoticias.com\/en\/?s={search_term_string}"},"query-input":{"@type":"PropertyValueSpecification","valueRequired":true,"valueName":"search_term_string"}}],"inLanguage":"en-US"},{"@type":"Person","@id":"https:\/\/www.fcbarcelonanoticias.com\/en\/#\/schema\/person\/991443f134df9a64c6874f96ff984c9d","name":"Kevin G\u00f3mez","image":{"@type":"ImageObject","inLanguage":"en-US","@id":"https:\/\/secure.gravatar.com\/avatar\/?s=96&d=mm&r=g","url":"https:\/\/secure.gravatar.com\/avatar\/?s=96&d=mm&r=g","contentUrl":"https:\/\/secure.gravatar.com\/avatar\/?s=96&d=mm&r=g","caption":"Kevin G\u00f3mez"},"description":"Licenciado\u00a0en Periodismo y Comunicaci\u00f3n Audiovisual. Redactor en FCBN responsable de cubrir toda\u00a0la informaci\u00f3n del FC Barcelona y las principales competiciones de\u00a0f\u00fatbol.","url":"https:\/\/www.fcbarcelonanoticias.com\/en\/jugadores\/kevin-gomez_23_115.html"}]}},"_links":{"self":[{"href":"https:\/\/www.fcbarcelonanoticias.com\/en\/wp-json\/wp\/v2\/posts\/133351","targetHints":{"allow":["GET"]}}],"collection":[{"href":"https:\/\/www.fcbarcelonanoticias.com\/en\/wp-json\/wp\/v2\/posts"}],"about":[{"href":"https:\/\/www.fcbarcelonanoticias.com\/en\/wp-json\/wp\/v2\/types\/post"}],"author":[{"embeddable":true,"href":"https:\/\/www.fcbarcelonanoticias.com\/en\/wp-json\/wp\/v2\/users\/355"}],"replies":[{"embeddable":true,"href":"https:\/\/www.fcbarcelonanoticias.com\/en\/wp-json\/wp\/v2\/comments?post=133351"}],"version-history":[{"count":1,"href":"https:\/\/www.fcbarcelonanoticias.com\/en\/wp-json\/wp\/v2\/posts\/133351\/revisions"}],"predecessor-version":[{"id":152962,"href":"https:\/\/www.fcbarcelonanoticias.com\/en\/wp-json\/wp\/v2\/posts\/133351\/revisions\/152962"}],"wp:featuredmedia":[{"embeddable":true,"href":"https:\/\/www.fcbarcelonanoticias.com\/en\/wp-json\/wp\/v2\/media\/133353"}],"wp:attachment":[{"href":"https:\/\/www.fcbarcelonanoticias.com\/en\/wp-json\/wp\/v2\/media?parent=133351"}],"wp:term":[{"taxonomy":"category","embeddable":true,"href":"https:\/\/www.fcbarcelonanoticias.com\/en\/wp-json\/wp\/v2\/categories?post=133351"},{"taxonomy":"post_tag","embeddable":true,"href":"https:\/\/www.fcbarcelonanoticias.com\/en\/wp-json\/wp\/v2\/tags?post=133351"}],"curies":[{"name":"wp","href":"https:\/\/api.w.org\/{rel}","templated":true}]}}