{"id":133359,"date":"2024-06-03T21:49:00","date_gmt":"2024-06-03T19:49:00","guid":{"rendered":"https:\/\/weisetech.dev\/fc-barcelona-noticias\/en\/mbappe-the-key-piece-for-historic-forward-or-bomb-in-the-real-madrid-locker-room_304127_102\/"},"modified":"2024-06-04T02:02:00","modified_gmt":"2024-06-04T00:02:00","slug":"mbappe-the-key-piece-for-historic-forward-or-bomb-in-the-real-madrid-locker-room_304127_102","status":"publish","type":"post","link":"https:\/\/www.fcbarcelonanoticias.com\/en\/transfers\/mbappe-the-key-piece-for-historic-forward-or-bomb-in-the-real-madrid-locker-room_304127_102.html","title":{"rendered":"Mbapp\u00e9, the key piece for a historic forward or a &#8216;bomb&#8217; in the Real Madrid locker room?"},"content":{"rendered":"<h2 class=\"wp-block-heading\">The arrival of Kylian Mbapp\u00e9 to Real Madrid, well managed, can become a historic signing. However, despite the excitement over hiring a player of this caliber, a series of questions arise about how this addition will affect the merengue locker room, both in positive and negative aspects<\/h2>  \r\n<div class=\"article-addons\">\r\n    <a href=\"https:\/\/www.fcbarcelonanoticias.com\/en\/calendar-fc-barcelona.html\"\r\n       target=\"_self\"\r\n       title=\"Calendar of FC Barcelona\"\r\n       class=\"blue-gredient-btn\">\r\n       \r\n        Calendar of FC Barcelona    <\/a>\r\n<\/div>   <p>It finished the &#8216;serial&#8217;. Finally, it confirmed that Kylian Mbapp\u00e9 <a data-external=\"0\" data-intl-links-en=\"https:\/\/www.fcbarcelonanoticias.com\/en\/transfers\/end-of-the-soap-kylian-mbappe-officially-signs-with-real-madrid-until-2029_304112_102.html\" data-intl-links-es=\"https:\/\/www.fcbarcelonanoticias.com\/fichajes\/fin-culebron-kylian-mbappe-firma-oficialmente-con-real-madrid-hasta-2029_304112_102.html\" href=\"https:\/\/www.fcbarcelonanoticias.com\/en\/transfers\/end-of-the-soap-kylian-mbappe-officially-signs-with-real-madrid-until-2029_304112_102.html\" rel=\"follow\" target=\"_self\" title=\"\u00a1Fin del 'culebr\u00f3n'! Kylian Mbapp\u00e9 firma oficialmente con el Real Madrid hasta 2029\">will be the new incorporation &#8216;galactic&#8217; of the Real Madrid for this season 2024\/25<\/a> <strong>in some contractual links that, in principle, will extend until the 2029<\/strong>. This perhaps was one of the most strategic movements that have done some club in the history, so much by the sportive impact that presages will have the addition of a player &#8216;top&#8217; to world-wide level to the payroll merengue, <strong>as by the big movement that represents to economic level the incorporation of a stellar footballer in condition of free agent<\/strong>. Many catalog it like a &#8216;masterclass&#8217; of Florentino P\u00e9rez.<\/p>  <p>However, between the emotion that involves to have one of the best of the world in his staff, <strong>suits to do an exercise of reflection about how could fit &#8216;Donatello&#8217; in a changing room merengue full of stellar names<\/strong>. Besides, how it would adapt to a tactical approach that already has stars in his offensive section and that now will confront a restructuring that will suppose a &#8216;beautiful problem&#8217; for the trainer Carlo Ancelotti.<\/p>  <h2>Mbapp\u00e9 Will have to share the label of star of the team<\/h2>  <p>In this sense, it is necessary to begin commenting the fact perhaps more striking of this situation. The one of Bondy carries already a time accustomed to be the maximum referent of his team, since in Paris Saint-Germain, although there was a moment in which the combined Parisian <strong>had Neymar Jr. And Leo Messi in his front of attack, the reality is that any snatched him the &#8216;scepter&#8217; of absolute star of the plantel French neither the deal of the that enjoyed like such<\/strong>.<\/p>  <p>Now, in his arrival to the picture of Chamart\u00edn, <strong>although anybody removes him the recognition of player &#8216;top&#8217;, does not leave to be true that will join to a cast where already there is two big stars: Vinicius Jr. And Jude Bellingham<\/strong>, those who are men determinants and have won the status of &#8216;consented&#8217; and references incontestables in the changing room. Then, how it could affect the arrival of a stellar player like the &#8217;10&#8217; of &#8216;Them Bleus&#8217;, the one who surely comes with the intention to do cost his status like star in a changing room that already has varied &#8216;cracks&#8217;?, there will be a fight of egos?, it will affect him to Mbapp\u00e9 the fact of not being the absolute star of the team? It is a complex subject to manage and &#8216;Carletto&#8217; will have to look for from this time on the form to manage it.<\/p>  <h2>Ancelotti Will have to meditar who will be his left extreme between &#8216;Donatello&#8217; and &#8216;Vini Jr.&#8217;<\/h2>  <p>Now, another appearance to take into account is the subject of the tactical positioning and the possible &#8216;crashes&#8217; that they can arise. In this course, the trainer of Reggiolo bet in his majority by a 4-3-1-2, looking for take advantage of the paper of Jude Bellingham like mediapunta. <strong>However, it would be necessary to value if the arrival of Kylian Mbapp\u00e9 involves that Ancelotti have to go back to his classical 4-3-3 to give him gone in to &#8216;Donatello&#8217;<\/strong>; nevertheless, this could pose a new interrogante: to who will choose the Italian to play like left extreme?<\/p>  <p>This interrogante goes back even more notable, since the now exjugador of the PSG has showed that his main zone of action is like extreme by the left-handed band, where with his started explosive and big one against one is used to to cause a lot of damage and direct easily to the arch. <strong>However, when &#8216;Carletto&#8217; played with the 4-3-3 in the picture merengue, his election to occupy this position was &#8216;Vini Jr.&#8217;<\/strong>, <a data-external=\"0\" data-intl-links-en=\"https:\/\/www.fcbarcelonanoticias.com\/en\/golden-ball\/who-will-win-gold-ball-vinicius-consolidates-candidacy-with-final-goal-champions_304077_102.html\" data-intl-links-es=\"https:\/\/www.fcbarcelonanoticias.com\/balon-de-oro\/quien-ganara-balon-oro-vinicius-consolida-candidatura-con-gol-final-champions_304077_102.html\" href=\"https:\/\/www.fcbarcelonanoticias.com\/en\/golden-ball\/who-will-win-gold-ball-vinicius-consolidates-candidacy-with-final-goal-champions_304077_102.html\" rel=\"follow\" target=\"_self\" title=\"\u00bfQui\u00e9n ganar\u00e1 el Bal\u00f3n de Oro? Vinicius consolida su candidatura con el gol en la final de Champions\">since the one of S\u00e3or Gon\u00e7alo has showed to be determinant by the left band<\/a>, with a dribbling and a desparpajo big in the one against for rebasar to the contrary.<\/p>  <h2>Will have the &#8216;Turtle&#8217; that play as &#8216;9&#8217;?<\/h2>  <p>Of course, Ancelotti also could consider that the &#8216;Turtle&#8217; knows to play as leading centre, by what could be an option. Nevertheless, <strong>the French has showed in more than an opportunity that does not feel of the all comfortable being &#8216;9&#8217;<\/strong>, what will force to the technical director Italian to look for how fit his forward. If it bets by his trident, under this stage no descarta that the leading was formed by Vini Jr. &#8211; Mbapp\u00e9 &#8211; Rodrygo, leaving to Jude like midfield player more advanced and with freedom of movement. This would open the door to a dispute in the central zone of the field, where also are names like Fede Valverde, Aur\u00e9lien Tchouam\u00e9ni and Eduardo Camavinga.<\/p>  <p>Now well, what suceder\u00eda if &#8216;Carletto&#8217; decides to keep the diagram 4-3-1-2 of this season? In this case, the affected could be Rodrygo, a situation that could not being very received by the player of Osasco, <a data-external=\"0\" data-intl-links-en=\"https:\/\/www.fcbarcelonanoticias.com\/en\/transfers\/rodrygo-goes-denies-that-he-wants-to-leave-madrid-and-contradicts-himself-in-another-interview_303961_102.html\" data-intl-links-es=\"https:\/\/www.fcbarcelonanoticias.com\/fichajes\/rodrygo-goes-desmiente-quiera-dejar-madrid-se-contradice-en-otra-entrevista_303961_102.html\" href=\"https:\/\/www.fcbarcelonanoticias.com\/en\/transfers\/rodrygo-goes-denies-that-he-wants-to-leave-madrid-and-contradicts-himself-in-another-interview_303961_102.html\" rel=\"follow\" target=\"_self\" title=\"Rodrygo Goes desmiente que quiera dejar el Real Madrid y se contradice en otra entrevista\">whose future in the club has been questioned lately<\/a>. <strong>The &#8217;11&#8217; could be the player relieved of his functions, since the pair of attack would be composed by Vinicius and Mbapp\u00e9<\/strong>, with Bellingham like mediapunta. Completing the central zone of the field would be Fede Valverde, Tchouam\u00e9ni and Camavinga, leaving little space for the exjugador of the Saints in his tactical approach and positioning it in a role of revulsivo.<\/p>  <h2>The impact to economic level of the arrival of Mbapp\u00e9 to the Real Madrid<\/h2>  <p>To close, there is a no lower detail in the arrival of Kylian Mbapp\u00e9. Although it does not produce a traspaso in yes, since it arrives like free agent, <strong>automatically will turn into the better player paid of the staff merengue<\/strong>. According to the proportionate information by &#8216;ACE&#8217;, the wage of the Frenchman will be of 15 &#8216;kilos&#8217; net by season, surpassing like this to &#8216;Vini Jr.&#8217; (12 M\u20ac) and Jude Bellingham (11 M\u20ac) in this appearance.<\/p>  <p>Likewise, it has commented by means of several sources that <strong>the Real Madrid would be paying a premium of signing of 100 M\u20ac<\/strong>, that will distribute along five years. This means that the picture of Chamart\u00edn would be disbursing a total of 35 M\u20ac by &#8216;Donatello&#8217;, in addition to what the club leaves to perceive by the rights of image of the player. In this sense, the &#8216;Turtle&#8217; will keep 80% of his rights of image, whereas the combined white will remain with 20% remaining. they are speaking Of figures really impressive for a player that knows that it deserves them, <a data-external=\"0\" data-intl-links-en=\"https:\/\/www.fcbarcelonanoticias.com\/en\/transfers\/dream-done-reality-the-moving-message-of-mbappe-after-fichar-by-the-real-madrid_304126_102.html\" data-intl-links-es=\"https:\/\/www.fcbarcelonanoticias.com\/fichajes\/sueno-hecho-realidad-emotivo-mensaje-mbappe-fichar-por-real-madrid_304126_102.html\" href=\"https:\/\/www.fcbarcelonanoticias.com\/en\/transfers\/dream-done-reality-the-moving-message-of-mbappe-after-fichar-by-the-real-madrid_304126_102.html\" rel=\"follow\" sue=\"\" target=\"_self\" title=\"\" un=\"\">but will be interesting to see if it attains to justify them in his new stage as &#8216;vikingo&#8217;<\/a>.<\/p> ","protected":false},"excerpt":{"rendered":"<p>The arrival of Kylian Mbapp\u00e9 to Real Madrid, well managed, can become a historic signing. However, despite the excitement over hiring a player of this caliber, a series of questions arise about how this addition will affect the merengue locker room, both in positive and negative aspects It finished the &#8216;serial&#8217;. Finally, it confirmed that [&hellip;]<\/p>\n","protected":false},"author":355,"featured_media":133362,"comment_status":"closed","ping_status":"open","sticky":false,"template":"","format":"standard","meta":{"_acf_changed":false,"inline_featured_image":false,"_nextfly_llmd_date_locked":false,"footnotes":""},"categories":[106,449],"tags":[171],"class_list":["post-133359","post","type-post","status-publish","format-standard","has-post-thumbnail","hentry","category-transfers","category-transfers-2","tag-mbappe"],"acf":[],"yoast_head":"<!-- This site is optimized with the Yoast SEO plugin v27.3 - https:\/\/yoast.com\/product\/yoast-seo-wordpress\/ -->\n<title>Mbapp\u00e9, the key piece for a historic forward or a &#039;bomb&#039; in the Real Madrid locker room?<\/title>\n<meta name=\"description\" content=\"The arrival of Kylian Mbapp\u00e9 to Real Madrid, well managed, can become a historic signing. However, despite the excitement over hiring a player of this caliber, a series of questions arise about how this addition will affect the merengue locker room, both in positive and negative aspects\" \/>\n<meta name=\"robots\" content=\"index, follow, max-snippet:-1, max-image-preview:large, max-video-preview:-1\" \/>\n<link rel=\"canonical\" href=\"https:\/\/www.fcbarcelonanoticias.com\/en\/transfers\/mbappe-the-key-piece-for-historic-forward-or-bomb-in-the-real-madrid-locker-room_304127_102.html\" \/>\n<meta property=\"og:locale\" content=\"en_US\" \/>\n<meta property=\"og:type\" content=\"article\" \/>\n<meta property=\"og:title\" content=\"Mbapp\u00e9, the key piece for a historic forward or a &#039;bomb&#039; in the Real Madrid locker room?\" \/>\n<meta property=\"og:description\" content=\"The arrival of Kylian Mbapp\u00e9 to Real Madrid, well managed, can become a historic signing. However, despite the excitement over hiring a player of this caliber, a series of questions arise about how this addition will affect the merengue locker room, both in positive and negative aspects\" \/>\n<meta property=\"og:url\" content=\"https:\/\/www.fcbarcelonanoticias.com\/en\/transfers\/mbappe-the-key-piece-for-historic-forward-or-bomb-in-the-real-madrid-locker-room_304127_102.html\" \/>\n<meta property=\"og:site_name\" content=\"EN - FC Barcelona Noticias\" \/>\n<meta property=\"article:published_time\" content=\"2024-06-03T19:49:00+00:00\" \/>\n<meta property=\"article:modified_time\" content=\"2024-06-04T00:02:00+00:00\" \/>\n<meta property=\"og:image\" content=\"https:\/\/www.fcbarcelonanoticias.com\/en\/wp-content\/uploads\/sites\/2\/2024\/06\/kylian-mbappe-en-la-concentracion-de-la-seleccion-francesa-previo-a-la-eurocopa-2024-1.png\" \/>\n\t<meta property=\"og:image:width\" content=\"1300\" \/>\n\t<meta property=\"og:image:height\" content=\"732\" \/>\n\t<meta property=\"og:image:type\" content=\"image\/png\" \/>\n<meta name=\"author\" content=\"Kevin G\u00f3mez\" \/>\n<meta name=\"twitter:card\" content=\"summary_large_image\" \/>\n<meta name=\"twitter:label1\" content=\"Written by\" \/>\n\t<meta name=\"twitter:data1\" content=\"Kevin G\u00f3mez\" \/>\n\t<meta name=\"twitter:label2\" content=\"Est. reading time\" \/>\n\t<meta name=\"twitter:data2\" content=\"6 minutes\" \/>\n<script type=\"application\/ld+json\" class=\"yoast-schema-graph\">{\"@context\":\"https:\\\/\\\/schema.org\",\"@graph\":[{\"@type\":\"Article\",\"@id\":\"https:\\\/\\\/www.fcbarcelonanoticias.com\\\/en\\\/transfers\\\/mbappe-the-key-piece-for-historic-forward-or-bomb-in-the-real-madrid-locker-room_304127_102.html#article\",\"isPartOf\":{\"@id\":\"https:\\\/\\\/www.fcbarcelonanoticias.com\\\/en\\\/transfers\\\/mbappe-the-key-piece-for-historic-forward-or-bomb-in-the-real-madrid-locker-room_304127_102.html\"},\"author\":{\"name\":\"Kevin G\u00f3mez\",\"@id\":\"https:\\\/\\\/www.fcbarcelonanoticias.com\\\/en\\\/#\\\/schema\\\/person\\\/991443f134df9a64c6874f96ff984c9d\"},\"headline\":\"Mbapp\u00e9, the key piece for a historic forward or a &#8216;bomb&#8217; in the Real Madrid locker room?\",\"datePublished\":\"2024-06-03T19:49:00+00:00\",\"dateModified\":\"2024-06-04T00:02:00+00:00\",\"mainEntityOfPage\":{\"@id\":\"https:\\\/\\\/www.fcbarcelonanoticias.com\\\/en\\\/transfers\\\/mbappe-the-key-piece-for-historic-forward-or-bomb-in-the-real-madrid-locker-room_304127_102.html\"},\"wordCount\":1152,\"image\":{\"@id\":\"https:\\\/\\\/www.fcbarcelonanoticias.com\\\/en\\\/transfers\\\/mbappe-the-key-piece-for-historic-forward-or-bomb-in-the-real-madrid-locker-room_304127_102.html#primaryimage\"},\"thumbnailUrl\":\"https:\\\/\\\/www.fcbarcelonanoticias.com\\\/en\\\/wp-content\\\/uploads\\\/sites\\\/2\\\/2024\\\/06\\\/kylian-mbappe-en-la-concentracion-de-la-seleccion-francesa-previo-a-la-eurocopa-2024-1.png\",\"keywords\":[\"Mbapp\u00e9\"],\"articleSection\":[\"Transfers\",\"Transfers\"],\"inLanguage\":\"en-US\"},{\"@type\":\"WebPage\",\"@id\":\"https:\\\/\\\/www.fcbarcelonanoticias.com\\\/en\\\/transfers\\\/mbappe-the-key-piece-for-historic-forward-or-bomb-in-the-real-madrid-locker-room_304127_102.html\",\"url\":\"https:\\\/\\\/www.fcbarcelonanoticias.com\\\/en\\\/transfers\\\/mbappe-the-key-piece-for-historic-forward-or-bomb-in-the-real-madrid-locker-room_304127_102.html\",\"name\":\"Mbapp\u00e9, the key piece for a historic forward or a 'bomb' in the Real Madrid locker room?\",\"isPartOf\":{\"@id\":\"https:\\\/\\\/www.fcbarcelonanoticias.com\\\/en\\\/#website\"},\"primaryImageOfPage\":{\"@id\":\"https:\\\/\\\/www.fcbarcelonanoticias.com\\\/en\\\/transfers\\\/mbappe-the-key-piece-for-historic-forward-or-bomb-in-the-real-madrid-locker-room_304127_102.html#primaryimage\"},\"image\":{\"@id\":\"https:\\\/\\\/www.fcbarcelonanoticias.com\\\/en\\\/transfers\\\/mbappe-the-key-piece-for-historic-forward-or-bomb-in-the-real-madrid-locker-room_304127_102.html#primaryimage\"},\"thumbnailUrl\":\"https:\\\/\\\/www.fcbarcelonanoticias.com\\\/en\\\/wp-content\\\/uploads\\\/sites\\\/2\\\/2024\\\/06\\\/kylian-mbappe-en-la-concentracion-de-la-seleccion-francesa-previo-a-la-eurocopa-2024-1.png\",\"datePublished\":\"2024-06-03T19:49:00+00:00\",\"dateModified\":\"2024-06-04T00:02:00+00:00\",\"author\":{\"@id\":\"https:\\\/\\\/www.fcbarcelonanoticias.com\\\/en\\\/#\\\/schema\\\/person\\\/991443f134df9a64c6874f96ff984c9d\"},\"description\":\"The arrival of Kylian Mbapp\u00e9 to Real Madrid, well managed, can become a historic signing. However, despite the excitement over hiring a player of this caliber, a series of questions arise about how this addition will affect the merengue locker room, both in positive and negative aspects\",\"breadcrumb\":{\"@id\":\"https:\\\/\\\/www.fcbarcelonanoticias.com\\\/en\\\/transfers\\\/mbappe-the-key-piece-for-historic-forward-or-bomb-in-the-real-madrid-locker-room_304127_102.html#breadcrumb\"},\"inLanguage\":\"en-US\",\"potentialAction\":[{\"@type\":\"ReadAction\",\"target\":[\"https:\\\/\\\/www.fcbarcelonanoticias.com\\\/en\\\/transfers\\\/mbappe-the-key-piece-for-historic-forward-or-bomb-in-the-real-madrid-locker-room_304127_102.html\"]}]},{\"@type\":\"ImageObject\",\"inLanguage\":\"en-US\",\"@id\":\"https:\\\/\\\/www.fcbarcelonanoticias.com\\\/en\\\/transfers\\\/mbappe-the-key-piece-for-historic-forward-or-bomb-in-the-real-madrid-locker-room_304127_102.html#primaryimage\",\"url\":\"https:\\\/\\\/www.fcbarcelonanoticias.com\\\/en\\\/wp-content\\\/uploads\\\/sites\\\/2\\\/2024\\\/06\\\/kylian-mbappe-en-la-concentracion-de-la-seleccion-francesa-previo-a-la-eurocopa-2024-1.png\",\"contentUrl\":\"https:\\\/\\\/www.fcbarcelonanoticias.com\\\/en\\\/wp-content\\\/uploads\\\/sites\\\/2\\\/2024\\\/06\\\/kylian-mbappe-en-la-concentracion-de-la-seleccion-francesa-previo-a-la-eurocopa-2024-1.png\",\"width\":1300,\"height\":732},{\"@type\":\"BreadcrumbList\",\"@id\":\"https:\\\/\\\/www.fcbarcelonanoticias.com\\\/en\\\/transfers\\\/mbappe-the-key-piece-for-historic-forward-or-bomb-in-the-real-madrid-locker-room_304127_102.html#breadcrumb\",\"itemListElement\":[{\"@type\":\"ListItem\",\"position\":1,\"name\":\"Portada\",\"item\":\"https:\\\/\\\/www.fcbarcelonanoticias.com\\\/en\\\/\"},{\"@type\":\"ListItem\",\"position\":2,\"name\":\"Mbapp\u00e9, the key piece for a historic forward or a &#8216;bomb&#8217; in the Real Madrid locker room?\"}]},{\"@type\":\"WebSite\",\"@id\":\"https:\\\/\\\/www.fcbarcelonanoticias.com\\\/en\\\/#website\",\"url\":\"https:\\\/\\\/www.fcbarcelonanoticias.com\\\/en\\\/\",\"name\":\"EN - FC Barcelona Noticias\",\"description\":\"\",\"potentialAction\":[{\"@type\":\"SearchAction\",\"target\":{\"@type\":\"EntryPoint\",\"urlTemplate\":\"https:\\\/\\\/www.fcbarcelonanoticias.com\\\/en\\\/?s={search_term_string}\"},\"query-input\":{\"@type\":\"PropertyValueSpecification\",\"valueRequired\":true,\"valueName\":\"search_term_string\"}}],\"inLanguage\":\"en-US\"},{\"@type\":\"Person\",\"@id\":\"https:\\\/\\\/www.fcbarcelonanoticias.com\\\/en\\\/#\\\/schema\\\/person\\\/991443f134df9a64c6874f96ff984c9d\",\"name\":\"Kevin G\u00f3mez\",\"image\":{\"@type\":\"ImageObject\",\"inLanguage\":\"en-US\",\"@id\":\"https:\\\/\\\/secure.gravatar.com\\\/avatar\\\/?s=96&d=mm&r=g\",\"url\":\"https:\\\/\\\/secure.gravatar.com\\\/avatar\\\/?s=96&d=mm&r=g\",\"contentUrl\":\"https:\\\/\\\/secure.gravatar.com\\\/avatar\\\/?s=96&d=mm&r=g\",\"caption\":\"Kevin G\u00f3mez\"},\"description\":\"Licenciado\u00a0en Periodismo y Comunicaci\u00f3n Audiovisual. Redactor en FCBN responsable de cubrir toda\u00a0la informaci\u00f3n del FC Barcelona y las principales competiciones de\u00a0f\u00fatbol.\",\"url\":\"https:\\\/\\\/www.fcbarcelonanoticias.com\\\/en\\\/jugadores\\\/kevin-gomez_23_115.html\"}]}<\/script>\n<!-- \/ Yoast SEO plugin. -->","yoast_head_json":{"title":"Mbapp\u00e9, the key piece for a historic forward or a 'bomb' in the Real Madrid locker room?","description":"The arrival of Kylian Mbapp\u00e9 to Real Madrid, well managed, can become a historic signing. However, despite the excitement over hiring a player of this caliber, a series of questions arise about how this addition will affect the merengue locker room, both in positive and negative aspects","robots":{"index":"index","follow":"follow","max-snippet":"max-snippet:-1","max-image-preview":"max-image-preview:large","max-video-preview":"max-video-preview:-1"},"canonical":"https:\/\/www.fcbarcelonanoticias.com\/en\/transfers\/mbappe-the-key-piece-for-historic-forward-or-bomb-in-the-real-madrid-locker-room_304127_102.html","og_locale":"en_US","og_type":"article","og_title":"Mbapp\u00e9, the key piece for a historic forward or a 'bomb' in the Real Madrid locker room?","og_description":"The arrival of Kylian Mbapp\u00e9 to Real Madrid, well managed, can become a historic signing. However, despite the excitement over hiring a player of this caliber, a series of questions arise about how this addition will affect the merengue locker room, both in positive and negative aspects","og_url":"https:\/\/www.fcbarcelonanoticias.com\/en\/transfers\/mbappe-the-key-piece-for-historic-forward-or-bomb-in-the-real-madrid-locker-room_304127_102.html","og_site_name":"EN - FC Barcelona Noticias","article_published_time":"2024-06-03T19:49:00+00:00","article_modified_time":"2024-06-04T00:02:00+00:00","og_image":[{"width":1300,"height":732,"url":"https:\/\/www.fcbarcelonanoticias.com\/en\/wp-content\/uploads\/sites\/2\/2024\/06\/kylian-mbappe-en-la-concentracion-de-la-seleccion-francesa-previo-a-la-eurocopa-2024-1.png","type":"image\/png"}],"author":"Kevin G\u00f3mez","twitter_card":"summary_large_image","twitter_misc":{"Written by":"Kevin G\u00f3mez","Est. reading time":"6 minutes"},"schema":{"@context":"https:\/\/schema.org","@graph":[{"@type":"Article","@id":"https:\/\/www.fcbarcelonanoticias.com\/en\/transfers\/mbappe-the-key-piece-for-historic-forward-or-bomb-in-the-real-madrid-locker-room_304127_102.html#article","isPartOf":{"@id":"https:\/\/www.fcbarcelonanoticias.com\/en\/transfers\/mbappe-the-key-piece-for-historic-forward-or-bomb-in-the-real-madrid-locker-room_304127_102.html"},"author":{"name":"Kevin G\u00f3mez","@id":"https:\/\/www.fcbarcelonanoticias.com\/en\/#\/schema\/person\/991443f134df9a64c6874f96ff984c9d"},"headline":"Mbapp\u00e9, the key piece for a historic forward or a &#8216;bomb&#8217; in the Real Madrid locker room?","datePublished":"2024-06-03T19:49:00+00:00","dateModified":"2024-06-04T00:02:00+00:00","mainEntityOfPage":{"@id":"https:\/\/www.fcbarcelonanoticias.com\/en\/transfers\/mbappe-the-key-piece-for-historic-forward-or-bomb-in-the-real-madrid-locker-room_304127_102.html"},"wordCount":1152,"image":{"@id":"https:\/\/www.fcbarcelonanoticias.com\/en\/transfers\/mbappe-the-key-piece-for-historic-forward-or-bomb-in-the-real-madrid-locker-room_304127_102.html#primaryimage"},"thumbnailUrl":"https:\/\/www.fcbarcelonanoticias.com\/en\/wp-content\/uploads\/sites\/2\/2024\/06\/kylian-mbappe-en-la-concentracion-de-la-seleccion-francesa-previo-a-la-eurocopa-2024-1.png","keywords":["Mbapp\u00e9"],"articleSection":["Transfers","Transfers"],"inLanguage":"en-US"},{"@type":"WebPage","@id":"https:\/\/www.fcbarcelonanoticias.com\/en\/transfers\/mbappe-the-key-piece-for-historic-forward-or-bomb-in-the-real-madrid-locker-room_304127_102.html","url":"https:\/\/www.fcbarcelonanoticias.com\/en\/transfers\/mbappe-the-key-piece-for-historic-forward-or-bomb-in-the-real-madrid-locker-room_304127_102.html","name":"Mbapp\u00e9, the key piece for a historic forward or a 'bomb' in the Real Madrid locker room?","isPartOf":{"@id":"https:\/\/www.fcbarcelonanoticias.com\/en\/#website"},"primaryImageOfPage":{"@id":"https:\/\/www.fcbarcelonanoticias.com\/en\/transfers\/mbappe-the-key-piece-for-historic-forward-or-bomb-in-the-real-madrid-locker-room_304127_102.html#primaryimage"},"image":{"@id":"https:\/\/www.fcbarcelonanoticias.com\/en\/transfers\/mbappe-the-key-piece-for-historic-forward-or-bomb-in-the-real-madrid-locker-room_304127_102.html#primaryimage"},"thumbnailUrl":"https:\/\/www.fcbarcelonanoticias.com\/en\/wp-content\/uploads\/sites\/2\/2024\/06\/kylian-mbappe-en-la-concentracion-de-la-seleccion-francesa-previo-a-la-eurocopa-2024-1.png","datePublished":"2024-06-03T19:49:00+00:00","dateModified":"2024-06-04T00:02:00+00:00","author":{"@id":"https:\/\/www.fcbarcelonanoticias.com\/en\/#\/schema\/person\/991443f134df9a64c6874f96ff984c9d"},"description":"The arrival of Kylian Mbapp\u00e9 to Real Madrid, well managed, can become a historic signing. However, despite the excitement over hiring a player of this caliber, a series of questions arise about how this addition will affect the merengue locker room, both in positive and negative aspects","breadcrumb":{"@id":"https:\/\/www.fcbarcelonanoticias.com\/en\/transfers\/mbappe-the-key-piece-for-historic-forward-or-bomb-in-the-real-madrid-locker-room_304127_102.html#breadcrumb"},"inLanguage":"en-US","potentialAction":[{"@type":"ReadAction","target":["https:\/\/www.fcbarcelonanoticias.com\/en\/transfers\/mbappe-the-key-piece-for-historic-forward-or-bomb-in-the-real-madrid-locker-room_304127_102.html"]}]},{"@type":"ImageObject","inLanguage":"en-US","@id":"https:\/\/www.fcbarcelonanoticias.com\/en\/transfers\/mbappe-the-key-piece-for-historic-forward-or-bomb-in-the-real-madrid-locker-room_304127_102.html#primaryimage","url":"https:\/\/www.fcbarcelonanoticias.com\/en\/wp-content\/uploads\/sites\/2\/2024\/06\/kylian-mbappe-en-la-concentracion-de-la-seleccion-francesa-previo-a-la-eurocopa-2024-1.png","contentUrl":"https:\/\/www.fcbarcelonanoticias.com\/en\/wp-content\/uploads\/sites\/2\/2024\/06\/kylian-mbappe-en-la-concentracion-de-la-seleccion-francesa-previo-a-la-eurocopa-2024-1.png","width":1300,"height":732},{"@type":"BreadcrumbList","@id":"https:\/\/www.fcbarcelonanoticias.com\/en\/transfers\/mbappe-the-key-piece-for-historic-forward-or-bomb-in-the-real-madrid-locker-room_304127_102.html#breadcrumb","itemListElement":[{"@type":"ListItem","position":1,"name":"Portada","item":"https:\/\/www.fcbarcelonanoticias.com\/en\/"},{"@type":"ListItem","position":2,"name":"Mbapp\u00e9, the key piece for a historic forward or a &#8216;bomb&#8217; in the Real Madrid locker room?"}]},{"@type":"WebSite","@id":"https:\/\/www.fcbarcelonanoticias.com\/en\/#website","url":"https:\/\/www.fcbarcelonanoticias.com\/en\/","name":"EN - FC Barcelona Noticias","description":"","potentialAction":[{"@type":"SearchAction","target":{"@type":"EntryPoint","urlTemplate":"https:\/\/www.fcbarcelonanoticias.com\/en\/?s={search_term_string}"},"query-input":{"@type":"PropertyValueSpecification","valueRequired":true,"valueName":"search_term_string"}}],"inLanguage":"en-US"},{"@type":"Person","@id":"https:\/\/www.fcbarcelonanoticias.com\/en\/#\/schema\/person\/991443f134df9a64c6874f96ff984c9d","name":"Kevin G\u00f3mez","image":{"@type":"ImageObject","inLanguage":"en-US","@id":"https:\/\/secure.gravatar.com\/avatar\/?s=96&d=mm&r=g","url":"https:\/\/secure.gravatar.com\/avatar\/?s=96&d=mm&r=g","contentUrl":"https:\/\/secure.gravatar.com\/avatar\/?s=96&d=mm&r=g","caption":"Kevin G\u00f3mez"},"description":"Licenciado\u00a0en Periodismo y Comunicaci\u00f3n Audiovisual. Redactor en FCBN responsable de cubrir toda\u00a0la informaci\u00f3n del FC Barcelona y las principales competiciones de\u00a0f\u00fatbol.","url":"https:\/\/www.fcbarcelonanoticias.com\/en\/jugadores\/kevin-gomez_23_115.html"}]}},"_links":{"self":[{"href":"https:\/\/www.fcbarcelonanoticias.com\/en\/wp-json\/wp\/v2\/posts\/133359","targetHints":{"allow":["GET"]}}],"collection":[{"href":"https:\/\/www.fcbarcelonanoticias.com\/en\/wp-json\/wp\/v2\/posts"}],"about":[{"href":"https:\/\/www.fcbarcelonanoticias.com\/en\/wp-json\/wp\/v2\/types\/post"}],"author":[{"embeddable":true,"href":"https:\/\/www.fcbarcelonanoticias.com\/en\/wp-json\/wp\/v2\/users\/355"}],"replies":[{"embeddable":true,"href":"https:\/\/www.fcbarcelonanoticias.com\/en\/wp-json\/wp\/v2\/comments?post=133359"}],"version-history":[{"count":1,"href":"https:\/\/www.fcbarcelonanoticias.com\/en\/wp-json\/wp\/v2\/posts\/133359\/revisions"}],"predecessor-version":[{"id":153152,"href":"https:\/\/www.fcbarcelonanoticias.com\/en\/wp-json\/wp\/v2\/posts\/133359\/revisions\/153152"}],"wp:featuredmedia":[{"embeddable":true,"href":"https:\/\/www.fcbarcelonanoticias.com\/en\/wp-json\/wp\/v2\/media\/133362"}],"wp:attachment":[{"href":"https:\/\/www.fcbarcelonanoticias.com\/en\/wp-json\/wp\/v2\/media?parent=133359"}],"wp:term":[{"taxonomy":"category","embeddable":true,"href":"https:\/\/www.fcbarcelonanoticias.com\/en\/wp-json\/wp\/v2\/categories?post=133359"},{"taxonomy":"post_tag","embeddable":true,"href":"https:\/\/www.fcbarcelonanoticias.com\/en\/wp-json\/wp\/v2\/tags?post=133359"}],"curies":[{"name":"wp","href":"https:\/\/api.w.org\/{rel}","templated":true}]}}