{"id":133361,"date":"2023-09-05T23:31:00","date_gmt":"2023-09-05T21:31:00","guid":{"rendered":"https:\/\/weisetech.dev\/fc-barcelona-noticias\/en\/option-barcelona-benjamin-sesko-new-haaland-shines-germany_295854_102\/"},"modified":"2023-09-05T23:31:00","modified_gmt":"2023-09-05T21:31:00","slug":"option-barcelona-benjamin-sesko-new-haaland-shines-germany_295854_102","status":"publish","type":"post","link":"https:\/\/www.fcbarcelonanoticias.com\/en\/transfers\/option-barcelona-benjamin-sesko-new-haaland-shines-germany_295854_102.html","title":{"rendered":"Option for Bar\u00e7a? Benjamin Sesko, the &#8216;new Haaland&#8217; who shines in Germany"},"content":{"rendered":"<h2 class=\"wp-block-heading\">FC Barcelona does not rule out going for a substitute &#8216;9&#8217; for Robert Lewandowski in the winter market. One of the alternatives on the cul\u00e9 radar is Benjamin Sesko, the &#8216;fashionable&#8217; striker in the Bundesliga after his great start at RB Leipzig<\/h2>  \r\n<div class=\"article-addons\">\r\n    <a href=\"https:\/\/www.fcbarcelonanoticias.com\/en\/calendar-fc-barcelona.html\"\r\n       target=\"_self\"\r\n       title=\"Calendar of FC Barcelona\"\r\n       class=\"blue-gredient-btn\">\r\n       \r\n        Calendar of FC Barcelona    <\/a>\r\n<\/div>   <p>In Germany begin to compare to Benjamin Sesko with Erling Haaland. To the equal that the Norwegian, the esloveno shined in the Salzburgo and has given the jump to the RB Leipzig, where <strong>has begun &#8216;on fire&#8217; the season with doublet the past weekend in front of the Union Berlin<\/strong>. In this sense, the FC Barcelona already would have to the player of 20 years between his possible folders for the wintry market, since the possibility of fichar <a data-external=\"0\" data-intl-links-en=\"https:\/\/www.fcbarcelonanoticias.com\/en\/players\/lewandowski-criticise-the-style-of-xavi-and-confirms-that-it-does-not-feel-comfortable_295613_102.html\" data-intl-links-es=\"https:\/\/www.fcbarcelonanoticias.com\/jugadores\/lewandowski-critica-estilo-xavi-confirma-no-se-siente-comodo_295613_102.html\" href=\"https:\/\/www.fcbarcelonanoticias.com\/en\/players\/lewandowski-criticise-the-style-of-xavi-and-confirms-that-it-does-not-feel-comfortable_295613_102.html\" rel=\"follow\" target=\"_self\" title=\"Lewandowski 'critica' el estilo de Xavi y confirma que no se&nbsp;siente&nbsp;c\u00f3modo\">an acting of Robert Lewandowski<\/a> follows on the table.<\/p>  <p>Although the managerial cul\u00e9 expects to have Vitor Roque from January, in Can Bar\u00e7a do not want to leave happen the possibility of fichar by a low price to the one who could be the next &#8216;killer&#8217; European. <strong>Sesko Added 29 goals and 11 assistances in 79 official parties with the Salzburgo and the Leipzig him fich\u00f3 this summer by alone 24 million euros<\/strong>, corresponding value to his contizaci\u00f3n current in Transfermarkt.<\/p>  <h2>Xavi prioritises to incorporate another &#8216;9&#8217; in January<\/h2>  <p>One of the pending subjects of the Bar\u00e7a in the market estival was, definitely, fichar a leading able centre to relieve to &#8216;Lewy&#8217; when the Pole deserve rest. The directive did a big effort for fichar to five reinforcements and &#8216;tie&#8217; to Vitor Roque, but <strong><a data-external=\"0\" data-intl-links-en=\"https:\/\/www.fcbarcelonanoticias.com\/en\/players\/final-sentence-fc-barcelona-with-vitor-roque_295627_102.html\" data-intl-links-es=\"https:\/\/www.fcbarcelonanoticias.com\/jugadores\/sentencia-final-fc-barcelona-con-vitor-roque_295627_102.html\" href=\"https:\/\/www.fcbarcelonanoticias.com\/en\/players\/final-sentence-fc-barcelona-with-vitor-roque_295627_102.html\" rel=\"follow\" target=\"_self\" title=\"La 'sentencia' final del FC Barcelona con Vitor Roque\">the Brazilian recently will arrive in 2024<\/a> to Catalonia and, possibly, his adaptation take something of time<\/strong>, considering that it treats of a youngster of alone 18 years.<\/p>  <p>Instead, Sesko would arrive with more international shooting, since this season will have the possibility to return to the Champions with the Leipzig. <strong>The one of Radace contested the phase of groups with the Salzburgo in the two last seasons, but could not mark any so much in his first 12 parties<\/strong> in the tournament. His only so much arrived in previous phase in the 2021\/22, whereas in the Youth League added 3 goals in 9 parties.<\/p>  <h2>Network Bull will not leave to go to Benjamin Sesko so easy<\/h2>  <p>The factory Network Bull has tried to correct the error that supposed the early exit of Haaland to the Borussia Dortmund with Benjamin Sesko. Thus, the esloveno was traspasado to the Leipzig, team that also is property of the Austrian company. <strong>The &#8216;9&#8217; signed with the group &#8216;albirrojo&#8217; until June of 2028 and, according to the German press, his clause of recisi\u00f3n is of 60 million euros<\/strong>, although the forward can go out yielded in January if it arrives a good offer.<\/p> ","protected":false},"excerpt":{"rendered":"<p>FC Barcelona does not rule out going for a substitute &#8216;9&#8217; for Robert Lewandowski in the winter market. One of the alternatives on the cul\u00e9 radar is Benjamin Sesko, the &#8216;fashionable&#8217; striker in the Bundesliga after his great start at RB Leipzig In Germany begin to compare to Benjamin Sesko with Erling Haaland. To the [&hellip;]<\/p>\n","protected":false},"author":347,"featured_media":133364,"comment_status":"closed","ping_status":"open","sticky":false,"template":"","format":"standard","meta":{"_acf_changed":false,"inline_featured_image":false,"_nextfly_llmd_date_locked":false,"footnotes":""},"categories":[106,449],"tags":[],"class_list":["post-133361","post","type-post","status-publish","format-standard","has-post-thumbnail","hentry","category-transfers","category-transfers-2"],"acf":[],"yoast_head":"<!-- This site is optimized with the Yoast SEO plugin v27.3 - https:\/\/yoast.com\/product\/yoast-seo-wordpress\/ -->\n<title>Option for Bar\u00e7a? Benjamin Sesko, the &#039;new Haaland&#039; who shines in Germany<\/title>\n<meta name=\"description\" content=\"FC Barcelona does not rule out going for a substitute &#039;9&#039; for Robert Lewandowski in the winter market. One of the alternatives on the cul\u00e9 radar is Benjamin Sesko, the &#039;fashionable&#039; striker in the Bundesliga after his great start at RB Leipzig\" \/>\n<meta name=\"robots\" content=\"index, follow, max-snippet:-1, max-image-preview:large, max-video-preview:-1\" \/>\n<link rel=\"canonical\" href=\"https:\/\/www.fcbarcelonanoticias.com\/en\/transfers\/option-barcelona-benjamin-sesko-new-haaland-shines-germany_295854_102.html\" \/>\n<meta property=\"og:locale\" content=\"en_US\" \/>\n<meta property=\"og:type\" content=\"article\" \/>\n<meta property=\"og:title\" content=\"Option for Bar\u00e7a? Benjamin Sesko, the &#039;new Haaland&#039; who shines in Germany\" \/>\n<meta property=\"og:description\" content=\"FC Barcelona does not rule out going for a substitute &#039;9&#039; for Robert Lewandowski in the winter market. One of the alternatives on the cul\u00e9 radar is Benjamin Sesko, the &#039;fashionable&#039; striker in the Bundesliga after his great start at RB Leipzig\" \/>\n<meta property=\"og:url\" content=\"https:\/\/www.fcbarcelonanoticias.com\/en\/transfers\/option-barcelona-benjamin-sesko-new-haaland-shines-germany_295854_102.html\" \/>\n<meta property=\"og:site_name\" content=\"EN - FC Barcelona Noticias\" \/>\n<meta property=\"article:published_time\" content=\"2023-09-05T21:31:00+00:00\" \/>\n<meta property=\"og:image\" content=\"https:\/\/www.fcbarcelonanoticias.com\/en\/wp-content\/uploads\/sites\/2\/2023\/09\/benjamin-sesko-rb-leipzig.jpeg\" \/>\n\t<meta property=\"og:image:width\" content=\"1300\" \/>\n\t<meta property=\"og:image:height\" content=\"732\" \/>\n\t<meta property=\"og:image:type\" content=\"image\/jpeg\" \/>\n<meta name=\"author\" content=\"Andr\u00e9s Quiroz\" \/>\n<meta name=\"twitter:card\" content=\"summary_large_image\" \/>\n<meta name=\"twitter:label1\" content=\"Written by\" \/>\n\t<meta name=\"twitter:data1\" content=\"Andr\u00e9s Quiroz\" \/>\n\t<meta name=\"twitter:label2\" content=\"Est. reading time\" \/>\n\t<meta name=\"twitter:data2\" content=\"2 minutes\" \/>\n<script type=\"application\/ld+json\" class=\"yoast-schema-graph\">{\"@context\":\"https:\\\/\\\/schema.org\",\"@graph\":[{\"@type\":\"Article\",\"@id\":\"https:\\\/\\\/www.fcbarcelonanoticias.com\\\/en\\\/transfers\\\/option-barcelona-benjamin-sesko-new-haaland-shines-germany_295854_102.html#article\",\"isPartOf\":{\"@id\":\"https:\\\/\\\/www.fcbarcelonanoticias.com\\\/en\\\/transfers\\\/option-barcelona-benjamin-sesko-new-haaland-shines-germany_295854_102.html\"},\"author\":{\"name\":\"Andr\u00e9s Quiroz\",\"@id\":\"https:\\\/\\\/www.fcbarcelonanoticias.com\\\/en\\\/#\\\/schema\\\/person\\\/c2cd9f6fa1af5c0d0eccd0fefa575c88\"},\"headline\":\"Option for Bar\u00e7a? Benjamin Sesko, the &#8216;new Haaland&#8217; who shines in Germany\",\"datePublished\":\"2023-09-05T21:31:00+00:00\",\"mainEntityOfPage\":{\"@id\":\"https:\\\/\\\/www.fcbarcelonanoticias.com\\\/en\\\/transfers\\\/option-barcelona-benjamin-sesko-new-haaland-shines-germany_295854_102.html\"},\"wordCount\":454,\"image\":{\"@id\":\"https:\\\/\\\/www.fcbarcelonanoticias.com\\\/en\\\/transfers\\\/option-barcelona-benjamin-sesko-new-haaland-shines-germany_295854_102.html#primaryimage\"},\"thumbnailUrl\":\"https:\\\/\\\/www.fcbarcelonanoticias.com\\\/en\\\/wp-content\\\/uploads\\\/sites\\\/2\\\/2023\\\/09\\\/benjamin-sesko-rb-leipzig.jpeg\",\"articleSection\":[\"Transfers\",\"Transfers\"],\"inLanguage\":\"en-US\"},{\"@type\":\"WebPage\",\"@id\":\"https:\\\/\\\/www.fcbarcelonanoticias.com\\\/en\\\/transfers\\\/option-barcelona-benjamin-sesko-new-haaland-shines-germany_295854_102.html\",\"url\":\"https:\\\/\\\/www.fcbarcelonanoticias.com\\\/en\\\/transfers\\\/option-barcelona-benjamin-sesko-new-haaland-shines-germany_295854_102.html\",\"name\":\"Option for Bar\u00e7a? Benjamin Sesko, the 'new Haaland' who shines in Germany\",\"isPartOf\":{\"@id\":\"https:\\\/\\\/www.fcbarcelonanoticias.com\\\/en\\\/#website\"},\"primaryImageOfPage\":{\"@id\":\"https:\\\/\\\/www.fcbarcelonanoticias.com\\\/en\\\/transfers\\\/option-barcelona-benjamin-sesko-new-haaland-shines-germany_295854_102.html#primaryimage\"},\"image\":{\"@id\":\"https:\\\/\\\/www.fcbarcelonanoticias.com\\\/en\\\/transfers\\\/option-barcelona-benjamin-sesko-new-haaland-shines-germany_295854_102.html#primaryimage\"},\"thumbnailUrl\":\"https:\\\/\\\/www.fcbarcelonanoticias.com\\\/en\\\/wp-content\\\/uploads\\\/sites\\\/2\\\/2023\\\/09\\\/benjamin-sesko-rb-leipzig.jpeg\",\"datePublished\":\"2023-09-05T21:31:00+00:00\",\"author\":{\"@id\":\"https:\\\/\\\/www.fcbarcelonanoticias.com\\\/en\\\/#\\\/schema\\\/person\\\/c2cd9f6fa1af5c0d0eccd0fefa575c88\"},\"description\":\"FC Barcelona does not rule out going for a substitute '9' for Robert Lewandowski in the winter market. One of the alternatives on the cul\u00e9 radar is Benjamin Sesko, the 'fashionable' striker in the Bundesliga after his great start at RB Leipzig\",\"breadcrumb\":{\"@id\":\"https:\\\/\\\/www.fcbarcelonanoticias.com\\\/en\\\/transfers\\\/option-barcelona-benjamin-sesko-new-haaland-shines-germany_295854_102.html#breadcrumb\"},\"inLanguage\":\"en-US\",\"potentialAction\":[{\"@type\":\"ReadAction\",\"target\":[\"https:\\\/\\\/www.fcbarcelonanoticias.com\\\/en\\\/transfers\\\/option-barcelona-benjamin-sesko-new-haaland-shines-germany_295854_102.html\"]}]},{\"@type\":\"ImageObject\",\"inLanguage\":\"en-US\",\"@id\":\"https:\\\/\\\/www.fcbarcelonanoticias.com\\\/en\\\/transfers\\\/option-barcelona-benjamin-sesko-new-haaland-shines-germany_295854_102.html#primaryimage\",\"url\":\"https:\\\/\\\/www.fcbarcelonanoticias.com\\\/en\\\/wp-content\\\/uploads\\\/sites\\\/2\\\/2023\\\/09\\\/benjamin-sesko-rb-leipzig.jpeg\",\"contentUrl\":\"https:\\\/\\\/www.fcbarcelonanoticias.com\\\/en\\\/wp-content\\\/uploads\\\/sites\\\/2\\\/2023\\\/09\\\/benjamin-sesko-rb-leipzig.jpeg\",\"width\":1300,\"height\":732},{\"@type\":\"BreadcrumbList\",\"@id\":\"https:\\\/\\\/www.fcbarcelonanoticias.com\\\/en\\\/transfers\\\/option-barcelona-benjamin-sesko-new-haaland-shines-germany_295854_102.html#breadcrumb\",\"itemListElement\":[{\"@type\":\"ListItem\",\"position\":1,\"name\":\"Portada\",\"item\":\"https:\\\/\\\/www.fcbarcelonanoticias.com\\\/en\\\/\"},{\"@type\":\"ListItem\",\"position\":2,\"name\":\"Option for Bar\u00e7a? Benjamin Sesko, the &#8216;new Haaland&#8217; who shines in Germany\"}]},{\"@type\":\"WebSite\",\"@id\":\"https:\\\/\\\/www.fcbarcelonanoticias.com\\\/en\\\/#website\",\"url\":\"https:\\\/\\\/www.fcbarcelonanoticias.com\\\/en\\\/\",\"name\":\"EN - FC Barcelona Noticias\",\"description\":\"\",\"potentialAction\":[{\"@type\":\"SearchAction\",\"target\":{\"@type\":\"EntryPoint\",\"urlTemplate\":\"https:\\\/\\\/www.fcbarcelonanoticias.com\\\/en\\\/?s={search_term_string}\"},\"query-input\":{\"@type\":\"PropertyValueSpecification\",\"valueRequired\":true,\"valueName\":\"search_term_string\"}}],\"inLanguage\":\"en-US\"},{\"@type\":\"Person\",\"@id\":\"https:\\\/\\\/www.fcbarcelonanoticias.com\\\/en\\\/#\\\/schema\\\/person\\\/c2cd9f6fa1af5c0d0eccd0fefa575c88\",\"name\":\"Andr\u00e9s Quiroz\",\"image\":{\"@type\":\"ImageObject\",\"inLanguage\":\"en-US\",\"@id\":\"https:\\\/\\\/secure.gravatar.com\\\/avatar\\\/?s=96&d=mm&r=g\",\"url\":\"https:\\\/\\\/secure.gravatar.com\\\/avatar\\\/?s=96&d=mm&r=g\",\"contentUrl\":\"https:\\\/\\\/secure.gravatar.com\\\/avatar\\\/?s=96&d=mm&r=g\",\"caption\":\"Andr\u00e9s Quiroz\"},\"description\":\"Licenciado en Periodismo por la Universidad de los Andes. Me encargo de analizar y compartir los contenidos m\u00e1s destacados de la\u00a0actualidad del F\u00fatbol Club Barcelona, Mercado de Fichajes y F\u00fatbol Internacional en FCBN. La informaci\u00f3n es poder, pero tambi\u00e9n conocimiento.\",\"url\":\"https:\\\/\\\/www.fcbarcelonanoticias.com\\\/en\\\/fc-barcelona\\\/andres-quiroz_17_115.html\"}]}<\/script>\n<!-- \/ Yoast SEO plugin. -->","yoast_head_json":{"title":"Option for Bar\u00e7a? Benjamin Sesko, the 'new Haaland' who shines in Germany","description":"FC Barcelona does not rule out going for a substitute '9' for Robert Lewandowski in the winter market. One of the alternatives on the cul\u00e9 radar is Benjamin Sesko, the 'fashionable' striker in the Bundesliga after his great start at RB Leipzig","robots":{"index":"index","follow":"follow","max-snippet":"max-snippet:-1","max-image-preview":"max-image-preview:large","max-video-preview":"max-video-preview:-1"},"canonical":"https:\/\/www.fcbarcelonanoticias.com\/en\/transfers\/option-barcelona-benjamin-sesko-new-haaland-shines-germany_295854_102.html","og_locale":"en_US","og_type":"article","og_title":"Option for Bar\u00e7a? Benjamin Sesko, the 'new Haaland' who shines in Germany","og_description":"FC Barcelona does not rule out going for a substitute '9' for Robert Lewandowski in the winter market. One of the alternatives on the cul\u00e9 radar is Benjamin Sesko, the 'fashionable' striker in the Bundesliga after his great start at RB Leipzig","og_url":"https:\/\/www.fcbarcelonanoticias.com\/en\/transfers\/option-barcelona-benjamin-sesko-new-haaland-shines-germany_295854_102.html","og_site_name":"EN - FC Barcelona Noticias","article_published_time":"2023-09-05T21:31:00+00:00","og_image":[{"width":1300,"height":732,"url":"https:\/\/www.fcbarcelonanoticias.com\/en\/wp-content\/uploads\/sites\/2\/2023\/09\/benjamin-sesko-rb-leipzig.jpeg","type":"image\/jpeg"}],"author":"Andr\u00e9s Quiroz","twitter_card":"summary_large_image","twitter_misc":{"Written by":"Andr\u00e9s Quiroz","Est. reading time":"2 minutes"},"schema":{"@context":"https:\/\/schema.org","@graph":[{"@type":"Article","@id":"https:\/\/www.fcbarcelonanoticias.com\/en\/transfers\/option-barcelona-benjamin-sesko-new-haaland-shines-germany_295854_102.html#article","isPartOf":{"@id":"https:\/\/www.fcbarcelonanoticias.com\/en\/transfers\/option-barcelona-benjamin-sesko-new-haaland-shines-germany_295854_102.html"},"author":{"name":"Andr\u00e9s Quiroz","@id":"https:\/\/www.fcbarcelonanoticias.com\/en\/#\/schema\/person\/c2cd9f6fa1af5c0d0eccd0fefa575c88"},"headline":"Option for Bar\u00e7a? Benjamin Sesko, the &#8216;new Haaland&#8217; who shines in Germany","datePublished":"2023-09-05T21:31:00+00:00","mainEntityOfPage":{"@id":"https:\/\/www.fcbarcelonanoticias.com\/en\/transfers\/option-barcelona-benjamin-sesko-new-haaland-shines-germany_295854_102.html"},"wordCount":454,"image":{"@id":"https:\/\/www.fcbarcelonanoticias.com\/en\/transfers\/option-barcelona-benjamin-sesko-new-haaland-shines-germany_295854_102.html#primaryimage"},"thumbnailUrl":"https:\/\/www.fcbarcelonanoticias.com\/en\/wp-content\/uploads\/sites\/2\/2023\/09\/benjamin-sesko-rb-leipzig.jpeg","articleSection":["Transfers","Transfers"],"inLanguage":"en-US"},{"@type":"WebPage","@id":"https:\/\/www.fcbarcelonanoticias.com\/en\/transfers\/option-barcelona-benjamin-sesko-new-haaland-shines-germany_295854_102.html","url":"https:\/\/www.fcbarcelonanoticias.com\/en\/transfers\/option-barcelona-benjamin-sesko-new-haaland-shines-germany_295854_102.html","name":"Option for Bar\u00e7a? Benjamin Sesko, the 'new Haaland' who shines in Germany","isPartOf":{"@id":"https:\/\/www.fcbarcelonanoticias.com\/en\/#website"},"primaryImageOfPage":{"@id":"https:\/\/www.fcbarcelonanoticias.com\/en\/transfers\/option-barcelona-benjamin-sesko-new-haaland-shines-germany_295854_102.html#primaryimage"},"image":{"@id":"https:\/\/www.fcbarcelonanoticias.com\/en\/transfers\/option-barcelona-benjamin-sesko-new-haaland-shines-germany_295854_102.html#primaryimage"},"thumbnailUrl":"https:\/\/www.fcbarcelonanoticias.com\/en\/wp-content\/uploads\/sites\/2\/2023\/09\/benjamin-sesko-rb-leipzig.jpeg","datePublished":"2023-09-05T21:31:00+00:00","author":{"@id":"https:\/\/www.fcbarcelonanoticias.com\/en\/#\/schema\/person\/c2cd9f6fa1af5c0d0eccd0fefa575c88"},"description":"FC Barcelona does not rule out going for a substitute '9' for Robert Lewandowski in the winter market. One of the alternatives on the cul\u00e9 radar is Benjamin Sesko, the 'fashionable' striker in the Bundesliga after his great start at RB Leipzig","breadcrumb":{"@id":"https:\/\/www.fcbarcelonanoticias.com\/en\/transfers\/option-barcelona-benjamin-sesko-new-haaland-shines-germany_295854_102.html#breadcrumb"},"inLanguage":"en-US","potentialAction":[{"@type":"ReadAction","target":["https:\/\/www.fcbarcelonanoticias.com\/en\/transfers\/option-barcelona-benjamin-sesko-new-haaland-shines-germany_295854_102.html"]}]},{"@type":"ImageObject","inLanguage":"en-US","@id":"https:\/\/www.fcbarcelonanoticias.com\/en\/transfers\/option-barcelona-benjamin-sesko-new-haaland-shines-germany_295854_102.html#primaryimage","url":"https:\/\/www.fcbarcelonanoticias.com\/en\/wp-content\/uploads\/sites\/2\/2023\/09\/benjamin-sesko-rb-leipzig.jpeg","contentUrl":"https:\/\/www.fcbarcelonanoticias.com\/en\/wp-content\/uploads\/sites\/2\/2023\/09\/benjamin-sesko-rb-leipzig.jpeg","width":1300,"height":732},{"@type":"BreadcrumbList","@id":"https:\/\/www.fcbarcelonanoticias.com\/en\/transfers\/option-barcelona-benjamin-sesko-new-haaland-shines-germany_295854_102.html#breadcrumb","itemListElement":[{"@type":"ListItem","position":1,"name":"Portada","item":"https:\/\/www.fcbarcelonanoticias.com\/en\/"},{"@type":"ListItem","position":2,"name":"Option for Bar\u00e7a? Benjamin Sesko, the &#8216;new Haaland&#8217; who shines in Germany"}]},{"@type":"WebSite","@id":"https:\/\/www.fcbarcelonanoticias.com\/en\/#website","url":"https:\/\/www.fcbarcelonanoticias.com\/en\/","name":"EN - FC Barcelona Noticias","description":"","potentialAction":[{"@type":"SearchAction","target":{"@type":"EntryPoint","urlTemplate":"https:\/\/www.fcbarcelonanoticias.com\/en\/?s={search_term_string}"},"query-input":{"@type":"PropertyValueSpecification","valueRequired":true,"valueName":"search_term_string"}}],"inLanguage":"en-US"},{"@type":"Person","@id":"https:\/\/www.fcbarcelonanoticias.com\/en\/#\/schema\/person\/c2cd9f6fa1af5c0d0eccd0fefa575c88","name":"Andr\u00e9s Quiroz","image":{"@type":"ImageObject","inLanguage":"en-US","@id":"https:\/\/secure.gravatar.com\/avatar\/?s=96&d=mm&r=g","url":"https:\/\/secure.gravatar.com\/avatar\/?s=96&d=mm&r=g","contentUrl":"https:\/\/secure.gravatar.com\/avatar\/?s=96&d=mm&r=g","caption":"Andr\u00e9s Quiroz"},"description":"Licenciado en Periodismo por la Universidad de los Andes. Me encargo de analizar y compartir los contenidos m\u00e1s destacados de la\u00a0actualidad del F\u00fatbol Club Barcelona, Mercado de Fichajes y F\u00fatbol Internacional en FCBN. La informaci\u00f3n es poder, pero tambi\u00e9n conocimiento.","url":"https:\/\/www.fcbarcelonanoticias.com\/en\/fc-barcelona\/andres-quiroz_17_115.html"}]}},"_links":{"self":[{"href":"https:\/\/www.fcbarcelonanoticias.com\/en\/wp-json\/wp\/v2\/posts\/133361","targetHints":{"allow":["GET"]}}],"collection":[{"href":"https:\/\/www.fcbarcelonanoticias.com\/en\/wp-json\/wp\/v2\/posts"}],"about":[{"href":"https:\/\/www.fcbarcelonanoticias.com\/en\/wp-json\/wp\/v2\/types\/post"}],"author":[{"embeddable":true,"href":"https:\/\/www.fcbarcelonanoticias.com\/en\/wp-json\/wp\/v2\/users\/347"}],"replies":[{"embeddable":true,"href":"https:\/\/www.fcbarcelonanoticias.com\/en\/wp-json\/wp\/v2\/comments?post=133361"}],"version-history":[{"count":1,"href":"https:\/\/www.fcbarcelonanoticias.com\/en\/wp-json\/wp\/v2\/posts\/133361\/revisions"}],"predecessor-version":[{"id":153878,"href":"https:\/\/www.fcbarcelonanoticias.com\/en\/wp-json\/wp\/v2\/posts\/133361\/revisions\/153878"}],"wp:featuredmedia":[{"embeddable":true,"href":"https:\/\/www.fcbarcelonanoticias.com\/en\/wp-json\/wp\/v2\/media\/133364"}],"wp:attachment":[{"href":"https:\/\/www.fcbarcelonanoticias.com\/en\/wp-json\/wp\/v2\/media?parent=133361"}],"wp:term":[{"taxonomy":"category","embeddable":true,"href":"https:\/\/www.fcbarcelonanoticias.com\/en\/wp-json\/wp\/v2\/categories?post=133361"},{"taxonomy":"post_tag","embeddable":true,"href":"https:\/\/www.fcbarcelonanoticias.com\/en\/wp-json\/wp\/v2\/tags?post=133361"}],"curies":[{"name":"wp","href":"https:\/\/api.w.org\/{rel}","templated":true}]}}