{"id":133435,"date":"2023-04-23T11:47:00","date_gmt":"2023-04-23T09:47:00","guid":{"rendered":"https:\/\/weisetech.dev\/fc-barcelona-noticias\/en\/right-backs-has-fc-barcelona-agenda_291774_102\/"},"modified":"2023-04-23T11:47:00","modified_gmt":"2023-04-23T09:47:00","slug":"right-backs-has-fc-barcelona-agenda_291774_102","status":"publish","type":"post","link":"https:\/\/www.fcbarcelonanoticias.com\/en\/transfers\/right-backs-has-fc-barcelona-agenda_291774_102.html","title":{"rendered":"The right-backs that Bar\u00e7a have on their agenda"},"content":{"rendered":"<h2 class=\"wp-block-heading\">The right-back is one of the positions that generates the most debate in the sports management of FC Barcelona to plan the summer transfer roadmap. Hands tied by the financial &#8216;Fair play&#8217;, the club manages several alternatives<\/h2>  \r\n<div class=\"article-addons\">\r\n    <a href=\"https:\/\/www.fcbarcelonanoticias.com\/en\/calendar-fc-barcelona.html\"\r\n       target=\"_self\"\r\n       title=\"Calendar of FC Barcelona\"\r\n       class=\"blue-gredient-btn\">\r\n       \r\n        Calendar of FC Barcelona    <\/a>\r\n<\/div>   <p>Although the staff of the FC Barcelona has until four alternatives that can occupy the right side (Ronald Ara\u00fajo, Jules Kound\u00e9, Sergi Roberto and Alejandro Balde), <strong>Xavi Hern\u00e1ndez no descarta add a carrilero right-handed in summer if the &#8216;Fair Play&#8217; financial allows it<\/strong>. After the failure with H\u00e9ctor Beller\u00edn, the technical body and the directive work to find a natural player for a position that has given a lot of headaches in the last years.<\/p>  <p>In this sense, <a data-external=\"0\" data-intl-links-en=\"https:\/\/www.fcbarcelonanoticias.com\/en\/transfers\/messi-gundogan-5-signings-low-cost-has-to-do-fc-barcelona_290197_102.html\" data-intl-links-es=\"https:\/\/www.fcbarcelonanoticias.com\/fichajes\/messi-gundogan-5-fichajes-low-cost-tiene-hacer-fc-barcelona_290197_102.html\" href=\"https:\/\/www.fcbarcelonanoticias.com\/en\/transfers\/messi-gundogan-5-signings-low-cost-has-to-do-fc-barcelona_290197_102.html\" rel=\"follow\" target=\"_self\" title=\"De Messi a G\u00fcndogan: Los 5 fichajes 'low cost' que tiene que intentar el FC Barcelona\">the directive handles several alternative &#8216;low cost&#8217;<\/a> that would have the &#8216;OK&#8217; of the technical body. However, the main challenge of the Bar\u00e7a is to attain adjust his mass salarial to the requirements of LaLiga and, at the same time, convince to the patronal of flexibilizar his requirements to the club. Without the possibility to activate &#8216;crowbars&#8217; the options reduce much more. These are some of the names that are still in the orbit cul\u00e9 to occupy the right side in the 2023\/24.<\/p>  <h3>Diogo Dalot (Manchester United)<\/h3>  <p>The luso has agreement until June of 2024 and, with a value of market of 35 &#8216;kilos&#8217;, is one of the most interesting options of market by youth, quality and experience. <strong>For the moment it follows having the confidence of Erik have Hag, a factor that would hamper the negotiations<\/strong>, since the &#8216;network devils&#8217; have a clause of immediate renewal.<\/p>  <h3>Benjam\u00edn Pavard and Noussair Mazraoui (Bayern Munich)<\/h3>  <p>So much the Frenchman like the Moroccan have lost the titularity in Munich and aim to go out in summer. <a data-external=\"0\" data-intl-links-en=\"https:\/\/www.fcbarcelonanoticias.com\/en\/transfers\/barcelona-doesn-t-rule-noussair-mazraoui-summer_291773_102.html\" data-intl-links-es=\"https:\/\/www.fcbarcelonanoticias.com\/fichajes\/barcelona-no-descarta-noussair-mazraoui-verano_291773_102.html\" href=\"https:\/\/www.fcbarcelonanoticias.com\/en\/transfers\/barcelona-doesn-t-rule-noussair-mazraoui-summer_291773_102.html\" rel=\"follow\" target=\"_self\" title=\"El Bar\u00e7a no descarta a Noussair Mazraoui para el verano\">In the case of Mazraoui, a cession would be the most feasible<\/a>, as has agreement until 2026. With Pavard would attain a traspaso by a mount near to the 25 million euros, a mount acceptable for a lateral champion of the world with France the one who, to his 27 years, still can return to the elite.<\/p>  <h3>Thomas Meunier (Dortmund)<\/h3>  <p>One of the alternative &#8216;low cost&#8217; that has sounded with elder forces in the orbit of the Bar\u00e7a this season. The Belgian culminates agreement in 2024 and <strong>the Borussia Dortmund will not hinder his exit by a mount near to the 10 &#8216;kilos&#8217;.<\/strong> With 31 years, the physical problems have mermado the performance of the defender in the last two seasons, being this the main doubt that generates his possible signing.<\/p>  <h3>Juan Foyth (Villarreal)<\/h3>  <p>The Argentinian has left to be intocable for the Villarreal from the arrival of Quique Seti\u00e9n and the Bar\u00e7a could close, maybe, a cession without option of compulsory purchase. <strong>The one of The Silver has agreement until 2026 and, hardly, the &#8216;yellow submarine&#8217; will leave him leave by less than 20 million euros<\/strong>, since his traspaso closed in 2021 in return of 15 &#8216;kilos&#8217;.<\/p>  <h3>Bad Taste (yielded in Lyon by Chelsea)<\/h3>  <p>The young defender of 19 years will have to return to Chelsea in summer, once conclude his cession by six months in the Lyon, club where formed . <strong>The &#8216;blues&#8217; him ficharon in return of 30 million euros in January and subtracts to see if in London prefer to give him more shooting by a more yielded year to another club<\/strong> or, by the contrary, opt by &#8216;fish him&#8217; immediately to reinforce a staff that follows rejuvenating to base of chequebook.<\/p>  <h3>Jeremy Frimpong (Leverkusen)<\/h3>  <p>The player of 22 years is considered as &#8216;the fashionable side&#8217; in Europe thanks to his good moment with the Bayer Leverkusen. <strong>The Dutch adds 9 goals and 9 assistances in 40 parties with the ones of Xavi Alonso<\/strong>, statistics that have woken up the interest of several &#8216;big&#8217;. His value of current market reaches the 35 millions in Transfermarkt and, with valid agreement until 2025, dificilmente the German group accept less than 50 &#8216;kilos&#8217; for leaving him go.<\/p>  <h3>Alexander Bah (Benfica)<\/h3>  <p>The international Danish has been intocable for Roger Schmidt this season, contesting a total of 39 parties in which it adds a so much and six assistances. <strong>His agreement finalises in 2027, by what the Benfica would demand to pay his clause of rescission to leave him leave (60 million euros)<\/strong>. The profile of Bah would fit without problems in the diagram of Xavi, but the requirements of the Benfica are too high.<\/p> ","protected":false},"excerpt":{"rendered":"<p>The right-back is one of the positions that generates the most debate in the sports management of FC Barcelona to plan the summer transfer roadmap. Hands tied by the financial &#8216;Fair play&#8217;, the club manages several alternatives Although the staff of the FC Barcelona has until four alternatives that can occupy the right side (Ronald [&hellip;]<\/p>\n","protected":false},"author":347,"featured_media":133438,"comment_status":"closed","ping_status":"open","sticky":false,"template":"","format":"standard","meta":{"_acf_changed":false,"inline_featured_image":false,"_nextfly_llmd_date_locked":false,"footnotes":""},"categories":[449,106],"tags":[103,104,204,67,161,427,93],"class_list":["post-133435","post","type-post","status-publish","format-standard","has-post-thumbnail","hentry","category-transfers-2","category-transfers","tag-bayer-leverkusen","tag-bayern-munich","tag-benfica","tag-borussia-dortmund","tag-chelsea","tag-juan-foyth","tag-villarreal-cf"],"acf":[],"yoast_head":"<!-- This site is optimized with the Yoast SEO plugin v27.3 - https:\/\/yoast.com\/product\/yoast-seo-wordpress\/ -->\n<title>The right-backs that Bar\u00e7a have on their agenda<\/title>\n<meta name=\"description\" content=\"The right-back is one of the positions that generates the most debate in the sports management of FC Barcelona to plan the summer transfer roadmap. Hands tied by the financial &#039;Fair play&#039;, the club manages several alternatives\" \/>\n<meta name=\"robots\" content=\"index, follow, max-snippet:-1, max-image-preview:large, max-video-preview:-1\" \/>\n<link rel=\"canonical\" href=\"https:\/\/www.fcbarcelonanoticias.com\/en\/transfers\/right-backs-has-fc-barcelona-agenda_291774_102.html\" \/>\n<meta property=\"og:locale\" content=\"en_US\" \/>\n<meta property=\"og:type\" content=\"article\" \/>\n<meta property=\"og:title\" content=\"The right-backs that Bar\u00e7a have on their agenda\" \/>\n<meta property=\"og:description\" content=\"The right-back is one of the positions that generates the most debate in the sports management of FC Barcelona to plan the summer transfer roadmap. Hands tied by the financial &#039;Fair play&#039;, the club manages several alternatives\" \/>\n<meta property=\"og:url\" content=\"https:\/\/www.fcbarcelonanoticias.com\/en\/transfers\/right-backs-has-fc-barcelona-agenda_291774_102.html\" \/>\n<meta property=\"og:site_name\" content=\"EN - FC Barcelona Noticias\" \/>\n<meta property=\"article:published_time\" content=\"2023-04-23T09:47:00+00:00\" \/>\n<meta property=\"og:image\" content=\"https:\/\/www.fcbarcelonanoticias.com\/en\/wp-content\/uploads\/sites\/2\/2023\/04\/opciones-laterales-derechos-mercado.jpeg\" \/>\n\t<meta property=\"og:image:width\" content=\"1300\" \/>\n\t<meta property=\"og:image:height\" content=\"732\" \/>\n\t<meta property=\"og:image:type\" content=\"image\/jpeg\" \/>\n<meta name=\"author\" content=\"Andr\u00e9s Quiroz\" \/>\n<meta name=\"twitter:card\" content=\"summary_large_image\" \/>\n<meta name=\"twitter:label1\" content=\"Written by\" \/>\n\t<meta name=\"twitter:data1\" content=\"Andr\u00e9s Quiroz\" \/>\n\t<meta name=\"twitter:label2\" content=\"Est. reading time\" \/>\n\t<meta name=\"twitter:data2\" content=\"4 minutes\" \/>\n<script type=\"application\/ld+json\" class=\"yoast-schema-graph\">{\"@context\":\"https:\\\/\\\/schema.org\",\"@graph\":[{\"@type\":\"Article\",\"@id\":\"https:\\\/\\\/www.fcbarcelonanoticias.com\\\/en\\\/transfers\\\/right-backs-has-fc-barcelona-agenda_291774_102.html#article\",\"isPartOf\":{\"@id\":\"https:\\\/\\\/www.fcbarcelonanoticias.com\\\/en\\\/transfers\\\/right-backs-has-fc-barcelona-agenda_291774_102.html\"},\"author\":{\"name\":\"Andr\u00e9s Quiroz\",\"@id\":\"https:\\\/\\\/www.fcbarcelonanoticias.com\\\/en\\\/#\\\/schema\\\/person\\\/c2cd9f6fa1af5c0d0eccd0fefa575c88\"},\"headline\":\"The right-backs that Bar\u00e7a have on their agenda\",\"datePublished\":\"2023-04-23T09:47:00+00:00\",\"mainEntityOfPage\":{\"@id\":\"https:\\\/\\\/www.fcbarcelonanoticias.com\\\/en\\\/transfers\\\/right-backs-has-fc-barcelona-agenda_291774_102.html\"},\"wordCount\":725,\"image\":{\"@id\":\"https:\\\/\\\/www.fcbarcelonanoticias.com\\\/en\\\/transfers\\\/right-backs-has-fc-barcelona-agenda_291774_102.html#primaryimage\"},\"thumbnailUrl\":\"https:\\\/\\\/www.fcbarcelonanoticias.com\\\/en\\\/wp-content\\\/uploads\\\/sites\\\/2\\\/2023\\\/04\\\/opciones-laterales-derechos-mercado.jpeg\",\"keywords\":[\"Bayer Leverkusen\",\"Bayern Munich\",\"Benfica\",\"Borussia Dortmund\",\"Chelsea\",\"Juan Foyth\",\"Villarreal CF\"],\"articleSection\":[\"Transfers\",\"Transfers\"],\"inLanguage\":\"en-US\"},{\"@type\":\"WebPage\",\"@id\":\"https:\\\/\\\/www.fcbarcelonanoticias.com\\\/en\\\/transfers\\\/right-backs-has-fc-barcelona-agenda_291774_102.html\",\"url\":\"https:\\\/\\\/www.fcbarcelonanoticias.com\\\/en\\\/transfers\\\/right-backs-has-fc-barcelona-agenda_291774_102.html\",\"name\":\"The right-backs that Bar\u00e7a have on their agenda\",\"isPartOf\":{\"@id\":\"https:\\\/\\\/www.fcbarcelonanoticias.com\\\/en\\\/#website\"},\"primaryImageOfPage\":{\"@id\":\"https:\\\/\\\/www.fcbarcelonanoticias.com\\\/en\\\/transfers\\\/right-backs-has-fc-barcelona-agenda_291774_102.html#primaryimage\"},\"image\":{\"@id\":\"https:\\\/\\\/www.fcbarcelonanoticias.com\\\/en\\\/transfers\\\/right-backs-has-fc-barcelona-agenda_291774_102.html#primaryimage\"},\"thumbnailUrl\":\"https:\\\/\\\/www.fcbarcelonanoticias.com\\\/en\\\/wp-content\\\/uploads\\\/sites\\\/2\\\/2023\\\/04\\\/opciones-laterales-derechos-mercado.jpeg\",\"datePublished\":\"2023-04-23T09:47:00+00:00\",\"author\":{\"@id\":\"https:\\\/\\\/www.fcbarcelonanoticias.com\\\/en\\\/#\\\/schema\\\/person\\\/c2cd9f6fa1af5c0d0eccd0fefa575c88\"},\"description\":\"The right-back is one of the positions that generates the most debate in the sports management of FC Barcelona to plan the summer transfer roadmap. Hands tied by the financial 'Fair play', the club manages several alternatives\",\"breadcrumb\":{\"@id\":\"https:\\\/\\\/www.fcbarcelonanoticias.com\\\/en\\\/transfers\\\/right-backs-has-fc-barcelona-agenda_291774_102.html#breadcrumb\"},\"inLanguage\":\"en-US\",\"potentialAction\":[{\"@type\":\"ReadAction\",\"target\":[\"https:\\\/\\\/www.fcbarcelonanoticias.com\\\/en\\\/transfers\\\/right-backs-has-fc-barcelona-agenda_291774_102.html\"]}]},{\"@type\":\"ImageObject\",\"inLanguage\":\"en-US\",\"@id\":\"https:\\\/\\\/www.fcbarcelonanoticias.com\\\/en\\\/transfers\\\/right-backs-has-fc-barcelona-agenda_291774_102.html#primaryimage\",\"url\":\"https:\\\/\\\/www.fcbarcelonanoticias.com\\\/en\\\/wp-content\\\/uploads\\\/sites\\\/2\\\/2023\\\/04\\\/opciones-laterales-derechos-mercado.jpeg\",\"contentUrl\":\"https:\\\/\\\/www.fcbarcelonanoticias.com\\\/en\\\/wp-content\\\/uploads\\\/sites\\\/2\\\/2023\\\/04\\\/opciones-laterales-derechos-mercado.jpeg\",\"width\":1300,\"height\":732},{\"@type\":\"BreadcrumbList\",\"@id\":\"https:\\\/\\\/www.fcbarcelonanoticias.com\\\/en\\\/transfers\\\/right-backs-has-fc-barcelona-agenda_291774_102.html#breadcrumb\",\"itemListElement\":[{\"@type\":\"ListItem\",\"position\":1,\"name\":\"Portada\",\"item\":\"https:\\\/\\\/www.fcbarcelonanoticias.com\\\/en\\\/\"},{\"@type\":\"ListItem\",\"position\":2,\"name\":\"The right-backs that Bar\u00e7a have on their agenda\"}]},{\"@type\":\"WebSite\",\"@id\":\"https:\\\/\\\/www.fcbarcelonanoticias.com\\\/en\\\/#website\",\"url\":\"https:\\\/\\\/www.fcbarcelonanoticias.com\\\/en\\\/\",\"name\":\"EN - FC Barcelona Noticias\",\"description\":\"\",\"potentialAction\":[{\"@type\":\"SearchAction\",\"target\":{\"@type\":\"EntryPoint\",\"urlTemplate\":\"https:\\\/\\\/www.fcbarcelonanoticias.com\\\/en\\\/?s={search_term_string}\"},\"query-input\":{\"@type\":\"PropertyValueSpecification\",\"valueRequired\":true,\"valueName\":\"search_term_string\"}}],\"inLanguage\":\"en-US\"},{\"@type\":\"Person\",\"@id\":\"https:\\\/\\\/www.fcbarcelonanoticias.com\\\/en\\\/#\\\/schema\\\/person\\\/c2cd9f6fa1af5c0d0eccd0fefa575c88\",\"name\":\"Andr\u00e9s Quiroz\",\"image\":{\"@type\":\"ImageObject\",\"inLanguage\":\"en-US\",\"@id\":\"https:\\\/\\\/secure.gravatar.com\\\/avatar\\\/?s=96&d=mm&r=g\",\"url\":\"https:\\\/\\\/secure.gravatar.com\\\/avatar\\\/?s=96&d=mm&r=g\",\"contentUrl\":\"https:\\\/\\\/secure.gravatar.com\\\/avatar\\\/?s=96&d=mm&r=g\",\"caption\":\"Andr\u00e9s Quiroz\"},\"description\":\"Licenciado en Periodismo por la Universidad de los Andes. Me encargo de analizar y compartir los contenidos m\u00e1s destacados de la\u00a0actualidad del F\u00fatbol Club Barcelona, Mercado de Fichajes y F\u00fatbol Internacional en FCBN. La informaci\u00f3n es poder, pero tambi\u00e9n conocimiento.\",\"url\":\"https:\\\/\\\/www.fcbarcelonanoticias.com\\\/en\\\/fc-barcelona\\\/andres-quiroz_17_115.html\"}]}<\/script>\n<!-- \/ Yoast SEO plugin. -->","yoast_head_json":{"title":"The right-backs that Bar\u00e7a have on their agenda","description":"The right-back is one of the positions that generates the most debate in the sports management of FC Barcelona to plan the summer transfer roadmap. Hands tied by the financial 'Fair play', the club manages several alternatives","robots":{"index":"index","follow":"follow","max-snippet":"max-snippet:-1","max-image-preview":"max-image-preview:large","max-video-preview":"max-video-preview:-1"},"canonical":"https:\/\/www.fcbarcelonanoticias.com\/en\/transfers\/right-backs-has-fc-barcelona-agenda_291774_102.html","og_locale":"en_US","og_type":"article","og_title":"The right-backs that Bar\u00e7a have on their agenda","og_description":"The right-back is one of the positions that generates the most debate in the sports management of FC Barcelona to plan the summer transfer roadmap. Hands tied by the financial 'Fair play', the club manages several alternatives","og_url":"https:\/\/www.fcbarcelonanoticias.com\/en\/transfers\/right-backs-has-fc-barcelona-agenda_291774_102.html","og_site_name":"EN - FC Barcelona Noticias","article_published_time":"2023-04-23T09:47:00+00:00","og_image":[{"width":1300,"height":732,"url":"https:\/\/www.fcbarcelonanoticias.com\/en\/wp-content\/uploads\/sites\/2\/2023\/04\/opciones-laterales-derechos-mercado.jpeg","type":"image\/jpeg"}],"author":"Andr\u00e9s Quiroz","twitter_card":"summary_large_image","twitter_misc":{"Written by":"Andr\u00e9s Quiroz","Est. reading time":"4 minutes"},"schema":{"@context":"https:\/\/schema.org","@graph":[{"@type":"Article","@id":"https:\/\/www.fcbarcelonanoticias.com\/en\/transfers\/right-backs-has-fc-barcelona-agenda_291774_102.html#article","isPartOf":{"@id":"https:\/\/www.fcbarcelonanoticias.com\/en\/transfers\/right-backs-has-fc-barcelona-agenda_291774_102.html"},"author":{"name":"Andr\u00e9s Quiroz","@id":"https:\/\/www.fcbarcelonanoticias.com\/en\/#\/schema\/person\/c2cd9f6fa1af5c0d0eccd0fefa575c88"},"headline":"The right-backs that Bar\u00e7a have on their agenda","datePublished":"2023-04-23T09:47:00+00:00","mainEntityOfPage":{"@id":"https:\/\/www.fcbarcelonanoticias.com\/en\/transfers\/right-backs-has-fc-barcelona-agenda_291774_102.html"},"wordCount":725,"image":{"@id":"https:\/\/www.fcbarcelonanoticias.com\/en\/transfers\/right-backs-has-fc-barcelona-agenda_291774_102.html#primaryimage"},"thumbnailUrl":"https:\/\/www.fcbarcelonanoticias.com\/en\/wp-content\/uploads\/sites\/2\/2023\/04\/opciones-laterales-derechos-mercado.jpeg","keywords":["Bayer Leverkusen","Bayern Munich","Benfica","Borussia Dortmund","Chelsea","Juan Foyth","Villarreal CF"],"articleSection":["Transfers","Transfers"],"inLanguage":"en-US"},{"@type":"WebPage","@id":"https:\/\/www.fcbarcelonanoticias.com\/en\/transfers\/right-backs-has-fc-barcelona-agenda_291774_102.html","url":"https:\/\/www.fcbarcelonanoticias.com\/en\/transfers\/right-backs-has-fc-barcelona-agenda_291774_102.html","name":"The right-backs that Bar\u00e7a have on their agenda","isPartOf":{"@id":"https:\/\/www.fcbarcelonanoticias.com\/en\/#website"},"primaryImageOfPage":{"@id":"https:\/\/www.fcbarcelonanoticias.com\/en\/transfers\/right-backs-has-fc-barcelona-agenda_291774_102.html#primaryimage"},"image":{"@id":"https:\/\/www.fcbarcelonanoticias.com\/en\/transfers\/right-backs-has-fc-barcelona-agenda_291774_102.html#primaryimage"},"thumbnailUrl":"https:\/\/www.fcbarcelonanoticias.com\/en\/wp-content\/uploads\/sites\/2\/2023\/04\/opciones-laterales-derechos-mercado.jpeg","datePublished":"2023-04-23T09:47:00+00:00","author":{"@id":"https:\/\/www.fcbarcelonanoticias.com\/en\/#\/schema\/person\/c2cd9f6fa1af5c0d0eccd0fefa575c88"},"description":"The right-back is one of the positions that generates the most debate in the sports management of FC Barcelona to plan the summer transfer roadmap. Hands tied by the financial 'Fair play', the club manages several alternatives","breadcrumb":{"@id":"https:\/\/www.fcbarcelonanoticias.com\/en\/transfers\/right-backs-has-fc-barcelona-agenda_291774_102.html#breadcrumb"},"inLanguage":"en-US","potentialAction":[{"@type":"ReadAction","target":["https:\/\/www.fcbarcelonanoticias.com\/en\/transfers\/right-backs-has-fc-barcelona-agenda_291774_102.html"]}]},{"@type":"ImageObject","inLanguage":"en-US","@id":"https:\/\/www.fcbarcelonanoticias.com\/en\/transfers\/right-backs-has-fc-barcelona-agenda_291774_102.html#primaryimage","url":"https:\/\/www.fcbarcelonanoticias.com\/en\/wp-content\/uploads\/sites\/2\/2023\/04\/opciones-laterales-derechos-mercado.jpeg","contentUrl":"https:\/\/www.fcbarcelonanoticias.com\/en\/wp-content\/uploads\/sites\/2\/2023\/04\/opciones-laterales-derechos-mercado.jpeg","width":1300,"height":732},{"@type":"BreadcrumbList","@id":"https:\/\/www.fcbarcelonanoticias.com\/en\/transfers\/right-backs-has-fc-barcelona-agenda_291774_102.html#breadcrumb","itemListElement":[{"@type":"ListItem","position":1,"name":"Portada","item":"https:\/\/www.fcbarcelonanoticias.com\/en\/"},{"@type":"ListItem","position":2,"name":"The right-backs that Bar\u00e7a have on their agenda"}]},{"@type":"WebSite","@id":"https:\/\/www.fcbarcelonanoticias.com\/en\/#website","url":"https:\/\/www.fcbarcelonanoticias.com\/en\/","name":"EN - FC Barcelona Noticias","description":"","potentialAction":[{"@type":"SearchAction","target":{"@type":"EntryPoint","urlTemplate":"https:\/\/www.fcbarcelonanoticias.com\/en\/?s={search_term_string}"},"query-input":{"@type":"PropertyValueSpecification","valueRequired":true,"valueName":"search_term_string"}}],"inLanguage":"en-US"},{"@type":"Person","@id":"https:\/\/www.fcbarcelonanoticias.com\/en\/#\/schema\/person\/c2cd9f6fa1af5c0d0eccd0fefa575c88","name":"Andr\u00e9s Quiroz","image":{"@type":"ImageObject","inLanguage":"en-US","@id":"https:\/\/secure.gravatar.com\/avatar\/?s=96&d=mm&r=g","url":"https:\/\/secure.gravatar.com\/avatar\/?s=96&d=mm&r=g","contentUrl":"https:\/\/secure.gravatar.com\/avatar\/?s=96&d=mm&r=g","caption":"Andr\u00e9s Quiroz"},"description":"Licenciado en Periodismo por la Universidad de los Andes. Me encargo de analizar y compartir los contenidos m\u00e1s destacados de la\u00a0actualidad del F\u00fatbol Club Barcelona, Mercado de Fichajes y F\u00fatbol Internacional en FCBN. La informaci\u00f3n es poder, pero tambi\u00e9n conocimiento.","url":"https:\/\/www.fcbarcelonanoticias.com\/en\/fc-barcelona\/andres-quiroz_17_115.html"}]}},"_links":{"self":[{"href":"https:\/\/www.fcbarcelonanoticias.com\/en\/wp-json\/wp\/v2\/posts\/133435","targetHints":{"allow":["GET"]}}],"collection":[{"href":"https:\/\/www.fcbarcelonanoticias.com\/en\/wp-json\/wp\/v2\/posts"}],"about":[{"href":"https:\/\/www.fcbarcelonanoticias.com\/en\/wp-json\/wp\/v2\/types\/post"}],"author":[{"embeddable":true,"href":"https:\/\/www.fcbarcelonanoticias.com\/en\/wp-json\/wp\/v2\/users\/347"}],"replies":[{"embeddable":true,"href":"https:\/\/www.fcbarcelonanoticias.com\/en\/wp-json\/wp\/v2\/comments?post=133435"}],"version-history":[{"count":1,"href":"https:\/\/www.fcbarcelonanoticias.com\/en\/wp-json\/wp\/v2\/posts\/133435\/revisions"}],"predecessor-version":[{"id":153102,"href":"https:\/\/www.fcbarcelonanoticias.com\/en\/wp-json\/wp\/v2\/posts\/133435\/revisions\/153102"}],"wp:featuredmedia":[{"embeddable":true,"href":"https:\/\/www.fcbarcelonanoticias.com\/en\/wp-json\/wp\/v2\/media\/133438"}],"wp:attachment":[{"href":"https:\/\/www.fcbarcelonanoticias.com\/en\/wp-json\/wp\/v2\/media?parent=133435"}],"wp:term":[{"taxonomy":"category","embeddable":true,"href":"https:\/\/www.fcbarcelonanoticias.com\/en\/wp-json\/wp\/v2\/categories?post=133435"},{"taxonomy":"post_tag","embeddable":true,"href":"https:\/\/www.fcbarcelonanoticias.com\/en\/wp-json\/wp\/v2\/tags?post=133435"}],"curies":[{"name":"wp","href":"https:\/\/api.w.org\/{rel}","templated":true}]}}