{"id":133442,"date":"2024-02-01T18:54:00","date_gmt":"2024-02-01T17:54:00","guid":{"rendered":"https:\/\/weisetech.dev\/fc-barcelona-noticias\/en\/oriol-romeu-asked-to-go-out-of-the-barca-to-utima-hour_300464_102\/"},"modified":"2024-02-01T19:02:00","modified_gmt":"2024-02-01T18:02:00","slug":"oriol-romeu-asked-to-go-out-of-the-barca-to-utima-hour_300464_102","status":"publish","type":"post","link":"https:\/\/www.fcbarcelonanoticias.com\/en\/transfers\/oriol-romeu-asked-to-go-out-of-the-barca-to-utima-hour_300464_102.html","title":{"rendered":"Oriol Romeu asked to leave Bar\u00e7a at the last minute"},"content":{"rendered":"<h2 class=\"wp-block-heading\">According to recent information from Gerard Romero in &#8216;Jijantes&#8217;, Oriol Romeu tested his departure from FC Barcelona in the last few hours. The cul\u00e9s have opposed this possibility<\/h2>  \r\n<div class=\"article-addons\">\r\n    <a href=\"https:\/\/www.fcbarcelonanoticias.com\/en\/calendar-fc-barcelona.html\"\r\n       target=\"_self\"\r\n       title=\"Calendar of FC Barcelona\"\r\n       class=\"blue-gredient-btn\">\r\n       \r\n        Calendar of FC Barcelona    <\/a>\r\n<\/div>   <p>The <a data-external=\"0\" data-intl-links-en=\"https:\/\/www.fcbarcelonanoticias.com\/en\/fc-barcelona\" data-intl-links-es=\"https:\/\/www.fcbarcelonanoticias.com\/fc-barcelona\" href=\"https:\/\/www.fcbarcelonanoticias.com\/en\/football-soccer\/fc-barcelona.html\" rel=\"follow\" target=\"_self\" title=\"FC Barcelona\">FC Barcelona<\/a> has lived an austere market of wintry signings, without surprises, novelties neither movements further of the arrival of Vitor Roque, that was pactada from the past summer. The club has kept attentive to the negotiations by Lucas Bergvall, but <strong>further of this have opted for remaining &#8216;calm&#8217; in front of the economic difficulties and of Fair Play<\/strong>financial . There was not how face any operation, in spite of the numerous rumours.<\/p>  <p>In the section of exits, the dynamics has been almost identical: <strong>it could not think in the goodbye of a player because there was not form to substitute him and had to take in account that already the staff is very short. With the drops of Alejandro Balde and Gavi, more.<\/strong> The true is that the Bar\u00e7a did not pose , in any moment, the exit of any of his players, but Oriol Romeu would have touched the door of the club to analyse the possibility to go out.<\/p>  <h2>Twist of guion in the posture of Romeu<\/h2>  <p>To date, all the informations suggested that the midfield player of 32 years was not by the work to do his cases. In spite of it is not having all the opportunities that expected and that lost his role like indisputable in the plans of Xavi Hern\u00e1ndez, the player hab\u00ed\u00e1 showed a very firm posture: <strong>it Wanted to litigate by a place and be important, but his posture changed drastically in these last days of the month of January. <\/strong><\/p>  <p>As it informed the journalist Gerard Romero, in &#8216;Jijantes&#8217;, <strong>Romeu communicated to the Bar\u00e7a that it wanted to leave to the Girona to contest the second stretch of the season 2023\/2024<\/strong>, probably with the intention to recover the competitive rhythm and go back to be important in a team in which it already showed his best state of form in the past campaign. From the City Condal have denied of way rotunda: it does not be on sale, at least for now.<\/p>  <h2>The Bar\u00e7a closed the door to a moviento<\/h2>  <p>And it is that the Bar\u00e7a was not by the work to sell to any of his players, much less in the last day of the market of wintry signings and without time to look for a relief. They have closed the door to said opportunity, as they left him know to the footballer before leaving of the Ciutat Esportiva the Wednesday. <strong>In the middle of the crisis of injuries, can not allow another loss with half season with two titles at stake. <\/strong><\/p> ","protected":false},"excerpt":{"rendered":"<p>According to recent information from Gerard Romero in &#8216;Jijantes&#8217;, Oriol Romeu tested his departure from FC Barcelona in the last few hours. The cul\u00e9s have opposed this possibility The FC Barcelona has lived an austere market of wintry signings, without surprises, novelties neither movements further of the arrival of Vitor Roque, that was pactada from [&hellip;]<\/p>\n","protected":false},"author":0,"featured_media":133446,"comment_status":"closed","ping_status":"open","sticky":false,"template":"","format":"standard","meta":{"_acf_changed":false,"inline_featured_image":false,"_nextfly_llmd_date_locked":false,"footnotes":""},"categories":[106,449],"tags":[50,242],"class_list":["post-133442","post","type-post","status-publish","format-standard","has-post-thumbnail","hentry","category-transfers","category-transfers-2","tag-girona","tag-oriol-romeu"],"acf":[],"yoast_head":"<!-- This site is optimized with the Yoast SEO plugin v27.3 - https:\/\/yoast.com\/product\/yoast-seo-wordpress\/ -->\n<title>Oriol Romeu asked to go out of the Bar\u00e7a to \u00fatima hour<\/title>\n<meta name=\"description\" content=\"According to a recent information of Gerard Romero in &#039;Jijantes&#039;, Oriol Romeu tante\u00f3 his exit of the FC Barcelona in the last hours. The cul\u00e9s have opposite to said possibility\" \/>\n<meta name=\"robots\" content=\"index, follow, max-snippet:-1, max-image-preview:large, max-video-preview:-1\" \/>\n<link rel=\"canonical\" href=\"https:\/\/www.fcbarcelonanoticias.com\/en\/transfers\/oriol-romeu-asked-to-go-out-of-the-barca-to-utima-hour_300464_102.html\" \/>\n<meta property=\"og:locale\" content=\"en_US\" \/>\n<meta property=\"og:type\" content=\"article\" \/>\n<meta property=\"og:title\" content=\"Oriol Romeu asked to go out of the Bar\u00e7a to \u00fatima hour\" \/>\n<meta property=\"og:description\" content=\"According to a recent information of Gerard Romero in &#039;Jijantes&#039;, Oriol Romeu tante\u00f3 his exit of the FC Barcelona in the last hours. The cul\u00e9s have opposite to said possibility\" \/>\n<meta property=\"og:url\" content=\"https:\/\/www.fcbarcelonanoticias.com\/en\/transfers\/oriol-romeu-asked-to-go-out-of-the-barca-to-utima-hour_300464_102.html\" \/>\n<meta property=\"og:site_name\" content=\"EN - FC Barcelona Noticias\" \/>\n<meta property=\"article:published_time\" content=\"2024-02-01T17:54:00+00:00\" \/>\n<meta property=\"article:modified_time\" content=\"2024-02-01T18:02:00+00:00\" \/>\n<meta property=\"og:image\" content=\"https:\/\/www.fcbarcelonanoticias.com\/en\/wp-content\/uploads\/sites\/2\/2024\/02\/oriol-romeu-en-un-entrenamiento-del-fc-barcelona.jpeg\" \/>\n\t<meta property=\"og:image:width\" content=\"1200\" \/>\n\t<meta property=\"og:image:height\" content=\"675\" \/>\n\t<meta property=\"og:image:type\" content=\"image\/jpeg\" \/>\n<meta name=\"twitter:card\" content=\"summary_large_image\" \/>\n<meta name=\"twitter:label1\" content=\"Est. reading time\" \/>\n\t<meta name=\"twitter:data1\" content=\"2 minutes\" \/>\n<script type=\"application\/ld+json\" class=\"yoast-schema-graph\">{\"@context\":\"https:\\\/\\\/schema.org\",\"@graph\":[{\"@type\":\"Article\",\"@id\":\"https:\\\/\\\/www.fcbarcelonanoticias.com\\\/en\\\/transfers\\\/oriol-romeu-asked-to-go-out-of-the-barca-to-utima-hour_300464_102.html#article\",\"isPartOf\":{\"@id\":\"https:\\\/\\\/www.fcbarcelonanoticias.com\\\/en\\\/transfers\\\/oriol-romeu-asked-to-go-out-of-the-barca-to-utima-hour_300464_102.html\"},\"author\":{\"name\":\"\",\"@id\":\"\"},\"headline\":\"Oriol Romeu asked to leave Bar\u00e7a at the last minute\",\"datePublished\":\"2024-02-01T17:54:00+00:00\",\"dateModified\":\"2024-02-01T18:02:00+00:00\",\"mainEntityOfPage\":{\"@id\":\"https:\\\/\\\/www.fcbarcelonanoticias.com\\\/en\\\/transfers\\\/oriol-romeu-asked-to-go-out-of-the-barca-to-utima-hour_300464_102.html\"},\"wordCount\":464,\"image\":{\"@id\":\"https:\\\/\\\/www.fcbarcelonanoticias.com\\\/en\\\/transfers\\\/oriol-romeu-asked-to-go-out-of-the-barca-to-utima-hour_300464_102.html#primaryimage\"},\"thumbnailUrl\":\"https:\\\/\\\/www.fcbarcelonanoticias.com\\\/en\\\/wp-content\\\/uploads\\\/sites\\\/2\\\/2024\\\/02\\\/oriol-romeu-en-un-entrenamiento-del-fc-barcelona.jpeg\",\"keywords\":[\"Girona\",\"Oriol Romeu\"],\"articleSection\":[\"Transfers\",\"Transfers\"],\"inLanguage\":\"en-US\"},{\"@type\":\"WebPage\",\"@id\":\"https:\\\/\\\/www.fcbarcelonanoticias.com\\\/en\\\/transfers\\\/oriol-romeu-asked-to-go-out-of-the-barca-to-utima-hour_300464_102.html\",\"url\":\"https:\\\/\\\/www.fcbarcelonanoticias.com\\\/en\\\/transfers\\\/oriol-romeu-asked-to-go-out-of-the-barca-to-utima-hour_300464_102.html\",\"name\":\"Oriol Romeu asked to go out of the Bar\u00e7a to \u00fatima hour\",\"isPartOf\":{\"@id\":\"https:\\\/\\\/www.fcbarcelonanoticias.com\\\/en\\\/#website\"},\"primaryImageOfPage\":{\"@id\":\"https:\\\/\\\/www.fcbarcelonanoticias.com\\\/en\\\/transfers\\\/oriol-romeu-asked-to-go-out-of-the-barca-to-utima-hour_300464_102.html#primaryimage\"},\"image\":{\"@id\":\"https:\\\/\\\/www.fcbarcelonanoticias.com\\\/en\\\/transfers\\\/oriol-romeu-asked-to-go-out-of-the-barca-to-utima-hour_300464_102.html#primaryimage\"},\"thumbnailUrl\":\"https:\\\/\\\/www.fcbarcelonanoticias.com\\\/en\\\/wp-content\\\/uploads\\\/sites\\\/2\\\/2024\\\/02\\\/oriol-romeu-en-un-entrenamiento-del-fc-barcelona.jpeg\",\"datePublished\":\"2024-02-01T17:54:00+00:00\",\"dateModified\":\"2024-02-01T18:02:00+00:00\",\"author\":{\"@id\":\"\"},\"description\":\"According to a recent information of Gerard Romero in 'Jijantes', Oriol Romeu tante\u00f3 his exit of the FC Barcelona in the last hours. The cul\u00e9s have opposite to said possibility\",\"breadcrumb\":{\"@id\":\"https:\\\/\\\/www.fcbarcelonanoticias.com\\\/en\\\/transfers\\\/oriol-romeu-asked-to-go-out-of-the-barca-to-utima-hour_300464_102.html#breadcrumb\"},\"inLanguage\":\"en-US\",\"potentialAction\":[{\"@type\":\"ReadAction\",\"target\":[\"https:\\\/\\\/www.fcbarcelonanoticias.com\\\/en\\\/transfers\\\/oriol-romeu-asked-to-go-out-of-the-barca-to-utima-hour_300464_102.html\"]}]},{\"@type\":\"ImageObject\",\"inLanguage\":\"en-US\",\"@id\":\"https:\\\/\\\/www.fcbarcelonanoticias.com\\\/en\\\/transfers\\\/oriol-romeu-asked-to-go-out-of-the-barca-to-utima-hour_300464_102.html#primaryimage\",\"url\":\"https:\\\/\\\/www.fcbarcelonanoticias.com\\\/en\\\/wp-content\\\/uploads\\\/sites\\\/2\\\/2024\\\/02\\\/oriol-romeu-en-un-entrenamiento-del-fc-barcelona.jpeg\",\"contentUrl\":\"https:\\\/\\\/www.fcbarcelonanoticias.com\\\/en\\\/wp-content\\\/uploads\\\/sites\\\/2\\\/2024\\\/02\\\/oriol-romeu-en-un-entrenamiento-del-fc-barcelona.jpeg\",\"width\":1200,\"height\":675},{\"@type\":\"BreadcrumbList\",\"@id\":\"https:\\\/\\\/www.fcbarcelonanoticias.com\\\/en\\\/transfers\\\/oriol-romeu-asked-to-go-out-of-the-barca-to-utima-hour_300464_102.html#breadcrumb\",\"itemListElement\":[{\"@type\":\"ListItem\",\"position\":1,\"name\":\"Portada\",\"item\":\"https:\\\/\\\/www.fcbarcelonanoticias.com\\\/en\\\/\"},{\"@type\":\"ListItem\",\"position\":2,\"name\":\"Oriol Romeu asked to leave Bar\u00e7a at the last minute\"}]},{\"@type\":\"WebSite\",\"@id\":\"https:\\\/\\\/www.fcbarcelonanoticias.com\\\/en\\\/#website\",\"url\":\"https:\\\/\\\/www.fcbarcelonanoticias.com\\\/en\\\/\",\"name\":\"EN - FC Barcelona Noticias\",\"description\":\"\",\"potentialAction\":[{\"@type\":\"SearchAction\",\"target\":{\"@type\":\"EntryPoint\",\"urlTemplate\":\"https:\\\/\\\/www.fcbarcelonanoticias.com\\\/en\\\/?s={search_term_string}\"},\"query-input\":{\"@type\":\"PropertyValueSpecification\",\"valueRequired\":true,\"valueName\":\"search_term_string\"}}],\"inLanguage\":\"en-US\"}]}<\/script>\n<!-- \/ Yoast SEO plugin. -->","yoast_head_json":{"title":"Oriol Romeu asked to go out of the Bar\u00e7a to \u00fatima hour","description":"According to a recent information of Gerard Romero in 'Jijantes', Oriol Romeu tante\u00f3 his exit of the FC Barcelona in the last hours. The cul\u00e9s have opposite to said possibility","robots":{"index":"index","follow":"follow","max-snippet":"max-snippet:-1","max-image-preview":"max-image-preview:large","max-video-preview":"max-video-preview:-1"},"canonical":"https:\/\/www.fcbarcelonanoticias.com\/en\/transfers\/oriol-romeu-asked-to-go-out-of-the-barca-to-utima-hour_300464_102.html","og_locale":"en_US","og_type":"article","og_title":"Oriol Romeu asked to go out of the Bar\u00e7a to \u00fatima hour","og_description":"According to a recent information of Gerard Romero in 'Jijantes', Oriol Romeu tante\u00f3 his exit of the FC Barcelona in the last hours. The cul\u00e9s have opposite to said possibility","og_url":"https:\/\/www.fcbarcelonanoticias.com\/en\/transfers\/oriol-romeu-asked-to-go-out-of-the-barca-to-utima-hour_300464_102.html","og_site_name":"EN - FC Barcelona Noticias","article_published_time":"2024-02-01T17:54:00+00:00","article_modified_time":"2024-02-01T18:02:00+00:00","og_image":[{"width":1200,"height":675,"url":"https:\/\/www.fcbarcelonanoticias.com\/en\/wp-content\/uploads\/sites\/2\/2024\/02\/oriol-romeu-en-un-entrenamiento-del-fc-barcelona.jpeg","type":"image\/jpeg"}],"twitter_card":"summary_large_image","twitter_misc":{"Est. reading time":"2 minutes"},"schema":{"@context":"https:\/\/schema.org","@graph":[{"@type":"Article","@id":"https:\/\/www.fcbarcelonanoticias.com\/en\/transfers\/oriol-romeu-asked-to-go-out-of-the-barca-to-utima-hour_300464_102.html#article","isPartOf":{"@id":"https:\/\/www.fcbarcelonanoticias.com\/en\/transfers\/oriol-romeu-asked-to-go-out-of-the-barca-to-utima-hour_300464_102.html"},"author":{"name":"","@id":""},"headline":"Oriol Romeu asked to leave Bar\u00e7a at the last minute","datePublished":"2024-02-01T17:54:00+00:00","dateModified":"2024-02-01T18:02:00+00:00","mainEntityOfPage":{"@id":"https:\/\/www.fcbarcelonanoticias.com\/en\/transfers\/oriol-romeu-asked-to-go-out-of-the-barca-to-utima-hour_300464_102.html"},"wordCount":464,"image":{"@id":"https:\/\/www.fcbarcelonanoticias.com\/en\/transfers\/oriol-romeu-asked-to-go-out-of-the-barca-to-utima-hour_300464_102.html#primaryimage"},"thumbnailUrl":"https:\/\/www.fcbarcelonanoticias.com\/en\/wp-content\/uploads\/sites\/2\/2024\/02\/oriol-romeu-en-un-entrenamiento-del-fc-barcelona.jpeg","keywords":["Girona","Oriol Romeu"],"articleSection":["Transfers","Transfers"],"inLanguage":"en-US"},{"@type":"WebPage","@id":"https:\/\/www.fcbarcelonanoticias.com\/en\/transfers\/oriol-romeu-asked-to-go-out-of-the-barca-to-utima-hour_300464_102.html","url":"https:\/\/www.fcbarcelonanoticias.com\/en\/transfers\/oriol-romeu-asked-to-go-out-of-the-barca-to-utima-hour_300464_102.html","name":"Oriol Romeu asked to go out of the Bar\u00e7a to \u00fatima hour","isPartOf":{"@id":"https:\/\/www.fcbarcelonanoticias.com\/en\/#website"},"primaryImageOfPage":{"@id":"https:\/\/www.fcbarcelonanoticias.com\/en\/transfers\/oriol-romeu-asked-to-go-out-of-the-barca-to-utima-hour_300464_102.html#primaryimage"},"image":{"@id":"https:\/\/www.fcbarcelonanoticias.com\/en\/transfers\/oriol-romeu-asked-to-go-out-of-the-barca-to-utima-hour_300464_102.html#primaryimage"},"thumbnailUrl":"https:\/\/www.fcbarcelonanoticias.com\/en\/wp-content\/uploads\/sites\/2\/2024\/02\/oriol-romeu-en-un-entrenamiento-del-fc-barcelona.jpeg","datePublished":"2024-02-01T17:54:00+00:00","dateModified":"2024-02-01T18:02:00+00:00","author":{"@id":""},"description":"According to a recent information of Gerard Romero in 'Jijantes', Oriol Romeu tante\u00f3 his exit of the FC Barcelona in the last hours. The cul\u00e9s have opposite to said possibility","breadcrumb":{"@id":"https:\/\/www.fcbarcelonanoticias.com\/en\/transfers\/oriol-romeu-asked-to-go-out-of-the-barca-to-utima-hour_300464_102.html#breadcrumb"},"inLanguage":"en-US","potentialAction":[{"@type":"ReadAction","target":["https:\/\/www.fcbarcelonanoticias.com\/en\/transfers\/oriol-romeu-asked-to-go-out-of-the-barca-to-utima-hour_300464_102.html"]}]},{"@type":"ImageObject","inLanguage":"en-US","@id":"https:\/\/www.fcbarcelonanoticias.com\/en\/transfers\/oriol-romeu-asked-to-go-out-of-the-barca-to-utima-hour_300464_102.html#primaryimage","url":"https:\/\/www.fcbarcelonanoticias.com\/en\/wp-content\/uploads\/sites\/2\/2024\/02\/oriol-romeu-en-un-entrenamiento-del-fc-barcelona.jpeg","contentUrl":"https:\/\/www.fcbarcelonanoticias.com\/en\/wp-content\/uploads\/sites\/2\/2024\/02\/oriol-romeu-en-un-entrenamiento-del-fc-barcelona.jpeg","width":1200,"height":675},{"@type":"BreadcrumbList","@id":"https:\/\/www.fcbarcelonanoticias.com\/en\/transfers\/oriol-romeu-asked-to-go-out-of-the-barca-to-utima-hour_300464_102.html#breadcrumb","itemListElement":[{"@type":"ListItem","position":1,"name":"Portada","item":"https:\/\/www.fcbarcelonanoticias.com\/en\/"},{"@type":"ListItem","position":2,"name":"Oriol Romeu asked to leave Bar\u00e7a at the last minute"}]},{"@type":"WebSite","@id":"https:\/\/www.fcbarcelonanoticias.com\/en\/#website","url":"https:\/\/www.fcbarcelonanoticias.com\/en\/","name":"EN - FC Barcelona Noticias","description":"","potentialAction":[{"@type":"SearchAction","target":{"@type":"EntryPoint","urlTemplate":"https:\/\/www.fcbarcelonanoticias.com\/en\/?s={search_term_string}"},"query-input":{"@type":"PropertyValueSpecification","valueRequired":true,"valueName":"search_term_string"}}],"inLanguage":"en-US"}]}},"_links":{"self":[{"href":"https:\/\/www.fcbarcelonanoticias.com\/en\/wp-json\/wp\/v2\/posts\/133442","targetHints":{"allow":["GET"]}}],"collection":[{"href":"https:\/\/www.fcbarcelonanoticias.com\/en\/wp-json\/wp\/v2\/posts"}],"about":[{"href":"https:\/\/www.fcbarcelonanoticias.com\/en\/wp-json\/wp\/v2\/types\/post"}],"replies":[{"embeddable":true,"href":"https:\/\/www.fcbarcelonanoticias.com\/en\/wp-json\/wp\/v2\/comments?post=133442"}],"version-history":[{"count":1,"href":"https:\/\/www.fcbarcelonanoticias.com\/en\/wp-json\/wp\/v2\/posts\/133442\/revisions"}],"predecessor-version":[{"id":153901,"href":"https:\/\/www.fcbarcelonanoticias.com\/en\/wp-json\/wp\/v2\/posts\/133442\/revisions\/153901"}],"wp:featuredmedia":[{"embeddable":true,"href":"https:\/\/www.fcbarcelonanoticias.com\/en\/wp-json\/wp\/v2\/media\/133446"}],"wp:attachment":[{"href":"https:\/\/www.fcbarcelonanoticias.com\/en\/wp-json\/wp\/v2\/media?parent=133442"}],"wp:term":[{"taxonomy":"category","embeddable":true,"href":"https:\/\/www.fcbarcelonanoticias.com\/en\/wp-json\/wp\/v2\/categories?post=133442"},{"taxonomy":"post_tag","embeddable":true,"href":"https:\/\/www.fcbarcelonanoticias.com\/en\/wp-json\/wp\/v2\/tags?post=133442"}],"curies":[{"name":"wp","href":"https:\/\/api.w.org\/{rel}","templated":true}]}}