{"id":133597,"date":"2022-08-21T09:14:00","date_gmt":"2022-08-21T07:14:00","guid":{"rendered":"https:\/\/weisetech.dev\/fc-barcelona-noticias\/en\/memphis-depay-break-with-the-juve-and-the-barca-will-have-to-s_283469_102\/"},"modified":"2022-08-21T09:14:00","modified_gmt":"2022-08-21T07:14:00","slug":"memphis-depay-break-with-the-juve-and-the-barca-will-have-to-s_283469_102","status":"publish","type":"post","link":"https:\/\/www.fcbarcelonanoticias.com\/en\/transfers\/memphis-depay-break-with-the-juve-and-the-barca-will-have-to-s_283469_102.html","title":{"rendered":"Memphis Depay &#8216;breaks&#8217; with Juve and Bar\u00e7a will have to keep waiting"},"content":{"rendered":"<h2 class=\"wp-block-heading\">Sebastien Ledure, representative and lawyer of Memphis Depay, is in Italy to try to close the transfer of the striker from FC Barcelona to Juventus. However, the Dutchman&#8217;s economic aspirations continue to block the operation<\/h2>  \r\n<div class=\"article-addons\">\r\n    <a href=\"https:\/\/www.fcbarcelonanoticias.com\/en\/calendar-fc-barcelona.html\"\r\n       target=\"_self\"\r\n       title=\"Calendar of FC Barcelona\"\r\n       class=\"blue-gredient-btn\">\r\n       \r\n        Calendar of FC Barcelona    <\/a>\r\n<\/div>   <p>Memphis Depay Follows without resolving his signing by the Juventus. Although the <a data-external=\"0\" data-intl-links-en=\"https:\/\/www.fcbarcelonanoticias.com\/en\/transfers\/the-mallorca-possible-solution-of-last-hour-for-the-barc_283462_102.html\" data-intl-links-es=\"https:\/\/www.fcbarcelonanoticias.com\/fichajes\/mallorca-posible-solucion-ultima-hora-barcelona-con-braithwaite_283462_102.html\" href=\"https:\/\/www.fcbarcelonanoticias.com\/en\/transfers\/the-mallorca-possible-solution-of-last-hour-for-the-barc_283462_102.html\" rel=\"follow\" target=\"_self\" title=\"El Mallorca, posible soluci\u00f3n de \u00faltima hora para el Bar\u00e7a con Braithwaite\">FC Barcelona<\/a> already has agreed with the &#8216;Vecchia Signora&#8217; the rescission of the agreement of the forward so that it leave free, <strong>the Dutch still has not given his seen well to the emolumentos that will perceive for his traspaso to Tur\u00edn<\/strong>. It is as well as a negotiation that expected could close the Saturday could demorarse a few days more.<\/p>  <p>For the Bar\u00e7a, these are abysmal news, as unlike the exit of Samuel Umtiti, <strong>the course of Memphis if it represents reduction of mass salarial, with which expected try inscribe to Jules Kound\u00e9<\/strong> so that ingresara in the list of summoned for the crash in front of the Real Sociedad of the Sunday. In this sense, the permanence of the player tulip will do that the central remain out of the crash in Anoeta.<\/p>  <p><strong>In the case of Umtiti, his cession to the Lecce does not represent at all regarding the &#8216;fair play&#8217;<\/strong>, as the Bar\u00e7a will follow paying the wage of the French while it play in Italy. An exit that yes could unblock the registration of Kound\u00e9 is the one of <a data-external=\"0\" data-intl-links-en=\"https:\/\/www.fcbarcelonanoticias.com\/en\/transfers\/the-exit-of-aubameyang-of-the-barca-remains-paralysed_283468_102.html\" data-intl-links-es=\"https:\/\/www.fcbarcelonanoticias.com\/fichajes\/salida-aubameyang-barcelona-queda-paralizada_283468_102.html\" href=\"https:\/\/www.fcbarcelonanoticias.com\/en\/transfers\/the-exit-of-aubameyang-of-the-barca-remains-paralysed_283468_102.html\" rel=\"follow\" target=\"_self\" title=\"La salida de Aubameyang del Bar\u00e7a queda paralizada\">Pierre-Emercik Aubameyang<\/a>, but the negotiations with Chelsea still are far to resolve . By the contrary, Xavi has the gabon\u00e9s for the trip to San Sebasti\u00e1n, an expedition in which surely also will say present Depay.<\/p>  <h3>Memphis Asks more money to leave<\/h3>  <p>As it advanced &#8216;Sportive World&#8217;, <strong>the player of 28 years demands the wage differed of his first season in the Bar\u00e7a with some differences of some 2 million euros<\/strong>. The index card of the Dutch is of 4.6 &#8216;kilos&#8217; to the year and the Juve would offer him around 6M net by season, by which still there is not agreement between the parts. What yes is agreed is that the &#8216;bianconeros&#8217; will offer him two years of agreement more one optional.<\/p>  <p>To his time, <strong>&#8216;Tuttosport&#8217; confirmed that the Bar\u00e7a accepted to leave him leave free to Tur\u00edn forgiving the 5 &#8216;kilos&#8217; pending of the traspaso of <a data-external=\"0\" data-intl-links-en=\"https:\/\/www.fcbarcelonanoticias.com\/en\/transfers\/the-nice-would-be-posing-the-signing-of-miralem-pjanic_283429_102.html\" data-intl-links-es=\"https:\/\/www.fcbarcelonanoticias.com\/fichajes\/el-niza-se-estaria-planteando-fichaje-miralem-pjanic_283429_102.html\" href=\"https:\/\/www.fcbarcelonanoticias.com\/en\/transfers\/the-nice-would-be-posing-the-signing-of-miralem-pjanic_283429_102.html\" rel=\"follow\" target=\"_self\" title=\"\u00a1El Niza se estar\u00eda planteando el fichaje de Miralem Pjanic!\">Miralem Pjanic<\/a><\/strong>, with which the operation of the bosnio closed in 60M. In the meantime, Sebastien Ledure, representative and lawyer of Memphis, is in Italy expecting that his player accept the terms of the &#8216;Vecchia Signora&#8217;, club that already was near of ficharle in 2021 and where will have opportunity to be headline.<\/p> ","protected":false},"excerpt":{"rendered":"<p>Sebastien Ledure, representative and lawyer of Memphis Depay, is in Italy to try to close the transfer of the striker from FC Barcelona to Juventus. However, the Dutchman&#8217;s economic aspirations continue to block the operation Memphis Depay Follows without resolving his signing by the Juventus. Although the FC Barcelona already has agreed with the &#8216;Vecchia [&hellip;]<\/p>\n","protected":false},"author":347,"featured_media":133602,"comment_status":"closed","ping_status":"open","sticky":false,"template":"","format":"standard","meta":{"_acf_changed":false,"inline_featured_image":false,"_nextfly_llmd_date_locked":false,"footnotes":""},"categories":[106,449],"tags":[105,142],"class_list":["post-133597","post","type-post","status-publish","format-standard","has-post-thumbnail","hentry","category-transfers","category-transfers-2","tag-juventus","tag-memphis-depay"],"acf":[],"yoast_head":"<!-- This site is optimized with the Yoast SEO plugin v27.3 - https:\/\/yoast.com\/product\/yoast-seo-wordpress\/ -->\n<title>Memphis Depay &#039;breaks&#039; with Juve and Bar\u00e7a will have to keep waiting<\/title>\n<meta name=\"description\" content=\"Sebastien Ledure, representative and lawyer of Memphis Depay, is in Italy to try close the traspaso of the forward of the FC Barcelona to the Juventus. Without...\" \/>\n<meta name=\"robots\" content=\"index, follow, max-snippet:-1, max-image-preview:large, max-video-preview:-1\" \/>\n<link rel=\"canonical\" href=\"https:\/\/www.fcbarcelonanoticias.com\/en\/transfers\/memphis-depay-break-with-the-juve-and-the-barca-will-have-to-s_283469_102.html\" \/>\n<meta property=\"og:locale\" content=\"en_US\" \/>\n<meta property=\"og:type\" content=\"article\" \/>\n<meta property=\"og:title\" content=\"Memphis Depay &#039;breaks&#039; with Juve and Bar\u00e7a will have to keep waiting\" \/>\n<meta property=\"og:description\" content=\"Sebastien Ledure, representative and lawyer of Memphis Depay, is in Italy to try close the traspaso of the forward of the FC Barcelona to the Juventus. Without...\" \/>\n<meta property=\"og:url\" content=\"https:\/\/www.fcbarcelonanoticias.com\/en\/transfers\/memphis-depay-break-with-the-juve-and-the-barca-will-have-to-s_283469_102.html\" \/>\n<meta property=\"og:site_name\" content=\"EN - FC Barcelona Noticias\" \/>\n<meta property=\"article:published_time\" content=\"2022-08-21T07:14:00+00:00\" \/>\n<meta property=\"og:image\" content=\"https:\/\/www.fcbarcelonanoticias.com\/en\/wp-content\/uploads\/sites\/2\/2022\/08\/memphis-depay-paises-bajos.jpeg\" \/>\n\t<meta property=\"og:image:width\" content=\"1300\" \/>\n\t<meta property=\"og:image:height\" content=\"732\" \/>\n\t<meta property=\"og:image:type\" content=\"image\/jpeg\" \/>\n<meta name=\"author\" content=\"Andr\u00e9s Quiroz\" \/>\n<meta name=\"twitter:card\" content=\"summary_large_image\" \/>\n<meta name=\"twitter:label1\" content=\"Written by\" \/>\n\t<meta name=\"twitter:data1\" content=\"Andr\u00e9s Quiroz\" \/>\n\t<meta name=\"twitter:label2\" content=\"Est. reading time\" \/>\n\t<meta name=\"twitter:data2\" content=\"2 minutes\" \/>\n<script type=\"application\/ld+json\" class=\"yoast-schema-graph\">{\"@context\":\"https:\\\/\\\/schema.org\",\"@graph\":[{\"@type\":\"Article\",\"@id\":\"https:\\\/\\\/www.fcbarcelonanoticias.com\\\/en\\\/transfers\\\/memphis-depay-break-with-the-juve-and-the-barca-will-have-to-s_283469_102.html#article\",\"isPartOf\":{\"@id\":\"https:\\\/\\\/www.fcbarcelonanoticias.com\\\/en\\\/transfers\\\/memphis-depay-break-with-the-juve-and-the-barca-will-have-to-s_283469_102.html\"},\"author\":{\"name\":\"Andr\u00e9s Quiroz\",\"@id\":\"https:\\\/\\\/www.fcbarcelonanoticias.com\\\/en\\\/#\\\/schema\\\/person\\\/c2cd9f6fa1af5c0d0eccd0fefa575c88\"},\"headline\":\"Memphis Depay &#8216;breaks&#8217; with Juve and Bar\u00e7a will have to keep waiting\",\"datePublished\":\"2022-08-21T07:14:00+00:00\",\"mainEntityOfPage\":{\"@id\":\"https:\\\/\\\/www.fcbarcelonanoticias.com\\\/en\\\/transfers\\\/memphis-depay-break-with-the-juve-and-the-barca-will-have-to-s_283469_102.html\"},\"wordCount\":448,\"image\":{\"@id\":\"https:\\\/\\\/www.fcbarcelonanoticias.com\\\/en\\\/transfers\\\/memphis-depay-break-with-the-juve-and-the-barca-will-have-to-s_283469_102.html#primaryimage\"},\"thumbnailUrl\":\"https:\\\/\\\/www.fcbarcelonanoticias.com\\\/en\\\/wp-content\\\/uploads\\\/sites\\\/2\\\/2022\\\/08\\\/memphis-depay-paises-bajos.jpeg\",\"keywords\":[\"Juventus\",\"Memphis Depay\"],\"articleSection\":[\"Transfers\",\"Transfers\"],\"inLanguage\":\"en-US\"},{\"@type\":\"WebPage\",\"@id\":\"https:\\\/\\\/www.fcbarcelonanoticias.com\\\/en\\\/transfers\\\/memphis-depay-break-with-the-juve-and-the-barca-will-have-to-s_283469_102.html\",\"url\":\"https:\\\/\\\/www.fcbarcelonanoticias.com\\\/en\\\/transfers\\\/memphis-depay-break-with-the-juve-and-the-barca-will-have-to-s_283469_102.html\",\"name\":\"Memphis Depay 'breaks' with Juve and Bar\u00e7a will have to keep waiting\",\"isPartOf\":{\"@id\":\"https:\\\/\\\/www.fcbarcelonanoticias.com\\\/en\\\/#website\"},\"primaryImageOfPage\":{\"@id\":\"https:\\\/\\\/www.fcbarcelonanoticias.com\\\/en\\\/transfers\\\/memphis-depay-break-with-the-juve-and-the-barca-will-have-to-s_283469_102.html#primaryimage\"},\"image\":{\"@id\":\"https:\\\/\\\/www.fcbarcelonanoticias.com\\\/en\\\/transfers\\\/memphis-depay-break-with-the-juve-and-the-barca-will-have-to-s_283469_102.html#primaryimage\"},\"thumbnailUrl\":\"https:\\\/\\\/www.fcbarcelonanoticias.com\\\/en\\\/wp-content\\\/uploads\\\/sites\\\/2\\\/2022\\\/08\\\/memphis-depay-paises-bajos.jpeg\",\"datePublished\":\"2022-08-21T07:14:00+00:00\",\"author\":{\"@id\":\"https:\\\/\\\/www.fcbarcelonanoticias.com\\\/en\\\/#\\\/schema\\\/person\\\/c2cd9f6fa1af5c0d0eccd0fefa575c88\"},\"description\":\"Sebastien Ledure, representative and lawyer of Memphis Depay, is in Italy to try close the traspaso of the forward of the FC Barcelona to the Juventus. Without...\",\"breadcrumb\":{\"@id\":\"https:\\\/\\\/www.fcbarcelonanoticias.com\\\/en\\\/transfers\\\/memphis-depay-break-with-the-juve-and-the-barca-will-have-to-s_283469_102.html#breadcrumb\"},\"inLanguage\":\"en-US\",\"potentialAction\":[{\"@type\":\"ReadAction\",\"target\":[\"https:\\\/\\\/www.fcbarcelonanoticias.com\\\/en\\\/transfers\\\/memphis-depay-break-with-the-juve-and-the-barca-will-have-to-s_283469_102.html\"]}]},{\"@type\":\"ImageObject\",\"inLanguage\":\"en-US\",\"@id\":\"https:\\\/\\\/www.fcbarcelonanoticias.com\\\/en\\\/transfers\\\/memphis-depay-break-with-the-juve-and-the-barca-will-have-to-s_283469_102.html#primaryimage\",\"url\":\"https:\\\/\\\/www.fcbarcelonanoticias.com\\\/en\\\/wp-content\\\/uploads\\\/sites\\\/2\\\/2022\\\/08\\\/memphis-depay-paises-bajos.jpeg\",\"contentUrl\":\"https:\\\/\\\/www.fcbarcelonanoticias.com\\\/en\\\/wp-content\\\/uploads\\\/sites\\\/2\\\/2022\\\/08\\\/memphis-depay-paises-bajos.jpeg\",\"width\":1300,\"height\":732},{\"@type\":\"BreadcrumbList\",\"@id\":\"https:\\\/\\\/www.fcbarcelonanoticias.com\\\/en\\\/transfers\\\/memphis-depay-break-with-the-juve-and-the-barca-will-have-to-s_283469_102.html#breadcrumb\",\"itemListElement\":[{\"@type\":\"ListItem\",\"position\":1,\"name\":\"Portada\",\"item\":\"https:\\\/\\\/www.fcbarcelonanoticias.com\\\/en\\\/\"},{\"@type\":\"ListItem\",\"position\":2,\"name\":\"Memphis Depay &#8216;breaks&#8217; with Juve and Bar\u00e7a will have to keep waiting\"}]},{\"@type\":\"WebSite\",\"@id\":\"https:\\\/\\\/www.fcbarcelonanoticias.com\\\/en\\\/#website\",\"url\":\"https:\\\/\\\/www.fcbarcelonanoticias.com\\\/en\\\/\",\"name\":\"EN - FC Barcelona Noticias\",\"description\":\"\",\"potentialAction\":[{\"@type\":\"SearchAction\",\"target\":{\"@type\":\"EntryPoint\",\"urlTemplate\":\"https:\\\/\\\/www.fcbarcelonanoticias.com\\\/en\\\/?s={search_term_string}\"},\"query-input\":{\"@type\":\"PropertyValueSpecification\",\"valueRequired\":true,\"valueName\":\"search_term_string\"}}],\"inLanguage\":\"en-US\"},{\"@type\":\"Person\",\"@id\":\"https:\\\/\\\/www.fcbarcelonanoticias.com\\\/en\\\/#\\\/schema\\\/person\\\/c2cd9f6fa1af5c0d0eccd0fefa575c88\",\"name\":\"Andr\u00e9s Quiroz\",\"image\":{\"@type\":\"ImageObject\",\"inLanguage\":\"en-US\",\"@id\":\"https:\\\/\\\/secure.gravatar.com\\\/avatar\\\/?s=96&d=mm&r=g\",\"url\":\"https:\\\/\\\/secure.gravatar.com\\\/avatar\\\/?s=96&d=mm&r=g\",\"contentUrl\":\"https:\\\/\\\/secure.gravatar.com\\\/avatar\\\/?s=96&d=mm&r=g\",\"caption\":\"Andr\u00e9s Quiroz\"},\"description\":\"Licenciado en Periodismo por la Universidad de los Andes. Me encargo de analizar y compartir los contenidos m\u00e1s destacados de la\u00a0actualidad del F\u00fatbol Club Barcelona, Mercado de Fichajes y F\u00fatbol Internacional en FCBN. La informaci\u00f3n es poder, pero tambi\u00e9n conocimiento.\",\"url\":\"https:\\\/\\\/www.fcbarcelonanoticias.com\\\/en\\\/fc-barcelona\\\/andres-quiroz_17_115.html\"}]}<\/script>\n<!-- \/ Yoast SEO plugin. -->","yoast_head_json":{"title":"Memphis Depay 'breaks' with Juve and Bar\u00e7a will have to keep waiting","description":"Sebastien Ledure, representative and lawyer of Memphis Depay, is in Italy to try close the traspaso of the forward of the FC Barcelona to the Juventus. Without...","robots":{"index":"index","follow":"follow","max-snippet":"max-snippet:-1","max-image-preview":"max-image-preview:large","max-video-preview":"max-video-preview:-1"},"canonical":"https:\/\/www.fcbarcelonanoticias.com\/en\/transfers\/memphis-depay-break-with-the-juve-and-the-barca-will-have-to-s_283469_102.html","og_locale":"en_US","og_type":"article","og_title":"Memphis Depay 'breaks' with Juve and Bar\u00e7a will have to keep waiting","og_description":"Sebastien Ledure, representative and lawyer of Memphis Depay, is in Italy to try close the traspaso of the forward of the FC Barcelona to the Juventus. Without...","og_url":"https:\/\/www.fcbarcelonanoticias.com\/en\/transfers\/memphis-depay-break-with-the-juve-and-the-barca-will-have-to-s_283469_102.html","og_site_name":"EN - FC Barcelona Noticias","article_published_time":"2022-08-21T07:14:00+00:00","og_image":[{"width":1300,"height":732,"url":"https:\/\/www.fcbarcelonanoticias.com\/en\/wp-content\/uploads\/sites\/2\/2022\/08\/memphis-depay-paises-bajos.jpeg","type":"image\/jpeg"}],"author":"Andr\u00e9s Quiroz","twitter_card":"summary_large_image","twitter_misc":{"Written by":"Andr\u00e9s Quiroz","Est. reading time":"2 minutes"},"schema":{"@context":"https:\/\/schema.org","@graph":[{"@type":"Article","@id":"https:\/\/www.fcbarcelonanoticias.com\/en\/transfers\/memphis-depay-break-with-the-juve-and-the-barca-will-have-to-s_283469_102.html#article","isPartOf":{"@id":"https:\/\/www.fcbarcelonanoticias.com\/en\/transfers\/memphis-depay-break-with-the-juve-and-the-barca-will-have-to-s_283469_102.html"},"author":{"name":"Andr\u00e9s Quiroz","@id":"https:\/\/www.fcbarcelonanoticias.com\/en\/#\/schema\/person\/c2cd9f6fa1af5c0d0eccd0fefa575c88"},"headline":"Memphis Depay &#8216;breaks&#8217; with Juve and Bar\u00e7a will have to keep waiting","datePublished":"2022-08-21T07:14:00+00:00","mainEntityOfPage":{"@id":"https:\/\/www.fcbarcelonanoticias.com\/en\/transfers\/memphis-depay-break-with-the-juve-and-the-barca-will-have-to-s_283469_102.html"},"wordCount":448,"image":{"@id":"https:\/\/www.fcbarcelonanoticias.com\/en\/transfers\/memphis-depay-break-with-the-juve-and-the-barca-will-have-to-s_283469_102.html#primaryimage"},"thumbnailUrl":"https:\/\/www.fcbarcelonanoticias.com\/en\/wp-content\/uploads\/sites\/2\/2022\/08\/memphis-depay-paises-bajos.jpeg","keywords":["Juventus","Memphis Depay"],"articleSection":["Transfers","Transfers"],"inLanguage":"en-US"},{"@type":"WebPage","@id":"https:\/\/www.fcbarcelonanoticias.com\/en\/transfers\/memphis-depay-break-with-the-juve-and-the-barca-will-have-to-s_283469_102.html","url":"https:\/\/www.fcbarcelonanoticias.com\/en\/transfers\/memphis-depay-break-with-the-juve-and-the-barca-will-have-to-s_283469_102.html","name":"Memphis Depay 'breaks' with Juve and Bar\u00e7a will have to keep waiting","isPartOf":{"@id":"https:\/\/www.fcbarcelonanoticias.com\/en\/#website"},"primaryImageOfPage":{"@id":"https:\/\/www.fcbarcelonanoticias.com\/en\/transfers\/memphis-depay-break-with-the-juve-and-the-barca-will-have-to-s_283469_102.html#primaryimage"},"image":{"@id":"https:\/\/www.fcbarcelonanoticias.com\/en\/transfers\/memphis-depay-break-with-the-juve-and-the-barca-will-have-to-s_283469_102.html#primaryimage"},"thumbnailUrl":"https:\/\/www.fcbarcelonanoticias.com\/en\/wp-content\/uploads\/sites\/2\/2022\/08\/memphis-depay-paises-bajos.jpeg","datePublished":"2022-08-21T07:14:00+00:00","author":{"@id":"https:\/\/www.fcbarcelonanoticias.com\/en\/#\/schema\/person\/c2cd9f6fa1af5c0d0eccd0fefa575c88"},"description":"Sebastien Ledure, representative and lawyer of Memphis Depay, is in Italy to try close the traspaso of the forward of the FC Barcelona to the Juventus. Without...","breadcrumb":{"@id":"https:\/\/www.fcbarcelonanoticias.com\/en\/transfers\/memphis-depay-break-with-the-juve-and-the-barca-will-have-to-s_283469_102.html#breadcrumb"},"inLanguage":"en-US","potentialAction":[{"@type":"ReadAction","target":["https:\/\/www.fcbarcelonanoticias.com\/en\/transfers\/memphis-depay-break-with-the-juve-and-the-barca-will-have-to-s_283469_102.html"]}]},{"@type":"ImageObject","inLanguage":"en-US","@id":"https:\/\/www.fcbarcelonanoticias.com\/en\/transfers\/memphis-depay-break-with-the-juve-and-the-barca-will-have-to-s_283469_102.html#primaryimage","url":"https:\/\/www.fcbarcelonanoticias.com\/en\/wp-content\/uploads\/sites\/2\/2022\/08\/memphis-depay-paises-bajos.jpeg","contentUrl":"https:\/\/www.fcbarcelonanoticias.com\/en\/wp-content\/uploads\/sites\/2\/2022\/08\/memphis-depay-paises-bajos.jpeg","width":1300,"height":732},{"@type":"BreadcrumbList","@id":"https:\/\/www.fcbarcelonanoticias.com\/en\/transfers\/memphis-depay-break-with-the-juve-and-the-barca-will-have-to-s_283469_102.html#breadcrumb","itemListElement":[{"@type":"ListItem","position":1,"name":"Portada","item":"https:\/\/www.fcbarcelonanoticias.com\/en\/"},{"@type":"ListItem","position":2,"name":"Memphis Depay &#8216;breaks&#8217; with Juve and Bar\u00e7a will have to keep waiting"}]},{"@type":"WebSite","@id":"https:\/\/www.fcbarcelonanoticias.com\/en\/#website","url":"https:\/\/www.fcbarcelonanoticias.com\/en\/","name":"EN - FC Barcelona Noticias","description":"","potentialAction":[{"@type":"SearchAction","target":{"@type":"EntryPoint","urlTemplate":"https:\/\/www.fcbarcelonanoticias.com\/en\/?s={search_term_string}"},"query-input":{"@type":"PropertyValueSpecification","valueRequired":true,"valueName":"search_term_string"}}],"inLanguage":"en-US"},{"@type":"Person","@id":"https:\/\/www.fcbarcelonanoticias.com\/en\/#\/schema\/person\/c2cd9f6fa1af5c0d0eccd0fefa575c88","name":"Andr\u00e9s Quiroz","image":{"@type":"ImageObject","inLanguage":"en-US","@id":"https:\/\/secure.gravatar.com\/avatar\/?s=96&d=mm&r=g","url":"https:\/\/secure.gravatar.com\/avatar\/?s=96&d=mm&r=g","contentUrl":"https:\/\/secure.gravatar.com\/avatar\/?s=96&d=mm&r=g","caption":"Andr\u00e9s Quiroz"},"description":"Licenciado en Periodismo por la Universidad de los Andes. Me encargo de analizar y compartir los contenidos m\u00e1s destacados de la\u00a0actualidad del F\u00fatbol Club Barcelona, Mercado de Fichajes y F\u00fatbol Internacional en FCBN. La informaci\u00f3n es poder, pero tambi\u00e9n conocimiento.","url":"https:\/\/www.fcbarcelonanoticias.com\/en\/fc-barcelona\/andres-quiroz_17_115.html"}]}},"_links":{"self":[{"href":"https:\/\/www.fcbarcelonanoticias.com\/en\/wp-json\/wp\/v2\/posts\/133597","targetHints":{"allow":["GET"]}}],"collection":[{"href":"https:\/\/www.fcbarcelonanoticias.com\/en\/wp-json\/wp\/v2\/posts"}],"about":[{"href":"https:\/\/www.fcbarcelonanoticias.com\/en\/wp-json\/wp\/v2\/types\/post"}],"author":[{"embeddable":true,"href":"https:\/\/www.fcbarcelonanoticias.com\/en\/wp-json\/wp\/v2\/users\/347"}],"replies":[{"embeddable":true,"href":"https:\/\/www.fcbarcelonanoticias.com\/en\/wp-json\/wp\/v2\/comments?post=133597"}],"version-history":[{"count":1,"href":"https:\/\/www.fcbarcelonanoticias.com\/en\/wp-json\/wp\/v2\/posts\/133597\/revisions"}],"predecessor-version":[{"id":153275,"href":"https:\/\/www.fcbarcelonanoticias.com\/en\/wp-json\/wp\/v2\/posts\/133597\/revisions\/153275"}],"wp:featuredmedia":[{"embeddable":true,"href":"https:\/\/www.fcbarcelonanoticias.com\/en\/wp-json\/wp\/v2\/media\/133602"}],"wp:attachment":[{"href":"https:\/\/www.fcbarcelonanoticias.com\/en\/wp-json\/wp\/v2\/media?parent=133597"}],"wp:term":[{"taxonomy":"category","embeddable":true,"href":"https:\/\/www.fcbarcelonanoticias.com\/en\/wp-json\/wp\/v2\/categories?post=133597"},{"taxonomy":"post_tag","embeddable":true,"href":"https:\/\/www.fcbarcelonanoticias.com\/en\/wp-json\/wp\/v2\/tags?post=133597"}],"curies":[{"name":"wp","href":"https:\/\/api.w.org\/{rel}","templated":true}]}}