{"id":133682,"date":"2024-01-12T15:45:00","date_gmt":"2024-01-12T14:45:00","guid":{"rendered":"https:\/\/weisetech.dev\/fc-barcelona-noticias\/en\/meeting-in-arabia-of-laporta-xavi-and-deco-in-key-market_299836_102\/"},"modified":"2024-01-12T21:08:00","modified_gmt":"2024-01-12T20:08:00","slug":"meeting-in-arabia-of-laporta-xavi-and-deco-in-key-market_299836_102","status":"publish","type":"post","link":"https:\/\/www.fcbarcelonanoticias.com\/en\/transfers\/meeting-in-arabia-of-laporta-xavi-and-deco-in-key-market_299836_102.html","title":{"rendered":"Meeting in Arabia of Laporta, Xavi and Deco in key market"},"content":{"rendered":"<h2 class=\"wp-block-heading\">Joan Laporta, Xavi and Deco held a meeting this Friday to discuss the possible signing of a midfielder in this January market. The cul\u00e9s are working on the sale of Bar\u00e7a Studios and need to achieve it to qualify for reinforcement<\/h2>  \r\n<div class=\"article-addons\">\r\n    <a href=\"https:\/\/www.fcbarcelonanoticias.com\/en\/calendar-fc-barcelona.html\"\r\n       target=\"_self\"\r\n       title=\"Calendar of FC Barcelona\"\r\n       class=\"blue-gredient-btn\">\r\n       \r\n        Calendar of FC Barcelona    <\/a>\r\n<\/div>   <p><strong>The FC Barcelona is doing numbers from does months to be able to fichar to a midfield player in this month of January<\/strong>. The injury of long length of Gavi trastoc\u00f3 the plans of the cul\u00e9s, that in principle went to conform with trying advance the arrival of Vitor Roque. At the end, the &#8216;KO&#8217; of the mediocampista Andalusian allowed the registration of the Brazilian, but his low &#8216;force&#8217; to Xavi Hern\u00e1ndez to ask another half.<\/p>  <p>The trainer barcelonista is insisting a lot so that the managerial bring him another player to reinforce the centre of the field, but for the moment is not having luck. <strong>The non-payment by part of Free of the 40 million euros of Bar\u00e7a Studios has done that the Barcelona have to look for another buyer<\/strong> for ingresar this &#8216;crowbar&#8217;. For now, it has not found to anybody that pay and is therefore by what the signing of the wished mediocentro are still in &#8216;stand by&#8217;.<\/p>  <p>Thus, taking advantage of that they are all in Saudi Arabia by the Supercopa of Spain, Joan Laporta, Deco and Xavi have gathered to chat on the subject, as it aims &#8216;SPORT&#8217;. It seems that <strong>from the entity has insisted it to him to the Catalan trainer that is working of tireless form to attain the aim<\/strong>, but that until the moment there have not been advances. In the Barcelona thinks that next week it could approach the wished sale of Bar\u00e7a Studios, but does not give at all by fact.<\/p>  <h2>Means that have sounded for the Bar\u00e7a<\/h2>  <p><strong><a data-external=\"0\" data-intl-links-en=\"https:\/\/www.fcbarcelonanoticias.com\/en\/transfers\/girona-confirms-how-much-barca-will-have-to-pay-to-sign-aleix-garcia_299772_102.html\" data-intl-links-es=\"https:\/\/www.fcbarcelonanoticias.com\/fichajes\/girona-confirma-cuanto-debera-pagar-barca-fichar-aleix-garcia_299772_102.html\" href=\"https:\/\/www.fcbarcelonanoticias.com\/en\/transfers\/girona-confirms-how-much-barca-will-have-to-pay-to-sign-aleix-garcia_299772_102.html\" rel=\"follow\" target=\"_self\" title=\"El Girona confirma cu\u00e1nto deber\u00e1 pagar el Bar\u00e7a para fichar a Aleix Garc\u00eda\">Aleix Garc\u00eda is the midfield player of the that more has spoken of face to this wintry market<\/a><\/strong>. The one of the Girona likes a lot to the technician barcelonista and fits to perfection in his idea of game. It is pivote, but has quality and dynamism to play in a double mediocentro or even like interior, something that the one of Terrassa values very positively, since as &#8216;5&#8217; pure has already to Oriol Romeu, that does not convince of the everything.<\/p>  <p><strong>In the club seems that it opts by a more physical profile<\/strong> that the one of Aleix, <strong><a data-external=\"0\" data-intl-links-en=\"https:\/\/www.fcbarcelonanoticias.com\/en\/transfers\/like-this-it-plays-amadou-onana-the-pivote-that-would-want-the-barca-in-2024_299255_102.html\" data-intl-links-es=\"https:\/\/www.fcbarcelonanoticias.com\/fichajes\/juega-amadou-onana-pivote-querria-barca-en-2024_299255_102.html\" href=\"https:\/\/www.fcbarcelonanoticias.com\/en\/transfers\/like-this-it-plays-amadou-onana-the-pivote-that-would-want-the-barca-in-2024_299255_102.html\" rel=\"follow\" target=\"_self\" title=\"FICHAJES: As\u00ed juega Amadou Onana, el pivote que querr\u00eda el Bar\u00e7a en 2024\">speaking of footballers like Onana, of the Everton<\/a><\/strong>. In the Bar\u00e7a thinks that to the team does him fault a strong player, dynamic, with good technical and that contribution more gone and turn. This arrival, clear is, will be more expensive that the one of the &#8216;giron\u00ed&#8217;, that could cost at most 20 million euros, that say that it is his clause of rescission.<\/p> ","protected":false},"excerpt":{"rendered":"<p>Joan Laporta, Xavi and Deco held a meeting this Friday to discuss the possible signing of a midfielder in this January market. The cul\u00e9s are working on the sale of Bar\u00e7a Studios and need to achieve it to qualify for reinforcement The FC Barcelona is doing numbers from does months to be able to fichar [&hellip;]<\/p>\n","protected":false},"author":359,"featured_media":133687,"comment_status":"closed","ping_status":"open","sticky":false,"template":"","format":"standard","meta":{"_acf_changed":false,"inline_featured_image":false,"_nextfly_llmd_date_locked":false,"footnotes":""},"categories":[106,449],"tags":[335,158,48],"class_list":["post-133682","post","type-post","status-publish","format-standard","has-post-thumbnail","hentry","category-transfers","category-transfers-2","tag-deco","tag-joan-laporta","tag-xavi-hernandez"],"acf":[],"yoast_head":"<!-- This site is optimized with the Yoast SEO plugin v27.3 - https:\/\/yoast.com\/product\/yoast-seo-wordpress\/ -->\n<title>Meeting in Arabia of Laporta, Xavi and Deco in key market<\/title>\n<meta name=\"description\" content=\"Joan Laporta, Xavi and Deco kept this Friday a meeting to speak of the possible signing of a midfield player in this market of January. The cul\u00e9s work in the sale of Bar\u00e7a Studios and need to achieve it to opt to the reinforcement\" \/>\n<meta name=\"robots\" content=\"index, follow, max-snippet:-1, max-image-preview:large, max-video-preview:-1\" \/>\n<link rel=\"canonical\" href=\"https:\/\/www.fcbarcelonanoticias.com\/en\/transfers\/meeting-in-arabia-of-laporta-xavi-and-deco-in-key-market_299836_102.html\" \/>\n<meta property=\"og:locale\" content=\"en_US\" \/>\n<meta property=\"og:type\" content=\"article\" \/>\n<meta property=\"og:title\" content=\"Meeting in Arabia of Laporta, Xavi and Deco in key market\" \/>\n<meta property=\"og:description\" content=\"Joan Laporta, Xavi and Deco kept this Friday a meeting to speak of the possible signing of a midfield player in this market of January. The cul\u00e9s work in the sale of Bar\u00e7a Studios and need to achieve it to opt to the reinforcement\" \/>\n<meta property=\"og:url\" content=\"https:\/\/www.fcbarcelonanoticias.com\/en\/transfers\/meeting-in-arabia-of-laporta-xavi-and-deco-in-key-market_299836_102.html\" \/>\n<meta property=\"og:site_name\" content=\"EN - FC Barcelona Noticias\" \/>\n<meta property=\"article:published_time\" content=\"2024-01-12T14:45:00+00:00\" \/>\n<meta property=\"article:modified_time\" content=\"2024-01-12T20:08:00+00:00\" \/>\n<meta property=\"og:image\" content=\"https:\/\/www.fcbarcelonanoticias.com\/en\/wp-content\/uploads\/sites\/2\/2024\/01\/laporta-xavi-cumbre-1.jpeg\" \/>\n\t<meta property=\"og:image:width\" content=\"1300\" \/>\n\t<meta property=\"og:image:height\" content=\"732\" \/>\n\t<meta property=\"og:image:type\" content=\"image\/jpeg\" \/>\n<meta name=\"author\" content=\"Eduardo Mart\u00edn Santos\" \/>\n<meta name=\"twitter:card\" content=\"summary_large_image\" \/>\n<meta name=\"twitter:label1\" content=\"Written by\" \/>\n\t<meta name=\"twitter:data1\" content=\"Eduardo Mart\u00edn Santos\" \/>\n\t<meta name=\"twitter:label2\" content=\"Est. reading time\" \/>\n\t<meta name=\"twitter:data2\" content=\"2 minutes\" \/>\n<script type=\"application\/ld+json\" class=\"yoast-schema-graph\">{\"@context\":\"https:\\\/\\\/schema.org\",\"@graph\":[{\"@type\":\"Article\",\"@id\":\"https:\\\/\\\/www.fcbarcelonanoticias.com\\\/en\\\/transfers\\\/meeting-in-arabia-of-laporta-xavi-and-deco-in-key-market_299836_102.html#article\",\"isPartOf\":{\"@id\":\"https:\\\/\\\/www.fcbarcelonanoticias.com\\\/en\\\/transfers\\\/meeting-in-arabia-of-laporta-xavi-and-deco-in-key-market_299836_102.html\"},\"author\":{\"name\":\"Eduardo Mart\u00edn Santos\",\"@id\":\"https:\\\/\\\/www.fcbarcelonanoticias.com\\\/en\\\/#\\\/schema\\\/person\\\/4bdbc782ba6060d3f7005b61e97fb753\"},\"headline\":\"Meeting in Arabia of Laporta, Xavi and Deco in key market\",\"datePublished\":\"2024-01-12T14:45:00+00:00\",\"dateModified\":\"2024-01-12T20:08:00+00:00\",\"mainEntityOfPage\":{\"@id\":\"https:\\\/\\\/www.fcbarcelonanoticias.com\\\/en\\\/transfers\\\/meeting-in-arabia-of-laporta-xavi-and-deco-in-key-market_299836_102.html\"},\"wordCount\":480,\"image\":{\"@id\":\"https:\\\/\\\/www.fcbarcelonanoticias.com\\\/en\\\/transfers\\\/meeting-in-arabia-of-laporta-xavi-and-deco-in-key-market_299836_102.html#primaryimage\"},\"thumbnailUrl\":\"https:\\\/\\\/www.fcbarcelonanoticias.com\\\/en\\\/wp-content\\\/uploads\\\/sites\\\/2\\\/2024\\\/01\\\/laporta-xavi-cumbre-1.jpeg\",\"keywords\":[\"Deco\",\"Joan Laporta\",\"Xavi Hern\u00e1ndez\"],\"articleSection\":[\"Transfers\",\"Transfers\"],\"inLanguage\":\"en-US\"},{\"@type\":\"WebPage\",\"@id\":\"https:\\\/\\\/www.fcbarcelonanoticias.com\\\/en\\\/transfers\\\/meeting-in-arabia-of-laporta-xavi-and-deco-in-key-market_299836_102.html\",\"url\":\"https:\\\/\\\/www.fcbarcelonanoticias.com\\\/en\\\/transfers\\\/meeting-in-arabia-of-laporta-xavi-and-deco-in-key-market_299836_102.html\",\"name\":\"Meeting in Arabia of Laporta, Xavi and Deco in key market\",\"isPartOf\":{\"@id\":\"https:\\\/\\\/www.fcbarcelonanoticias.com\\\/en\\\/#website\"},\"primaryImageOfPage\":{\"@id\":\"https:\\\/\\\/www.fcbarcelonanoticias.com\\\/en\\\/transfers\\\/meeting-in-arabia-of-laporta-xavi-and-deco-in-key-market_299836_102.html#primaryimage\"},\"image\":{\"@id\":\"https:\\\/\\\/www.fcbarcelonanoticias.com\\\/en\\\/transfers\\\/meeting-in-arabia-of-laporta-xavi-and-deco-in-key-market_299836_102.html#primaryimage\"},\"thumbnailUrl\":\"https:\\\/\\\/www.fcbarcelonanoticias.com\\\/en\\\/wp-content\\\/uploads\\\/sites\\\/2\\\/2024\\\/01\\\/laporta-xavi-cumbre-1.jpeg\",\"datePublished\":\"2024-01-12T14:45:00+00:00\",\"dateModified\":\"2024-01-12T20:08:00+00:00\",\"author\":{\"@id\":\"https:\\\/\\\/www.fcbarcelonanoticias.com\\\/en\\\/#\\\/schema\\\/person\\\/4bdbc782ba6060d3f7005b61e97fb753\"},\"description\":\"Joan Laporta, Xavi and Deco kept this Friday a meeting to speak of the possible signing of a midfield player in this market of January. The cul\u00e9s work in the sale of Bar\u00e7a Studios and need to achieve it to opt to the reinforcement\",\"breadcrumb\":{\"@id\":\"https:\\\/\\\/www.fcbarcelonanoticias.com\\\/en\\\/transfers\\\/meeting-in-arabia-of-laporta-xavi-and-deco-in-key-market_299836_102.html#breadcrumb\"},\"inLanguage\":\"en-US\",\"potentialAction\":[{\"@type\":\"ReadAction\",\"target\":[\"https:\\\/\\\/www.fcbarcelonanoticias.com\\\/en\\\/transfers\\\/meeting-in-arabia-of-laporta-xavi-and-deco-in-key-market_299836_102.html\"]}]},{\"@type\":\"ImageObject\",\"inLanguage\":\"en-US\",\"@id\":\"https:\\\/\\\/www.fcbarcelonanoticias.com\\\/en\\\/transfers\\\/meeting-in-arabia-of-laporta-xavi-and-deco-in-key-market_299836_102.html#primaryimage\",\"url\":\"https:\\\/\\\/www.fcbarcelonanoticias.com\\\/en\\\/wp-content\\\/uploads\\\/sites\\\/2\\\/2024\\\/01\\\/laporta-xavi-cumbre-1.jpeg\",\"contentUrl\":\"https:\\\/\\\/www.fcbarcelonanoticias.com\\\/en\\\/wp-content\\\/uploads\\\/sites\\\/2\\\/2024\\\/01\\\/laporta-xavi-cumbre-1.jpeg\",\"width\":1300,\"height\":732},{\"@type\":\"BreadcrumbList\",\"@id\":\"https:\\\/\\\/www.fcbarcelonanoticias.com\\\/en\\\/transfers\\\/meeting-in-arabia-of-laporta-xavi-and-deco-in-key-market_299836_102.html#breadcrumb\",\"itemListElement\":[{\"@type\":\"ListItem\",\"position\":1,\"name\":\"Portada\",\"item\":\"https:\\\/\\\/www.fcbarcelonanoticias.com\\\/en\\\/\"},{\"@type\":\"ListItem\",\"position\":2,\"name\":\"Meeting in Arabia of Laporta, Xavi and Deco in key market\"}]},{\"@type\":\"WebSite\",\"@id\":\"https:\\\/\\\/www.fcbarcelonanoticias.com\\\/en\\\/#website\",\"url\":\"https:\\\/\\\/www.fcbarcelonanoticias.com\\\/en\\\/\",\"name\":\"EN - FC Barcelona Noticias\",\"description\":\"\",\"potentialAction\":[{\"@type\":\"SearchAction\",\"target\":{\"@type\":\"EntryPoint\",\"urlTemplate\":\"https:\\\/\\\/www.fcbarcelonanoticias.com\\\/en\\\/?s={search_term_string}\"},\"query-input\":{\"@type\":\"PropertyValueSpecification\",\"valueRequired\":true,\"valueName\":\"search_term_string\"}}],\"inLanguage\":\"en-US\"},{\"@type\":\"Person\",\"@id\":\"https:\\\/\\\/www.fcbarcelonanoticias.com\\\/en\\\/#\\\/schema\\\/person\\\/4bdbc782ba6060d3f7005b61e97fb753\",\"name\":\"Eduardo Mart\u00edn Santos\",\"image\":{\"@type\":\"ImageObject\",\"inLanguage\":\"en-US\",\"@id\":\"https:\\\/\\\/secure.gravatar.com\\\/avatar\\\/?s=96&d=mm&r=g\",\"url\":\"https:\\\/\\\/secure.gravatar.com\\\/avatar\\\/?s=96&d=mm&r=g\",\"contentUrl\":\"https:\\\/\\\/secure.gravatar.com\\\/avatar\\\/?s=96&d=mm&r=g\",\"caption\":\"Eduardo Mart\u00edn Santos\"},\"url\":\"https:\\\/\\\/www.fcbarcelonanoticias.com\\\/en\\\/eduardo-martin_3_115.html\"}]}<\/script>\n<!-- \/ Yoast SEO plugin. -->","yoast_head_json":{"title":"Meeting in Arabia of Laporta, Xavi and Deco in key market","description":"Joan Laporta, Xavi and Deco kept this Friday a meeting to speak of the possible signing of a midfield player in this market of January. The cul\u00e9s work in the sale of Bar\u00e7a Studios and need to achieve it to opt to the reinforcement","robots":{"index":"index","follow":"follow","max-snippet":"max-snippet:-1","max-image-preview":"max-image-preview:large","max-video-preview":"max-video-preview:-1"},"canonical":"https:\/\/www.fcbarcelonanoticias.com\/en\/transfers\/meeting-in-arabia-of-laporta-xavi-and-deco-in-key-market_299836_102.html","og_locale":"en_US","og_type":"article","og_title":"Meeting in Arabia of Laporta, Xavi and Deco in key market","og_description":"Joan Laporta, Xavi and Deco kept this Friday a meeting to speak of the possible signing of a midfield player in this market of January. The cul\u00e9s work in the sale of Bar\u00e7a Studios and need to achieve it to opt to the reinforcement","og_url":"https:\/\/www.fcbarcelonanoticias.com\/en\/transfers\/meeting-in-arabia-of-laporta-xavi-and-deco-in-key-market_299836_102.html","og_site_name":"EN - FC Barcelona Noticias","article_published_time":"2024-01-12T14:45:00+00:00","article_modified_time":"2024-01-12T20:08:00+00:00","og_image":[{"width":1300,"height":732,"url":"https:\/\/www.fcbarcelonanoticias.com\/en\/wp-content\/uploads\/sites\/2\/2024\/01\/laporta-xavi-cumbre-1.jpeg","type":"image\/jpeg"}],"author":"Eduardo Mart\u00edn Santos","twitter_card":"summary_large_image","twitter_misc":{"Written by":"Eduardo Mart\u00edn Santos","Est. reading time":"2 minutes"},"schema":{"@context":"https:\/\/schema.org","@graph":[{"@type":"Article","@id":"https:\/\/www.fcbarcelonanoticias.com\/en\/transfers\/meeting-in-arabia-of-laporta-xavi-and-deco-in-key-market_299836_102.html#article","isPartOf":{"@id":"https:\/\/www.fcbarcelonanoticias.com\/en\/transfers\/meeting-in-arabia-of-laporta-xavi-and-deco-in-key-market_299836_102.html"},"author":{"name":"Eduardo Mart\u00edn Santos","@id":"https:\/\/www.fcbarcelonanoticias.com\/en\/#\/schema\/person\/4bdbc782ba6060d3f7005b61e97fb753"},"headline":"Meeting in Arabia of Laporta, Xavi and Deco in key market","datePublished":"2024-01-12T14:45:00+00:00","dateModified":"2024-01-12T20:08:00+00:00","mainEntityOfPage":{"@id":"https:\/\/www.fcbarcelonanoticias.com\/en\/transfers\/meeting-in-arabia-of-laporta-xavi-and-deco-in-key-market_299836_102.html"},"wordCount":480,"image":{"@id":"https:\/\/www.fcbarcelonanoticias.com\/en\/transfers\/meeting-in-arabia-of-laporta-xavi-and-deco-in-key-market_299836_102.html#primaryimage"},"thumbnailUrl":"https:\/\/www.fcbarcelonanoticias.com\/en\/wp-content\/uploads\/sites\/2\/2024\/01\/laporta-xavi-cumbre-1.jpeg","keywords":["Deco","Joan Laporta","Xavi Hern\u00e1ndez"],"articleSection":["Transfers","Transfers"],"inLanguage":"en-US"},{"@type":"WebPage","@id":"https:\/\/www.fcbarcelonanoticias.com\/en\/transfers\/meeting-in-arabia-of-laporta-xavi-and-deco-in-key-market_299836_102.html","url":"https:\/\/www.fcbarcelonanoticias.com\/en\/transfers\/meeting-in-arabia-of-laporta-xavi-and-deco-in-key-market_299836_102.html","name":"Meeting in Arabia of Laporta, Xavi and Deco in key market","isPartOf":{"@id":"https:\/\/www.fcbarcelonanoticias.com\/en\/#website"},"primaryImageOfPage":{"@id":"https:\/\/www.fcbarcelonanoticias.com\/en\/transfers\/meeting-in-arabia-of-laporta-xavi-and-deco-in-key-market_299836_102.html#primaryimage"},"image":{"@id":"https:\/\/www.fcbarcelonanoticias.com\/en\/transfers\/meeting-in-arabia-of-laporta-xavi-and-deco-in-key-market_299836_102.html#primaryimage"},"thumbnailUrl":"https:\/\/www.fcbarcelonanoticias.com\/en\/wp-content\/uploads\/sites\/2\/2024\/01\/laporta-xavi-cumbre-1.jpeg","datePublished":"2024-01-12T14:45:00+00:00","dateModified":"2024-01-12T20:08:00+00:00","author":{"@id":"https:\/\/www.fcbarcelonanoticias.com\/en\/#\/schema\/person\/4bdbc782ba6060d3f7005b61e97fb753"},"description":"Joan Laporta, Xavi and Deco kept this Friday a meeting to speak of the possible signing of a midfield player in this market of January. The cul\u00e9s work in the sale of Bar\u00e7a Studios and need to achieve it to opt to the reinforcement","breadcrumb":{"@id":"https:\/\/www.fcbarcelonanoticias.com\/en\/transfers\/meeting-in-arabia-of-laporta-xavi-and-deco-in-key-market_299836_102.html#breadcrumb"},"inLanguage":"en-US","potentialAction":[{"@type":"ReadAction","target":["https:\/\/www.fcbarcelonanoticias.com\/en\/transfers\/meeting-in-arabia-of-laporta-xavi-and-deco-in-key-market_299836_102.html"]}]},{"@type":"ImageObject","inLanguage":"en-US","@id":"https:\/\/www.fcbarcelonanoticias.com\/en\/transfers\/meeting-in-arabia-of-laporta-xavi-and-deco-in-key-market_299836_102.html#primaryimage","url":"https:\/\/www.fcbarcelonanoticias.com\/en\/wp-content\/uploads\/sites\/2\/2024\/01\/laporta-xavi-cumbre-1.jpeg","contentUrl":"https:\/\/www.fcbarcelonanoticias.com\/en\/wp-content\/uploads\/sites\/2\/2024\/01\/laporta-xavi-cumbre-1.jpeg","width":1300,"height":732},{"@type":"BreadcrumbList","@id":"https:\/\/www.fcbarcelonanoticias.com\/en\/transfers\/meeting-in-arabia-of-laporta-xavi-and-deco-in-key-market_299836_102.html#breadcrumb","itemListElement":[{"@type":"ListItem","position":1,"name":"Portada","item":"https:\/\/www.fcbarcelonanoticias.com\/en\/"},{"@type":"ListItem","position":2,"name":"Meeting in Arabia of Laporta, Xavi and Deco in key market"}]},{"@type":"WebSite","@id":"https:\/\/www.fcbarcelonanoticias.com\/en\/#website","url":"https:\/\/www.fcbarcelonanoticias.com\/en\/","name":"EN - FC Barcelona Noticias","description":"","potentialAction":[{"@type":"SearchAction","target":{"@type":"EntryPoint","urlTemplate":"https:\/\/www.fcbarcelonanoticias.com\/en\/?s={search_term_string}"},"query-input":{"@type":"PropertyValueSpecification","valueRequired":true,"valueName":"search_term_string"}}],"inLanguage":"en-US"},{"@type":"Person","@id":"https:\/\/www.fcbarcelonanoticias.com\/en\/#\/schema\/person\/4bdbc782ba6060d3f7005b61e97fb753","name":"Eduardo Mart\u00edn Santos","image":{"@type":"ImageObject","inLanguage":"en-US","@id":"https:\/\/secure.gravatar.com\/avatar\/?s=96&d=mm&r=g","url":"https:\/\/secure.gravatar.com\/avatar\/?s=96&d=mm&r=g","contentUrl":"https:\/\/secure.gravatar.com\/avatar\/?s=96&d=mm&r=g","caption":"Eduardo Mart\u00edn Santos"},"url":"https:\/\/www.fcbarcelonanoticias.com\/en\/eduardo-martin_3_115.html"}]}},"_links":{"self":[{"href":"https:\/\/www.fcbarcelonanoticias.com\/en\/wp-json\/wp\/v2\/posts\/133682","targetHints":{"allow":["GET"]}}],"collection":[{"href":"https:\/\/www.fcbarcelonanoticias.com\/en\/wp-json\/wp\/v2\/posts"}],"about":[{"href":"https:\/\/www.fcbarcelonanoticias.com\/en\/wp-json\/wp\/v2\/types\/post"}],"author":[{"embeddable":true,"href":"https:\/\/www.fcbarcelonanoticias.com\/en\/wp-json\/wp\/v2\/users\/359"}],"replies":[{"embeddable":true,"href":"https:\/\/www.fcbarcelonanoticias.com\/en\/wp-json\/wp\/v2\/comments?post=133682"}],"version-history":[{"count":1,"href":"https:\/\/www.fcbarcelonanoticias.com\/en\/wp-json\/wp\/v2\/posts\/133682\/revisions"}],"predecessor-version":[{"id":153287,"href":"https:\/\/www.fcbarcelonanoticias.com\/en\/wp-json\/wp\/v2\/posts\/133682\/revisions\/153287"}],"wp:featuredmedia":[{"embeddable":true,"href":"https:\/\/www.fcbarcelonanoticias.com\/en\/wp-json\/wp\/v2\/media\/133687"}],"wp:attachment":[{"href":"https:\/\/www.fcbarcelonanoticias.com\/en\/wp-json\/wp\/v2\/media?parent=133682"}],"wp:term":[{"taxonomy":"category","embeddable":true,"href":"https:\/\/www.fcbarcelonanoticias.com\/en\/wp-json\/wp\/v2\/categories?post=133682"},{"taxonomy":"post_tag","embeddable":true,"href":"https:\/\/www.fcbarcelonanoticias.com\/en\/wp-json\/wp\/v2\/tags?post=133682"}],"curies":[{"name":"wp","href":"https:\/\/api.w.org\/{rel}","templated":true}]}}