{"id":133690,"date":"2023-09-19T14:59:00","date_gmt":"2023-09-19T12:59:00","guid":{"rendered":"https:\/\/weisetech.dev\/fc-barcelona-noticias\/en\/overmars-compares-vermeeren-with-xavi-iniesta-confirms-goes-barca_296295_102\/"},"modified":"2023-09-19T14:59:00","modified_gmt":"2023-09-19T12:59:00","slug":"overmars-compares-vermeeren-with-xavi-iniesta-confirms-goes-barca_296295_102","status":"publish","type":"post","link":"https:\/\/www.fcbarcelonanoticias.com\/en\/transfers\/overmars-compares-vermeeren-with-xavi-iniesta-confirms-goes-barca_296295_102.html","title":{"rendered":"Overmars compares Vermeeren with Xavi and Iniesta and confirms that he sees him at Bar\u00e7a"},"content":{"rendered":"<h2 class=\"wp-block-heading\">The Antwerp FC coach, Marc Overmars, has offered some statements in which he compared Arthur Vermeeren with two iconic footballers in the history of Bar\u00e7a<\/h2>  \r\n<div class=\"article-addons\">\r\n    <a href=\"https:\/\/www.fcbarcelonanoticias.com\/en\/calendar-fc-barcelona.html\"\r\n       target=\"_self\"\r\n       title=\"Calendar of FC Barcelona\"\r\n       class=\"blue-gredient-btn\">\r\n       \r\n        Calendar of FC Barcelona    <\/a>\r\n<\/div>   <p>Marc Overmars, trainer of the first masculine team of the Royal Antwerp FC (Amberes), has appeared in front of the press to do some statements <strong>in which it linked to Arthur Vermeeren, one of the most promising footballers of Belgium, with the FC Barcelona. <\/strong>All this in the previous <a data-external=\"0\" data-intl-links-en=\"https:\/\/www.fcbarcelonanoticias.com\/en\/champions-league\/fc-barcelona-vs-royal-antwerp-on-television-when-where-to-watch-match_296267_102.html\" data-intl-links-es=\"https:\/\/www.fcbarcelonanoticias.com\/champions-league\/fc-barcelona-vs-royal-amberes-en-television-cuando-donde-ver-partido_296267_102.html\" href=\"https:\/\/www.fcbarcelonanoticias.com\/en\/champions-league\/fc-barcelona-vs-royal-antwerp-on-television-when-where-to-watch-match_296267_102.html\" rel=\"follow\" target=\"_self\" title=\"FC Barcelona vs Royal Amberes en Televisi\u00f3n: Cu\u00e1ndo y d\u00f3nde ver el partido\">of the crossing between both groups <\/a>this Tuesday by League of Champions.<\/p>  <h2>Overmars Compares him with Xavi and Iniesta<\/h2>  <p>The exjugador Barcelona ensured not having any doubt on the possibility that the midfield player can dress the elastic cul\u00e9 in a future. &#8220;<strong>I do not have doubts that Vermeeren can play in the Bar\u00e7a.<\/strong> When I played here, can see like Xavi and Iniesta went growing&#8230; <strong>And now that see here to Vermeeren, have the same profile<\/strong>&#8220;, sentenced the m\u00edster.<\/p>  <p>On the same line, it remembered that the Barcelona is in a process of reconstruction and that little by little has given steps to return to the elite of the European football.<strong> &#8220;The Bar\u00e7a is growing. It takes time reconstruct everything. You have to see the last season, when they won the League of Spain&#8221;<\/strong>, concluded the ancient trainer of the Ajax of \u00c1msterdam.<\/p>  <h2>Vermeeren In what it goes of season<\/h2>  <p>Like this the things, so much in the dispatches of the club as in the technical body<strong> will keep very attentive to what the midfield player contribute to the game of the Amberes<\/strong> in his visit to the Olympic Stadium Llu\u00eds Companys. In what it goes of season has delivered 2 assistances to his mates in 9 parties contested.<strong> Has a total of 802&#8242; minutes played and an average of 89&#8242; by meeting<\/strong> in all the competitions.<\/p> ","protected":false},"excerpt":{"rendered":"<p>The Antwerp FC coach, Marc Overmars, has offered some statements in which he compared Arthur Vermeeren with two iconic footballers in the history of Bar\u00e7a Marc Overmars, trainer of the first masculine team of the Royal Antwerp FC (Amberes), has appeared in front of the press to do some statements in which it linked to [&hellip;]<\/p>\n","protected":false},"author":0,"featured_media":133694,"comment_status":"closed","ping_status":"open","sticky":false,"template":"","format":"standard","meta":{"_acf_changed":false,"inline_featured_image":false,"_nextfly_llmd_date_locked":false,"footnotes":""},"categories":[449,106],"tags":[168,48],"class_list":["post-133690","post","type-post","status-publish","format-standard","has-post-thumbnail","hentry","category-transfers-2","category-transfers","tag-andres-iniesta","tag-xavi-hernandez"],"acf":[],"yoast_head":"<!-- This site is optimized with the Yoast SEO plugin v27.3 - https:\/\/yoast.com\/product\/yoast-seo-wordpress\/ -->\n<title>Overmars compares Vermeeren with Xavi and Iniesta and confirms that he sees him at Bar\u00e7a<\/title>\n<meta name=\"description\" content=\"The Antwerp FC coach, Marc Overmars, has offered some statements in which he compared Arthur Vermeeren with two iconic footballers in the history of Bar\u00e7a\" \/>\n<meta name=\"robots\" content=\"index, follow, max-snippet:-1, max-image-preview:large, max-video-preview:-1\" \/>\n<link rel=\"canonical\" href=\"https:\/\/www.fcbarcelonanoticias.com\/en\/transfers\/overmars-compares-vermeeren-with-xavi-iniesta-confirms-goes-barca_296295_102.html\" \/>\n<meta property=\"og:locale\" content=\"en_US\" \/>\n<meta property=\"og:type\" content=\"article\" \/>\n<meta property=\"og:title\" content=\"Overmars compares Vermeeren with Xavi and Iniesta and confirms that he sees him at Bar\u00e7a\" \/>\n<meta property=\"og:description\" content=\"The Antwerp FC coach, Marc Overmars, has offered some statements in which he compared Arthur Vermeeren with two iconic footballers in the history of Bar\u00e7a\" \/>\n<meta property=\"og:url\" content=\"https:\/\/www.fcbarcelonanoticias.com\/en\/transfers\/overmars-compares-vermeeren-with-xavi-iniesta-confirms-goes-barca_296295_102.html\" \/>\n<meta property=\"og:site_name\" content=\"EN - FC Barcelona Noticias\" \/>\n<meta property=\"article:published_time\" content=\"2023-09-19T12:59:00+00:00\" \/>\n<meta property=\"og:image\" content=\"https:\/\/www.fcbarcelonanoticias.com\/en\/wp-content\/uploads\/sites\/2\/2023\/09\/marc-overmars-director-deportivo-del-ajax.jpeg\" \/>\n\t<meta property=\"og:image:width\" content=\"1200\" \/>\n\t<meta property=\"og:image:height\" content=\"675\" \/>\n\t<meta property=\"og:image:type\" content=\"image\/jpeg\" \/>\n<meta name=\"twitter:card\" content=\"summary_large_image\" \/>\n<meta name=\"twitter:label1\" content=\"Est. reading time\" \/>\n\t<meta name=\"twitter:data1\" content=\"2 minutes\" \/>\n<script type=\"application\/ld+json\" class=\"yoast-schema-graph\">{\"@context\":\"https:\\\/\\\/schema.org\",\"@graph\":[{\"@type\":\"Article\",\"@id\":\"https:\\\/\\\/www.fcbarcelonanoticias.com\\\/en\\\/transfers\\\/overmars-compares-vermeeren-with-xavi-iniesta-confirms-goes-barca_296295_102.html#article\",\"isPartOf\":{\"@id\":\"https:\\\/\\\/www.fcbarcelonanoticias.com\\\/en\\\/transfers\\\/overmars-compares-vermeeren-with-xavi-iniesta-confirms-goes-barca_296295_102.html\"},\"author\":{\"name\":\"\",\"@id\":\"\"},\"headline\":\"Overmars compares Vermeeren with Xavi and Iniesta and confirms that he sees him at Bar\u00e7a\",\"datePublished\":\"2023-09-19T12:59:00+00:00\",\"mainEntityOfPage\":{\"@id\":\"https:\\\/\\\/www.fcbarcelonanoticias.com\\\/en\\\/transfers\\\/overmars-compares-vermeeren-with-xavi-iniesta-confirms-goes-barca_296295_102.html\"},\"wordCount\":319,\"image\":{\"@id\":\"https:\\\/\\\/www.fcbarcelonanoticias.com\\\/en\\\/transfers\\\/overmars-compares-vermeeren-with-xavi-iniesta-confirms-goes-barca_296295_102.html#primaryimage\"},\"thumbnailUrl\":\"https:\\\/\\\/www.fcbarcelonanoticias.com\\\/en\\\/wp-content\\\/uploads\\\/sites\\\/2\\\/2023\\\/09\\\/marc-overmars-director-deportivo-del-ajax.jpeg\",\"keywords\":[\"Andr\u00e9s Iniesta\",\"Xavi Hern\u00e1ndez\"],\"articleSection\":[\"Transfers\",\"Transfers\"],\"inLanguage\":\"en-US\"},{\"@type\":\"WebPage\",\"@id\":\"https:\\\/\\\/www.fcbarcelonanoticias.com\\\/en\\\/transfers\\\/overmars-compares-vermeeren-with-xavi-iniesta-confirms-goes-barca_296295_102.html\",\"url\":\"https:\\\/\\\/www.fcbarcelonanoticias.com\\\/en\\\/transfers\\\/overmars-compares-vermeeren-with-xavi-iniesta-confirms-goes-barca_296295_102.html\",\"name\":\"Overmars compares Vermeeren with Xavi and Iniesta and confirms that he sees him at Bar\u00e7a\",\"isPartOf\":{\"@id\":\"https:\\\/\\\/www.fcbarcelonanoticias.com\\\/en\\\/#website\"},\"primaryImageOfPage\":{\"@id\":\"https:\\\/\\\/www.fcbarcelonanoticias.com\\\/en\\\/transfers\\\/overmars-compares-vermeeren-with-xavi-iniesta-confirms-goes-barca_296295_102.html#primaryimage\"},\"image\":{\"@id\":\"https:\\\/\\\/www.fcbarcelonanoticias.com\\\/en\\\/transfers\\\/overmars-compares-vermeeren-with-xavi-iniesta-confirms-goes-barca_296295_102.html#primaryimage\"},\"thumbnailUrl\":\"https:\\\/\\\/www.fcbarcelonanoticias.com\\\/en\\\/wp-content\\\/uploads\\\/sites\\\/2\\\/2023\\\/09\\\/marc-overmars-director-deportivo-del-ajax.jpeg\",\"datePublished\":\"2023-09-19T12:59:00+00:00\",\"author\":{\"@id\":\"\"},\"description\":\"The Antwerp FC coach, Marc Overmars, has offered some statements in which he compared Arthur Vermeeren with two iconic footballers in the history of Bar\u00e7a\",\"breadcrumb\":{\"@id\":\"https:\\\/\\\/www.fcbarcelonanoticias.com\\\/en\\\/transfers\\\/overmars-compares-vermeeren-with-xavi-iniesta-confirms-goes-barca_296295_102.html#breadcrumb\"},\"inLanguage\":\"en-US\",\"potentialAction\":[{\"@type\":\"ReadAction\",\"target\":[\"https:\\\/\\\/www.fcbarcelonanoticias.com\\\/en\\\/transfers\\\/overmars-compares-vermeeren-with-xavi-iniesta-confirms-goes-barca_296295_102.html\"]}]},{\"@type\":\"ImageObject\",\"inLanguage\":\"en-US\",\"@id\":\"https:\\\/\\\/www.fcbarcelonanoticias.com\\\/en\\\/transfers\\\/overmars-compares-vermeeren-with-xavi-iniesta-confirms-goes-barca_296295_102.html#primaryimage\",\"url\":\"https:\\\/\\\/www.fcbarcelonanoticias.com\\\/en\\\/wp-content\\\/uploads\\\/sites\\\/2\\\/2023\\\/09\\\/marc-overmars-director-deportivo-del-ajax.jpeg\",\"contentUrl\":\"https:\\\/\\\/www.fcbarcelonanoticias.com\\\/en\\\/wp-content\\\/uploads\\\/sites\\\/2\\\/2023\\\/09\\\/marc-overmars-director-deportivo-del-ajax.jpeg\",\"width\":1200,\"height\":675},{\"@type\":\"BreadcrumbList\",\"@id\":\"https:\\\/\\\/www.fcbarcelonanoticias.com\\\/en\\\/transfers\\\/overmars-compares-vermeeren-with-xavi-iniesta-confirms-goes-barca_296295_102.html#breadcrumb\",\"itemListElement\":[{\"@type\":\"ListItem\",\"position\":1,\"name\":\"Portada\",\"item\":\"https:\\\/\\\/www.fcbarcelonanoticias.com\\\/en\\\/\"},{\"@type\":\"ListItem\",\"position\":2,\"name\":\"Overmars compares Vermeeren with Xavi and Iniesta and confirms that he sees him at Bar\u00e7a\"}]},{\"@type\":\"WebSite\",\"@id\":\"https:\\\/\\\/www.fcbarcelonanoticias.com\\\/en\\\/#website\",\"url\":\"https:\\\/\\\/www.fcbarcelonanoticias.com\\\/en\\\/\",\"name\":\"EN - FC Barcelona Noticias\",\"description\":\"\",\"potentialAction\":[{\"@type\":\"SearchAction\",\"target\":{\"@type\":\"EntryPoint\",\"urlTemplate\":\"https:\\\/\\\/www.fcbarcelonanoticias.com\\\/en\\\/?s={search_term_string}\"},\"query-input\":{\"@type\":\"PropertyValueSpecification\",\"valueRequired\":true,\"valueName\":\"search_term_string\"}}],\"inLanguage\":\"en-US\"}]}<\/script>\n<!-- \/ Yoast SEO plugin. -->","yoast_head_json":{"title":"Overmars compares Vermeeren with Xavi and Iniesta and confirms that he sees him at Bar\u00e7a","description":"The Antwerp FC coach, Marc Overmars, has offered some statements in which he compared Arthur Vermeeren with two iconic footballers in the history of Bar\u00e7a","robots":{"index":"index","follow":"follow","max-snippet":"max-snippet:-1","max-image-preview":"max-image-preview:large","max-video-preview":"max-video-preview:-1"},"canonical":"https:\/\/www.fcbarcelonanoticias.com\/en\/transfers\/overmars-compares-vermeeren-with-xavi-iniesta-confirms-goes-barca_296295_102.html","og_locale":"en_US","og_type":"article","og_title":"Overmars compares Vermeeren with Xavi and Iniesta and confirms that he sees him at Bar\u00e7a","og_description":"The Antwerp FC coach, Marc Overmars, has offered some statements in which he compared Arthur Vermeeren with two iconic footballers in the history of Bar\u00e7a","og_url":"https:\/\/www.fcbarcelonanoticias.com\/en\/transfers\/overmars-compares-vermeeren-with-xavi-iniesta-confirms-goes-barca_296295_102.html","og_site_name":"EN - FC Barcelona Noticias","article_published_time":"2023-09-19T12:59:00+00:00","og_image":[{"width":1200,"height":675,"url":"https:\/\/www.fcbarcelonanoticias.com\/en\/wp-content\/uploads\/sites\/2\/2023\/09\/marc-overmars-director-deportivo-del-ajax.jpeg","type":"image\/jpeg"}],"twitter_card":"summary_large_image","twitter_misc":{"Est. reading time":"2 minutes"},"schema":{"@context":"https:\/\/schema.org","@graph":[{"@type":"Article","@id":"https:\/\/www.fcbarcelonanoticias.com\/en\/transfers\/overmars-compares-vermeeren-with-xavi-iniesta-confirms-goes-barca_296295_102.html#article","isPartOf":{"@id":"https:\/\/www.fcbarcelonanoticias.com\/en\/transfers\/overmars-compares-vermeeren-with-xavi-iniesta-confirms-goes-barca_296295_102.html"},"author":{"name":"","@id":""},"headline":"Overmars compares Vermeeren with Xavi and Iniesta and confirms that he sees him at Bar\u00e7a","datePublished":"2023-09-19T12:59:00+00:00","mainEntityOfPage":{"@id":"https:\/\/www.fcbarcelonanoticias.com\/en\/transfers\/overmars-compares-vermeeren-with-xavi-iniesta-confirms-goes-barca_296295_102.html"},"wordCount":319,"image":{"@id":"https:\/\/www.fcbarcelonanoticias.com\/en\/transfers\/overmars-compares-vermeeren-with-xavi-iniesta-confirms-goes-barca_296295_102.html#primaryimage"},"thumbnailUrl":"https:\/\/www.fcbarcelonanoticias.com\/en\/wp-content\/uploads\/sites\/2\/2023\/09\/marc-overmars-director-deportivo-del-ajax.jpeg","keywords":["Andr\u00e9s Iniesta","Xavi Hern\u00e1ndez"],"articleSection":["Transfers","Transfers"],"inLanguage":"en-US"},{"@type":"WebPage","@id":"https:\/\/www.fcbarcelonanoticias.com\/en\/transfers\/overmars-compares-vermeeren-with-xavi-iniesta-confirms-goes-barca_296295_102.html","url":"https:\/\/www.fcbarcelonanoticias.com\/en\/transfers\/overmars-compares-vermeeren-with-xavi-iniesta-confirms-goes-barca_296295_102.html","name":"Overmars compares Vermeeren with Xavi and Iniesta and confirms that he sees him at Bar\u00e7a","isPartOf":{"@id":"https:\/\/www.fcbarcelonanoticias.com\/en\/#website"},"primaryImageOfPage":{"@id":"https:\/\/www.fcbarcelonanoticias.com\/en\/transfers\/overmars-compares-vermeeren-with-xavi-iniesta-confirms-goes-barca_296295_102.html#primaryimage"},"image":{"@id":"https:\/\/www.fcbarcelonanoticias.com\/en\/transfers\/overmars-compares-vermeeren-with-xavi-iniesta-confirms-goes-barca_296295_102.html#primaryimage"},"thumbnailUrl":"https:\/\/www.fcbarcelonanoticias.com\/en\/wp-content\/uploads\/sites\/2\/2023\/09\/marc-overmars-director-deportivo-del-ajax.jpeg","datePublished":"2023-09-19T12:59:00+00:00","author":{"@id":""},"description":"The Antwerp FC coach, Marc Overmars, has offered some statements in which he compared Arthur Vermeeren with two iconic footballers in the history of Bar\u00e7a","breadcrumb":{"@id":"https:\/\/www.fcbarcelonanoticias.com\/en\/transfers\/overmars-compares-vermeeren-with-xavi-iniesta-confirms-goes-barca_296295_102.html#breadcrumb"},"inLanguage":"en-US","potentialAction":[{"@type":"ReadAction","target":["https:\/\/www.fcbarcelonanoticias.com\/en\/transfers\/overmars-compares-vermeeren-with-xavi-iniesta-confirms-goes-barca_296295_102.html"]}]},{"@type":"ImageObject","inLanguage":"en-US","@id":"https:\/\/www.fcbarcelonanoticias.com\/en\/transfers\/overmars-compares-vermeeren-with-xavi-iniesta-confirms-goes-barca_296295_102.html#primaryimage","url":"https:\/\/www.fcbarcelonanoticias.com\/en\/wp-content\/uploads\/sites\/2\/2023\/09\/marc-overmars-director-deportivo-del-ajax.jpeg","contentUrl":"https:\/\/www.fcbarcelonanoticias.com\/en\/wp-content\/uploads\/sites\/2\/2023\/09\/marc-overmars-director-deportivo-del-ajax.jpeg","width":1200,"height":675},{"@type":"BreadcrumbList","@id":"https:\/\/www.fcbarcelonanoticias.com\/en\/transfers\/overmars-compares-vermeeren-with-xavi-iniesta-confirms-goes-barca_296295_102.html#breadcrumb","itemListElement":[{"@type":"ListItem","position":1,"name":"Portada","item":"https:\/\/www.fcbarcelonanoticias.com\/en\/"},{"@type":"ListItem","position":2,"name":"Overmars compares Vermeeren with Xavi and Iniesta and confirms that he sees him at Bar\u00e7a"}]},{"@type":"WebSite","@id":"https:\/\/www.fcbarcelonanoticias.com\/en\/#website","url":"https:\/\/www.fcbarcelonanoticias.com\/en\/","name":"EN - FC Barcelona Noticias","description":"","potentialAction":[{"@type":"SearchAction","target":{"@type":"EntryPoint","urlTemplate":"https:\/\/www.fcbarcelonanoticias.com\/en\/?s={search_term_string}"},"query-input":{"@type":"PropertyValueSpecification","valueRequired":true,"valueName":"search_term_string"}}],"inLanguage":"en-US"}]}},"_links":{"self":[{"href":"https:\/\/www.fcbarcelonanoticias.com\/en\/wp-json\/wp\/v2\/posts\/133690","targetHints":{"allow":["GET"]}}],"collection":[{"href":"https:\/\/www.fcbarcelonanoticias.com\/en\/wp-json\/wp\/v2\/posts"}],"about":[{"href":"https:\/\/www.fcbarcelonanoticias.com\/en\/wp-json\/wp\/v2\/types\/post"}],"replies":[{"embeddable":true,"href":"https:\/\/www.fcbarcelonanoticias.com\/en\/wp-json\/wp\/v2\/comments?post=133690"}],"version-history":[{"count":1,"href":"https:\/\/www.fcbarcelonanoticias.com\/en\/wp-json\/wp\/v2\/posts\/133690\/revisions"}],"predecessor-version":[{"id":153936,"href":"https:\/\/www.fcbarcelonanoticias.com\/en\/wp-json\/wp\/v2\/posts\/133690\/revisions\/153936"}],"wp:featuredmedia":[{"embeddable":true,"href":"https:\/\/www.fcbarcelonanoticias.com\/en\/wp-json\/wp\/v2\/media\/133694"}],"wp:attachment":[{"href":"https:\/\/www.fcbarcelonanoticias.com\/en\/wp-json\/wp\/v2\/media?parent=133690"}],"wp:term":[{"taxonomy":"category","embeddable":true,"href":"https:\/\/www.fcbarcelonanoticias.com\/en\/wp-json\/wp\/v2\/categories?post=133690"},{"taxonomy":"post_tag","embeddable":true,"href":"https:\/\/www.fcbarcelonanoticias.com\/en\/wp-json\/wp\/v2\/tags?post=133690"}],"curies":[{"name":"wp","href":"https:\/\/api.w.org\/{rel}","templated":true}]}}