{"id":133759,"date":"2024-06-10T15:36:00","date_gmt":"2024-06-10T13:36:00","guid":{"rendered":"https:\/\/weisetech.dev\/fc-barcelona-noticias\/en\/pablo-torre-future-at-flick-barca-is-increasingly-complicated_304349_102\/"},"modified":"2024-06-11T07:47:00","modified_gmt":"2024-06-11T05:47:00","slug":"pablo-torre-future-at-flick-barca-is-increasingly-complicated_304349_102","status":"publish","type":"post","link":"https:\/\/www.fcbarcelonanoticias.com\/en\/transfers\/pablo-torre-future-at-flick-barca-is-increasingly-complicated_304349_102.html","title":{"rendered":"Pablo Torre&#8217;s future at Flick&#8217;s Bar\u00e7a is increasingly complicated"},"content":{"rendered":"<h2 class=\"wp-block-heading\">Pablo Torre is one of the names that will generate the most debate at FC Barcelona this summer, since it is still not clear if he will stay or if they will look for a new exit for the 2024\/25 season. This last scenario seems to be gaining more and more strength<\/h2>  \r\n<div class=\"article-addons\">\r\n    <a href=\"https:\/\/www.fcbarcelonanoticias.com\/en\/calendar-fc-barcelona.html\"\r\n       target=\"_self\"\r\n       title=\"Calendar of FC Barcelona\"\r\n       class=\"blue-gredient-btn\">\r\n       \r\n        Calendar of FC Barcelona    <\/a>\r\n<\/div>   <p>The future of Pablo Tower in the FC Barcelona seems every time less clear. The Cantabrian arrived to the picture cul\u00e9 in the season 2022\/23 after shining in the Racing of Santander, what carried him to sign an agreement until 2026 with the combined Barcelonan. Nevertheless, <strong>up to now it has not had sufficient presence in the first team of the Bar\u00e7a<\/strong>, and seems that it will have to expect so that this change.<\/p>  <p>In principle, this recently finished campaign 2023\/24 considered key so that the one of Soto of the Marine, after his loan to the Girona, <strong>had the opportunity to play in the First Division and determine if would have space in the Barcelona cast for the period 2024\/25<\/strong>. However, the plans of the midfield player have taken an unexpected course because of his exert in the group gerundense.<\/p>  <p>Pablo Tower had a less brilliant season of the expected so much for him as for the FC Barcelona, <strong>since it did not have a lot of occasions to see action in a combined &#8216;Giron\u00ed&#8217; that had a centre of the almost immovable field<\/strong> formed by the trio: Aleix Garc\u00eda, Yangel Herrera and Iv\u00e1n Mart\u00edn. This left little space so that the Cantabrian deployed his game, and only could contest some 802 minutes in the season, leaving his footprint grieve in three occasions with an annotation and two assistances.<\/p>  <h2>The plan of Hansi Flick with Pablo Tower after returning of his cession<\/h2>  <p>Nevertheless, recently it arose an information that could be alentadora for this talentoso midfield player. It suggests that Hansi Flick, in his renewed sportive project, <a data-external=\"0\" data-intl-links-en=\"https:\/\/www.fcbarcelonanoticias.com\/en\/transfers\/hansi-flick-gives-pablo-torre-hope-in-fcbarcelona_304145_102.html\" data-intl-links-es=\"https:\/\/www.fcbarcelonanoticias.com\/fichajes\/hansi-flick-da-esperanzas-pablo-torre-en-fc-barcelona_304145_102.html\" href=\"https:\/\/www.fcbarcelonanoticias.com\/en\/transfers\/hansi-flick-gives-pablo-torre-hope-in-fcbarcelona_304145_102.html\" rel=\"follow\" target=\"_self\" title=\"Hansi Flick no cierra la puerta al posible regreso de Pablo Torre al FC&nbsp;Barcelona\">could give him the opportunity to show at least in the pre-season 24\/25<\/a>. Taking in account the style of game of the native trainer of Heidelberg, with a diagram of 4-2-3-1, <strong>Tower could fit well like mediapunta or offensive midfield player<\/strong>. If it takes advantage of the pre-season, could win a place in the plans of Flick.<\/p>  <p>Now, from &#8216;SPORT&#8217; desvelan an information that suggests the contrary, since it refers that <strong>the options of Pablo Tower to remain in the Barcelona cast, at least for this season, are increasingly remote<\/strong>. This source asevera that, of all the available midfield players in the planning of the picture cul\u00e9, the Cantabrian is the one who has fewer options to remain in the club.<\/p>  <h2>It will go back the Cantabrian to the Girona?<\/h2>  <p>Under this premise, <strong>would not be surprising that the club look for to yield it again, and everything aims to that it could be to the Girona<\/strong>, since the player has manifested in more than an occasion that feels comfortable in Montilivi and attracts him the idea to play in the UEFA Champions League the next season. It will be necessary to see if the FC Barcelona is had to yield it again to the group gerundense <strong>and, of course, if the team &#8216;albirrojo&#8217; also wants to have it of<\/strong>turn . To his time, is important to take into account the option mentioned recently in FCBN, where especula that <a data-external=\"0\" data-intl-links-en=\"https:\/\/www.fcbarcelonanoticias.com\/en\/transfers\/pablo-tower-and-mika-faye-could-be-coins-of-change-to-recess-the-price-of-mikel-merino_304239_102.html\" data-intl-links-es=\"https:\/\/www.fcbarcelonanoticias.com\/fichajes\/pablo-torre-mika-faye-podrian-ser-monedas-cambio-rebajar-precio-mikel-merino_304239_102.html\" href=\"https:\/\/www.fcbarcelonanoticias.com\/en\/transfers\/pablo-tower-and-mika-faye-could-be-coins-of-change-to-recess-the-price-of-mikel-merino_304239_102.html\" rel=\"follow\" target=\"_self\" title=\"Pablo Torre y Mika Faye podr\u00edan entrar en la operaci\u00f3n para rebajar el precio de Mikel Merino\">Pablo Tower could form part of a possible operation by Mikel Merino<\/a>, since it seems to be of the like of the Real Sociedad.<\/p> ","protected":false},"excerpt":{"rendered":"<p>Pablo Torre is one of the names that will generate the most debate at FC Barcelona this summer, since it is still not clear if he will stay or if they will look for a new exit for the 2024\/25 season. This last scenario seems to be gaining more and more strength The future of [&hellip;]<\/p>\n","protected":false},"author":355,"featured_media":133761,"comment_status":"closed","ping_status":"open","sticky":false,"template":"","format":"standard","meta":{"_acf_changed":false,"inline_featured_image":false,"_nextfly_llmd_date_locked":false,"footnotes":""},"categories":[106,449],"tags":[87],"class_list":["post-133759","post","type-post","status-publish","format-standard","has-post-thumbnail","hentry","category-transfers","category-transfers-2","tag-hansi-flick"],"acf":[],"yoast_head":"<!-- This site is optimized with the Yoast SEO plugin v27.3 - https:\/\/yoast.com\/product\/yoast-seo-wordpress\/ -->\n<title>Pablo Torre&#039;s future at Flick&#039;s Bar\u00e7a is increasingly complicated<\/title>\n<meta name=\"description\" content=\"Pablo Torre is one of the names that will generate the most debate at FC Barcelona this summer, since it is still not clear if he will stay or if they will look for a new exit for the 2024\/25 season. This last scenario seems to be gaining more and more strength\" \/>\n<meta name=\"robots\" content=\"index, follow, max-snippet:-1, max-image-preview:large, max-video-preview:-1\" \/>\n<link rel=\"canonical\" href=\"https:\/\/www.fcbarcelonanoticias.com\/en\/transfers\/pablo-torre-future-at-flick-barca-is-increasingly-complicated_304349_102.html\" \/>\n<meta property=\"og:locale\" content=\"en_US\" \/>\n<meta property=\"og:type\" content=\"article\" \/>\n<meta property=\"og:title\" content=\"Pablo Torre&#039;s future at Flick&#039;s Bar\u00e7a is increasingly complicated\" \/>\n<meta property=\"og:description\" content=\"Pablo Torre is one of the names that will generate the most debate at FC Barcelona this summer, since it is still not clear if he will stay or if they will look for a new exit for the 2024\/25 season. This last scenario seems to be gaining more and more strength\" \/>\n<meta property=\"og:url\" content=\"https:\/\/www.fcbarcelonanoticias.com\/en\/transfers\/pablo-torre-future-at-flick-barca-is-increasingly-complicated_304349_102.html\" \/>\n<meta property=\"og:site_name\" content=\"EN - FC Barcelona Noticias\" \/>\n<meta property=\"article:published_time\" content=\"2024-06-10T13:36:00+00:00\" \/>\n<meta property=\"article:modified_time\" content=\"2024-06-11T05:47:00+00:00\" \/>\n<meta property=\"og:image\" content=\"https:\/\/www.fcbarcelonanoticias.com\/en\/wp-content\/uploads\/sites\/2\/2024\/06\/pablo-torre-con-el-girona-cf-en-un-duelo-contra-marc-roca-del-betis-en-laliga.png\" \/>\n\t<meta property=\"og:image:width\" content=\"1300\" \/>\n\t<meta property=\"og:image:height\" content=\"732\" \/>\n\t<meta property=\"og:image:type\" content=\"image\/png\" \/>\n<meta name=\"author\" content=\"Kevin G\u00f3mez\" \/>\n<meta name=\"twitter:card\" content=\"summary_large_image\" \/>\n<meta name=\"twitter:label1\" content=\"Written by\" \/>\n\t<meta name=\"twitter:data1\" content=\"Kevin G\u00f3mez\" \/>\n\t<meta name=\"twitter:label2\" content=\"Est. reading time\" \/>\n\t<meta name=\"twitter:data2\" content=\"3 minutes\" \/>\n<script type=\"application\/ld+json\" class=\"yoast-schema-graph\">{\"@context\":\"https:\\\/\\\/schema.org\",\"@graph\":[{\"@type\":\"Article\",\"@id\":\"https:\\\/\\\/www.fcbarcelonanoticias.com\\\/en\\\/transfers\\\/pablo-torre-future-at-flick-barca-is-increasingly-complicated_304349_102.html#article\",\"isPartOf\":{\"@id\":\"https:\\\/\\\/www.fcbarcelonanoticias.com\\\/en\\\/transfers\\\/pablo-torre-future-at-flick-barca-is-increasingly-complicated_304349_102.html\"},\"author\":{\"name\":\"Kevin G\u00f3mez\",\"@id\":\"https:\\\/\\\/www.fcbarcelonanoticias.com\\\/en\\\/#\\\/schema\\\/person\\\/991443f134df9a64c6874f96ff984c9d\"},\"headline\":\"Pablo Torre&#8217;s future at Flick&#8217;s Bar\u00e7a is increasingly complicated\",\"datePublished\":\"2024-06-10T13:36:00+00:00\",\"dateModified\":\"2024-06-11T05:47:00+00:00\",\"mainEntityOfPage\":{\"@id\":\"https:\\\/\\\/www.fcbarcelonanoticias.com\\\/en\\\/transfers\\\/pablo-torre-future-at-flick-barca-is-increasingly-complicated_304349_102.html\"},\"wordCount\":593,\"image\":{\"@id\":\"https:\\\/\\\/www.fcbarcelonanoticias.com\\\/en\\\/transfers\\\/pablo-torre-future-at-flick-barca-is-increasingly-complicated_304349_102.html#primaryimage\"},\"thumbnailUrl\":\"https:\\\/\\\/www.fcbarcelonanoticias.com\\\/en\\\/wp-content\\\/uploads\\\/sites\\\/2\\\/2024\\\/06\\\/pablo-torre-con-el-girona-cf-en-un-duelo-contra-marc-roca-del-betis-en-laliga.png\",\"keywords\":[\"Hansi Flick\"],\"articleSection\":[\"Transfers\",\"Transfers\"],\"inLanguage\":\"en-US\"},{\"@type\":\"WebPage\",\"@id\":\"https:\\\/\\\/www.fcbarcelonanoticias.com\\\/en\\\/transfers\\\/pablo-torre-future-at-flick-barca-is-increasingly-complicated_304349_102.html\",\"url\":\"https:\\\/\\\/www.fcbarcelonanoticias.com\\\/en\\\/transfers\\\/pablo-torre-future-at-flick-barca-is-increasingly-complicated_304349_102.html\",\"name\":\"Pablo Torre's future at Flick's Bar\u00e7a is increasingly complicated\",\"isPartOf\":{\"@id\":\"https:\\\/\\\/www.fcbarcelonanoticias.com\\\/en\\\/#website\"},\"primaryImageOfPage\":{\"@id\":\"https:\\\/\\\/www.fcbarcelonanoticias.com\\\/en\\\/transfers\\\/pablo-torre-future-at-flick-barca-is-increasingly-complicated_304349_102.html#primaryimage\"},\"image\":{\"@id\":\"https:\\\/\\\/www.fcbarcelonanoticias.com\\\/en\\\/transfers\\\/pablo-torre-future-at-flick-barca-is-increasingly-complicated_304349_102.html#primaryimage\"},\"thumbnailUrl\":\"https:\\\/\\\/www.fcbarcelonanoticias.com\\\/en\\\/wp-content\\\/uploads\\\/sites\\\/2\\\/2024\\\/06\\\/pablo-torre-con-el-girona-cf-en-un-duelo-contra-marc-roca-del-betis-en-laliga.png\",\"datePublished\":\"2024-06-10T13:36:00+00:00\",\"dateModified\":\"2024-06-11T05:47:00+00:00\",\"author\":{\"@id\":\"https:\\\/\\\/www.fcbarcelonanoticias.com\\\/en\\\/#\\\/schema\\\/person\\\/991443f134df9a64c6874f96ff984c9d\"},\"description\":\"Pablo Torre is one of the names that will generate the most debate at FC Barcelona this summer, since it is still not clear if he will stay or if they will look for a new exit for the 2024\\\/25 season. This last scenario seems to be gaining more and more strength\",\"breadcrumb\":{\"@id\":\"https:\\\/\\\/www.fcbarcelonanoticias.com\\\/en\\\/transfers\\\/pablo-torre-future-at-flick-barca-is-increasingly-complicated_304349_102.html#breadcrumb\"},\"inLanguage\":\"en-US\",\"potentialAction\":[{\"@type\":\"ReadAction\",\"target\":[\"https:\\\/\\\/www.fcbarcelonanoticias.com\\\/en\\\/transfers\\\/pablo-torre-future-at-flick-barca-is-increasingly-complicated_304349_102.html\"]}]},{\"@type\":\"ImageObject\",\"inLanguage\":\"en-US\",\"@id\":\"https:\\\/\\\/www.fcbarcelonanoticias.com\\\/en\\\/transfers\\\/pablo-torre-future-at-flick-barca-is-increasingly-complicated_304349_102.html#primaryimage\",\"url\":\"https:\\\/\\\/www.fcbarcelonanoticias.com\\\/en\\\/wp-content\\\/uploads\\\/sites\\\/2\\\/2024\\\/06\\\/pablo-torre-con-el-girona-cf-en-un-duelo-contra-marc-roca-del-betis-en-laliga.png\",\"contentUrl\":\"https:\\\/\\\/www.fcbarcelonanoticias.com\\\/en\\\/wp-content\\\/uploads\\\/sites\\\/2\\\/2024\\\/06\\\/pablo-torre-con-el-girona-cf-en-un-duelo-contra-marc-roca-del-betis-en-laliga.png\",\"width\":1300,\"height\":732},{\"@type\":\"BreadcrumbList\",\"@id\":\"https:\\\/\\\/www.fcbarcelonanoticias.com\\\/en\\\/transfers\\\/pablo-torre-future-at-flick-barca-is-increasingly-complicated_304349_102.html#breadcrumb\",\"itemListElement\":[{\"@type\":\"ListItem\",\"position\":1,\"name\":\"Portada\",\"item\":\"https:\\\/\\\/www.fcbarcelonanoticias.com\\\/en\\\/\"},{\"@type\":\"ListItem\",\"position\":2,\"name\":\"Pablo Torre&#8217;s future at Flick&#8217;s Bar\u00e7a is increasingly complicated\"}]},{\"@type\":\"WebSite\",\"@id\":\"https:\\\/\\\/www.fcbarcelonanoticias.com\\\/en\\\/#website\",\"url\":\"https:\\\/\\\/www.fcbarcelonanoticias.com\\\/en\\\/\",\"name\":\"EN - FC Barcelona Noticias\",\"description\":\"\",\"potentialAction\":[{\"@type\":\"SearchAction\",\"target\":{\"@type\":\"EntryPoint\",\"urlTemplate\":\"https:\\\/\\\/www.fcbarcelonanoticias.com\\\/en\\\/?s={search_term_string}\"},\"query-input\":{\"@type\":\"PropertyValueSpecification\",\"valueRequired\":true,\"valueName\":\"search_term_string\"}}],\"inLanguage\":\"en-US\"},{\"@type\":\"Person\",\"@id\":\"https:\\\/\\\/www.fcbarcelonanoticias.com\\\/en\\\/#\\\/schema\\\/person\\\/991443f134df9a64c6874f96ff984c9d\",\"name\":\"Kevin G\u00f3mez\",\"image\":{\"@type\":\"ImageObject\",\"inLanguage\":\"en-US\",\"@id\":\"https:\\\/\\\/secure.gravatar.com\\\/avatar\\\/?s=96&d=mm&r=g\",\"url\":\"https:\\\/\\\/secure.gravatar.com\\\/avatar\\\/?s=96&d=mm&r=g\",\"contentUrl\":\"https:\\\/\\\/secure.gravatar.com\\\/avatar\\\/?s=96&d=mm&r=g\",\"caption\":\"Kevin G\u00f3mez\"},\"description\":\"Licenciado\u00a0en Periodismo y Comunicaci\u00f3n Audiovisual. Redactor en FCBN responsable de cubrir toda\u00a0la informaci\u00f3n del FC Barcelona y las principales competiciones de\u00a0f\u00fatbol.\",\"url\":\"https:\\\/\\\/www.fcbarcelonanoticias.com\\\/en\\\/jugadores\\\/kevin-gomez_23_115.html\"}]}<\/script>\n<!-- \/ Yoast SEO plugin. -->","yoast_head_json":{"title":"Pablo Torre's future at Flick's Bar\u00e7a is increasingly complicated","description":"Pablo Torre is one of the names that will generate the most debate at FC Barcelona this summer, since it is still not clear if he will stay or if they will look for a new exit for the 2024\/25 season. This last scenario seems to be gaining more and more strength","robots":{"index":"index","follow":"follow","max-snippet":"max-snippet:-1","max-image-preview":"max-image-preview:large","max-video-preview":"max-video-preview:-1"},"canonical":"https:\/\/www.fcbarcelonanoticias.com\/en\/transfers\/pablo-torre-future-at-flick-barca-is-increasingly-complicated_304349_102.html","og_locale":"en_US","og_type":"article","og_title":"Pablo Torre's future at Flick's Bar\u00e7a is increasingly complicated","og_description":"Pablo Torre is one of the names that will generate the most debate at FC Barcelona this summer, since it is still not clear if he will stay or if they will look for a new exit for the 2024\/25 season. This last scenario seems to be gaining more and more strength","og_url":"https:\/\/www.fcbarcelonanoticias.com\/en\/transfers\/pablo-torre-future-at-flick-barca-is-increasingly-complicated_304349_102.html","og_site_name":"EN - FC Barcelona Noticias","article_published_time":"2024-06-10T13:36:00+00:00","article_modified_time":"2024-06-11T05:47:00+00:00","og_image":[{"width":1300,"height":732,"url":"https:\/\/www.fcbarcelonanoticias.com\/en\/wp-content\/uploads\/sites\/2\/2024\/06\/pablo-torre-con-el-girona-cf-en-un-duelo-contra-marc-roca-del-betis-en-laliga.png","type":"image\/png"}],"author":"Kevin G\u00f3mez","twitter_card":"summary_large_image","twitter_misc":{"Written by":"Kevin G\u00f3mez","Est. reading time":"3 minutes"},"schema":{"@context":"https:\/\/schema.org","@graph":[{"@type":"Article","@id":"https:\/\/www.fcbarcelonanoticias.com\/en\/transfers\/pablo-torre-future-at-flick-barca-is-increasingly-complicated_304349_102.html#article","isPartOf":{"@id":"https:\/\/www.fcbarcelonanoticias.com\/en\/transfers\/pablo-torre-future-at-flick-barca-is-increasingly-complicated_304349_102.html"},"author":{"name":"Kevin G\u00f3mez","@id":"https:\/\/www.fcbarcelonanoticias.com\/en\/#\/schema\/person\/991443f134df9a64c6874f96ff984c9d"},"headline":"Pablo Torre&#8217;s future at Flick&#8217;s Bar\u00e7a is increasingly complicated","datePublished":"2024-06-10T13:36:00+00:00","dateModified":"2024-06-11T05:47:00+00:00","mainEntityOfPage":{"@id":"https:\/\/www.fcbarcelonanoticias.com\/en\/transfers\/pablo-torre-future-at-flick-barca-is-increasingly-complicated_304349_102.html"},"wordCount":593,"image":{"@id":"https:\/\/www.fcbarcelonanoticias.com\/en\/transfers\/pablo-torre-future-at-flick-barca-is-increasingly-complicated_304349_102.html#primaryimage"},"thumbnailUrl":"https:\/\/www.fcbarcelonanoticias.com\/en\/wp-content\/uploads\/sites\/2\/2024\/06\/pablo-torre-con-el-girona-cf-en-un-duelo-contra-marc-roca-del-betis-en-laliga.png","keywords":["Hansi Flick"],"articleSection":["Transfers","Transfers"],"inLanguage":"en-US"},{"@type":"WebPage","@id":"https:\/\/www.fcbarcelonanoticias.com\/en\/transfers\/pablo-torre-future-at-flick-barca-is-increasingly-complicated_304349_102.html","url":"https:\/\/www.fcbarcelonanoticias.com\/en\/transfers\/pablo-torre-future-at-flick-barca-is-increasingly-complicated_304349_102.html","name":"Pablo Torre's future at Flick's Bar\u00e7a is increasingly complicated","isPartOf":{"@id":"https:\/\/www.fcbarcelonanoticias.com\/en\/#website"},"primaryImageOfPage":{"@id":"https:\/\/www.fcbarcelonanoticias.com\/en\/transfers\/pablo-torre-future-at-flick-barca-is-increasingly-complicated_304349_102.html#primaryimage"},"image":{"@id":"https:\/\/www.fcbarcelonanoticias.com\/en\/transfers\/pablo-torre-future-at-flick-barca-is-increasingly-complicated_304349_102.html#primaryimage"},"thumbnailUrl":"https:\/\/www.fcbarcelonanoticias.com\/en\/wp-content\/uploads\/sites\/2\/2024\/06\/pablo-torre-con-el-girona-cf-en-un-duelo-contra-marc-roca-del-betis-en-laliga.png","datePublished":"2024-06-10T13:36:00+00:00","dateModified":"2024-06-11T05:47:00+00:00","author":{"@id":"https:\/\/www.fcbarcelonanoticias.com\/en\/#\/schema\/person\/991443f134df9a64c6874f96ff984c9d"},"description":"Pablo Torre is one of the names that will generate the most debate at FC Barcelona this summer, since it is still not clear if he will stay or if they will look for a new exit for the 2024\/25 season. This last scenario seems to be gaining more and more strength","breadcrumb":{"@id":"https:\/\/www.fcbarcelonanoticias.com\/en\/transfers\/pablo-torre-future-at-flick-barca-is-increasingly-complicated_304349_102.html#breadcrumb"},"inLanguage":"en-US","potentialAction":[{"@type":"ReadAction","target":["https:\/\/www.fcbarcelonanoticias.com\/en\/transfers\/pablo-torre-future-at-flick-barca-is-increasingly-complicated_304349_102.html"]}]},{"@type":"ImageObject","inLanguage":"en-US","@id":"https:\/\/www.fcbarcelonanoticias.com\/en\/transfers\/pablo-torre-future-at-flick-barca-is-increasingly-complicated_304349_102.html#primaryimage","url":"https:\/\/www.fcbarcelonanoticias.com\/en\/wp-content\/uploads\/sites\/2\/2024\/06\/pablo-torre-con-el-girona-cf-en-un-duelo-contra-marc-roca-del-betis-en-laliga.png","contentUrl":"https:\/\/www.fcbarcelonanoticias.com\/en\/wp-content\/uploads\/sites\/2\/2024\/06\/pablo-torre-con-el-girona-cf-en-un-duelo-contra-marc-roca-del-betis-en-laliga.png","width":1300,"height":732},{"@type":"BreadcrumbList","@id":"https:\/\/www.fcbarcelonanoticias.com\/en\/transfers\/pablo-torre-future-at-flick-barca-is-increasingly-complicated_304349_102.html#breadcrumb","itemListElement":[{"@type":"ListItem","position":1,"name":"Portada","item":"https:\/\/www.fcbarcelonanoticias.com\/en\/"},{"@type":"ListItem","position":2,"name":"Pablo Torre&#8217;s future at Flick&#8217;s Bar\u00e7a is increasingly complicated"}]},{"@type":"WebSite","@id":"https:\/\/www.fcbarcelonanoticias.com\/en\/#website","url":"https:\/\/www.fcbarcelonanoticias.com\/en\/","name":"EN - FC Barcelona Noticias","description":"","potentialAction":[{"@type":"SearchAction","target":{"@type":"EntryPoint","urlTemplate":"https:\/\/www.fcbarcelonanoticias.com\/en\/?s={search_term_string}"},"query-input":{"@type":"PropertyValueSpecification","valueRequired":true,"valueName":"search_term_string"}}],"inLanguage":"en-US"},{"@type":"Person","@id":"https:\/\/www.fcbarcelonanoticias.com\/en\/#\/schema\/person\/991443f134df9a64c6874f96ff984c9d","name":"Kevin G\u00f3mez","image":{"@type":"ImageObject","inLanguage":"en-US","@id":"https:\/\/secure.gravatar.com\/avatar\/?s=96&d=mm&r=g","url":"https:\/\/secure.gravatar.com\/avatar\/?s=96&d=mm&r=g","contentUrl":"https:\/\/secure.gravatar.com\/avatar\/?s=96&d=mm&r=g","caption":"Kevin G\u00f3mez"},"description":"Licenciado\u00a0en Periodismo y Comunicaci\u00f3n Audiovisual. Redactor en FCBN responsable de cubrir toda\u00a0la informaci\u00f3n del FC Barcelona y las principales competiciones de\u00a0f\u00fatbol.","url":"https:\/\/www.fcbarcelonanoticias.com\/en\/jugadores\/kevin-gomez_23_115.html"}]}},"_links":{"self":[{"href":"https:\/\/www.fcbarcelonanoticias.com\/en\/wp-json\/wp\/v2\/posts\/133759","targetHints":{"allow":["GET"]}}],"collection":[{"href":"https:\/\/www.fcbarcelonanoticias.com\/en\/wp-json\/wp\/v2\/posts"}],"about":[{"href":"https:\/\/www.fcbarcelonanoticias.com\/en\/wp-json\/wp\/v2\/types\/post"}],"author":[{"embeddable":true,"href":"https:\/\/www.fcbarcelonanoticias.com\/en\/wp-json\/wp\/v2\/users\/355"}],"replies":[{"embeddable":true,"href":"https:\/\/www.fcbarcelonanoticias.com\/en\/wp-json\/wp\/v2\/comments?post=133759"}],"version-history":[{"count":1,"href":"https:\/\/www.fcbarcelonanoticias.com\/en\/wp-json\/wp\/v2\/posts\/133759\/revisions"}],"predecessor-version":[{"id":153961,"href":"https:\/\/www.fcbarcelonanoticias.com\/en\/wp-json\/wp\/v2\/posts\/133759\/revisions\/153961"}],"wp:featuredmedia":[{"embeddable":true,"href":"https:\/\/www.fcbarcelonanoticias.com\/en\/wp-json\/wp\/v2\/media\/133761"}],"wp:attachment":[{"href":"https:\/\/www.fcbarcelonanoticias.com\/en\/wp-json\/wp\/v2\/media?parent=133759"}],"wp:term":[{"taxonomy":"category","embeddable":true,"href":"https:\/\/www.fcbarcelonanoticias.com\/en\/wp-json\/wp\/v2\/categories?post=133759"},{"taxonomy":"post_tag","embeddable":true,"href":"https:\/\/www.fcbarcelonanoticias.com\/en\/wp-json\/wp\/v2\/tags?post=133759"}],"curies":[{"name":"wp","href":"https:\/\/api.w.org\/{rel}","templated":true}]}}