{"id":133840,"date":"2022-04-27T20:15:00","date_gmt":"2022-04-27T18:15:00","guid":{"rendered":"https:\/\/weisetech.dev\/fc-barcelona-noticias\/en\/overpopulation-barcelona-in-its-roster-face-next-season_279786_102\/"},"modified":"2022-04-27T20:15:00","modified_gmt":"2022-04-27T18:15:00","slug":"overpopulation-barcelona-in-its-roster-face-next-season_279786_102","status":"publish","type":"post","link":"https:\/\/www.fcbarcelonanoticias.com\/en\/transfers\/overpopulation-barcelona-in-its-roster-face-next-season_279786_102.html","title":{"rendered":"The &#8216;overpopulation&#8217; of Bar\u00e7a in its squad for next season"},"content":{"rendered":"<h2 class=\"wp-block-heading\">FC Barcelona prepares its squad for the following campaign. The cul\u00e9s have been immersed in the market in search of reinforcements, but the &#8216;overbooking&#8217; present in certain positions forces them to look for an exit for certain players<\/h2>  \r\n<div class=\"article-addons\">\r\n    <a href=\"https:\/\/www.fcbarcelonanoticias.com\/en\/calendar-fc-barcelona.html\"\r\n       target=\"_self\"\r\n       title=\"Calendar of FC Barcelona\"\r\n       class=\"blue-gredient-btn\">\r\n       \r\n        Calendar of FC Barcelona    <\/a>\r\n<\/div>   <p>The <a data-external=\"0\" data-intl-links-en=\"https:\/\/www.fcbarcelonanoticias.com\/en\/fc-barcelona\" data-intl-links-es=\"https:\/\/www.fcbarcelonanoticias.com\/fc-barcelona\" href=\"https:\/\/www.fcbarcelonanoticias.com\/en\/football-soccer\/fc-barcelona.html\" rel=\"follow\" target=\"_self\" title=\"FC Barcelona\">FC Barcelona<\/a> will face a &#8216;revolution&#8217; in his staff of face to the next season. The cul\u00e9s are sabedores that a change is necessary if they expect to give him the turn to a present of the club that leaves more doubts that certainties. The Catalan entity wait tackle a quantity of incorporations that give him the jump of necessary quality to the staff. Nevertheless, this situation would leave a problem in Can Bar\u00e7a, <strong>and is that a staff to which already him &#8216;sobran&#8217; players would see even more &#8216;populated&#8217;<\/strong>.<\/p>  <p>In this stage, the barcelonistas would be forced to show him the door of exit to some footballers. Such is the case of the goal, where the Barcelona group expects to bring him a substitute of guarantees to Marc-Andr\u00e9 Ter Stegen, and <strong>the favourite in the breast of Can Bar\u00e7a is the canterano I\u00f1aki Crag<\/strong>, that finds yielded in the Galatasaray. However, the &#8216;landing&#8217; of the young guardameta would comport on sale of Net Walled, to the one who the cul\u00e9s have put him the &#8216;poster&#8217; of transferible. In the meantime, Arnau Tenas would follow acting like third goalkeeper.<\/p>  <p>The defence blaugrana has varied of players that would be &#8216;piece&#8217; of change. In the central saga the cul\u00e9s have the recently fichado Andreas Christensen, Gerard Hammered, Eric Garc\u00eda, Ronald Ara\u00fajo, Cl\u00e9ment Lenglet, Samuel Umtiti and \u00d3scar Mingueza.<strong> These last three would be the &#8216;aimed&#8217; by the Catalans to leave the City Condal<\/strong>. On the other hand, the sides are the positions more &#8216;weakened&#8217; of the staff of <a data-external=\"0\" data-intl-links-en=\"https:\/\/www.fcbarcelonanoticias.com\/en\/tags\/xavi-hernandez\" data-intl-links-es=\"https:\/\/www.fcbarcelonanoticias.com\/tags\/xavi-hernandez\" href=\"https:\/\/www.fcbarcelonanoticias.com\/en\/tags\/xavi-hernandez.html\" rel=\"follow\" target=\"_self\" title=\"Xavi Hern\u00e1ndez\">Xavi<\/a>. By the right-handed lane, the egarense has Dani Alves and Sergi\u00f1o Dest, with Moussa Wagu\u00e9 &#8216;descartado&#8217; by Hern\u00e1ndez. So much the Brazilian like the Senegalese possess short agreements and would have a &#8216;foot was&#8217; of the Camp Nou, whereas in the Bar\u00e7a would not see with bad eyes the sale of the American.<\/p>  <p>In the meantime, in the left side the trainer of Terrassa only has an active &#8216;reliable&#8217; that it is Jordi Alba. The &#8216;relief&#8217; of the international with the Spanish selection, Alejandro Bald\u00e9, has not known to consecrate in the first team, by what an exit in summer is more than likely. Of this form, the Catalans would be in research of substitutes that reinforce said demarcations, <strong>with C\u00e9sar Azpilicueta and Javi Gal\u00e1n like big favourites to do with the places &#8216;abandoned&#8217; by the &#8216;descartes&#8217;<\/strong>.<\/p>  <h3>A medullary almost &#8216;intocable&#8217;<\/h3>  <p>The half of the field of the Barcelona is the zone where fewer doubts have in the City Condal. The barcelonistas combine experience with youth in a medullary with big active, as it is the case of Sergio Busquets, Pedri, Gavi, Nico, Frenkie of Jong, Franck Kessi\u00e9 (that it would arrive in summer), Sergi Roberto and Riqui Puig. Precisely, this last would be the &#8216;signalled&#8217; to leave the midfield to the not being able to do with a gap in the staff. Likewise, the last informations ensure <strong>that the Bar\u00e7a would contemplate the sale of the &#8217;21&#8217; Dutch if it arrives the correct offer<\/strong>, by what the exit of the ex of the Ajax neither would be &#8216;descartada&#8217;.<\/p>  <h3>The forward will suffer several changes<\/h3>  <p><strong>The forward of the FC Barcelona is the zone with more &#8216;overbooking&#8217; in the staff<\/strong>, by what is likely that produce several sales. P.And. Aubameyang, Ousmane Demb\u00e9l\u00e9, Ferran Torres, Adama Traor\u00e9, Memphis Depay, Ansu Fati, Ez Abd\u00e9, Ferran Jutgl\u00e1, Martin Braithwaite and Luuk of Jong conform an attack to the that does not go in him neither a &#8216;pin&#8217;. In spite of this, the presence of some footballers the next campaign is in doubts, and others are totally &#8216;descartados&#8217;.<\/p>  <p>In the case of Demb\u00e9l\u00e9, when all aimed to that would leave the changing rooms of the feudo cul\u00e9, the things would have given a twist and the footballer would want to follow, <strong>by what the club works in his renewal<\/strong>. However, to produce his exit, in Can Bar\u00e7a already handle his replacement in Raphinha. Of the same way, Memphis Depay would be considering test new &#8216;airs&#8217; in front of the fault of opportunities. Finally, the purchase of Traor\u00e9 would be subject to some conditions, although for the time being antoja &#8216;far&#8217;.<\/p>  <p>By his part, <strong>Luuk of Jong would return to the Seville after finishing his cession in Barcelona<\/strong>. Likewise, Martin Braithwaite aims to be one of the sales of the club to the not explaining in the absolute for Xavi and is pretended from England. Finally, the youngsters canteranos Jutgl\u00e1 and Abd\u00e9 would have poster in Spain and Italy and could be yielded with the end of &#8216;foguearse&#8217; in First Division.<\/p>  <p>To all this it is necessary to add him the incorporation in which would be working from the Catalan offices. The institution is by the work to hire to an attacker of first level, <strong>with Robert Lewandowski like main candidate to add to the rows of Xavi Hern\u00e1ndez<\/strong>. Nevertheless, other names like Gabriel Jesus, Lautaro Mart\u00ednez and Darwin Nu\u00f1ez handle in the entity like alternatives to the Polish forward.<\/p>  <h3>The situation of the yielded<\/h3>  <p>The case of the yielded is one that handles with care in the City Condal. <strong>The majority of them, by not saying that all they, would be in the &#8216;ramp&#8217; of exit of the club<\/strong>. Griezmann Aims to remain under the control of the &#8216;Cholo&#8217; in the Athletic of Madrid, Countinho has &#8216;poster&#8217; in England and several teams would be after his steps. Same case of Pjanic, that is pretended in Italy. Likewise, Francisco Trincao would not be in the plans of Xavi and the Bar\u00e7a would look for to do box with him. In the meantime, the Catalans would have to study the situation of Demir and \u00c1lex Hill, to those who could &#8216;repescar&#8217; to reinforce the square, although a sale would not be sight with &#8216;bad eyes&#8217;.<\/p> ","protected":false},"excerpt":{"rendered":"<p>FC Barcelona prepares its squad for the following campaign. The cul\u00e9s have been immersed in the market in search of reinforcements, but the &#8216;overbooking&#8217; present in certain positions forces them to look for an exit for certain players The FC Barcelona will face a &#8216;revolution&#8217; in his staff of face to the next season. The [&hellip;]<\/p>\n","protected":false},"author":358,"featured_media":133845,"comment_status":"closed","ping_status":"open","sticky":false,"template":"","format":"standard","meta":{"_acf_changed":false,"inline_featured_image":false,"_nextfly_llmd_date_locked":false,"footnotes":""},"categories":[106,449],"tags":[268,145,320,357,142,352,298,346,309,48],"class_list":["post-133840","post","type-post","status-publish","format-standard","has-post-thumbnail","hentry","category-transfers","category-transfers-2","tag-coutinho","tag-griezmann","tag-lenglet","tag-martin-braithwaite","tag-memphis-depay","tag-mingueza","tag-neto","tag-riqui-puig","tag-samuel-umtiti","tag-xavi-hernandez"],"acf":[],"yoast_head":"<!-- This site is optimized with the Yoast SEO plugin v27.3 - https:\/\/yoast.com\/product\/yoast-seo-wordpress\/ -->\n<title>The &#039;overpopulation&#039; of Bar\u00e7a in its squad for next season<\/title>\n<meta name=\"description\" content=\"The FC Barcelona makes his staff of face to the following campaign. The cul\u00e9s have been immersed in the market in research of reinforcements, but the &#039;overb...\" \/>\n<meta name=\"robots\" content=\"index, follow, max-snippet:-1, max-image-preview:large, max-video-preview:-1\" \/>\n<link rel=\"canonical\" href=\"https:\/\/www.fcbarcelonanoticias.com\/en\/transfers\/overpopulation-barcelona-in-its-roster-face-next-season_279786_102.html\" \/>\n<meta property=\"og:locale\" content=\"en_US\" \/>\n<meta property=\"og:type\" content=\"article\" \/>\n<meta property=\"og:title\" content=\"The &#039;overpopulation&#039; of Bar\u00e7a in its squad for next season\" \/>\n<meta property=\"og:description\" content=\"The FC Barcelona makes his staff of face to the following campaign. The cul\u00e9s have been immersed in the market in research of reinforcements, but the &#039;overb...\" \/>\n<meta property=\"og:url\" content=\"https:\/\/www.fcbarcelonanoticias.com\/en\/transfers\/overpopulation-barcelona-in-its-roster-face-next-season_279786_102.html\" \/>\n<meta property=\"og:site_name\" content=\"EN - FC Barcelona Noticias\" \/>\n<meta property=\"article:published_time\" content=\"2022-04-27T18:15:00+00:00\" \/>\n<meta property=\"og:image\" content=\"https:\/\/www.fcbarcelonanoticias.com\/en\/wp-content\/uploads\/sites\/2\/2022\/04\/once-titular-del-barca-ante-el-cadiz.jpeg\" \/>\n\t<meta property=\"og:image:width\" content=\"1300\" \/>\n\t<meta property=\"og:image:height\" content=\"732\" \/>\n\t<meta property=\"og:image:type\" content=\"image\/jpeg\" \/>\n<meta name=\"author\" content=\"Juan Pablo Berdugo\" \/>\n<meta name=\"twitter:card\" content=\"summary_large_image\" \/>\n<meta name=\"twitter:label1\" content=\"Written by\" \/>\n\t<meta name=\"twitter:data1\" content=\"Juan Pablo Berdugo\" \/>\n\t<meta name=\"twitter:label2\" content=\"Est. reading time\" \/>\n\t<meta name=\"twitter:data2\" content=\"5 minutes\" \/>\n<script type=\"application\/ld+json\" class=\"yoast-schema-graph\">{\"@context\":\"https:\\\/\\\/schema.org\",\"@graph\":[{\"@type\":\"Article\",\"@id\":\"https:\\\/\\\/www.fcbarcelonanoticias.com\\\/en\\\/transfers\\\/overpopulation-barcelona-in-its-roster-face-next-season_279786_102.html#article\",\"isPartOf\":{\"@id\":\"https:\\\/\\\/www.fcbarcelonanoticias.com\\\/en\\\/transfers\\\/overpopulation-barcelona-in-its-roster-face-next-season_279786_102.html\"},\"author\":{\"name\":\"Juan Pablo Berdugo\",\"@id\":\"https:\\\/\\\/www.fcbarcelonanoticias.com\\\/en\\\/#\\\/schema\\\/person\\\/88d756918a0a1ae9fa593b5edddd1815\"},\"headline\":\"The &#8216;overpopulation&#8217; of Bar\u00e7a in its squad for next season\",\"datePublished\":\"2022-04-27T18:15:00+00:00\",\"mainEntityOfPage\":{\"@id\":\"https:\\\/\\\/www.fcbarcelonanoticias.com\\\/en\\\/transfers\\\/overpopulation-barcelona-in-its-roster-face-next-season_279786_102.html\"},\"wordCount\":1040,\"image\":{\"@id\":\"https:\\\/\\\/www.fcbarcelonanoticias.com\\\/en\\\/transfers\\\/overpopulation-barcelona-in-its-roster-face-next-season_279786_102.html#primaryimage\"},\"thumbnailUrl\":\"https:\\\/\\\/www.fcbarcelonanoticias.com\\\/en\\\/wp-content\\\/uploads\\\/sites\\\/2\\\/2022\\\/04\\\/once-titular-del-barca-ante-el-cadiz.jpeg\",\"keywords\":[\"Coutinho\",\"Griezmann\",\"Lenglet\",\"Martin Braithwaite\",\"Memphis Depay\",\"Mingueza\",\"Neto\",\"Riqui Puig\",\"Samuel Umtiti\",\"Xavi Hern\u00e1ndez\"],\"articleSection\":[\"Transfers\",\"Transfers\"],\"inLanguage\":\"en-US\"},{\"@type\":\"WebPage\",\"@id\":\"https:\\\/\\\/www.fcbarcelonanoticias.com\\\/en\\\/transfers\\\/overpopulation-barcelona-in-its-roster-face-next-season_279786_102.html\",\"url\":\"https:\\\/\\\/www.fcbarcelonanoticias.com\\\/en\\\/transfers\\\/overpopulation-barcelona-in-its-roster-face-next-season_279786_102.html\",\"name\":\"The 'overpopulation' of Bar\u00e7a in its squad for next season\",\"isPartOf\":{\"@id\":\"https:\\\/\\\/www.fcbarcelonanoticias.com\\\/en\\\/#website\"},\"primaryImageOfPage\":{\"@id\":\"https:\\\/\\\/www.fcbarcelonanoticias.com\\\/en\\\/transfers\\\/overpopulation-barcelona-in-its-roster-face-next-season_279786_102.html#primaryimage\"},\"image\":{\"@id\":\"https:\\\/\\\/www.fcbarcelonanoticias.com\\\/en\\\/transfers\\\/overpopulation-barcelona-in-its-roster-face-next-season_279786_102.html#primaryimage\"},\"thumbnailUrl\":\"https:\\\/\\\/www.fcbarcelonanoticias.com\\\/en\\\/wp-content\\\/uploads\\\/sites\\\/2\\\/2022\\\/04\\\/once-titular-del-barca-ante-el-cadiz.jpeg\",\"datePublished\":\"2022-04-27T18:15:00+00:00\",\"author\":{\"@id\":\"https:\\\/\\\/www.fcbarcelonanoticias.com\\\/en\\\/#\\\/schema\\\/person\\\/88d756918a0a1ae9fa593b5edddd1815\"},\"description\":\"The FC Barcelona makes his staff of face to the following campaign. The cul\u00e9s have been immersed in the market in research of reinforcements, but the 'overb...\",\"breadcrumb\":{\"@id\":\"https:\\\/\\\/www.fcbarcelonanoticias.com\\\/en\\\/transfers\\\/overpopulation-barcelona-in-its-roster-face-next-season_279786_102.html#breadcrumb\"},\"inLanguage\":\"en-US\",\"potentialAction\":[{\"@type\":\"ReadAction\",\"target\":[\"https:\\\/\\\/www.fcbarcelonanoticias.com\\\/en\\\/transfers\\\/overpopulation-barcelona-in-its-roster-face-next-season_279786_102.html\"]}]},{\"@type\":\"ImageObject\",\"inLanguage\":\"en-US\",\"@id\":\"https:\\\/\\\/www.fcbarcelonanoticias.com\\\/en\\\/transfers\\\/overpopulation-barcelona-in-its-roster-face-next-season_279786_102.html#primaryimage\",\"url\":\"https:\\\/\\\/www.fcbarcelonanoticias.com\\\/en\\\/wp-content\\\/uploads\\\/sites\\\/2\\\/2022\\\/04\\\/once-titular-del-barca-ante-el-cadiz.jpeg\",\"contentUrl\":\"https:\\\/\\\/www.fcbarcelonanoticias.com\\\/en\\\/wp-content\\\/uploads\\\/sites\\\/2\\\/2022\\\/04\\\/once-titular-del-barca-ante-el-cadiz.jpeg\",\"width\":1300,\"height\":732},{\"@type\":\"BreadcrumbList\",\"@id\":\"https:\\\/\\\/www.fcbarcelonanoticias.com\\\/en\\\/transfers\\\/overpopulation-barcelona-in-its-roster-face-next-season_279786_102.html#breadcrumb\",\"itemListElement\":[{\"@type\":\"ListItem\",\"position\":1,\"name\":\"Portada\",\"item\":\"https:\\\/\\\/www.fcbarcelonanoticias.com\\\/en\\\/\"},{\"@type\":\"ListItem\",\"position\":2,\"name\":\"The &#8216;overpopulation&#8217; of Bar\u00e7a in its squad for next season\"}]},{\"@type\":\"WebSite\",\"@id\":\"https:\\\/\\\/www.fcbarcelonanoticias.com\\\/en\\\/#website\",\"url\":\"https:\\\/\\\/www.fcbarcelonanoticias.com\\\/en\\\/\",\"name\":\"EN - FC Barcelona Noticias\",\"description\":\"\",\"potentialAction\":[{\"@type\":\"SearchAction\",\"target\":{\"@type\":\"EntryPoint\",\"urlTemplate\":\"https:\\\/\\\/www.fcbarcelonanoticias.com\\\/en\\\/?s={search_term_string}\"},\"query-input\":{\"@type\":\"PropertyValueSpecification\",\"valueRequired\":true,\"valueName\":\"search_term_string\"}}],\"inLanguage\":\"en-US\"},{\"@type\":\"Person\",\"@id\":\"https:\\\/\\\/www.fcbarcelonanoticias.com\\\/en\\\/#\\\/schema\\\/person\\\/88d756918a0a1ae9fa593b5edddd1815\",\"name\":\"Juan Pablo Berdugo\",\"image\":{\"@type\":\"ImageObject\",\"inLanguage\":\"en-US\",\"@id\":\"https:\\\/\\\/secure.gravatar.com\\\/avatar\\\/?s=96&d=mm&r=g\",\"url\":\"https:\\\/\\\/secure.gravatar.com\\\/avatar\\\/?s=96&d=mm&r=g\",\"contentUrl\":\"https:\\\/\\\/secure.gravatar.com\\\/avatar\\\/?s=96&d=mm&r=g\",\"caption\":\"Juan Pablo Berdugo\"},\"description\":\"Juan Pablo Berdugo es graduado en Periodismo. Colabora con FCBN como especialista en informaci\u00f3n del primer equipo del FC Barcelona, f\u00fatbol internacional y mercado de fichajes. Destaca por su enfoque anal\u00edtico, su rigor informativo y su capacidad para detectar tendencias emergentes en el f\u00fatbol global.\",\"url\":\"https:\\\/\\\/www.fcbarcelonanoticias.com\\\/en\\\/fc-barcelona\\\/juan-pablo-berdugo_18_115.html\"}]}<\/script>\n<!-- \/ Yoast SEO plugin. -->","yoast_head_json":{"title":"The 'overpopulation' of Bar\u00e7a in its squad for next season","description":"The FC Barcelona makes his staff of face to the following campaign. The cul\u00e9s have been immersed in the market in research of reinforcements, but the 'overb...","robots":{"index":"index","follow":"follow","max-snippet":"max-snippet:-1","max-image-preview":"max-image-preview:large","max-video-preview":"max-video-preview:-1"},"canonical":"https:\/\/www.fcbarcelonanoticias.com\/en\/transfers\/overpopulation-barcelona-in-its-roster-face-next-season_279786_102.html","og_locale":"en_US","og_type":"article","og_title":"The 'overpopulation' of Bar\u00e7a in its squad for next season","og_description":"The FC Barcelona makes his staff of face to the following campaign. The cul\u00e9s have been immersed in the market in research of reinforcements, but the 'overb...","og_url":"https:\/\/www.fcbarcelonanoticias.com\/en\/transfers\/overpopulation-barcelona-in-its-roster-face-next-season_279786_102.html","og_site_name":"EN - FC Barcelona Noticias","article_published_time":"2022-04-27T18:15:00+00:00","og_image":[{"width":1300,"height":732,"url":"https:\/\/www.fcbarcelonanoticias.com\/en\/wp-content\/uploads\/sites\/2\/2022\/04\/once-titular-del-barca-ante-el-cadiz.jpeg","type":"image\/jpeg"}],"author":"Juan Pablo Berdugo","twitter_card":"summary_large_image","twitter_misc":{"Written by":"Juan Pablo Berdugo","Est. reading time":"5 minutes"},"schema":{"@context":"https:\/\/schema.org","@graph":[{"@type":"Article","@id":"https:\/\/www.fcbarcelonanoticias.com\/en\/transfers\/overpopulation-barcelona-in-its-roster-face-next-season_279786_102.html#article","isPartOf":{"@id":"https:\/\/www.fcbarcelonanoticias.com\/en\/transfers\/overpopulation-barcelona-in-its-roster-face-next-season_279786_102.html"},"author":{"name":"Juan Pablo Berdugo","@id":"https:\/\/www.fcbarcelonanoticias.com\/en\/#\/schema\/person\/88d756918a0a1ae9fa593b5edddd1815"},"headline":"The &#8216;overpopulation&#8217; of Bar\u00e7a in its squad for next season","datePublished":"2022-04-27T18:15:00+00:00","mainEntityOfPage":{"@id":"https:\/\/www.fcbarcelonanoticias.com\/en\/transfers\/overpopulation-barcelona-in-its-roster-face-next-season_279786_102.html"},"wordCount":1040,"image":{"@id":"https:\/\/www.fcbarcelonanoticias.com\/en\/transfers\/overpopulation-barcelona-in-its-roster-face-next-season_279786_102.html#primaryimage"},"thumbnailUrl":"https:\/\/www.fcbarcelonanoticias.com\/en\/wp-content\/uploads\/sites\/2\/2022\/04\/once-titular-del-barca-ante-el-cadiz.jpeg","keywords":["Coutinho","Griezmann","Lenglet","Martin Braithwaite","Memphis Depay","Mingueza","Neto","Riqui Puig","Samuel Umtiti","Xavi Hern\u00e1ndez"],"articleSection":["Transfers","Transfers"],"inLanguage":"en-US"},{"@type":"WebPage","@id":"https:\/\/www.fcbarcelonanoticias.com\/en\/transfers\/overpopulation-barcelona-in-its-roster-face-next-season_279786_102.html","url":"https:\/\/www.fcbarcelonanoticias.com\/en\/transfers\/overpopulation-barcelona-in-its-roster-face-next-season_279786_102.html","name":"The 'overpopulation' of Bar\u00e7a in its squad for next season","isPartOf":{"@id":"https:\/\/www.fcbarcelonanoticias.com\/en\/#website"},"primaryImageOfPage":{"@id":"https:\/\/www.fcbarcelonanoticias.com\/en\/transfers\/overpopulation-barcelona-in-its-roster-face-next-season_279786_102.html#primaryimage"},"image":{"@id":"https:\/\/www.fcbarcelonanoticias.com\/en\/transfers\/overpopulation-barcelona-in-its-roster-face-next-season_279786_102.html#primaryimage"},"thumbnailUrl":"https:\/\/www.fcbarcelonanoticias.com\/en\/wp-content\/uploads\/sites\/2\/2022\/04\/once-titular-del-barca-ante-el-cadiz.jpeg","datePublished":"2022-04-27T18:15:00+00:00","author":{"@id":"https:\/\/www.fcbarcelonanoticias.com\/en\/#\/schema\/person\/88d756918a0a1ae9fa593b5edddd1815"},"description":"The FC Barcelona makes his staff of face to the following campaign. The cul\u00e9s have been immersed in the market in research of reinforcements, but the 'overb...","breadcrumb":{"@id":"https:\/\/www.fcbarcelonanoticias.com\/en\/transfers\/overpopulation-barcelona-in-its-roster-face-next-season_279786_102.html#breadcrumb"},"inLanguage":"en-US","potentialAction":[{"@type":"ReadAction","target":["https:\/\/www.fcbarcelonanoticias.com\/en\/transfers\/overpopulation-barcelona-in-its-roster-face-next-season_279786_102.html"]}]},{"@type":"ImageObject","inLanguage":"en-US","@id":"https:\/\/www.fcbarcelonanoticias.com\/en\/transfers\/overpopulation-barcelona-in-its-roster-face-next-season_279786_102.html#primaryimage","url":"https:\/\/www.fcbarcelonanoticias.com\/en\/wp-content\/uploads\/sites\/2\/2022\/04\/once-titular-del-barca-ante-el-cadiz.jpeg","contentUrl":"https:\/\/www.fcbarcelonanoticias.com\/en\/wp-content\/uploads\/sites\/2\/2022\/04\/once-titular-del-barca-ante-el-cadiz.jpeg","width":1300,"height":732},{"@type":"BreadcrumbList","@id":"https:\/\/www.fcbarcelonanoticias.com\/en\/transfers\/overpopulation-barcelona-in-its-roster-face-next-season_279786_102.html#breadcrumb","itemListElement":[{"@type":"ListItem","position":1,"name":"Portada","item":"https:\/\/www.fcbarcelonanoticias.com\/en\/"},{"@type":"ListItem","position":2,"name":"The &#8216;overpopulation&#8217; of Bar\u00e7a in its squad for next season"}]},{"@type":"WebSite","@id":"https:\/\/www.fcbarcelonanoticias.com\/en\/#website","url":"https:\/\/www.fcbarcelonanoticias.com\/en\/","name":"EN - FC Barcelona Noticias","description":"","potentialAction":[{"@type":"SearchAction","target":{"@type":"EntryPoint","urlTemplate":"https:\/\/www.fcbarcelonanoticias.com\/en\/?s={search_term_string}"},"query-input":{"@type":"PropertyValueSpecification","valueRequired":true,"valueName":"search_term_string"}}],"inLanguage":"en-US"},{"@type":"Person","@id":"https:\/\/www.fcbarcelonanoticias.com\/en\/#\/schema\/person\/88d756918a0a1ae9fa593b5edddd1815","name":"Juan Pablo Berdugo","image":{"@type":"ImageObject","inLanguage":"en-US","@id":"https:\/\/secure.gravatar.com\/avatar\/?s=96&d=mm&r=g","url":"https:\/\/secure.gravatar.com\/avatar\/?s=96&d=mm&r=g","contentUrl":"https:\/\/secure.gravatar.com\/avatar\/?s=96&d=mm&r=g","caption":"Juan Pablo Berdugo"},"description":"Juan Pablo Berdugo es graduado en Periodismo. Colabora con FCBN como especialista en informaci\u00f3n del primer equipo del FC Barcelona, f\u00fatbol internacional y mercado de fichajes. Destaca por su enfoque anal\u00edtico, su rigor informativo y su capacidad para detectar tendencias emergentes en el f\u00fatbol global.","url":"https:\/\/www.fcbarcelonanoticias.com\/en\/fc-barcelona\/juan-pablo-berdugo_18_115.html"}]}},"_links":{"self":[{"href":"https:\/\/www.fcbarcelonanoticias.com\/en\/wp-json\/wp\/v2\/posts\/133840","targetHints":{"allow":["GET"]}}],"collection":[{"href":"https:\/\/www.fcbarcelonanoticias.com\/en\/wp-json\/wp\/v2\/posts"}],"about":[{"href":"https:\/\/www.fcbarcelonanoticias.com\/en\/wp-json\/wp\/v2\/types\/post"}],"author":[{"embeddable":true,"href":"https:\/\/www.fcbarcelonanoticias.com\/en\/wp-json\/wp\/v2\/users\/358"}],"replies":[{"embeddable":true,"href":"https:\/\/www.fcbarcelonanoticias.com\/en\/wp-json\/wp\/v2\/comments?post=133840"}],"version-history":[{"count":1,"href":"https:\/\/www.fcbarcelonanoticias.com\/en\/wp-json\/wp\/v2\/posts\/133840\/revisions"}],"predecessor-version":[{"id":153953,"href":"https:\/\/www.fcbarcelonanoticias.com\/en\/wp-json\/wp\/v2\/posts\/133840\/revisions\/153953"}],"wp:featuredmedia":[{"embeddable":true,"href":"https:\/\/www.fcbarcelonanoticias.com\/en\/wp-json\/wp\/v2\/media\/133845"}],"wp:attachment":[{"href":"https:\/\/www.fcbarcelonanoticias.com\/en\/wp-json\/wp\/v2\/media?parent=133840"}],"wp:term":[{"taxonomy":"category","embeddable":true,"href":"https:\/\/www.fcbarcelonanoticias.com\/en\/wp-json\/wp\/v2\/categories?post=133840"},{"taxonomy":"post_tag","embeddable":true,"href":"https:\/\/www.fcbarcelonanoticias.com\/en\/wp-json\/wp\/v2\/tags?post=133840"}],"curies":[{"name":"wp","href":"https:\/\/api.w.org\/{rel}","templated":true}]}}