{"id":133846,"date":"2022-07-02T22:29:00","date_gmt":"2022-07-02T20:29:00","guid":{"rendered":"https:\/\/weisetech.dev\/fc-barcelona-noticias\/en\/ousmane-dembele-closer-to-stay-in-barcelona_281827_102\/"},"modified":"2022-07-02T22:29:00","modified_gmt":"2022-07-02T20:29:00","slug":"ousmane-dembele-closer-to-stay-in-barcelona_281827_102","status":"publish","type":"post","link":"https:\/\/www.fcbarcelonanoticias.com\/en\/transfers\/ousmane-dembele-closer-to-stay-in-barcelona_281827_102.html","title":{"rendered":"Ousmane Demb\u00e9l\u00e9, closer to staying at Bar\u00e7a"},"content":{"rendered":"<h2 class=\"wp-block-heading\">The future of Ousmane Demb\u00e9l\u00e9 is still up in the air, but very close to being defined. According to the latest information, the French attacker will end up staying at FC Barcelona until the summer of 2024<\/h2>  \r\n<div class=\"article-addons\">\r\n    <a href=\"https:\/\/www.fcbarcelonanoticias.com\/en\/calendar-fc-barcelona.html\"\r\n       target=\"_self\"\r\n       title=\"Calendar of FC Barcelona\"\r\n       class=\"blue-gredient-btn\">\r\n       \r\n        Calendar of FC Barcelona    <\/a>\r\n<\/div>   <p>Ousmane Demb\u00e9l\u00e9 Finished his agreement with <a data-external=\"0\" data-intl-links-en=\"https:\/\/www.fcbarcelonanoticias.com\/en\/fc-barcelona\" data-intl-links-es=\"https:\/\/www.fcbarcelonanoticias.com\/fc-barcelona\" href=\"https:\/\/www.fcbarcelonanoticias.com\/en\/football-soccer\/fc-barcelona.html\" rel=\"follow\" target=\"_self\" title=\"FC Barcelona\">the FC Barcelona<\/a> and is free agent, but <strong>could finish engaging again with the Barcelona picture.<\/strong> Of agreement to the last informations, the French is very near to arrive to an agreement to sign his stay in the Spotify Camp Nou by two seasons more, until the summer of 2024, and finish one of the big &#8216;serials&#8217; of this year.<\/p>  <p>The born in Vernon communicated to the Bar\u00e7a in January that did not have intentions to renew his agreement, <strong>place considered that the offer of the cul\u00e9s was insufficient. <\/strong>The club tried to put it in the market and loomed it with leaving it in the terracings by six months, but Xavi Hern\u00e1ndez insisted in that it had to form part of the staff to culminate the season 21-22. The directors fulfilled his wish and, since, has worked to convince to the attacker.<\/p>  <p>Everything seems to indicate to that his efforts have had fruits, finally. Although the parts have been very distanciadas, a recent information of the newspaper &#8216;SPORT&#8217; desvela that right now <strong>some &#8220;minimum differences&#8221; separate to the Barcelona club to concretise the continuity<\/strong> of Demb\u00e9l\u00e9 by the next two years. They are slopes of the last economic details (&#8220;very small&#8221;, according to the newspaper).<\/p>  <p>The intention of the Bar\u00e7a is to close the operation as soon as possible. Joan Laporta recognised does some hours that<strong> &#8220;if it accepts our economic conditions will remain &#8220;<\/strong>, adding besides that<strong> &#8220;we do not put us limits of time for nothing&#8221;<\/strong>, but the aim is that Demb\u00e9l\u00e9 can be available from the first day of the pre-season to work under the orders of Xavi, this Monday 4 July.<\/p>  <p>&#8216;Dembouz&#8217; Has finish yielding to the proposal of the cul\u00e9s, that has been to the drop. It will be in the scale salarial to the same level that Ansu Fati and <strong>will perceive around six million net euros by season,<\/strong> 40% less than what ingresaba up to now. In the Bar\u00e7a consider that it is a victory from the economic and sportive point, place are ensuring the continuity of the footballer to the drop and think that to this price would not have achieved a better player in this position.<\/p>  <p>However, so that it complete the lacking operation a key point. &#8216;SPORT&#8217; Indicates that both parts are expecting that Mateu Alemany, director of the area of football of the club, of green light. He has showed , precisely,<strong> against of the permanence of the ex of the Borussia Dortmund <\/strong>since it announced in January that did not go to renew, but understands that it will not be a big obstacle and will resolve in brief.<\/p>  <h3>A position indescifrable<\/h3>  <p>In all these months of negotiation (from the past year!) Demb\u00e9l\u00e9 Has showed against to accept an agreement to the drop and, in fact, sometime <strong>arrived to ask a wage of stars that surpassed the 20 million euros by season.<\/strong> It refused an important number of offers of the Bar\u00e7a and accelerated to find a team that yes put on the table what was asking, but any manifested .<\/p>  <p>Chelsea has been the team that more near has been of ficharlo like free agent, but the offer neither convinced to the player of 25 years. Now, after a few &#8216;dramas&#8217;, <strong>Demb\u00e9l\u00e9 could finish accessing to all what resisted <\/strong>to remain in the Bar\u00e7a until 2024.<\/p> ","protected":false},"excerpt":{"rendered":"<p>The future of Ousmane Demb\u00e9l\u00e9 is still up in the air, but very close to being defined. According to the latest information, the French attacker will end up staying at FC Barcelona until the summer of 2024 Ousmane Demb\u00e9l\u00e9 Finished his agreement with the FC Barcelona and is free agent, but could finish engaging again [&hellip;]<\/p>\n","protected":false},"author":352,"featured_media":133851,"comment_status":"closed","ping_status":"open","sticky":false,"template":"","format":"standard","meta":{"_acf_changed":false,"inline_featured_image":false,"_nextfly_llmd_date_locked":false,"footnotes":""},"categories":[449,106],"tags":[],"class_list":["post-133846","post","type-post","status-publish","format-standard","has-post-thumbnail","hentry","category-transfers-2","category-transfers"],"acf":[],"yoast_head":"<!-- This site is optimized with the Yoast SEO plugin v27.3 - https:\/\/yoast.com\/product\/yoast-seo-wordpress\/ -->\n<title>Ousmane Demb\u00e9l\u00e9, more near to remain in the Bar\u00e7a<\/title>\n<meta name=\"description\" content=\"The future of Ousmane Demb\u00e9l\u00e9 is still in the air, but very near to define . Of agreement to the last informations, the French attacker will finish remaining in...\" \/>\n<meta name=\"robots\" content=\"index, follow, max-snippet:-1, max-image-preview:large, max-video-preview:-1\" \/>\n<link rel=\"canonical\" href=\"https:\/\/www.fcbarcelonanoticias.com\/en\/transfers\/ousmane-dembele-closer-to-stay-in-barcelona_281827_102.html\" \/>\n<meta property=\"og:locale\" content=\"en_US\" \/>\n<meta property=\"og:type\" content=\"article\" \/>\n<meta property=\"og:title\" content=\"Ousmane Demb\u00e9l\u00e9, more near to remain in the Bar\u00e7a\" \/>\n<meta property=\"og:description\" content=\"The future of Ousmane Demb\u00e9l\u00e9 is still in the air, but very near to define . Of agreement to the last informations, the French attacker will finish remaining in...\" \/>\n<meta property=\"og:url\" content=\"https:\/\/www.fcbarcelonanoticias.com\/en\/transfers\/ousmane-dembele-closer-to-stay-in-barcelona_281827_102.html\" \/>\n<meta property=\"og:site_name\" content=\"EN - FC Barcelona Noticias\" \/>\n<meta property=\"article:published_time\" content=\"2022-07-02T20:29:00+00:00\" \/>\n<meta property=\"og:image\" content=\"https:\/\/www.fcbarcelonanoticias.com\/en\/wp-content\/uploads\/sites\/2\/2022\/07\/dembele-espanyol.jpeg\" \/>\n\t<meta property=\"og:image:width\" content=\"1200\" \/>\n\t<meta property=\"og:image:height\" content=\"675\" \/>\n\t<meta property=\"og:image:type\" content=\"image\/jpeg\" \/>\n<meta name=\"author\" content=\"Paola Guevara\" \/>\n<meta name=\"twitter:card\" content=\"summary_large_image\" \/>\n<meta name=\"twitter:label1\" content=\"Written by\" \/>\n\t<meta name=\"twitter:data1\" content=\"Paola Guevara\" \/>\n\t<meta name=\"twitter:label2\" content=\"Est. reading time\" \/>\n\t<meta name=\"twitter:data2\" content=\"3 minutes\" \/>\n<script type=\"application\/ld+json\" class=\"yoast-schema-graph\">{\"@context\":\"https:\\\/\\\/schema.org\",\"@graph\":[{\"@type\":\"Article\",\"@id\":\"https:\\\/\\\/www.fcbarcelonanoticias.com\\\/en\\\/transfers\\\/ousmane-dembele-closer-to-stay-in-barcelona_281827_102.html#article\",\"isPartOf\":{\"@id\":\"https:\\\/\\\/www.fcbarcelonanoticias.com\\\/en\\\/transfers\\\/ousmane-dembele-closer-to-stay-in-barcelona_281827_102.html\"},\"author\":{\"name\":\"Paola Guevara\",\"@id\":\"https:\\\/\\\/www.fcbarcelonanoticias.com\\\/en\\\/#\\\/schema\\\/person\\\/3b408513ee236e64c3043ec901f019ee\"},\"headline\":\"Ousmane Demb\u00e9l\u00e9, closer to staying at Bar\u00e7a\",\"datePublished\":\"2022-07-02T20:29:00+00:00\",\"mainEntityOfPage\":{\"@id\":\"https:\\\/\\\/www.fcbarcelonanoticias.com\\\/en\\\/transfers\\\/ousmane-dembele-closer-to-stay-in-barcelona_281827_102.html\"},\"wordCount\":615,\"image\":{\"@id\":\"https:\\\/\\\/www.fcbarcelonanoticias.com\\\/en\\\/transfers\\\/ousmane-dembele-closer-to-stay-in-barcelona_281827_102.html#primaryimage\"},\"thumbnailUrl\":\"https:\\\/\\\/www.fcbarcelonanoticias.com\\\/en\\\/wp-content\\\/uploads\\\/sites\\\/2\\\/2022\\\/07\\\/dembele-espanyol.jpeg\",\"articleSection\":[\"Transfers\",\"Transfers\"],\"inLanguage\":\"en-US\"},{\"@type\":\"WebPage\",\"@id\":\"https:\\\/\\\/www.fcbarcelonanoticias.com\\\/en\\\/transfers\\\/ousmane-dembele-closer-to-stay-in-barcelona_281827_102.html\",\"url\":\"https:\\\/\\\/www.fcbarcelonanoticias.com\\\/en\\\/transfers\\\/ousmane-dembele-closer-to-stay-in-barcelona_281827_102.html\",\"name\":\"Ousmane Demb\u00e9l\u00e9, more near to remain in the Bar\u00e7a\",\"isPartOf\":{\"@id\":\"https:\\\/\\\/www.fcbarcelonanoticias.com\\\/en\\\/#website\"},\"primaryImageOfPage\":{\"@id\":\"https:\\\/\\\/www.fcbarcelonanoticias.com\\\/en\\\/transfers\\\/ousmane-dembele-closer-to-stay-in-barcelona_281827_102.html#primaryimage\"},\"image\":{\"@id\":\"https:\\\/\\\/www.fcbarcelonanoticias.com\\\/en\\\/transfers\\\/ousmane-dembele-closer-to-stay-in-barcelona_281827_102.html#primaryimage\"},\"thumbnailUrl\":\"https:\\\/\\\/www.fcbarcelonanoticias.com\\\/en\\\/wp-content\\\/uploads\\\/sites\\\/2\\\/2022\\\/07\\\/dembele-espanyol.jpeg\",\"datePublished\":\"2022-07-02T20:29:00+00:00\",\"author\":{\"@id\":\"https:\\\/\\\/www.fcbarcelonanoticias.com\\\/en\\\/#\\\/schema\\\/person\\\/3b408513ee236e64c3043ec901f019ee\"},\"description\":\"The future of Ousmane Demb\u00e9l\u00e9 is still in the air, but very near to define . Of agreement to the last informations, the French attacker will finish remaining in...\",\"breadcrumb\":{\"@id\":\"https:\\\/\\\/www.fcbarcelonanoticias.com\\\/en\\\/transfers\\\/ousmane-dembele-closer-to-stay-in-barcelona_281827_102.html#breadcrumb\"},\"inLanguage\":\"en-US\",\"potentialAction\":[{\"@type\":\"ReadAction\",\"target\":[\"https:\\\/\\\/www.fcbarcelonanoticias.com\\\/en\\\/transfers\\\/ousmane-dembele-closer-to-stay-in-barcelona_281827_102.html\"]}]},{\"@type\":\"ImageObject\",\"inLanguage\":\"en-US\",\"@id\":\"https:\\\/\\\/www.fcbarcelonanoticias.com\\\/en\\\/transfers\\\/ousmane-dembele-closer-to-stay-in-barcelona_281827_102.html#primaryimage\",\"url\":\"https:\\\/\\\/www.fcbarcelonanoticias.com\\\/en\\\/wp-content\\\/uploads\\\/sites\\\/2\\\/2022\\\/07\\\/dembele-espanyol.jpeg\",\"contentUrl\":\"https:\\\/\\\/www.fcbarcelonanoticias.com\\\/en\\\/wp-content\\\/uploads\\\/sites\\\/2\\\/2022\\\/07\\\/dembele-espanyol.jpeg\",\"width\":1200,\"height\":675},{\"@type\":\"BreadcrumbList\",\"@id\":\"https:\\\/\\\/www.fcbarcelonanoticias.com\\\/en\\\/transfers\\\/ousmane-dembele-closer-to-stay-in-barcelona_281827_102.html#breadcrumb\",\"itemListElement\":[{\"@type\":\"ListItem\",\"position\":1,\"name\":\"Portada\",\"item\":\"https:\\\/\\\/www.fcbarcelonanoticias.com\\\/en\\\/\"},{\"@type\":\"ListItem\",\"position\":2,\"name\":\"Ousmane Demb\u00e9l\u00e9, closer to staying at Bar\u00e7a\"}]},{\"@type\":\"WebSite\",\"@id\":\"https:\\\/\\\/www.fcbarcelonanoticias.com\\\/en\\\/#website\",\"url\":\"https:\\\/\\\/www.fcbarcelonanoticias.com\\\/en\\\/\",\"name\":\"EN - FC Barcelona Noticias\",\"description\":\"\",\"potentialAction\":[{\"@type\":\"SearchAction\",\"target\":{\"@type\":\"EntryPoint\",\"urlTemplate\":\"https:\\\/\\\/www.fcbarcelonanoticias.com\\\/en\\\/?s={search_term_string}\"},\"query-input\":{\"@type\":\"PropertyValueSpecification\",\"valueRequired\":true,\"valueName\":\"search_term_string\"}}],\"inLanguage\":\"en-US\"},{\"@type\":\"Person\",\"@id\":\"https:\\\/\\\/www.fcbarcelonanoticias.com\\\/en\\\/#\\\/schema\\\/person\\\/3b408513ee236e64c3043ec901f019ee\",\"name\":\"Paola Guevara\",\"image\":{\"@type\":\"ImageObject\",\"inLanguage\":\"en-US\",\"@id\":\"https:\\\/\\\/secure.gravatar.com\\\/avatar\\\/?s=96&d=mm&r=g\",\"url\":\"https:\\\/\\\/secure.gravatar.com\\\/avatar\\\/?s=96&d=mm&r=g\",\"contentUrl\":\"https:\\\/\\\/secure.gravatar.com\\\/avatar\\\/?s=96&d=mm&r=g\",\"caption\":\"Paola Guevara\"},\"url\":\"https:\\\/\\\/www.fcbarcelonanoticias.com\\\/en\\\/fc-barcelona\\\/paola-guevara_9_115.html\"}]}<\/script>\n<!-- \/ Yoast SEO plugin. -->","yoast_head_json":{"title":"Ousmane Demb\u00e9l\u00e9, more near to remain in the Bar\u00e7a","description":"The future of Ousmane Demb\u00e9l\u00e9 is still in the air, but very near to define . Of agreement to the last informations, the French attacker will finish remaining in...","robots":{"index":"index","follow":"follow","max-snippet":"max-snippet:-1","max-image-preview":"max-image-preview:large","max-video-preview":"max-video-preview:-1"},"canonical":"https:\/\/www.fcbarcelonanoticias.com\/en\/transfers\/ousmane-dembele-closer-to-stay-in-barcelona_281827_102.html","og_locale":"en_US","og_type":"article","og_title":"Ousmane Demb\u00e9l\u00e9, more near to remain in the Bar\u00e7a","og_description":"The future of Ousmane Demb\u00e9l\u00e9 is still in the air, but very near to define . Of agreement to the last informations, the French attacker will finish remaining in...","og_url":"https:\/\/www.fcbarcelonanoticias.com\/en\/transfers\/ousmane-dembele-closer-to-stay-in-barcelona_281827_102.html","og_site_name":"EN - FC Barcelona Noticias","article_published_time":"2022-07-02T20:29:00+00:00","og_image":[{"width":1200,"height":675,"url":"https:\/\/www.fcbarcelonanoticias.com\/en\/wp-content\/uploads\/sites\/2\/2022\/07\/dembele-espanyol.jpeg","type":"image\/jpeg"}],"author":"Paola Guevara","twitter_card":"summary_large_image","twitter_misc":{"Written by":"Paola Guevara","Est. reading time":"3 minutes"},"schema":{"@context":"https:\/\/schema.org","@graph":[{"@type":"Article","@id":"https:\/\/www.fcbarcelonanoticias.com\/en\/transfers\/ousmane-dembele-closer-to-stay-in-barcelona_281827_102.html#article","isPartOf":{"@id":"https:\/\/www.fcbarcelonanoticias.com\/en\/transfers\/ousmane-dembele-closer-to-stay-in-barcelona_281827_102.html"},"author":{"name":"Paola Guevara","@id":"https:\/\/www.fcbarcelonanoticias.com\/en\/#\/schema\/person\/3b408513ee236e64c3043ec901f019ee"},"headline":"Ousmane Demb\u00e9l\u00e9, closer to staying at Bar\u00e7a","datePublished":"2022-07-02T20:29:00+00:00","mainEntityOfPage":{"@id":"https:\/\/www.fcbarcelonanoticias.com\/en\/transfers\/ousmane-dembele-closer-to-stay-in-barcelona_281827_102.html"},"wordCount":615,"image":{"@id":"https:\/\/www.fcbarcelonanoticias.com\/en\/transfers\/ousmane-dembele-closer-to-stay-in-barcelona_281827_102.html#primaryimage"},"thumbnailUrl":"https:\/\/www.fcbarcelonanoticias.com\/en\/wp-content\/uploads\/sites\/2\/2022\/07\/dembele-espanyol.jpeg","articleSection":["Transfers","Transfers"],"inLanguage":"en-US"},{"@type":"WebPage","@id":"https:\/\/www.fcbarcelonanoticias.com\/en\/transfers\/ousmane-dembele-closer-to-stay-in-barcelona_281827_102.html","url":"https:\/\/www.fcbarcelonanoticias.com\/en\/transfers\/ousmane-dembele-closer-to-stay-in-barcelona_281827_102.html","name":"Ousmane Demb\u00e9l\u00e9, more near to remain in the Bar\u00e7a","isPartOf":{"@id":"https:\/\/www.fcbarcelonanoticias.com\/en\/#website"},"primaryImageOfPage":{"@id":"https:\/\/www.fcbarcelonanoticias.com\/en\/transfers\/ousmane-dembele-closer-to-stay-in-barcelona_281827_102.html#primaryimage"},"image":{"@id":"https:\/\/www.fcbarcelonanoticias.com\/en\/transfers\/ousmane-dembele-closer-to-stay-in-barcelona_281827_102.html#primaryimage"},"thumbnailUrl":"https:\/\/www.fcbarcelonanoticias.com\/en\/wp-content\/uploads\/sites\/2\/2022\/07\/dembele-espanyol.jpeg","datePublished":"2022-07-02T20:29:00+00:00","author":{"@id":"https:\/\/www.fcbarcelonanoticias.com\/en\/#\/schema\/person\/3b408513ee236e64c3043ec901f019ee"},"description":"The future of Ousmane Demb\u00e9l\u00e9 is still in the air, but very near to define . Of agreement to the last informations, the French attacker will finish remaining in...","breadcrumb":{"@id":"https:\/\/www.fcbarcelonanoticias.com\/en\/transfers\/ousmane-dembele-closer-to-stay-in-barcelona_281827_102.html#breadcrumb"},"inLanguage":"en-US","potentialAction":[{"@type":"ReadAction","target":["https:\/\/www.fcbarcelonanoticias.com\/en\/transfers\/ousmane-dembele-closer-to-stay-in-barcelona_281827_102.html"]}]},{"@type":"ImageObject","inLanguage":"en-US","@id":"https:\/\/www.fcbarcelonanoticias.com\/en\/transfers\/ousmane-dembele-closer-to-stay-in-barcelona_281827_102.html#primaryimage","url":"https:\/\/www.fcbarcelonanoticias.com\/en\/wp-content\/uploads\/sites\/2\/2022\/07\/dembele-espanyol.jpeg","contentUrl":"https:\/\/www.fcbarcelonanoticias.com\/en\/wp-content\/uploads\/sites\/2\/2022\/07\/dembele-espanyol.jpeg","width":1200,"height":675},{"@type":"BreadcrumbList","@id":"https:\/\/www.fcbarcelonanoticias.com\/en\/transfers\/ousmane-dembele-closer-to-stay-in-barcelona_281827_102.html#breadcrumb","itemListElement":[{"@type":"ListItem","position":1,"name":"Portada","item":"https:\/\/www.fcbarcelonanoticias.com\/en\/"},{"@type":"ListItem","position":2,"name":"Ousmane Demb\u00e9l\u00e9, closer to staying at Bar\u00e7a"}]},{"@type":"WebSite","@id":"https:\/\/www.fcbarcelonanoticias.com\/en\/#website","url":"https:\/\/www.fcbarcelonanoticias.com\/en\/","name":"EN - FC Barcelona Noticias","description":"","potentialAction":[{"@type":"SearchAction","target":{"@type":"EntryPoint","urlTemplate":"https:\/\/www.fcbarcelonanoticias.com\/en\/?s={search_term_string}"},"query-input":{"@type":"PropertyValueSpecification","valueRequired":true,"valueName":"search_term_string"}}],"inLanguage":"en-US"},{"@type":"Person","@id":"https:\/\/www.fcbarcelonanoticias.com\/en\/#\/schema\/person\/3b408513ee236e64c3043ec901f019ee","name":"Paola Guevara","image":{"@type":"ImageObject","inLanguage":"en-US","@id":"https:\/\/secure.gravatar.com\/avatar\/?s=96&d=mm&r=g","url":"https:\/\/secure.gravatar.com\/avatar\/?s=96&d=mm&r=g","contentUrl":"https:\/\/secure.gravatar.com\/avatar\/?s=96&d=mm&r=g","caption":"Paola Guevara"},"url":"https:\/\/www.fcbarcelonanoticias.com\/en\/fc-barcelona\/paola-guevara_9_115.html"}]}},"_links":{"self":[{"href":"https:\/\/www.fcbarcelonanoticias.com\/en\/wp-json\/wp\/v2\/posts\/133846","targetHints":{"allow":["GET"]}}],"collection":[{"href":"https:\/\/www.fcbarcelonanoticias.com\/en\/wp-json\/wp\/v2\/posts"}],"about":[{"href":"https:\/\/www.fcbarcelonanoticias.com\/en\/wp-json\/wp\/v2\/types\/post"}],"author":[{"embeddable":true,"href":"https:\/\/www.fcbarcelonanoticias.com\/en\/wp-json\/wp\/v2\/users\/352"}],"replies":[{"embeddable":true,"href":"https:\/\/www.fcbarcelonanoticias.com\/en\/wp-json\/wp\/v2\/comments?post=133846"}],"version-history":[{"count":1,"href":"https:\/\/www.fcbarcelonanoticias.com\/en\/wp-json\/wp\/v2\/posts\/133846\/revisions"}],"predecessor-version":[{"id":153952,"href":"https:\/\/www.fcbarcelonanoticias.com\/en\/wp-json\/wp\/v2\/posts\/133846\/revisions\/153952"}],"wp:featuredmedia":[{"embeddable":true,"href":"https:\/\/www.fcbarcelonanoticias.com\/en\/wp-json\/wp\/v2\/media\/133851"}],"wp:attachment":[{"href":"https:\/\/www.fcbarcelonanoticias.com\/en\/wp-json\/wp\/v2\/media?parent=133846"}],"wp:term":[{"taxonomy":"category","embeddable":true,"href":"https:\/\/www.fcbarcelonanoticias.com\/en\/wp-json\/wp\/v2\/categories?post=133846"},{"taxonomy":"post_tag","embeddable":true,"href":"https:\/\/www.fcbarcelonanoticias.com\/en\/wp-json\/wp\/v2\/tags?post=133846"}],"curies":[{"name":"wp","href":"https:\/\/api.w.org\/{rel}","templated":true}]}}