{"id":134033,"date":"2024-06-24T17:43:00","date_gmt":"2024-06-24T15:43:00","guid":{"rendered":"https:\/\/weisetech.dev\/fc-barcelona-noticias\/en\/mika-faye-pau-victor-the-cases-that-has-to-attend-deco-in-the-filial-of-the-barca-this-summer_304811_102\/"},"modified":"2024-06-25T03:57:00","modified_gmt":"2024-06-25T01:57:00","slug":"mika-faye-pau-victor-the-cases-that-has-to-attend-deco-in-the-filial-of-the-barca-this-summer_304811_102","status":"publish","type":"post","link":"https:\/\/www.fcbarcelonanoticias.com\/en\/transfers\/mika-faye-pau-victor-the-cases-that-has-to-attend-deco-in-the-filial-of-the-barca-this-summer_304811_102.html","title":{"rendered":"Mika Faye, Pau V\u00edctor&#8230; The cases that has to attend Deco in the filial of the Bar\u00e7a this summer"},"content":{"rendered":"<h2 class=\"wp-block-heading\">The Bar\u00e7a Atl\u00e8tic has several pending appearances to concretise of face to the season 2024\/25. Therefore, in this market of summer will have to take a series of decisions that, at first sight, seem to vary between some relatively simple and other very complicated<\/h2>  \r\n<div class=\"article-addons\">\r\n    <a href=\"https:\/\/www.fcbarcelonanoticias.com\/en\/calendar-fc-barcelona.html\"\r\n       target=\"_self\"\r\n       title=\"Calendar of FC Barcelona\"\r\n       class=\"blue-gredient-btn\">\r\n       \r\n        Calendar of FC Barcelona    <\/a>\r\n<\/div>   <p>Officially, the season 2023\/24 of the Bar\u00e7a Atl\u00e8tic has come to an end. Unfortunately, for the ones of Rafa M\u00e1rquez,<strong> the course has not culminated of the way more id\u00edlica possible<\/strong>, since they have remained to at all to rise to LaLiga Hypermotion <a data-external=\"0\" data-intl-links-en=\"https:\/\/www.fcbarcelonanoticias.com\/en\/fc-barcelona\/goodbye-ascenso-bronco-cordoba-supera-barca-atletic-deja-ano-mas-en-1a-rfef-2-1_304800_102.html\" data-intl-links-es=\"https:\/\/www.fcbarcelonanoticias.com\/fc-barcelona\/adios-ascenso-bronco-cordoba-supera-barca-atletic-deja-ano-mas-en-1a-rfef-2-1_304800_102.html\" href=\"https:\/\/www.fcbarcelonanoticias.com\/en\/fc-barcelona\/goodbye-ascenso-bronco-cordoba-supera-barca-atletic-deja-ano-mas-en-1a-rfef-2-1_304800_102.html\" rel=\"follow\" target=\"_self\" title=\"\u00a1Adi\u00f3s al ascenso! Un 'bronco' C\u00f3rdoba supera al Bar\u00e7a Atl\u00e8tic y le deja un a\u00f1o m\u00e1s en 1\u00aa RFEF (2-1)\">after the defeat in front of the C\u00f3rdoba (2-1) in The Archangel<\/a>. This reverse has cut any option of the picture cul\u00e9 to return to the category of silver of the Spanish football, in which it has not been present from the campaign 2017\/18.<\/p>  <p>Surpassed the bitter drink of the defeat, the combined Barcelona <strong>has to occupy of several subjects related with the future of several players of the filial for this summer<\/strong>. In front of this, Deco, Jos\u00e9 Ram\u00f3n Alexanco, Paulo Araujo and company will gather in the next days to start with to tackle the different &#8216;folders&#8217; open, some more complex that others, but that require a prompt resolution.<\/p>  <h2>The Bar\u00e7a Atl\u00e8tic already renewed to several of his &#8216;jewels&#8217;<\/h2>  <p>In this sense, the FC Barcelona already has attended several pending situations, like the case of the right side H\u00e9ctor Fort, <strong>the one who is an usual in the dynamics of the first team and whose contractual renewal until 2029 already has been oficializada<\/strong>. Likewise, Marc Casad\u00f3, mediocentro and captain of the filial, the one who expects that have an opportunity in the maximum category under the orders of Hansi Flick, and recently extended his bond with the institution until 2028.<\/p>  <p>Behind them,<strong> perhaps the most stood out renewals in this sense are the ones of Marc Bernal (2029)<\/strong>, another mediocentro very conceptuado in The Masia, the one who, to his 17 years, apparently will make the pre-season with the first team. Added to this, already sealed other contractual prolongations like the ones of Sergi Dom\u00ednguez (2027) and the right side Joan Anaya (2027). Nevertheless, behind the protection of these players, still exist a series of cases that pose a series of inc\u00f3gnitas in the combined Catalan.<\/p>  <p>To his time, the club cul\u00e9 also has to consider the renewal of Unai Hern\u00e1ndez, one of the big protagonists of the stood out season of the Bar\u00e7a Atl\u00e8tic. <strong>It is one of the big promises of the filial and his agreement with the team expires in 2025, which is looking for renew<\/strong>. The team and the surroundings of the player have begun to board conversations and the tuning is positive. Even, they exist a lot of options that it do the pre-season with the first team and later take a decision.<\/p>  <h2>The cases of Pau V\u00edctor, Moha, Marc Vidal and Mbacke<\/h2>  <p>In this point, does not be necessary to neglect the case of the &#8216;Pichichi&#8217; of the season, Pau V\u00edctor. It arrived to the club cul\u00e9 in the last market of incorporation like yielded pertinent of the Girona.<strong> The combined Barcelona did not exert the option of purchase of 3 M\u20ac<\/strong>, by what now will have to seat to negotiate with the cast gerundense to avoid lose it. In fact, it has mentioned <a data-external=\"0\" data-intl-links-en=\"https:\/\/www.fcbarcelonanoticias.com\/en\/transfers\/fc-barcelona-studies-barter-with-girona-to-retain-pau-victor_304750_102.html\" data-intl-links-es=\"https:\/\/www.fcbarcelonanoticias.com\/fichajes\/fc-barcelona-estudia-en-trueque-con-girona-retener-pau-victor_304750_102.html\" href=\"https:\/\/www.fcbarcelonanoticias.com\/en\/transfers\/fc-barcelona-studies-barter-with-girona-to-retain-pau-victor_304750_102.html\" rel=\"follow\" target=\"_self\" title=\"El FC Barcelona estudia un 'trueque' con el Girona para retener a Pau V\u00edctor\">the option of a transaction that would involve to Oriol Romeu<\/a>. It will be necessary to see if the Barcelonan square attains to agree a suitable price to purchase in property to<strong> a player with big projection for the first team<\/strong>.<\/p>  <p>Likewise, the Bar\u00e7a Atl\u00e8tic <strong>also has to consider if it wishes to extend the stay of Moha Moukhliss, mediocentro, and Marc Vidal, guardameta<\/strong>, those who were key pieces in the diagram of Rafa M\u00e1rquez in this season, but that they have to return to his club of origin, the Andorra, from this 1 July. Under this premise, also will have to value if both players wish to continue in the picture blaugrana, taking into account that the team will contest another season in the First RFEF and seem to be that these talents have the sufficient quality to give the jump to an upper category.<\/p>  <p>On the other hand, the combined Barcelonan <strong>has to consider if it wishes to extend the stay of Mamadou Mbacke in his staff of face to the next course<\/strong>. The central Senegalese, unfortunately, could not contest the final stretch of the season because of a sprain of the left ankle. Now, from this 1 July will have to return to the proprietary group of his index card, Los Angeles FC. Taking into account that the FC Barcelona has lost the option to purchase to Jorthy Mokio to reinforce his saga, and that the one of Rufisque has showed to be an active reliable, <strong>no descarta that the club try to negotiate a discount in the option of purchase and was had to pay around 3-4 millions by him<\/strong>.<\/p>  <h2>The inc\u00f3gnita on the future of Mika Faye<\/h2>  <p>To level of exits, the case that perhaps calls much more the attention is the one of Mika Faye, the imponente Senegalese defender that had a season stood out with the Bar\u00e7a Atl\u00e8tic. <strong>This has generated numerous rumours on his possible sale this summer<\/strong>, which could concretise around the 15 M\u20ac because of the interest of combined like the Port wine, that is &#8216;bidding&#8217; seriously by him.<\/p>  <p>It is necessary to take into account that the future of the native of S\u00e9dhiou<strong> commented that it also could be subject of the permanence of the Barcelona cast in the First RFEF<\/strong>, since the defender seems to be very positioned to give the jump to an upper category. To the not rising with the filial, can not descartar the option that it offer him the occasion to have a square in the first team. However, if this does not occur, <strong>is quite likely that consider his sale<\/strong>. In principle, it will participate in the pre-season under the orders of Hansi Flick and from here will take decisions with regard to his future.<\/p>  <h2>Marc Guiu, increasingly near of Chelsea<\/h2>  <p>To close, <a data-external=\"0\" data-intl-links-en=\"https:\/\/www.fcbarcelonanoticias.com\/en\/transfers\/departure-ready-marc-guiu-has-agreed-to-leave-him-to-chelsea-that-will-pay-his-clause_304806_102.html\" data-intl-links-es=\"https:\/\/www.fcbarcelonanoticias.com\/fichajes\/salida-punto-marc-guiu-tiene-pactada-su-salida-chelsea-abonara-su-clausula_304806_102.html\" href=\"https:\/\/www.fcbarcelonanoticias.com\/en\/transfers\/departure-ready-marc-guiu-has-agreed-to-leave-him-to-chelsea-that-will-pay-his-clause_304806_102.html\" rel=\"follow\" target=\"_self\" title=\"\u00a1Salida a punto! Marc Guiu tiene pactada su salida a un Chelsea que abonar\u00e1 su cl\u00e1usula\">perhaps the most stood out case regarding exits is the possible game of Marc Guiu<\/a>. Although it seemed sure that would renew, since his agreement expires in 2025,<strong> the apparition of Chelsea and his disposal to pay his low clause of six million euros has complicated the situation to a large extent<\/strong>. According to Fabrizio Romano, the conversations with the club londinense seem to be quite advanced, and have offered him a specific project for his development in the team. It will be necessary to expect to see how develops this situation.<\/p> ","protected":false},"excerpt":{"rendered":"<p>The Bar\u00e7a Atl\u00e8tic has several pending appearances to concretise of face to the season 2024\/25. Therefore, in this market of summer will have to take a series of decisions that, at first sight, seem to vary between some relatively simple and other very complicated Officially, the season 2023\/24 of the Bar\u00e7a Atl\u00e8tic has come to [&hellip;]<\/p>\n","protected":false},"author":355,"featured_media":134038,"comment_status":"closed","ping_status":"open","sticky":false,"template":"","format":"standard","meta":{"_acf_changed":false,"inline_featured_image":false,"_nextfly_llmd_date_locked":false,"footnotes":""},"categories":[449,106],"tags":[335,310,181],"class_list":["post-134033","post","type-post","status-publish","format-standard","has-post-thumbnail","hentry","category-transfers-2","category-transfers","tag-deco","tag-marc-guiu","tag-the-masia"],"acf":[],"yoast_head":"<!-- This site is optimized with the Yoast SEO plugin v27.3 - https:\/\/yoast.com\/product\/yoast-seo-wordpress\/ -->\n<title>Mika Faye, Pau V\u00edctor... The cases that has to attend Deco in the filial of the Bar\u00e7a this summer<\/title>\n<meta name=\"description\" content=\"The Bar\u00e7a Atl\u00e8tic has several pending appearances to concretise of face to the season 2024\/25. Therefore, in this market of summer will have to take a series of decisions that, at first sight, seem to vary between some relatively simple and other very complicated\" \/>\n<meta name=\"robots\" content=\"index, follow, max-snippet:-1, max-image-preview:large, max-video-preview:-1\" \/>\n<link rel=\"canonical\" href=\"https:\/\/www.fcbarcelonanoticias.com\/en\/transfers\/mika-faye-pau-victor-the-cases-that-has-to-attend-deco-in-the-filial-of-the-barca-this-summer_304811_102.html\" \/>\n<meta property=\"og:locale\" content=\"en_US\" \/>\n<meta property=\"og:type\" content=\"article\" \/>\n<meta property=\"og:title\" content=\"Mika Faye, Pau V\u00edctor... The cases that has to attend Deco in the filial of the Bar\u00e7a this summer\" \/>\n<meta property=\"og:description\" content=\"The Bar\u00e7a Atl\u00e8tic has several pending appearances to concretise of face to the season 2024\/25. Therefore, in this market of summer will have to take a series of decisions that, at first sight, seem to vary between some relatively simple and other very complicated\" \/>\n<meta property=\"og:url\" content=\"https:\/\/www.fcbarcelonanoticias.com\/en\/transfers\/mika-faye-pau-victor-the-cases-that-has-to-attend-deco-in-the-filial-of-the-barca-this-summer_304811_102.html\" \/>\n<meta property=\"og:site_name\" content=\"EN - FC Barcelona Noticias\" \/>\n<meta property=\"article:published_time\" content=\"2024-06-24T15:43:00+00:00\" \/>\n<meta property=\"article:modified_time\" content=\"2024-06-25T01:57:00+00:00\" \/>\n<meta property=\"og:image\" content=\"https:\/\/www.fcbarcelonanoticias.com\/en\/wp-content\/uploads\/sites\/2\/2024\/06\/fbl-esp-liga-barcelona.jpeg\" \/>\n\t<meta property=\"og:image:width\" content=\"1300\" \/>\n\t<meta property=\"og:image:height\" content=\"732\" \/>\n\t<meta property=\"og:image:type\" content=\"image\/jpeg\" \/>\n<meta name=\"author\" content=\"Kevin G\u00f3mez\" \/>\n<meta name=\"twitter:card\" content=\"summary_large_image\" \/>\n<meta name=\"twitter:label1\" content=\"Written by\" \/>\n\t<meta name=\"twitter:data1\" content=\"Kevin G\u00f3mez\" \/>\n\t<meta name=\"twitter:label2\" content=\"Est. reading time\" \/>\n\t<meta name=\"twitter:data2\" content=\"6 minutes\" \/>\n<script type=\"application\/ld+json\" class=\"yoast-schema-graph\">{\"@context\":\"https:\\\/\\\/schema.org\",\"@graph\":[{\"@type\":\"Article\",\"@id\":\"https:\\\/\\\/www.fcbarcelonanoticias.com\\\/en\\\/transfers\\\/mika-faye-pau-victor-the-cases-that-has-to-attend-deco-in-the-filial-of-the-barca-this-summer_304811_102.html#article\",\"isPartOf\":{\"@id\":\"https:\\\/\\\/www.fcbarcelonanoticias.com\\\/en\\\/transfers\\\/mika-faye-pau-victor-the-cases-that-has-to-attend-deco-in-the-filial-of-the-barca-this-summer_304811_102.html\"},\"author\":{\"name\":\"Kevin G\u00f3mez\",\"@id\":\"https:\\\/\\\/www.fcbarcelonanoticias.com\\\/en\\\/#\\\/schema\\\/person\\\/991443f134df9a64c6874f96ff984c9d\"},\"headline\":\"Mika Faye, Pau V\u00edctor&#8230; The cases that has to attend Deco in the filial of the Bar\u00e7a this summer\",\"datePublished\":\"2024-06-24T15:43:00+00:00\",\"dateModified\":\"2024-06-25T01:57:00+00:00\",\"mainEntityOfPage\":{\"@id\":\"https:\\\/\\\/www.fcbarcelonanoticias.com\\\/en\\\/transfers\\\/mika-faye-pau-victor-the-cases-that-has-to-attend-deco-in-the-filial-of-the-barca-this-summer_304811_102.html\"},\"wordCount\":1142,\"image\":{\"@id\":\"https:\\\/\\\/www.fcbarcelonanoticias.com\\\/en\\\/transfers\\\/mika-faye-pau-victor-the-cases-that-has-to-attend-deco-in-the-filial-of-the-barca-this-summer_304811_102.html#primaryimage\"},\"thumbnailUrl\":\"https:\\\/\\\/www.fcbarcelonanoticias.com\\\/en\\\/wp-content\\\/uploads\\\/sites\\\/2\\\/2024\\\/06\\\/fbl-esp-liga-barcelona.jpeg\",\"keywords\":[\"Deco\",\"Marc Guiu\",\"The Masia\"],\"articleSection\":[\"Transfers\",\"Transfers\"],\"inLanguage\":\"en-US\"},{\"@type\":\"WebPage\",\"@id\":\"https:\\\/\\\/www.fcbarcelonanoticias.com\\\/en\\\/transfers\\\/mika-faye-pau-victor-the-cases-that-has-to-attend-deco-in-the-filial-of-the-barca-this-summer_304811_102.html\",\"url\":\"https:\\\/\\\/www.fcbarcelonanoticias.com\\\/en\\\/transfers\\\/mika-faye-pau-victor-the-cases-that-has-to-attend-deco-in-the-filial-of-the-barca-this-summer_304811_102.html\",\"name\":\"Mika Faye, Pau V\u00edctor... The cases that has to attend Deco in the filial of the Bar\u00e7a this summer\",\"isPartOf\":{\"@id\":\"https:\\\/\\\/www.fcbarcelonanoticias.com\\\/en\\\/#website\"},\"primaryImageOfPage\":{\"@id\":\"https:\\\/\\\/www.fcbarcelonanoticias.com\\\/en\\\/transfers\\\/mika-faye-pau-victor-the-cases-that-has-to-attend-deco-in-the-filial-of-the-barca-this-summer_304811_102.html#primaryimage\"},\"image\":{\"@id\":\"https:\\\/\\\/www.fcbarcelonanoticias.com\\\/en\\\/transfers\\\/mika-faye-pau-victor-the-cases-that-has-to-attend-deco-in-the-filial-of-the-barca-this-summer_304811_102.html#primaryimage\"},\"thumbnailUrl\":\"https:\\\/\\\/www.fcbarcelonanoticias.com\\\/en\\\/wp-content\\\/uploads\\\/sites\\\/2\\\/2024\\\/06\\\/fbl-esp-liga-barcelona.jpeg\",\"datePublished\":\"2024-06-24T15:43:00+00:00\",\"dateModified\":\"2024-06-25T01:57:00+00:00\",\"author\":{\"@id\":\"https:\\\/\\\/www.fcbarcelonanoticias.com\\\/en\\\/#\\\/schema\\\/person\\\/991443f134df9a64c6874f96ff984c9d\"},\"description\":\"The Bar\u00e7a Atl\u00e8tic has several pending appearances to concretise of face to the season 2024\\\/25. Therefore, in this market of summer will have to take a series of decisions that, at first sight, seem to vary between some relatively simple and other very complicated\",\"breadcrumb\":{\"@id\":\"https:\\\/\\\/www.fcbarcelonanoticias.com\\\/en\\\/transfers\\\/mika-faye-pau-victor-the-cases-that-has-to-attend-deco-in-the-filial-of-the-barca-this-summer_304811_102.html#breadcrumb\"},\"inLanguage\":\"en-US\",\"potentialAction\":[{\"@type\":\"ReadAction\",\"target\":[\"https:\\\/\\\/www.fcbarcelonanoticias.com\\\/en\\\/transfers\\\/mika-faye-pau-victor-the-cases-that-has-to-attend-deco-in-the-filial-of-the-barca-this-summer_304811_102.html\"]}]},{\"@type\":\"ImageObject\",\"inLanguage\":\"en-US\",\"@id\":\"https:\\\/\\\/www.fcbarcelonanoticias.com\\\/en\\\/transfers\\\/mika-faye-pau-victor-the-cases-that-has-to-attend-deco-in-the-filial-of-the-barca-this-summer_304811_102.html#primaryimage\",\"url\":\"https:\\\/\\\/www.fcbarcelonanoticias.com\\\/en\\\/wp-content\\\/uploads\\\/sites\\\/2\\\/2024\\\/06\\\/fbl-esp-liga-barcelona.jpeg\",\"contentUrl\":\"https:\\\/\\\/www.fcbarcelonanoticias.com\\\/en\\\/wp-content\\\/uploads\\\/sites\\\/2\\\/2024\\\/06\\\/fbl-esp-liga-barcelona.jpeg\",\"width\":1300,\"height\":732},{\"@type\":\"BreadcrumbList\",\"@id\":\"https:\\\/\\\/www.fcbarcelonanoticias.com\\\/en\\\/transfers\\\/mika-faye-pau-victor-the-cases-that-has-to-attend-deco-in-the-filial-of-the-barca-this-summer_304811_102.html#breadcrumb\",\"itemListElement\":[{\"@type\":\"ListItem\",\"position\":1,\"name\":\"Portada\",\"item\":\"https:\\\/\\\/www.fcbarcelonanoticias.com\\\/en\\\/\"},{\"@type\":\"ListItem\",\"position\":2,\"name\":\"Mika Faye, Pau V\u00edctor&#8230; The cases that has to attend Deco in the filial of the Bar\u00e7a this summer\"}]},{\"@type\":\"WebSite\",\"@id\":\"https:\\\/\\\/www.fcbarcelonanoticias.com\\\/en\\\/#website\",\"url\":\"https:\\\/\\\/www.fcbarcelonanoticias.com\\\/en\\\/\",\"name\":\"EN - FC Barcelona Noticias\",\"description\":\"\",\"potentialAction\":[{\"@type\":\"SearchAction\",\"target\":{\"@type\":\"EntryPoint\",\"urlTemplate\":\"https:\\\/\\\/www.fcbarcelonanoticias.com\\\/en\\\/?s={search_term_string}\"},\"query-input\":{\"@type\":\"PropertyValueSpecification\",\"valueRequired\":true,\"valueName\":\"search_term_string\"}}],\"inLanguage\":\"en-US\"},{\"@type\":\"Person\",\"@id\":\"https:\\\/\\\/www.fcbarcelonanoticias.com\\\/en\\\/#\\\/schema\\\/person\\\/991443f134df9a64c6874f96ff984c9d\",\"name\":\"Kevin G\u00f3mez\",\"image\":{\"@type\":\"ImageObject\",\"inLanguage\":\"en-US\",\"@id\":\"https:\\\/\\\/secure.gravatar.com\\\/avatar\\\/?s=96&d=mm&r=g\",\"url\":\"https:\\\/\\\/secure.gravatar.com\\\/avatar\\\/?s=96&d=mm&r=g\",\"contentUrl\":\"https:\\\/\\\/secure.gravatar.com\\\/avatar\\\/?s=96&d=mm&r=g\",\"caption\":\"Kevin G\u00f3mez\"},\"description\":\"Licenciado\u00a0en Periodismo y Comunicaci\u00f3n Audiovisual. Redactor en FCBN responsable de cubrir toda\u00a0la informaci\u00f3n del FC Barcelona y las principales competiciones de\u00a0f\u00fatbol.\",\"url\":\"https:\\\/\\\/www.fcbarcelonanoticias.com\\\/en\\\/jugadores\\\/kevin-gomez_23_115.html\"}]}<\/script>\n<!-- \/ Yoast SEO plugin. -->","yoast_head_json":{"title":"Mika Faye, Pau V\u00edctor... The cases that has to attend Deco in the filial of the Bar\u00e7a this summer","description":"The Bar\u00e7a Atl\u00e8tic has several pending appearances to concretise of face to the season 2024\/25. Therefore, in this market of summer will have to take a series of decisions that, at first sight, seem to vary between some relatively simple and other very complicated","robots":{"index":"index","follow":"follow","max-snippet":"max-snippet:-1","max-image-preview":"max-image-preview:large","max-video-preview":"max-video-preview:-1"},"canonical":"https:\/\/www.fcbarcelonanoticias.com\/en\/transfers\/mika-faye-pau-victor-the-cases-that-has-to-attend-deco-in-the-filial-of-the-barca-this-summer_304811_102.html","og_locale":"en_US","og_type":"article","og_title":"Mika Faye, Pau V\u00edctor... The cases that has to attend Deco in the filial of the Bar\u00e7a this summer","og_description":"The Bar\u00e7a Atl\u00e8tic has several pending appearances to concretise of face to the season 2024\/25. Therefore, in this market of summer will have to take a series of decisions that, at first sight, seem to vary between some relatively simple and other very complicated","og_url":"https:\/\/www.fcbarcelonanoticias.com\/en\/transfers\/mika-faye-pau-victor-the-cases-that-has-to-attend-deco-in-the-filial-of-the-barca-this-summer_304811_102.html","og_site_name":"EN - FC Barcelona Noticias","article_published_time":"2024-06-24T15:43:00+00:00","article_modified_time":"2024-06-25T01:57:00+00:00","og_image":[{"width":1300,"height":732,"url":"https:\/\/www.fcbarcelonanoticias.com\/en\/wp-content\/uploads\/sites\/2\/2024\/06\/fbl-esp-liga-barcelona.jpeg","type":"image\/jpeg"}],"author":"Kevin G\u00f3mez","twitter_card":"summary_large_image","twitter_misc":{"Written by":"Kevin G\u00f3mez","Est. reading time":"6 minutes"},"schema":{"@context":"https:\/\/schema.org","@graph":[{"@type":"Article","@id":"https:\/\/www.fcbarcelonanoticias.com\/en\/transfers\/mika-faye-pau-victor-the-cases-that-has-to-attend-deco-in-the-filial-of-the-barca-this-summer_304811_102.html#article","isPartOf":{"@id":"https:\/\/www.fcbarcelonanoticias.com\/en\/transfers\/mika-faye-pau-victor-the-cases-that-has-to-attend-deco-in-the-filial-of-the-barca-this-summer_304811_102.html"},"author":{"name":"Kevin G\u00f3mez","@id":"https:\/\/www.fcbarcelonanoticias.com\/en\/#\/schema\/person\/991443f134df9a64c6874f96ff984c9d"},"headline":"Mika Faye, Pau V\u00edctor&#8230; The cases that has to attend Deco in the filial of the Bar\u00e7a this summer","datePublished":"2024-06-24T15:43:00+00:00","dateModified":"2024-06-25T01:57:00+00:00","mainEntityOfPage":{"@id":"https:\/\/www.fcbarcelonanoticias.com\/en\/transfers\/mika-faye-pau-victor-the-cases-that-has-to-attend-deco-in-the-filial-of-the-barca-this-summer_304811_102.html"},"wordCount":1142,"image":{"@id":"https:\/\/www.fcbarcelonanoticias.com\/en\/transfers\/mika-faye-pau-victor-the-cases-that-has-to-attend-deco-in-the-filial-of-the-barca-this-summer_304811_102.html#primaryimage"},"thumbnailUrl":"https:\/\/www.fcbarcelonanoticias.com\/en\/wp-content\/uploads\/sites\/2\/2024\/06\/fbl-esp-liga-barcelona.jpeg","keywords":["Deco","Marc Guiu","The Masia"],"articleSection":["Transfers","Transfers"],"inLanguage":"en-US"},{"@type":"WebPage","@id":"https:\/\/www.fcbarcelonanoticias.com\/en\/transfers\/mika-faye-pau-victor-the-cases-that-has-to-attend-deco-in-the-filial-of-the-barca-this-summer_304811_102.html","url":"https:\/\/www.fcbarcelonanoticias.com\/en\/transfers\/mika-faye-pau-victor-the-cases-that-has-to-attend-deco-in-the-filial-of-the-barca-this-summer_304811_102.html","name":"Mika Faye, Pau V\u00edctor... The cases that has to attend Deco in the filial of the Bar\u00e7a this summer","isPartOf":{"@id":"https:\/\/www.fcbarcelonanoticias.com\/en\/#website"},"primaryImageOfPage":{"@id":"https:\/\/www.fcbarcelonanoticias.com\/en\/transfers\/mika-faye-pau-victor-the-cases-that-has-to-attend-deco-in-the-filial-of-the-barca-this-summer_304811_102.html#primaryimage"},"image":{"@id":"https:\/\/www.fcbarcelonanoticias.com\/en\/transfers\/mika-faye-pau-victor-the-cases-that-has-to-attend-deco-in-the-filial-of-the-barca-this-summer_304811_102.html#primaryimage"},"thumbnailUrl":"https:\/\/www.fcbarcelonanoticias.com\/en\/wp-content\/uploads\/sites\/2\/2024\/06\/fbl-esp-liga-barcelona.jpeg","datePublished":"2024-06-24T15:43:00+00:00","dateModified":"2024-06-25T01:57:00+00:00","author":{"@id":"https:\/\/www.fcbarcelonanoticias.com\/en\/#\/schema\/person\/991443f134df9a64c6874f96ff984c9d"},"description":"The Bar\u00e7a Atl\u00e8tic has several pending appearances to concretise of face to the season 2024\/25. Therefore, in this market of summer will have to take a series of decisions that, at first sight, seem to vary between some relatively simple and other very complicated","breadcrumb":{"@id":"https:\/\/www.fcbarcelonanoticias.com\/en\/transfers\/mika-faye-pau-victor-the-cases-that-has-to-attend-deco-in-the-filial-of-the-barca-this-summer_304811_102.html#breadcrumb"},"inLanguage":"en-US","potentialAction":[{"@type":"ReadAction","target":["https:\/\/www.fcbarcelonanoticias.com\/en\/transfers\/mika-faye-pau-victor-the-cases-that-has-to-attend-deco-in-the-filial-of-the-barca-this-summer_304811_102.html"]}]},{"@type":"ImageObject","inLanguage":"en-US","@id":"https:\/\/www.fcbarcelonanoticias.com\/en\/transfers\/mika-faye-pau-victor-the-cases-that-has-to-attend-deco-in-the-filial-of-the-barca-this-summer_304811_102.html#primaryimage","url":"https:\/\/www.fcbarcelonanoticias.com\/en\/wp-content\/uploads\/sites\/2\/2024\/06\/fbl-esp-liga-barcelona.jpeg","contentUrl":"https:\/\/www.fcbarcelonanoticias.com\/en\/wp-content\/uploads\/sites\/2\/2024\/06\/fbl-esp-liga-barcelona.jpeg","width":1300,"height":732},{"@type":"BreadcrumbList","@id":"https:\/\/www.fcbarcelonanoticias.com\/en\/transfers\/mika-faye-pau-victor-the-cases-that-has-to-attend-deco-in-the-filial-of-the-barca-this-summer_304811_102.html#breadcrumb","itemListElement":[{"@type":"ListItem","position":1,"name":"Portada","item":"https:\/\/www.fcbarcelonanoticias.com\/en\/"},{"@type":"ListItem","position":2,"name":"Mika Faye, Pau V\u00edctor&#8230; The cases that has to attend Deco in the filial of the Bar\u00e7a this summer"}]},{"@type":"WebSite","@id":"https:\/\/www.fcbarcelonanoticias.com\/en\/#website","url":"https:\/\/www.fcbarcelonanoticias.com\/en\/","name":"EN - FC Barcelona Noticias","description":"","potentialAction":[{"@type":"SearchAction","target":{"@type":"EntryPoint","urlTemplate":"https:\/\/www.fcbarcelonanoticias.com\/en\/?s={search_term_string}"},"query-input":{"@type":"PropertyValueSpecification","valueRequired":true,"valueName":"search_term_string"}}],"inLanguage":"en-US"},{"@type":"Person","@id":"https:\/\/www.fcbarcelonanoticias.com\/en\/#\/schema\/person\/991443f134df9a64c6874f96ff984c9d","name":"Kevin G\u00f3mez","image":{"@type":"ImageObject","inLanguage":"en-US","@id":"https:\/\/secure.gravatar.com\/avatar\/?s=96&d=mm&r=g","url":"https:\/\/secure.gravatar.com\/avatar\/?s=96&d=mm&r=g","contentUrl":"https:\/\/secure.gravatar.com\/avatar\/?s=96&d=mm&r=g","caption":"Kevin G\u00f3mez"},"description":"Licenciado\u00a0en Periodismo y Comunicaci\u00f3n Audiovisual. Redactor en FCBN responsable de cubrir toda\u00a0la informaci\u00f3n del FC Barcelona y las principales competiciones de\u00a0f\u00fatbol.","url":"https:\/\/www.fcbarcelonanoticias.com\/en\/jugadores\/kevin-gomez_23_115.html"}]}},"_links":{"self":[{"href":"https:\/\/www.fcbarcelonanoticias.com\/en\/wp-json\/wp\/v2\/posts\/134033","targetHints":{"allow":["GET"]}}],"collection":[{"href":"https:\/\/www.fcbarcelonanoticias.com\/en\/wp-json\/wp\/v2\/posts"}],"about":[{"href":"https:\/\/www.fcbarcelonanoticias.com\/en\/wp-json\/wp\/v2\/types\/post"}],"author":[{"embeddable":true,"href":"https:\/\/www.fcbarcelonanoticias.com\/en\/wp-json\/wp\/v2\/users\/355"}],"replies":[{"embeddable":true,"href":"https:\/\/www.fcbarcelonanoticias.com\/en\/wp-json\/wp\/v2\/comments?post=134033"}],"version-history":[{"count":1,"href":"https:\/\/www.fcbarcelonanoticias.com\/en\/wp-json\/wp\/v2\/posts\/134033\/revisions"}],"predecessor-version":[{"id":153511,"href":"https:\/\/www.fcbarcelonanoticias.com\/en\/wp-json\/wp\/v2\/posts\/134033\/revisions\/153511"}],"wp:featuredmedia":[{"embeddable":true,"href":"https:\/\/www.fcbarcelonanoticias.com\/en\/wp-json\/wp\/v2\/media\/134038"}],"wp:attachment":[{"href":"https:\/\/www.fcbarcelonanoticias.com\/en\/wp-json\/wp\/v2\/media?parent=134033"}],"wp:term":[{"taxonomy":"category","embeddable":true,"href":"https:\/\/www.fcbarcelonanoticias.com\/en\/wp-json\/wp\/v2\/categories?post=134033"},{"taxonomy":"post_tag","embeddable":true,"href":"https:\/\/www.fcbarcelonanoticias.com\/en\/wp-json\/wp\/v2\/tags?post=134033"}],"curies":[{"name":"wp","href":"https:\/\/api.w.org\/{rel}","templated":true}]}}