{"id":134070,"date":"2023-08-05T12:58:00","date_gmt":"2023-08-05T10:58:00","guid":{"rendered":"https:\/\/weisetech.dev\/fc-barcelona-noticias\/en\/rodrygo-publishes-photo-with-mbappe-unleashes-madness-in-madrid_294812_102\/"},"modified":"2023-08-05T12:58:00","modified_gmt":"2023-08-05T10:58:00","slug":"rodrygo-publishes-photo-with-mbappe-unleashes-madness-in-madrid_294812_102","status":"publish","type":"post","link":"https:\/\/www.fcbarcelonanoticias.com\/en\/transfers\/rodrygo-publishes-photo-with-mbappe-unleashes-madness-in-madrid_294812_102.html","title":{"rendered":"Rodrygo publishes a photo with Mbapp\u00e9 and unleashes madness in Madrid"},"content":{"rendered":"<h2 class=\"wp-block-heading\">The Real Madrid footballer, Rodrygo Goes, published a photograph on his social networks in which he appears with Kylian Mbapp\u00e9 during these last days off before the start of the season<\/h2>  \r\n<div class=\"article-addons\">\r\n    <a href=\"https:\/\/www.fcbarcelonanoticias.com\/en\/calendar-fc-barcelona.html\"\r\n       target=\"_self\"\r\n       title=\"Calendar of FC Barcelona\"\r\n       class=\"blue-gredient-btn\">\r\n       \r\n        Calendar of FC Barcelona    <\/a>\r\n<\/div>   <p><a data-external=\"0\" data-intl-links-en=\"https:\/\/www.fcbarcelonanoticias.com\/en\/transfers\/psg-keep-pressing-mbappe-eliminates-official-website_294693_102.html\" data-intl-links-es=\"https:\/\/www.fcbarcelonanoticias.com\/fichajes\/psg-sigue-presionando-mbappe-elimina-web-oficial_294693_102.html\" href=\"https:\/\/www.fcbarcelonanoticias.com\/en\/transfers\/psg-keep-pressing-mbappe-eliminates-official-website_294693_102.html\" rel=\"follow\" target=\"_self\" title=\"El PSG sigue presionando a Mbapp\u00e9 y le elimina de su web oficial\">The &#8216;serial&#8217; of Kylian Mbapp\u00e9 <\/a>with Paris Saint.Germain follows more alive that never. <strong>The attacker will not renew his agreement and expects to fulfil the last year that subtracts him before going free,<\/strong> something that is not between the plans of the conjoint Frenchman. In the dispatches are looking for him accommodate right now because they understand that <strong>it has to go out in a traspaso that leave r\u00e9dito economic<\/strong> inside the arks of the institution.<\/p>  <p>Between the pressures of the PSG was <strong>the desconvocatoria for turns it of pre-season by Asia and also the trainings in Camp Give Loges beside the filial<\/strong> and the rest of mates that neither assisted to the expedition. However, <a data-external=\"0\" data-intl-links-en=\"https:\/\/www.fcbarcelonanoticias.com\/en\/transfers\/are-you-laughing-at-psg-and-madrid-mbappe-shows-that-he-is-happy-and-calm_294721_102.html\" data-intl-links-es=\"https:\/\/www.fcbarcelonanoticias.com\/fichajes\/se-esta-riendo-psg-madrid-mbappe-demuestra-esta-feliz-tranquilo_294721_102.html\" href=\"https:\/\/www.fcbarcelonanoticias.com\/en\/transfers\/are-you-laughing-at-psg-and-madrid-mbappe-shows-that-he-is-happy-and-calm_294721_102.html\" rel=\"follow\" target=\"_self\" title=\"\u00bfSe est\u00e1 riendo del PSG y Madrid? Mbapp\u00e9 demuestra que est\u00e1 feliz y tranquilo\">the French is it to him taking calmly<\/a> and enjoying of his last days on holiday before the start of the season.<\/p>  <h2>Rodrygo And Mbapp\u00e9, together on holiday<\/h2>  <p>In fact, the media keep him permanently linked with the Real Madrid and <strong>has been Rodrygo Goes the one who has reinforced the theory that the &#8217;10&#8217; of France will finish signing with the merengues.<\/strong> And it is that the Brazilian forward has exploded the social networks this Saturday <strong>with a publication beside the runner-up of the world.<\/strong><\/p>  <p><strong>Both appear in one of the recent histories of the player madridista in a nocturnal club of Cerde\u00f1a, in Italy.<\/strong> Besides, the image has an emotic\u00f3n of fire, what aviva even more the theories that &#8216;Donatello&#8217; will finish dressing the elastic white sooner that late.<\/p>  <p>However, the portal web &#8216;Relief&#8217; ensured that <strong>the crossing between the stars would have been totally haphazard.<\/strong> The two assisted to the same venue in the region transalpina to enjoy of his last free days before the beginning of the campaign and <strong>the instantaneous has not done more than remembering him to the PSG that his &#8216;crack&#8217; could finish changing of league<\/strong> sooner that late.<\/p> ","protected":false},"excerpt":{"rendered":"<p>The Real Madrid footballer, Rodrygo Goes, published a photograph on his social networks in which he appears with Kylian Mbapp\u00e9 during these last days off before the start of the season The &#8216;serial&#8217; of Kylian Mbapp\u00e9 with Paris Saint.Germain follows more alive that never. The attacker will not renew his agreement and expects to fulfil [&hellip;]<\/p>\n","protected":false},"author":0,"featured_media":134075,"comment_status":"closed","ping_status":"open","sticky":false,"template":"","format":"standard","meta":{"_acf_changed":false,"inline_featured_image":false,"_nextfly_llmd_date_locked":false,"footnotes":""},"categories":[449,106],"tags":[171,88],"class_list":["post-134070","post","type-post","status-publish","format-standard","has-post-thumbnail","hentry","category-transfers-2","category-transfers","tag-mbappe","tag-paris-saint-germain"],"acf":[],"yoast_head":"<!-- This site is optimized with the Yoast SEO plugin v27.3 - https:\/\/yoast.com\/product\/yoast-seo-wordpress\/ -->\n<title>Rodrygo publishes a photo with Mbapp\u00e9 and unleashes madness in Madrid<\/title>\n<meta name=\"description\" content=\"The Real Madrid footballer, Rodrygo Goes, published a photograph on his social networks in which he appears with Kylian Mbapp\u00e9 during these last days off before the start of the season\" \/>\n<meta name=\"robots\" content=\"index, follow, max-snippet:-1, max-image-preview:large, max-video-preview:-1\" \/>\n<link rel=\"canonical\" href=\"https:\/\/www.fcbarcelonanoticias.com\/en\/transfers\/rodrygo-publishes-photo-with-mbappe-unleashes-madness-in-madrid_294812_102.html\" \/>\n<meta property=\"og:locale\" content=\"en_US\" \/>\n<meta property=\"og:type\" content=\"article\" \/>\n<meta property=\"og:title\" content=\"Rodrygo publishes a photo with Mbapp\u00e9 and unleashes madness in Madrid\" \/>\n<meta property=\"og:description\" content=\"The Real Madrid footballer, Rodrygo Goes, published a photograph on his social networks in which he appears with Kylian Mbapp\u00e9 during these last days off before the start of the season\" \/>\n<meta property=\"og:url\" content=\"https:\/\/www.fcbarcelonanoticias.com\/en\/transfers\/rodrygo-publishes-photo-with-mbappe-unleashes-madness-in-madrid_294812_102.html\" \/>\n<meta property=\"og:site_name\" content=\"EN - FC Barcelona Noticias\" \/>\n<meta property=\"article:published_time\" content=\"2023-08-05T10:58:00+00:00\" \/>\n<meta property=\"og:image\" content=\"https:\/\/www.fcbarcelonanoticias.com\/en\/wp-content\/uploads\/sites\/2\/2023\/08\/mbappe-y-rodrygo.jpeg\" \/>\n\t<meta property=\"og:image:width\" content=\"1300\" \/>\n\t<meta property=\"og:image:height\" content=\"739\" \/>\n\t<meta property=\"og:image:type\" content=\"image\/jpeg\" \/>\n<meta name=\"twitter:card\" content=\"summary_large_image\" \/>\n<meta name=\"twitter:label1\" content=\"Est. reading time\" \/>\n\t<meta name=\"twitter:data1\" content=\"2 minutes\" \/>\n<script type=\"application\/ld+json\" class=\"yoast-schema-graph\">{\"@context\":\"https:\\\/\\\/schema.org\",\"@graph\":[{\"@type\":\"Article\",\"@id\":\"https:\\\/\\\/www.fcbarcelonanoticias.com\\\/en\\\/transfers\\\/rodrygo-publishes-photo-with-mbappe-unleashes-madness-in-madrid_294812_102.html#article\",\"isPartOf\":{\"@id\":\"https:\\\/\\\/www.fcbarcelonanoticias.com\\\/en\\\/transfers\\\/rodrygo-publishes-photo-with-mbappe-unleashes-madness-in-madrid_294812_102.html\"},\"author\":{\"name\":\"\",\"@id\":\"\"},\"headline\":\"Rodrygo publishes a photo with Mbapp\u00e9 and unleashes madness in Madrid\",\"datePublished\":\"2023-08-05T10:58:00+00:00\",\"mainEntityOfPage\":{\"@id\":\"https:\\\/\\\/www.fcbarcelonanoticias.com\\\/en\\\/transfers\\\/rodrygo-publishes-photo-with-mbappe-unleashes-madness-in-madrid_294812_102.html\"},\"wordCount\":356,\"image\":{\"@id\":\"https:\\\/\\\/www.fcbarcelonanoticias.com\\\/en\\\/transfers\\\/rodrygo-publishes-photo-with-mbappe-unleashes-madness-in-madrid_294812_102.html#primaryimage\"},\"thumbnailUrl\":\"https:\\\/\\\/www.fcbarcelonanoticias.com\\\/en\\\/wp-content\\\/uploads\\\/sites\\\/2\\\/2023\\\/08\\\/mbappe-y-rodrygo.jpeg\",\"keywords\":[\"Mbapp\u00e9\",\"Paris Saint-Germain\"],\"articleSection\":[\"Transfers\",\"Transfers\"],\"inLanguage\":\"en-US\"},{\"@type\":\"WebPage\",\"@id\":\"https:\\\/\\\/www.fcbarcelonanoticias.com\\\/en\\\/transfers\\\/rodrygo-publishes-photo-with-mbappe-unleashes-madness-in-madrid_294812_102.html\",\"url\":\"https:\\\/\\\/www.fcbarcelonanoticias.com\\\/en\\\/transfers\\\/rodrygo-publishes-photo-with-mbappe-unleashes-madness-in-madrid_294812_102.html\",\"name\":\"Rodrygo publishes a photo with Mbapp\u00e9 and unleashes madness in Madrid\",\"isPartOf\":{\"@id\":\"https:\\\/\\\/www.fcbarcelonanoticias.com\\\/en\\\/#website\"},\"primaryImageOfPage\":{\"@id\":\"https:\\\/\\\/www.fcbarcelonanoticias.com\\\/en\\\/transfers\\\/rodrygo-publishes-photo-with-mbappe-unleashes-madness-in-madrid_294812_102.html#primaryimage\"},\"image\":{\"@id\":\"https:\\\/\\\/www.fcbarcelonanoticias.com\\\/en\\\/transfers\\\/rodrygo-publishes-photo-with-mbappe-unleashes-madness-in-madrid_294812_102.html#primaryimage\"},\"thumbnailUrl\":\"https:\\\/\\\/www.fcbarcelonanoticias.com\\\/en\\\/wp-content\\\/uploads\\\/sites\\\/2\\\/2023\\\/08\\\/mbappe-y-rodrygo.jpeg\",\"datePublished\":\"2023-08-05T10:58:00+00:00\",\"author\":{\"@id\":\"\"},\"description\":\"The Real Madrid footballer, Rodrygo Goes, published a photograph on his social networks in which he appears with Kylian Mbapp\u00e9 during these last days off before the start of the season\",\"breadcrumb\":{\"@id\":\"https:\\\/\\\/www.fcbarcelonanoticias.com\\\/en\\\/transfers\\\/rodrygo-publishes-photo-with-mbappe-unleashes-madness-in-madrid_294812_102.html#breadcrumb\"},\"inLanguage\":\"en-US\",\"potentialAction\":[{\"@type\":\"ReadAction\",\"target\":[\"https:\\\/\\\/www.fcbarcelonanoticias.com\\\/en\\\/transfers\\\/rodrygo-publishes-photo-with-mbappe-unleashes-madness-in-madrid_294812_102.html\"]}]},{\"@type\":\"ImageObject\",\"inLanguage\":\"en-US\",\"@id\":\"https:\\\/\\\/www.fcbarcelonanoticias.com\\\/en\\\/transfers\\\/rodrygo-publishes-photo-with-mbappe-unleashes-madness-in-madrid_294812_102.html#primaryimage\",\"url\":\"https:\\\/\\\/www.fcbarcelonanoticias.com\\\/en\\\/wp-content\\\/uploads\\\/sites\\\/2\\\/2023\\\/08\\\/mbappe-y-rodrygo.jpeg\",\"contentUrl\":\"https:\\\/\\\/www.fcbarcelonanoticias.com\\\/en\\\/wp-content\\\/uploads\\\/sites\\\/2\\\/2023\\\/08\\\/mbappe-y-rodrygo.jpeg\",\"width\":1300,\"height\":739},{\"@type\":\"BreadcrumbList\",\"@id\":\"https:\\\/\\\/www.fcbarcelonanoticias.com\\\/en\\\/transfers\\\/rodrygo-publishes-photo-with-mbappe-unleashes-madness-in-madrid_294812_102.html#breadcrumb\",\"itemListElement\":[{\"@type\":\"ListItem\",\"position\":1,\"name\":\"Portada\",\"item\":\"https:\\\/\\\/www.fcbarcelonanoticias.com\\\/en\\\/\"},{\"@type\":\"ListItem\",\"position\":2,\"name\":\"Rodrygo publishes a photo with Mbapp\u00e9 and unleashes madness in Madrid\"}]},{\"@type\":\"WebSite\",\"@id\":\"https:\\\/\\\/www.fcbarcelonanoticias.com\\\/en\\\/#website\",\"url\":\"https:\\\/\\\/www.fcbarcelonanoticias.com\\\/en\\\/\",\"name\":\"EN - FC Barcelona Noticias\",\"description\":\"\",\"potentialAction\":[{\"@type\":\"SearchAction\",\"target\":{\"@type\":\"EntryPoint\",\"urlTemplate\":\"https:\\\/\\\/www.fcbarcelonanoticias.com\\\/en\\\/?s={search_term_string}\"},\"query-input\":{\"@type\":\"PropertyValueSpecification\",\"valueRequired\":true,\"valueName\":\"search_term_string\"}}],\"inLanguage\":\"en-US\"}]}<\/script>\n<!-- \/ Yoast SEO plugin. -->","yoast_head_json":{"title":"Rodrygo publishes a photo with Mbapp\u00e9 and unleashes madness in Madrid","description":"The Real Madrid footballer, Rodrygo Goes, published a photograph on his social networks in which he appears with Kylian Mbapp\u00e9 during these last days off before the start of the season","robots":{"index":"index","follow":"follow","max-snippet":"max-snippet:-1","max-image-preview":"max-image-preview:large","max-video-preview":"max-video-preview:-1"},"canonical":"https:\/\/www.fcbarcelonanoticias.com\/en\/transfers\/rodrygo-publishes-photo-with-mbappe-unleashes-madness-in-madrid_294812_102.html","og_locale":"en_US","og_type":"article","og_title":"Rodrygo publishes a photo with Mbapp\u00e9 and unleashes madness in Madrid","og_description":"The Real Madrid footballer, Rodrygo Goes, published a photograph on his social networks in which he appears with Kylian Mbapp\u00e9 during these last days off before the start of the season","og_url":"https:\/\/www.fcbarcelonanoticias.com\/en\/transfers\/rodrygo-publishes-photo-with-mbappe-unleashes-madness-in-madrid_294812_102.html","og_site_name":"EN - FC Barcelona Noticias","article_published_time":"2023-08-05T10:58:00+00:00","og_image":[{"width":1300,"height":739,"url":"https:\/\/www.fcbarcelonanoticias.com\/en\/wp-content\/uploads\/sites\/2\/2023\/08\/mbappe-y-rodrygo.jpeg","type":"image\/jpeg"}],"twitter_card":"summary_large_image","twitter_misc":{"Est. reading time":"2 minutes"},"schema":{"@context":"https:\/\/schema.org","@graph":[{"@type":"Article","@id":"https:\/\/www.fcbarcelonanoticias.com\/en\/transfers\/rodrygo-publishes-photo-with-mbappe-unleashes-madness-in-madrid_294812_102.html#article","isPartOf":{"@id":"https:\/\/www.fcbarcelonanoticias.com\/en\/transfers\/rodrygo-publishes-photo-with-mbappe-unleashes-madness-in-madrid_294812_102.html"},"author":{"name":"","@id":""},"headline":"Rodrygo publishes a photo with Mbapp\u00e9 and unleashes madness in Madrid","datePublished":"2023-08-05T10:58:00+00:00","mainEntityOfPage":{"@id":"https:\/\/www.fcbarcelonanoticias.com\/en\/transfers\/rodrygo-publishes-photo-with-mbappe-unleashes-madness-in-madrid_294812_102.html"},"wordCount":356,"image":{"@id":"https:\/\/www.fcbarcelonanoticias.com\/en\/transfers\/rodrygo-publishes-photo-with-mbappe-unleashes-madness-in-madrid_294812_102.html#primaryimage"},"thumbnailUrl":"https:\/\/www.fcbarcelonanoticias.com\/en\/wp-content\/uploads\/sites\/2\/2023\/08\/mbappe-y-rodrygo.jpeg","keywords":["Mbapp\u00e9","Paris Saint-Germain"],"articleSection":["Transfers","Transfers"],"inLanguage":"en-US"},{"@type":"WebPage","@id":"https:\/\/www.fcbarcelonanoticias.com\/en\/transfers\/rodrygo-publishes-photo-with-mbappe-unleashes-madness-in-madrid_294812_102.html","url":"https:\/\/www.fcbarcelonanoticias.com\/en\/transfers\/rodrygo-publishes-photo-with-mbappe-unleashes-madness-in-madrid_294812_102.html","name":"Rodrygo publishes a photo with Mbapp\u00e9 and unleashes madness in Madrid","isPartOf":{"@id":"https:\/\/www.fcbarcelonanoticias.com\/en\/#website"},"primaryImageOfPage":{"@id":"https:\/\/www.fcbarcelonanoticias.com\/en\/transfers\/rodrygo-publishes-photo-with-mbappe-unleashes-madness-in-madrid_294812_102.html#primaryimage"},"image":{"@id":"https:\/\/www.fcbarcelonanoticias.com\/en\/transfers\/rodrygo-publishes-photo-with-mbappe-unleashes-madness-in-madrid_294812_102.html#primaryimage"},"thumbnailUrl":"https:\/\/www.fcbarcelonanoticias.com\/en\/wp-content\/uploads\/sites\/2\/2023\/08\/mbappe-y-rodrygo.jpeg","datePublished":"2023-08-05T10:58:00+00:00","author":{"@id":""},"description":"The Real Madrid footballer, Rodrygo Goes, published a photograph on his social networks in which he appears with Kylian Mbapp\u00e9 during these last days off before the start of the season","breadcrumb":{"@id":"https:\/\/www.fcbarcelonanoticias.com\/en\/transfers\/rodrygo-publishes-photo-with-mbappe-unleashes-madness-in-madrid_294812_102.html#breadcrumb"},"inLanguage":"en-US","potentialAction":[{"@type":"ReadAction","target":["https:\/\/www.fcbarcelonanoticias.com\/en\/transfers\/rodrygo-publishes-photo-with-mbappe-unleashes-madness-in-madrid_294812_102.html"]}]},{"@type":"ImageObject","inLanguage":"en-US","@id":"https:\/\/www.fcbarcelonanoticias.com\/en\/transfers\/rodrygo-publishes-photo-with-mbappe-unleashes-madness-in-madrid_294812_102.html#primaryimage","url":"https:\/\/www.fcbarcelonanoticias.com\/en\/wp-content\/uploads\/sites\/2\/2023\/08\/mbappe-y-rodrygo.jpeg","contentUrl":"https:\/\/www.fcbarcelonanoticias.com\/en\/wp-content\/uploads\/sites\/2\/2023\/08\/mbappe-y-rodrygo.jpeg","width":1300,"height":739},{"@type":"BreadcrumbList","@id":"https:\/\/www.fcbarcelonanoticias.com\/en\/transfers\/rodrygo-publishes-photo-with-mbappe-unleashes-madness-in-madrid_294812_102.html#breadcrumb","itemListElement":[{"@type":"ListItem","position":1,"name":"Portada","item":"https:\/\/www.fcbarcelonanoticias.com\/en\/"},{"@type":"ListItem","position":2,"name":"Rodrygo publishes a photo with Mbapp\u00e9 and unleashes madness in Madrid"}]},{"@type":"WebSite","@id":"https:\/\/www.fcbarcelonanoticias.com\/en\/#website","url":"https:\/\/www.fcbarcelonanoticias.com\/en\/","name":"EN - FC Barcelona Noticias","description":"","potentialAction":[{"@type":"SearchAction","target":{"@type":"EntryPoint","urlTemplate":"https:\/\/www.fcbarcelonanoticias.com\/en\/?s={search_term_string}"},"query-input":{"@type":"PropertyValueSpecification","valueRequired":true,"valueName":"search_term_string"}}],"inLanguage":"en-US"}]}},"_links":{"self":[{"href":"https:\/\/www.fcbarcelonanoticias.com\/en\/wp-json\/wp\/v2\/posts\/134070","targetHints":{"allow":["GET"]}}],"collection":[{"href":"https:\/\/www.fcbarcelonanoticias.com\/en\/wp-json\/wp\/v2\/posts"}],"about":[{"href":"https:\/\/www.fcbarcelonanoticias.com\/en\/wp-json\/wp\/v2\/types\/post"}],"replies":[{"embeddable":true,"href":"https:\/\/www.fcbarcelonanoticias.com\/en\/wp-json\/wp\/v2\/comments?post=134070"}],"version-history":[{"count":1,"href":"https:\/\/www.fcbarcelonanoticias.com\/en\/wp-json\/wp\/v2\/posts\/134070\/revisions"}],"predecessor-version":[{"id":153211,"href":"https:\/\/www.fcbarcelonanoticias.com\/en\/wp-json\/wp\/v2\/posts\/134070\/revisions\/153211"}],"wp:featuredmedia":[{"embeddable":true,"href":"https:\/\/www.fcbarcelonanoticias.com\/en\/wp-json\/wp\/v2\/media\/134075"}],"wp:attachment":[{"href":"https:\/\/www.fcbarcelonanoticias.com\/en\/wp-json\/wp\/v2\/media?parent=134070"}],"wp:term":[{"taxonomy":"category","embeddable":true,"href":"https:\/\/www.fcbarcelonanoticias.com\/en\/wp-json\/wp\/v2\/categories?post=134070"},{"taxonomy":"post_tag","embeddable":true,"href":"https:\/\/www.fcbarcelonanoticias.com\/en\/wp-json\/wp\/v2\/tags?post=134070"}],"curies":[{"name":"wp","href":"https:\/\/api.w.org\/{rel}","templated":true}]}}