{"id":13430,"date":"2022-03-17T19:06:00","date_gmt":"2022-03-17T18:06:00","guid":{"rendered":"https:\/\/weisetech.dev\/fc-barcelona-noticias\/en\/it-touch-of-attention-of-xavi-hernandez-to-ronald-araujo_278627_102\/"},"modified":"2022-03-17T21:18:00","modified_gmt":"2022-03-17T20:18:00","slug":"it-touch-of-attention-of-xavi-hernandez-to-ronald-araujo_278627_102","status":"publish","type":"post","link":"https:\/\/www.fcbarcelonanoticias.com\/en\/europa-league\/it-touch-of-attention-of-xavi-hernandez-to-ronald-araujo_278627_102.html","title":{"rendered":"Touch of attention from Xavi Hern\u00e1ndez to Ronald Ara\u00fajo?"},"content":{"rendered":"<h2 class=\"wp-block-heading\">The substitution of Ronald Ara\u00fajo has been one of the great novelties of the initial line-up of FC Barcelona to face Galatasaray: Is Xavi calling him the intention for &#8216;refusing&#8217; to renew?<\/h2>  \r\n<div class=\"article-addons\">\r\n    <a href=\"https:\/\/www.fcbarcelonanoticias.com\/en\/calendar-fc-barcelona.html\"\r\n       target=\"_self\"\r\n       title=\"Calendar of FC Barcelona\"\r\n       class=\"blue-gredient-btn\">\r\n       \r\n        Calendar of FC Barcelona    <\/a>\r\n<\/div>   <p><strong>Rain of &#8216;messages&#8217; in Can Bar\u00e7a.<\/strong> Xavi Hern\u00e1ndez left in the bench to Ronald Ara\u00fajo for the big final in Istanbul of the cul\u00e9s in front of the Galatasaray,<strong> in the turn of the eighth of final of the Europe League. <\/strong>Eric Garc\u00eda was the attendant to share with Gerard Hammered in the centre of the defence, although the Uruguayan came being a fixed in the eleven.<\/p>  <p>The charr\u00faa came being indisputable, but his &#8216;problems&#8217; in the exit of balloon could have &#8216;forced&#8217; to Xavi Hern\u00e1ndez to opt by Eric Garc\u00eda. In press conference, the trainer egarense had commented that<strong> &#8220;we find us in the gone that the central had to divide and arrive a lot to the medullary and Eric and Gerard are more qualified for this.<\/strong> Ronald gives you other things. In spite of this, does not change at all the style of game. We go to do the same that what would do with the others that remain was&#8221;&#8230; Or there is something more behind his suplencia?<\/p>  <p>It is necessary to remember that<strong> the <a data-external=\"0\" data-intl-links-en=\"https:\/\/www.fcbarcelonanoticias.com\/en\/fc-barcelona\" data-intl-links-es=\"https:\/\/www.fcbarcelonanoticias.com\/fc-barcelona\" href=\"https:\/\/www.fcbarcelonanoticias.com\/en\/football-soccer\/fc-barcelona.html\" rel=\"follow\" target=\"_self\" title=\"FC Barcelona\">FC Barcelona<\/a> carries quite time trying concretise the extension of the agreement of Ronald Ara\u00fajo,<\/strong> which wins on 30 June 2023. It is one of the big priorities of the entity chaired by Joan Laporta, but up to now the central charr\u00faa has declined the offers that the cul\u00e9s have put him on the table and has left a quite clear message&#8230;. It could have been a touch of attention of the egarense?<\/p>  <h3>Ara\u00fajo himself Played against the &#8216;Galata&#8217;<\/h3>  <p>In the second part, and in front of <a data-external=\"0\" data-intl-links-en=\"https:\/\/www.fcbarcelonanoticias.com\/en\/players\/alarm-dest-sergino-retired-injured-is-doubt-classic_278628_102.html\" data-intl-links-es=\"https:\/\/www.fcbarcelonanoticias.com\/jugadores\/alarma-dest-sergino-se-retiro-lesionado-es-duda-clasico_278628_102.html\" href=\"https:\/\/www.fcbarcelonanoticias.com\/en\/players\/alarm-dest-sergino-retired-injured-is-doubt-classic_278628_102.html\" rel=\"follow\" target=\"_self\" title=\"\u00a1Alarma Dest! Sergi\u00f1o se retir\u00f3 lesionado y es duda para el Cl\u00e1sico\">the injury of Sergi\u00f1o Dest<\/a>, Xavi Hern\u00e1ndez had to throw of Ronald Ara\u00fajo to reinforce the right side, remembering that it was the only option (in addition to a &#8216;questioned&#8217; Oscar Mingueza) because Dani Alves is not inscribed in the Europe League<strong>. The charr\u00faa, as it accustoms, was hit and showing that it is a key player for the Bar\u00e7a.<\/strong><\/p>  <p>Eric Garc\u00eda, by his part, had a performance very little stood out and <strong>is unlikely that repeat titularity against the Real Madrid the weekend.<\/strong> Ara\u00fajo Will be key to give him control and solidity to the team in defence, something that the Catalan (in spite of his good exit of balloon) does not contribute.<\/p> ","protected":false},"excerpt":{"rendered":"<p>The substitution of Ronald Ara\u00fajo has been one of the great novelties of the initial line-up of FC Barcelona to face Galatasaray: Is Xavi calling him the intention for &#8216;refusing&#8217; to renew? Rain of &#8216;messages&#8217; in Can Bar\u00e7a. Xavi Hern\u00e1ndez left in the bench to Ronald Ara\u00fajo for the big final in Istanbul of the [&hellip;]<\/p>\n","protected":false},"author":352,"featured_media":11356,"comment_status":"closed","ping_status":"open","sticky":false,"template":"","format":"standard","meta":{"_acf_changed":false,"inline_featured_image":false,"_nextfly_llmd_date_locked":false,"footnotes":""},"categories":[111],"tags":[48],"class_list":["post-13430","post","type-post","status-publish","format-standard","has-post-thumbnail","hentry","category-fc-barcelona","tag-xavi-hernandez"],"acf":[],"yoast_head":"<!-- This site is optimized with the Yoast SEO plugin v27.3 - https:\/\/yoast.com\/product\/yoast-seo-wordpress\/ -->\n<title>It touch of attention of Xavi Hern\u00e1ndez to Ronald Ara\u00fajo?<\/title>\n<meta name=\"description\" content=\"The suplencia of Ronald Ara\u00fajo has been one of the big novelties of the initial alignment of the FC Barcelona to confront to the Galatasaray: it is calling Him...\" \/>\n<meta name=\"robots\" content=\"index, follow, max-snippet:-1, max-image-preview:large, max-video-preview:-1\" \/>\n<link rel=\"canonical\" href=\"https:\/\/www.fcbarcelonanoticias.com\/en\/europa-league\/it-touch-of-attention-of-xavi-hernandez-to-ronald-araujo_278627_102.html\" \/>\n<meta property=\"og:locale\" content=\"en_US\" \/>\n<meta property=\"og:type\" content=\"article\" \/>\n<meta property=\"og:title\" content=\"It touch of attention of Xavi Hern\u00e1ndez to Ronald Ara\u00fajo?\" \/>\n<meta property=\"og:description\" content=\"The suplencia of Ronald Ara\u00fajo has been one of the big novelties of the initial alignment of the FC Barcelona to confront to the Galatasaray: it is calling Him...\" \/>\n<meta property=\"og:url\" content=\"https:\/\/www.fcbarcelonanoticias.com\/en\/europa-league\/it-touch-of-attention-of-xavi-hernandez-to-ronald-araujo_278627_102.html\" \/>\n<meta property=\"og:site_name\" content=\"EN - FC Barcelona Noticias\" \/>\n<meta property=\"article:published_time\" content=\"2022-03-17T18:06:00+00:00\" \/>\n<meta property=\"article:modified_time\" content=\"2022-03-17T20:18:00+00:00\" \/>\n<meta property=\"og:image\" content=\"https:\/\/www.fcbarcelonanoticias.com\/en\/wp-content\/uploads\/sites\/2\/2022\/03\/ronald-araujo.jpeg\" \/>\n\t<meta property=\"og:image:width\" content=\"1200\" \/>\n\t<meta property=\"og:image:height\" content=\"700\" \/>\n\t<meta property=\"og:image:type\" content=\"image\/jpeg\" \/>\n<meta name=\"author\" content=\"Paola Guevara\" \/>\n<meta name=\"twitter:card\" content=\"summary_large_image\" \/>\n<meta name=\"twitter:label1\" content=\"Written by\" \/>\n\t<meta name=\"twitter:data1\" content=\"Paola Guevara\" \/>\n\t<meta name=\"twitter:label2\" content=\"Est. reading time\" \/>\n\t<meta name=\"twitter:data2\" content=\"2 minutes\" \/>\n<script type=\"application\/ld+json\" class=\"yoast-schema-graph\">{\"@context\":\"https:\\\/\\\/schema.org\",\"@graph\":[{\"@type\":\"Article\",\"@id\":\"https:\\\/\\\/www.fcbarcelonanoticias.com\\\/en\\\/europa-league\\\/it-touch-of-attention-of-xavi-hernandez-to-ronald-araujo_278627_102.html#article\",\"isPartOf\":{\"@id\":\"https:\\\/\\\/www.fcbarcelonanoticias.com\\\/en\\\/europa-league\\\/it-touch-of-attention-of-xavi-hernandez-to-ronald-araujo_278627_102.html\"},\"author\":{\"name\":\"Paola Guevara\",\"@id\":\"https:\\\/\\\/www.fcbarcelonanoticias.com\\\/en\\\/#\\\/schema\\\/person\\\/3b408513ee236e64c3043ec901f019ee\"},\"headline\":\"Touch of attention from Xavi Hern\u00e1ndez to Ronald Ara\u00fajo?\",\"datePublished\":\"2022-03-17T18:06:00+00:00\",\"dateModified\":\"2022-03-17T20:18:00+00:00\",\"mainEntityOfPage\":{\"@id\":\"https:\\\/\\\/www.fcbarcelonanoticias.com\\\/en\\\/europa-league\\\/it-touch-of-attention-of-xavi-hernandez-to-ronald-araujo_278627_102.html\"},\"wordCount\":439,\"image\":{\"@id\":\"https:\\\/\\\/www.fcbarcelonanoticias.com\\\/en\\\/europa-league\\\/it-touch-of-attention-of-xavi-hernandez-to-ronald-araujo_278627_102.html#primaryimage\"},\"thumbnailUrl\":\"https:\\\/\\\/www.fcbarcelonanoticias.com\\\/en\\\/wp-content\\\/uploads\\\/sites\\\/2\\\/2022\\\/03\\\/ronald-araujo.jpeg\",\"keywords\":[\"Xavi Hern\u00e1ndez\"],\"articleSection\":[\"FC Barcelona\"],\"inLanguage\":\"en-US\"},{\"@type\":\"WebPage\",\"@id\":\"https:\\\/\\\/www.fcbarcelonanoticias.com\\\/en\\\/europa-league\\\/it-touch-of-attention-of-xavi-hernandez-to-ronald-araujo_278627_102.html\",\"url\":\"https:\\\/\\\/www.fcbarcelonanoticias.com\\\/en\\\/europa-league\\\/it-touch-of-attention-of-xavi-hernandez-to-ronald-araujo_278627_102.html\",\"name\":\"It touch of attention of Xavi Hern\u00e1ndez to Ronald Ara\u00fajo?\",\"isPartOf\":{\"@id\":\"https:\\\/\\\/www.fcbarcelonanoticias.com\\\/en\\\/#website\"},\"primaryImageOfPage\":{\"@id\":\"https:\\\/\\\/www.fcbarcelonanoticias.com\\\/en\\\/europa-league\\\/it-touch-of-attention-of-xavi-hernandez-to-ronald-araujo_278627_102.html#primaryimage\"},\"image\":{\"@id\":\"https:\\\/\\\/www.fcbarcelonanoticias.com\\\/en\\\/europa-league\\\/it-touch-of-attention-of-xavi-hernandez-to-ronald-araujo_278627_102.html#primaryimage\"},\"thumbnailUrl\":\"https:\\\/\\\/www.fcbarcelonanoticias.com\\\/en\\\/wp-content\\\/uploads\\\/sites\\\/2\\\/2022\\\/03\\\/ronald-araujo.jpeg\",\"datePublished\":\"2022-03-17T18:06:00+00:00\",\"dateModified\":\"2022-03-17T20:18:00+00:00\",\"author\":{\"@id\":\"https:\\\/\\\/www.fcbarcelonanoticias.com\\\/en\\\/#\\\/schema\\\/person\\\/3b408513ee236e64c3043ec901f019ee\"},\"description\":\"The suplencia of Ronald Ara\u00fajo has been one of the big novelties of the initial alignment of the FC Barcelona to confront to the Galatasaray: it is calling Him...\",\"breadcrumb\":{\"@id\":\"https:\\\/\\\/www.fcbarcelonanoticias.com\\\/en\\\/europa-league\\\/it-touch-of-attention-of-xavi-hernandez-to-ronald-araujo_278627_102.html#breadcrumb\"},\"inLanguage\":\"en-US\",\"potentialAction\":[{\"@type\":\"ReadAction\",\"target\":[\"https:\\\/\\\/www.fcbarcelonanoticias.com\\\/en\\\/europa-league\\\/it-touch-of-attention-of-xavi-hernandez-to-ronald-araujo_278627_102.html\"]}]},{\"@type\":\"ImageObject\",\"inLanguage\":\"en-US\",\"@id\":\"https:\\\/\\\/www.fcbarcelonanoticias.com\\\/en\\\/europa-league\\\/it-touch-of-attention-of-xavi-hernandez-to-ronald-araujo_278627_102.html#primaryimage\",\"url\":\"https:\\\/\\\/www.fcbarcelonanoticias.com\\\/en\\\/wp-content\\\/uploads\\\/sites\\\/2\\\/2022\\\/03\\\/ronald-araujo.jpeg\",\"contentUrl\":\"https:\\\/\\\/www.fcbarcelonanoticias.com\\\/en\\\/wp-content\\\/uploads\\\/sites\\\/2\\\/2022\\\/03\\\/ronald-araujo.jpeg\",\"width\":1200,\"height\":700},{\"@type\":\"BreadcrumbList\",\"@id\":\"https:\\\/\\\/www.fcbarcelonanoticias.com\\\/en\\\/europa-league\\\/it-touch-of-attention-of-xavi-hernandez-to-ronald-araujo_278627_102.html#breadcrumb\",\"itemListElement\":[{\"@type\":\"ListItem\",\"position\":1,\"name\":\"Portada\",\"item\":\"https:\\\/\\\/www.fcbarcelonanoticias.com\\\/en\\\/\"},{\"@type\":\"ListItem\",\"position\":2,\"name\":\"Touch of attention from Xavi Hern\u00e1ndez to Ronald Ara\u00fajo?\"}]},{\"@type\":\"WebSite\",\"@id\":\"https:\\\/\\\/www.fcbarcelonanoticias.com\\\/en\\\/#website\",\"url\":\"https:\\\/\\\/www.fcbarcelonanoticias.com\\\/en\\\/\",\"name\":\"EN - FC Barcelona Noticias\",\"description\":\"\",\"potentialAction\":[{\"@type\":\"SearchAction\",\"target\":{\"@type\":\"EntryPoint\",\"urlTemplate\":\"https:\\\/\\\/www.fcbarcelonanoticias.com\\\/en\\\/?s={search_term_string}\"},\"query-input\":{\"@type\":\"PropertyValueSpecification\",\"valueRequired\":true,\"valueName\":\"search_term_string\"}}],\"inLanguage\":\"en-US\"},{\"@type\":\"Person\",\"@id\":\"https:\\\/\\\/www.fcbarcelonanoticias.com\\\/en\\\/#\\\/schema\\\/person\\\/3b408513ee236e64c3043ec901f019ee\",\"name\":\"Paola Guevara\",\"image\":{\"@type\":\"ImageObject\",\"inLanguage\":\"en-US\",\"@id\":\"https:\\\/\\\/secure.gravatar.com\\\/avatar\\\/?s=96&d=mm&r=g\",\"url\":\"https:\\\/\\\/secure.gravatar.com\\\/avatar\\\/?s=96&d=mm&r=g\",\"contentUrl\":\"https:\\\/\\\/secure.gravatar.com\\\/avatar\\\/?s=96&d=mm&r=g\",\"caption\":\"Paola Guevara\"},\"url\":\"https:\\\/\\\/www.fcbarcelonanoticias.com\\\/en\\\/fc-barcelona\\\/paola-guevara_9_115.html\"}]}<\/script>\n<!-- \/ Yoast SEO plugin. -->","yoast_head_json":{"title":"It touch of attention of Xavi Hern\u00e1ndez to Ronald Ara\u00fajo?","description":"The suplencia of Ronald Ara\u00fajo has been one of the big novelties of the initial alignment of the FC Barcelona to confront to the Galatasaray: it is calling Him...","robots":{"index":"index","follow":"follow","max-snippet":"max-snippet:-1","max-image-preview":"max-image-preview:large","max-video-preview":"max-video-preview:-1"},"canonical":"https:\/\/www.fcbarcelonanoticias.com\/en\/europa-league\/it-touch-of-attention-of-xavi-hernandez-to-ronald-araujo_278627_102.html","og_locale":"en_US","og_type":"article","og_title":"It touch of attention of Xavi Hern\u00e1ndez to Ronald Ara\u00fajo?","og_description":"The suplencia of Ronald Ara\u00fajo has been one of the big novelties of the initial alignment of the FC Barcelona to confront to the Galatasaray: it is calling Him...","og_url":"https:\/\/www.fcbarcelonanoticias.com\/en\/europa-league\/it-touch-of-attention-of-xavi-hernandez-to-ronald-araujo_278627_102.html","og_site_name":"EN - FC Barcelona Noticias","article_published_time":"2022-03-17T18:06:00+00:00","article_modified_time":"2022-03-17T20:18:00+00:00","og_image":[{"width":1200,"height":700,"url":"https:\/\/www.fcbarcelonanoticias.com\/en\/wp-content\/uploads\/sites\/2\/2022\/03\/ronald-araujo.jpeg","type":"image\/jpeg"}],"author":"Paola Guevara","twitter_card":"summary_large_image","twitter_misc":{"Written by":"Paola Guevara","Est. reading time":"2 minutes"},"schema":{"@context":"https:\/\/schema.org","@graph":[{"@type":"Article","@id":"https:\/\/www.fcbarcelonanoticias.com\/en\/europa-league\/it-touch-of-attention-of-xavi-hernandez-to-ronald-araujo_278627_102.html#article","isPartOf":{"@id":"https:\/\/www.fcbarcelonanoticias.com\/en\/europa-league\/it-touch-of-attention-of-xavi-hernandez-to-ronald-araujo_278627_102.html"},"author":{"name":"Paola Guevara","@id":"https:\/\/www.fcbarcelonanoticias.com\/en\/#\/schema\/person\/3b408513ee236e64c3043ec901f019ee"},"headline":"Touch of attention from Xavi Hern\u00e1ndez to Ronald Ara\u00fajo?","datePublished":"2022-03-17T18:06:00+00:00","dateModified":"2022-03-17T20:18:00+00:00","mainEntityOfPage":{"@id":"https:\/\/www.fcbarcelonanoticias.com\/en\/europa-league\/it-touch-of-attention-of-xavi-hernandez-to-ronald-araujo_278627_102.html"},"wordCount":439,"image":{"@id":"https:\/\/www.fcbarcelonanoticias.com\/en\/europa-league\/it-touch-of-attention-of-xavi-hernandez-to-ronald-araujo_278627_102.html#primaryimage"},"thumbnailUrl":"https:\/\/www.fcbarcelonanoticias.com\/en\/wp-content\/uploads\/sites\/2\/2022\/03\/ronald-araujo.jpeg","keywords":["Xavi Hern\u00e1ndez"],"articleSection":["FC Barcelona"],"inLanguage":"en-US"},{"@type":"WebPage","@id":"https:\/\/www.fcbarcelonanoticias.com\/en\/europa-league\/it-touch-of-attention-of-xavi-hernandez-to-ronald-araujo_278627_102.html","url":"https:\/\/www.fcbarcelonanoticias.com\/en\/europa-league\/it-touch-of-attention-of-xavi-hernandez-to-ronald-araujo_278627_102.html","name":"It touch of attention of Xavi Hern\u00e1ndez to Ronald Ara\u00fajo?","isPartOf":{"@id":"https:\/\/www.fcbarcelonanoticias.com\/en\/#website"},"primaryImageOfPage":{"@id":"https:\/\/www.fcbarcelonanoticias.com\/en\/europa-league\/it-touch-of-attention-of-xavi-hernandez-to-ronald-araujo_278627_102.html#primaryimage"},"image":{"@id":"https:\/\/www.fcbarcelonanoticias.com\/en\/europa-league\/it-touch-of-attention-of-xavi-hernandez-to-ronald-araujo_278627_102.html#primaryimage"},"thumbnailUrl":"https:\/\/www.fcbarcelonanoticias.com\/en\/wp-content\/uploads\/sites\/2\/2022\/03\/ronald-araujo.jpeg","datePublished":"2022-03-17T18:06:00+00:00","dateModified":"2022-03-17T20:18:00+00:00","author":{"@id":"https:\/\/www.fcbarcelonanoticias.com\/en\/#\/schema\/person\/3b408513ee236e64c3043ec901f019ee"},"description":"The suplencia of Ronald Ara\u00fajo has been one of the big novelties of the initial alignment of the FC Barcelona to confront to the Galatasaray: it is calling Him...","breadcrumb":{"@id":"https:\/\/www.fcbarcelonanoticias.com\/en\/europa-league\/it-touch-of-attention-of-xavi-hernandez-to-ronald-araujo_278627_102.html#breadcrumb"},"inLanguage":"en-US","potentialAction":[{"@type":"ReadAction","target":["https:\/\/www.fcbarcelonanoticias.com\/en\/europa-league\/it-touch-of-attention-of-xavi-hernandez-to-ronald-araujo_278627_102.html"]}]},{"@type":"ImageObject","inLanguage":"en-US","@id":"https:\/\/www.fcbarcelonanoticias.com\/en\/europa-league\/it-touch-of-attention-of-xavi-hernandez-to-ronald-araujo_278627_102.html#primaryimage","url":"https:\/\/www.fcbarcelonanoticias.com\/en\/wp-content\/uploads\/sites\/2\/2022\/03\/ronald-araujo.jpeg","contentUrl":"https:\/\/www.fcbarcelonanoticias.com\/en\/wp-content\/uploads\/sites\/2\/2022\/03\/ronald-araujo.jpeg","width":1200,"height":700},{"@type":"BreadcrumbList","@id":"https:\/\/www.fcbarcelonanoticias.com\/en\/europa-league\/it-touch-of-attention-of-xavi-hernandez-to-ronald-araujo_278627_102.html#breadcrumb","itemListElement":[{"@type":"ListItem","position":1,"name":"Portada","item":"https:\/\/www.fcbarcelonanoticias.com\/en\/"},{"@type":"ListItem","position":2,"name":"Touch of attention from Xavi Hern\u00e1ndez to Ronald Ara\u00fajo?"}]},{"@type":"WebSite","@id":"https:\/\/www.fcbarcelonanoticias.com\/en\/#website","url":"https:\/\/www.fcbarcelonanoticias.com\/en\/","name":"EN - FC Barcelona Noticias","description":"","potentialAction":[{"@type":"SearchAction","target":{"@type":"EntryPoint","urlTemplate":"https:\/\/www.fcbarcelonanoticias.com\/en\/?s={search_term_string}"},"query-input":{"@type":"PropertyValueSpecification","valueRequired":true,"valueName":"search_term_string"}}],"inLanguage":"en-US"},{"@type":"Person","@id":"https:\/\/www.fcbarcelonanoticias.com\/en\/#\/schema\/person\/3b408513ee236e64c3043ec901f019ee","name":"Paola Guevara","image":{"@type":"ImageObject","inLanguage":"en-US","@id":"https:\/\/secure.gravatar.com\/avatar\/?s=96&d=mm&r=g","url":"https:\/\/secure.gravatar.com\/avatar\/?s=96&d=mm&r=g","contentUrl":"https:\/\/secure.gravatar.com\/avatar\/?s=96&d=mm&r=g","caption":"Paola Guevara"},"url":"https:\/\/www.fcbarcelonanoticias.com\/en\/fc-barcelona\/paola-guevara_9_115.html"}]}},"_links":{"self":[{"href":"https:\/\/www.fcbarcelonanoticias.com\/en\/wp-json\/wp\/v2\/posts\/13430","targetHints":{"allow":["GET"]}}],"collection":[{"href":"https:\/\/www.fcbarcelonanoticias.com\/en\/wp-json\/wp\/v2\/posts"}],"about":[{"href":"https:\/\/www.fcbarcelonanoticias.com\/en\/wp-json\/wp\/v2\/types\/post"}],"author":[{"embeddable":true,"href":"https:\/\/www.fcbarcelonanoticias.com\/en\/wp-json\/wp\/v2\/users\/352"}],"replies":[{"embeddable":true,"href":"https:\/\/www.fcbarcelonanoticias.com\/en\/wp-json\/wp\/v2\/comments?post=13430"}],"version-history":[{"count":1,"href":"https:\/\/www.fcbarcelonanoticias.com\/en\/wp-json\/wp\/v2\/posts\/13430\/revisions"}],"predecessor-version":[{"id":102382,"href":"https:\/\/www.fcbarcelonanoticias.com\/en\/wp-json\/wp\/v2\/posts\/13430\/revisions\/102382"}],"wp:featuredmedia":[{"embeddable":true,"href":"https:\/\/www.fcbarcelonanoticias.com\/en\/wp-json\/wp\/v2\/media\/11356"}],"wp:attachment":[{"href":"https:\/\/www.fcbarcelonanoticias.com\/en\/wp-json\/wp\/v2\/media?parent=13430"}],"wp:term":[{"taxonomy":"category","embeddable":true,"href":"https:\/\/www.fcbarcelonanoticias.com\/en\/wp-json\/wp\/v2\/categories?post=13430"},{"taxonomy":"post_tag","embeddable":true,"href":"https:\/\/www.fcbarcelonanoticias.com\/en\/wp-json\/wp\/v2\/tags?post=13430"}],"curies":[{"name":"wp","href":"https:\/\/api.w.org\/{rel}","templated":true}]}}