{"id":134320,"date":"2022-03-27T23:35:00","date_gmt":"2022-03-27T21:35:00","guid":{"rendered":"https:\/\/weisetech.dev\/fc-barcelona-noticias\/en\/pending-issues-barcelona-this-market-summer_278910_102\/"},"modified":"2022-03-28T08:19:00","modified_gmt":"2022-03-28T06:19:00","slug":"pending-issues-barcelona-this-market-summer_278910_102","status":"publish","type":"post","link":"https:\/\/www.fcbarcelonanoticias.com\/en\/transfers\/pending-issues-barcelona-this-market-summer_278910_102.html","title":{"rendered":"Bar\u00e7a&#8217;s pending issues for this summer market"},"content":{"rendered":"<h2 class=\"wp-block-heading\">FC Barcelona continues to work on its squad for next season. The club hopes to give the team a facelift, bringing in &#8216;new blood&#8217; and saying goodbye to players that Xavi does not have<\/h2>  \r\n<div class=\"article-addons\">\r\n    <a href=\"https:\/\/www.fcbarcelonanoticias.com\/en\/calendar-fc-barcelona.html\"\r\n       target=\"_self\"\r\n       title=\"Calendar of FC Barcelona\"\r\n       class=\"blue-gredient-btn\">\r\n       \r\n        Calendar of FC Barcelona    <\/a>\r\n<\/div>   <p>The <a data-external=\"0\" data-intl-links-en=\"https:\/\/www.fcbarcelonanoticias.com\/en\/fc-barcelona\" data-intl-links-es=\"https:\/\/www.fcbarcelonanoticias.com\/fc-barcelona\" href=\"https:\/\/www.fcbarcelonanoticias.com\/en\/football-soccer\/fc-barcelona.html\" rel=\"follow\" target=\"_self\" title=\"FC Barcelona\">FC Barcelona<\/a> is in a moment &#8216;sweet&#8217;. The arrival of <a data-external=\"0\" data-intl-links-en=\"https:\/\/www.fcbarcelonanoticias.com\/en\/tags\/xavi-hernandez\" data-intl-links-es=\"https:\/\/www.fcbarcelonanoticias.com\/tags\/xavi-hernandez\" href=\"https:\/\/www.fcbarcelonanoticias.com\/en\/tags\/xavi-hernandez.html\" rel=\"follow\" target=\"_self\" title=\"Xavi Hern\u00e1ndez\">Xavi Hern\u00e1ndez<\/a> has brought with himself the good results and the good game to the team. The players are very to taste with the trainer and inside the changing rooms there is a lot of harmony. However, in the dispatches follow working in reinforcing the staff of face to the next season, and <strong>this situation leaves a lot of open fronts that the entity has to resolve. <\/strong><\/p>  <h4>The renewals<\/h4>  <p>The club has slopes the extensions of agreement of some members of the staff. <strong>The first cases to resolve are the ones of the youngsters Ronald Ara\u00fajo and Gavi<\/strong>. Both perlas finish agreement in 2023 and the entity wants to avoid a &#8216;case Demb\u00e9l\u00e9&#8217;, by what already has &#8216;moved index card&#8217; to arrive to an agreement what before. On the other hand, Sergi Roberto will remain like free agent this market and the negotiations between the club and the player are broken. However, several directors cul\u00e9s, included Joan Laporta, have expressed his interest in following the link with the footballer, by what all the possibilities are opened.<\/p>  <p>Another &#8216;case&#8217; to resolve in the club is the one of Dani Alves. The legendary side finishes his agreement with the Catalans in June, <strong>and his continuity depends only of the wish of Xavi Hern\u00e1ndez for following having he<\/strong>, by what expects that it evaluate his situation when finalising the campaign. In the meantime, Ousmane Demb\u00e9l\u00e9 seems to be more was that inside the team. In spite of this, in Can Bar\u00e7a still there are hopes that the &#8216;serial&#8217; of a twist and the player have to approach postures with the Barcelona.<\/p>  <h4>The exits<\/h4>  <p>In the club expect to sack of several players during the window estival. From the City Condal have taught him the door of exit to footballers like <strong>Net, Lenglet, Umtiti, Mingueza, Braithwaite, Luuk of Jong and Riqui Puig<\/strong>. Xavi Hern\u00e1ndez practically does not have these and from the loges of the Camp Nou expect to free mass salarial with his sales.<\/p>  <p>Besides, there is other &#8216;loose capes&#8217; that are subject to some conditions. In the case of Adama Traor\u00e9, <strong>in the offices cul\u00e9s exist doubts on if execute or no his option of purchase<\/strong>. This situation could see resolved if the Wolverhampton executes the option of purchase of Francisco Trincao, but to day of today is little likely. Memphis Depay Has not had the opportunities expected and would want to know his role in the team for the next year. And finally, of not to arrive to an agreement with the players, Sergi Roberto and Dani Alves would put &#8216;course&#8217; to new &#8216;horizons&#8217;, without explaining the more than likely gone of Demb\u00e9l\u00e9.<\/p>  <h4>The incorporations<\/h4>  <p>In Can Bar\u00e7a follow working incesantemente to strengthen to the directed by Xavi. <strong>Already they have closed the incorporations of Andreas Christensen and Franck Kessi\u00e9<\/strong>, that arrive like reinforcements of luxury for the defence and the medullary of the team. Besides, the barcelonistas are doing management to carry to the rows cul\u00e9s to Noussair Mazraoui and C\u00e9sar Azpilicueta, and expect to hire a left side that serve of competition for Jordi Alba (Gay\u00e1 and Grimaldo are the favourites).<\/p>  <p>In the goal also expect changes. <strong>Marc-Andr\u00e9 Ter Stegen no longer will be &#8216;intocable&#8217;<\/strong>, and the favourite to argue him the place is the canterano I\u00f1aki Crag. In spite of this, the now goalkeeper of the Galatasaray expects to have minutes, and of not to have them ensured, would not remain in the Barcelona rows. Therefore, the Bar\u00e7a could go to by another guardameta that do him competition to the germano.<\/p>  <p>Likewise, the blaugranas expect to reinforce the forward with an attacker of first level, and the favourite is Erling Haaland. However, the operation by the Norwegian antoja, what less, complicated, by what the Catalans have studied other options. <strong>Robert Lewandowski and Mohamed Salah are the alternatives that handle <\/strong> in the City Condal in case that the one of Leeds can not arrive, and from the club already have contacted with the surroundings of both. Finally, the elected to cover the possible drop of Demb\u00e9l\u00e9 is Raphinha. The Brazilian of the Leeds already would have an agreement with the cul\u00e9s and his arrival during the summer is more than likely.<\/p> ","protected":false},"excerpt":{"rendered":"<p>FC Barcelona continues to work on its squad for next season. The club hopes to give the team a facelift, bringing in &#8216;new blood&#8217; and saying goodbye to players that Xavi does not have The FC Barcelona is in a moment &#8216;sweet&#8217;. The arrival of Xavi Hern\u00e1ndez has brought with himself the good results and [&hellip;]<\/p>\n","protected":false},"author":358,"featured_media":134327,"comment_status":"closed","ping_status":"open","sticky":false,"template":"","format":"standard","meta":{"_acf_changed":false,"inline_featured_image":false,"_nextfly_llmd_date_locked":false,"footnotes":""},"categories":[449,106],"tags":[154,305,150,48],"class_list":["post-134320","post","type-post","status-publish","format-standard","has-post-thumbnail","hentry","category-transfers-2","category-transfers","tag-erling-haaland","tag-frank-kessie","tag-salah","tag-xavi-hernandez"],"acf":[],"yoast_head":"<!-- This site is optimized with the Yoast SEO plugin v27.3 - https:\/\/yoast.com\/product\/yoast-seo-wordpress\/ -->\n<title>The pending subjects of the Bar\u00e7a for this market of summer<\/title>\n<meta name=\"description\" content=\"The FC Barcelona follows working in his staff of face to the next season. The club expects to do him a wash of face to the team, bringing &#039;new blood&#039;...\" \/>\n<meta name=\"robots\" content=\"index, follow, max-snippet:-1, max-image-preview:large, max-video-preview:-1\" \/>\n<link rel=\"canonical\" href=\"https:\/\/www.fcbarcelonanoticias.com\/en\/transfers\/pending-issues-barcelona-this-market-summer_278910_102.html\" \/>\n<meta property=\"og:locale\" content=\"en_US\" \/>\n<meta property=\"og:type\" content=\"article\" \/>\n<meta property=\"og:title\" content=\"The pending subjects of the Bar\u00e7a for this market of summer\" \/>\n<meta property=\"og:description\" content=\"The FC Barcelona follows working in his staff of face to the next season. The club expects to do him a wash of face to the team, bringing &#039;new blood&#039;...\" \/>\n<meta property=\"og:url\" content=\"https:\/\/www.fcbarcelonanoticias.com\/en\/transfers\/pending-issues-barcelona-this-market-summer_278910_102.html\" \/>\n<meta property=\"og:site_name\" content=\"EN - FC Barcelona Noticias\" \/>\n<meta property=\"article:published_time\" content=\"2022-03-27T21:35:00+00:00\" \/>\n<meta property=\"article:modified_time\" content=\"2022-03-28T06:19:00+00:00\" \/>\n<meta property=\"og:image\" content=\"https:\/\/www.fcbarcelonanoticias.com\/en\/wp-content\/uploads\/sites\/2\/2022\/03\/jugadores-barca-analisis.jpeg\" \/>\n\t<meta property=\"og:image:width\" content=\"1300\" \/>\n\t<meta property=\"og:image:height\" content=\"732\" \/>\n\t<meta property=\"og:image:type\" content=\"image\/jpeg\" \/>\n<meta name=\"author\" content=\"Juan Pablo Berdugo\" \/>\n<meta name=\"twitter:card\" content=\"summary_large_image\" \/>\n<meta name=\"twitter:label1\" content=\"Written by\" \/>\n\t<meta name=\"twitter:data1\" content=\"Juan Pablo Berdugo\" \/>\n\t<meta name=\"twitter:label2\" content=\"Est. reading time\" \/>\n\t<meta name=\"twitter:data2\" content=\"4 minutes\" \/>\n<script type=\"application\/ld+json\" class=\"yoast-schema-graph\">{\"@context\":\"https:\\\/\\\/schema.org\",\"@graph\":[{\"@type\":\"Article\",\"@id\":\"https:\\\/\\\/www.fcbarcelonanoticias.com\\\/en\\\/transfers\\\/pending-issues-barcelona-this-market-summer_278910_102.html#article\",\"isPartOf\":{\"@id\":\"https:\\\/\\\/www.fcbarcelonanoticias.com\\\/en\\\/transfers\\\/pending-issues-barcelona-this-market-summer_278910_102.html\"},\"author\":{\"name\":\"Juan Pablo Berdugo\",\"@id\":\"https:\\\/\\\/www.fcbarcelonanoticias.com\\\/en\\\/#\\\/schema\\\/person\\\/88d756918a0a1ae9fa593b5edddd1815\"},\"headline\":\"Bar\u00e7a&#8217;s pending issues for this summer market\",\"datePublished\":\"2022-03-27T21:35:00+00:00\",\"dateModified\":\"2022-03-28T06:19:00+00:00\",\"mainEntityOfPage\":{\"@id\":\"https:\\\/\\\/www.fcbarcelonanoticias.com\\\/en\\\/transfers\\\/pending-issues-barcelona-this-market-summer_278910_102.html\"},\"wordCount\":772,\"image\":{\"@id\":\"https:\\\/\\\/www.fcbarcelonanoticias.com\\\/en\\\/transfers\\\/pending-issues-barcelona-this-market-summer_278910_102.html#primaryimage\"},\"thumbnailUrl\":\"https:\\\/\\\/www.fcbarcelonanoticias.com\\\/en\\\/wp-content\\\/uploads\\\/sites\\\/2\\\/2022\\\/03\\\/jugadores-barca-analisis.jpeg\",\"keywords\":[\"Erling Haaland\",\"Frank Kessi\u00e9\",\"Salah\",\"Xavi Hern\u00e1ndez\"],\"articleSection\":[\"Transfers\",\"Transfers\"],\"inLanguage\":\"en-US\"},{\"@type\":\"WebPage\",\"@id\":\"https:\\\/\\\/www.fcbarcelonanoticias.com\\\/en\\\/transfers\\\/pending-issues-barcelona-this-market-summer_278910_102.html\",\"url\":\"https:\\\/\\\/www.fcbarcelonanoticias.com\\\/en\\\/transfers\\\/pending-issues-barcelona-this-market-summer_278910_102.html\",\"name\":\"The pending subjects of the Bar\u00e7a for this market of summer\",\"isPartOf\":{\"@id\":\"https:\\\/\\\/www.fcbarcelonanoticias.com\\\/en\\\/#website\"},\"primaryImageOfPage\":{\"@id\":\"https:\\\/\\\/www.fcbarcelonanoticias.com\\\/en\\\/transfers\\\/pending-issues-barcelona-this-market-summer_278910_102.html#primaryimage\"},\"image\":{\"@id\":\"https:\\\/\\\/www.fcbarcelonanoticias.com\\\/en\\\/transfers\\\/pending-issues-barcelona-this-market-summer_278910_102.html#primaryimage\"},\"thumbnailUrl\":\"https:\\\/\\\/www.fcbarcelonanoticias.com\\\/en\\\/wp-content\\\/uploads\\\/sites\\\/2\\\/2022\\\/03\\\/jugadores-barca-analisis.jpeg\",\"datePublished\":\"2022-03-27T21:35:00+00:00\",\"dateModified\":\"2022-03-28T06:19:00+00:00\",\"author\":{\"@id\":\"https:\\\/\\\/www.fcbarcelonanoticias.com\\\/en\\\/#\\\/schema\\\/person\\\/88d756918a0a1ae9fa593b5edddd1815\"},\"description\":\"The FC Barcelona follows working in his staff of face to the next season. The club expects to do him a wash of face to the team, bringing 'new blood'...\",\"breadcrumb\":{\"@id\":\"https:\\\/\\\/www.fcbarcelonanoticias.com\\\/en\\\/transfers\\\/pending-issues-barcelona-this-market-summer_278910_102.html#breadcrumb\"},\"inLanguage\":\"en-US\",\"potentialAction\":[{\"@type\":\"ReadAction\",\"target\":[\"https:\\\/\\\/www.fcbarcelonanoticias.com\\\/en\\\/transfers\\\/pending-issues-barcelona-this-market-summer_278910_102.html\"]}]},{\"@type\":\"ImageObject\",\"inLanguage\":\"en-US\",\"@id\":\"https:\\\/\\\/www.fcbarcelonanoticias.com\\\/en\\\/transfers\\\/pending-issues-barcelona-this-market-summer_278910_102.html#primaryimage\",\"url\":\"https:\\\/\\\/www.fcbarcelonanoticias.com\\\/en\\\/wp-content\\\/uploads\\\/sites\\\/2\\\/2022\\\/03\\\/jugadores-barca-analisis.jpeg\",\"contentUrl\":\"https:\\\/\\\/www.fcbarcelonanoticias.com\\\/en\\\/wp-content\\\/uploads\\\/sites\\\/2\\\/2022\\\/03\\\/jugadores-barca-analisis.jpeg\",\"width\":1300,\"height\":732},{\"@type\":\"BreadcrumbList\",\"@id\":\"https:\\\/\\\/www.fcbarcelonanoticias.com\\\/en\\\/transfers\\\/pending-issues-barcelona-this-market-summer_278910_102.html#breadcrumb\",\"itemListElement\":[{\"@type\":\"ListItem\",\"position\":1,\"name\":\"Portada\",\"item\":\"https:\\\/\\\/www.fcbarcelonanoticias.com\\\/en\\\/\"},{\"@type\":\"ListItem\",\"position\":2,\"name\":\"Bar\u00e7a&#8217;s pending issues for this summer market\"}]},{\"@type\":\"WebSite\",\"@id\":\"https:\\\/\\\/www.fcbarcelonanoticias.com\\\/en\\\/#website\",\"url\":\"https:\\\/\\\/www.fcbarcelonanoticias.com\\\/en\\\/\",\"name\":\"EN - FC Barcelona Noticias\",\"description\":\"\",\"potentialAction\":[{\"@type\":\"SearchAction\",\"target\":{\"@type\":\"EntryPoint\",\"urlTemplate\":\"https:\\\/\\\/www.fcbarcelonanoticias.com\\\/en\\\/?s={search_term_string}\"},\"query-input\":{\"@type\":\"PropertyValueSpecification\",\"valueRequired\":true,\"valueName\":\"search_term_string\"}}],\"inLanguage\":\"en-US\"},{\"@type\":\"Person\",\"@id\":\"https:\\\/\\\/www.fcbarcelonanoticias.com\\\/en\\\/#\\\/schema\\\/person\\\/88d756918a0a1ae9fa593b5edddd1815\",\"name\":\"Juan Pablo Berdugo\",\"image\":{\"@type\":\"ImageObject\",\"inLanguage\":\"en-US\",\"@id\":\"https:\\\/\\\/secure.gravatar.com\\\/avatar\\\/?s=96&d=mm&r=g\",\"url\":\"https:\\\/\\\/secure.gravatar.com\\\/avatar\\\/?s=96&d=mm&r=g\",\"contentUrl\":\"https:\\\/\\\/secure.gravatar.com\\\/avatar\\\/?s=96&d=mm&r=g\",\"caption\":\"Juan Pablo Berdugo\"},\"description\":\"Juan Pablo Berdugo es graduado en Periodismo. Colabora con FCBN como especialista en informaci\u00f3n del primer equipo del FC Barcelona, f\u00fatbol internacional y mercado de fichajes. Destaca por su enfoque anal\u00edtico, su rigor informativo y su capacidad para detectar tendencias emergentes en el f\u00fatbol global.\",\"url\":\"https:\\\/\\\/www.fcbarcelonanoticias.com\\\/en\\\/fc-barcelona\\\/juan-pablo-berdugo_18_115.html\"}]}<\/script>\n<!-- \/ Yoast SEO plugin. -->","yoast_head_json":{"title":"The pending subjects of the Bar\u00e7a for this market of summer","description":"The FC Barcelona follows working in his staff of face to the next season. The club expects to do him a wash of face to the team, bringing 'new blood'...","robots":{"index":"index","follow":"follow","max-snippet":"max-snippet:-1","max-image-preview":"max-image-preview:large","max-video-preview":"max-video-preview:-1"},"canonical":"https:\/\/www.fcbarcelonanoticias.com\/en\/transfers\/pending-issues-barcelona-this-market-summer_278910_102.html","og_locale":"en_US","og_type":"article","og_title":"The pending subjects of the Bar\u00e7a for this market of summer","og_description":"The FC Barcelona follows working in his staff of face to the next season. The club expects to do him a wash of face to the team, bringing 'new blood'...","og_url":"https:\/\/www.fcbarcelonanoticias.com\/en\/transfers\/pending-issues-barcelona-this-market-summer_278910_102.html","og_site_name":"EN - FC Barcelona Noticias","article_published_time":"2022-03-27T21:35:00+00:00","article_modified_time":"2022-03-28T06:19:00+00:00","og_image":[{"width":1300,"height":732,"url":"https:\/\/www.fcbarcelonanoticias.com\/en\/wp-content\/uploads\/sites\/2\/2022\/03\/jugadores-barca-analisis.jpeg","type":"image\/jpeg"}],"author":"Juan Pablo Berdugo","twitter_card":"summary_large_image","twitter_misc":{"Written by":"Juan Pablo Berdugo","Est. reading time":"4 minutes"},"schema":{"@context":"https:\/\/schema.org","@graph":[{"@type":"Article","@id":"https:\/\/www.fcbarcelonanoticias.com\/en\/transfers\/pending-issues-barcelona-this-market-summer_278910_102.html#article","isPartOf":{"@id":"https:\/\/www.fcbarcelonanoticias.com\/en\/transfers\/pending-issues-barcelona-this-market-summer_278910_102.html"},"author":{"name":"Juan Pablo Berdugo","@id":"https:\/\/www.fcbarcelonanoticias.com\/en\/#\/schema\/person\/88d756918a0a1ae9fa593b5edddd1815"},"headline":"Bar\u00e7a&#8217;s pending issues for this summer market","datePublished":"2022-03-27T21:35:00+00:00","dateModified":"2022-03-28T06:19:00+00:00","mainEntityOfPage":{"@id":"https:\/\/www.fcbarcelonanoticias.com\/en\/transfers\/pending-issues-barcelona-this-market-summer_278910_102.html"},"wordCount":772,"image":{"@id":"https:\/\/www.fcbarcelonanoticias.com\/en\/transfers\/pending-issues-barcelona-this-market-summer_278910_102.html#primaryimage"},"thumbnailUrl":"https:\/\/www.fcbarcelonanoticias.com\/en\/wp-content\/uploads\/sites\/2\/2022\/03\/jugadores-barca-analisis.jpeg","keywords":["Erling Haaland","Frank Kessi\u00e9","Salah","Xavi Hern\u00e1ndez"],"articleSection":["Transfers","Transfers"],"inLanguage":"en-US"},{"@type":"WebPage","@id":"https:\/\/www.fcbarcelonanoticias.com\/en\/transfers\/pending-issues-barcelona-this-market-summer_278910_102.html","url":"https:\/\/www.fcbarcelonanoticias.com\/en\/transfers\/pending-issues-barcelona-this-market-summer_278910_102.html","name":"The pending subjects of the Bar\u00e7a for this market of summer","isPartOf":{"@id":"https:\/\/www.fcbarcelonanoticias.com\/en\/#website"},"primaryImageOfPage":{"@id":"https:\/\/www.fcbarcelonanoticias.com\/en\/transfers\/pending-issues-barcelona-this-market-summer_278910_102.html#primaryimage"},"image":{"@id":"https:\/\/www.fcbarcelonanoticias.com\/en\/transfers\/pending-issues-barcelona-this-market-summer_278910_102.html#primaryimage"},"thumbnailUrl":"https:\/\/www.fcbarcelonanoticias.com\/en\/wp-content\/uploads\/sites\/2\/2022\/03\/jugadores-barca-analisis.jpeg","datePublished":"2022-03-27T21:35:00+00:00","dateModified":"2022-03-28T06:19:00+00:00","author":{"@id":"https:\/\/www.fcbarcelonanoticias.com\/en\/#\/schema\/person\/88d756918a0a1ae9fa593b5edddd1815"},"description":"The FC Barcelona follows working in his staff of face to the next season. The club expects to do him a wash of face to the team, bringing 'new blood'...","breadcrumb":{"@id":"https:\/\/www.fcbarcelonanoticias.com\/en\/transfers\/pending-issues-barcelona-this-market-summer_278910_102.html#breadcrumb"},"inLanguage":"en-US","potentialAction":[{"@type":"ReadAction","target":["https:\/\/www.fcbarcelonanoticias.com\/en\/transfers\/pending-issues-barcelona-this-market-summer_278910_102.html"]}]},{"@type":"ImageObject","inLanguage":"en-US","@id":"https:\/\/www.fcbarcelonanoticias.com\/en\/transfers\/pending-issues-barcelona-this-market-summer_278910_102.html#primaryimage","url":"https:\/\/www.fcbarcelonanoticias.com\/en\/wp-content\/uploads\/sites\/2\/2022\/03\/jugadores-barca-analisis.jpeg","contentUrl":"https:\/\/www.fcbarcelonanoticias.com\/en\/wp-content\/uploads\/sites\/2\/2022\/03\/jugadores-barca-analisis.jpeg","width":1300,"height":732},{"@type":"BreadcrumbList","@id":"https:\/\/www.fcbarcelonanoticias.com\/en\/transfers\/pending-issues-barcelona-this-market-summer_278910_102.html#breadcrumb","itemListElement":[{"@type":"ListItem","position":1,"name":"Portada","item":"https:\/\/www.fcbarcelonanoticias.com\/en\/"},{"@type":"ListItem","position":2,"name":"Bar\u00e7a&#8217;s pending issues for this summer market"}]},{"@type":"WebSite","@id":"https:\/\/www.fcbarcelonanoticias.com\/en\/#website","url":"https:\/\/www.fcbarcelonanoticias.com\/en\/","name":"EN - FC Barcelona Noticias","description":"","potentialAction":[{"@type":"SearchAction","target":{"@type":"EntryPoint","urlTemplate":"https:\/\/www.fcbarcelonanoticias.com\/en\/?s={search_term_string}"},"query-input":{"@type":"PropertyValueSpecification","valueRequired":true,"valueName":"search_term_string"}}],"inLanguage":"en-US"},{"@type":"Person","@id":"https:\/\/www.fcbarcelonanoticias.com\/en\/#\/schema\/person\/88d756918a0a1ae9fa593b5edddd1815","name":"Juan Pablo Berdugo","image":{"@type":"ImageObject","inLanguage":"en-US","@id":"https:\/\/secure.gravatar.com\/avatar\/?s=96&d=mm&r=g","url":"https:\/\/secure.gravatar.com\/avatar\/?s=96&d=mm&r=g","contentUrl":"https:\/\/secure.gravatar.com\/avatar\/?s=96&d=mm&r=g","caption":"Juan Pablo Berdugo"},"description":"Juan Pablo Berdugo es graduado en Periodismo. Colabora con FCBN como especialista en informaci\u00f3n del primer equipo del FC Barcelona, f\u00fatbol internacional y mercado de fichajes. Destaca por su enfoque anal\u00edtico, su rigor informativo y su capacidad para detectar tendencias emergentes en el f\u00fatbol global.","url":"https:\/\/www.fcbarcelonanoticias.com\/en\/fc-barcelona\/juan-pablo-berdugo_18_115.html"}]}},"_links":{"self":[{"href":"https:\/\/www.fcbarcelonanoticias.com\/en\/wp-json\/wp\/v2\/posts\/134320","targetHints":{"allow":["GET"]}}],"collection":[{"href":"https:\/\/www.fcbarcelonanoticias.com\/en\/wp-json\/wp\/v2\/posts"}],"about":[{"href":"https:\/\/www.fcbarcelonanoticias.com\/en\/wp-json\/wp\/v2\/types\/post"}],"author":[{"embeddable":true,"href":"https:\/\/www.fcbarcelonanoticias.com\/en\/wp-json\/wp\/v2\/users\/358"}],"replies":[{"embeddable":true,"href":"https:\/\/www.fcbarcelonanoticias.com\/en\/wp-json\/wp\/v2\/comments?post=134320"}],"version-history":[{"count":1,"href":"https:\/\/www.fcbarcelonanoticias.com\/en\/wp-json\/wp\/v2\/posts\/134320\/revisions"}],"predecessor-version":[{"id":154031,"href":"https:\/\/www.fcbarcelonanoticias.com\/en\/wp-json\/wp\/v2\/posts\/134320\/revisions\/154031"}],"wp:featuredmedia":[{"embeddable":true,"href":"https:\/\/www.fcbarcelonanoticias.com\/en\/wp-json\/wp\/v2\/media\/134327"}],"wp:attachment":[{"href":"https:\/\/www.fcbarcelonanoticias.com\/en\/wp-json\/wp\/v2\/media?parent=134320"}],"wp:term":[{"taxonomy":"category","embeddable":true,"href":"https:\/\/www.fcbarcelonanoticias.com\/en\/wp-json\/wp\/v2\/categories?post=134320"},{"taxonomy":"post_tag","embeddable":true,"href":"https:\/\/www.fcbarcelonanoticias.com\/en\/wp-json\/wp\/v2\/tags?post=134320"}],"curies":[{"name":"wp","href":"https:\/\/api.w.org\/{rel}","templated":true}]}}