{"id":134336,"date":"2022-08-03T09:02:00","date_gmt":"2022-08-03T07:02:00","guid":{"rendered":"https:\/\/weisetech.dev\/fc-barcelona-noticias\/en\/mingueza-says-farewell-barcelona-with-sense-message_282831_102\/"},"modified":"2022-08-03T10:01:00","modified_gmt":"2022-08-03T08:01:00","slug":"mingueza-says-farewell-barcelona-with-sense-message_282831_102","status":"publish","type":"post","link":"https:\/\/www.fcbarcelonanoticias.com\/en\/transfers\/mingueza-says-farewell-barcelona-with-sense-message_282831_102.html","title":{"rendered":"Mingueza says goodbye to Bar\u00e7a with a heartfelt message"},"content":{"rendered":"<h2 class=\"wp-block-heading\">\u00d3scar Mingueza has left for Galicia to join the ranks of Celta de Vigo after 15 years in the Bar\u00e7a discipline. With this on the table, the defender has spoken on his social networks to say goodbye to Bar\u00e7a<\/h2>  \r\n<div class=\"article-addons\">\r\n    <a href=\"https:\/\/www.fcbarcelonanoticias.com\/en\/calendar-fc-barcelona.html\"\r\n       target=\"_self\"\r\n       title=\"Calendar of FC Barcelona\"\r\n       class=\"blue-gredient-btn\">\r\n       \r\n        Calendar of FC Barcelona    <\/a>\r\n<\/div>   <p><a data-external=\"0\" data-intl-links-en=\"https:\/\/www.fcbarcelonanoticias.com\/en\/tags\/mingueza\" data-intl-links-es=\"https:\/\/www.fcbarcelonanoticias.com\/tags\/mingueza\" href=\"https:\/\/www.fcbarcelonanoticias.com\/en\/tags\/mingueza.html\" rel=\"follow\" target=\"_self\" title=\"Mingueza\">\u00d3scar Mingueza<\/a> has said him &#8220;goodbye&#8221; to the Barcelona after eight years inside the discipline cul\u00e9. <strong>This Tuesday the club has done official his exit to the Celtic of Vigo through his social networks, in an operation in which they reserve 50% of his index card in case of a future sale<\/strong>. The one of Saint Perp\u00e8tua of Mogoda already surpassed the medical review and will be linked with the Galicians until the summer of 2026.<\/p>  <p>To his 23 years, <strong>contested 27 parties in his second campaign like player of the first Barcelona team, being polyvalent so much of central as of right side<\/strong>. Xavi Hern\u00e1ndez used him like alternative in the saga although it never could win the titularity in a staff been bulky with Gerard Hammered and <a data-external=\"0\" data-intl-links-en=\"https:\/\/www.fcbarcelonanoticias.com\/en\/tags\/ronald-araujo\" data-intl-links-es=\"https:\/\/www.fcbarcelonanoticias.com\/tags\/ronald-araujo\" href=\"https:\/\/www.fcbarcelonanoticias.com\/en\/player\/ronald-araujo.html\" rel=\"follow\" target=\"_self\" title=\"Ronald Ara\u00fajo\">Ronald Ara\u00fajo<\/a> like protagonists. However, always it showed his commitment by the shield and kept his intact professionalism.<\/p>  <p>In fact, once that his traspaso to Bala\u00eddos did official,<strong> took advantage of to sack of the fans barcelonista and of the institution in his social networks<\/strong>. After a career that began in the quarry of the Bar\u00e7a in 2014, showed appreciated with all those that helped him in his path, including<a data-external=\"0\" data-intl-links-en=\"https:\/\/www.fcbarcelonanoticias.com\/en\/tags\/ronald-koeman\" data-intl-links-es=\"https:\/\/www.fcbarcelonanoticias.com\/tags\/ronald-koeman\" href=\"https:\/\/www.fcbarcelonanoticias.com\/en\/tags\/ronald-koeman.html\" rel=\"follow\" target=\"_self\" title=\"Ronald Koeman\"> Ronald Koeman<\/a>, the one who was the one who did him debut with the first team.<\/p>  <p>&#8220;After 15 years touches me sack me of the club that has seen me grow and has done me be the one who am. <strong>I am very appreciated to all the people, trainers, players, fisios, delegates, educators of The Masia, to Koeman that gave me the opportunity to fulfil the dream to play with the best players of the world and to all the people that has contributed his granite of sand<\/strong>. I have been very happy and will be always grateful! Gracies Culers!&#8221;, afim\u00f3 in a publication in his profile of &#8216;Instagram&#8217;.<\/p>  <blockquote class=\"instagram-media\" data-instgrm-captioned=\"\" data-instgrm-permalink=\"https:\/\/www.instagram.com\/p\/CgxQZRCgIGa\/?utm_source=ig_embed&amp;utm_campaign=loading\" data-instgrm-version=\"14\" style=\" background:#FFF; border:0; border-radius:3px; box-shadow:0 0 1px 0 rgba(0,0,0,0.5),0 1px 10px 0 rgba(0,0,0,0.15); margin: 1px; max-width:540px; min-width:326px; padding:0; width:99.375%; width:-webkit-calc(100% - 2px); width:calc(100% - 2px);\"> <div style=\"padding:16px;\"> <div style=\" display: flex; flex-direction: row; align-items: center;\"> <div style=\"background-color: #F4F4F4; border-radius: 50%; flex-grow: 0; height: 40px; margin-right: 14px; width: 40px;\">&nbsp;<\/div>  <div style=\"display: flex; flex-direction: column; flex-grow: 1; justify-content: center;\"> <div style=\" background-color: #F4F4F4; border-radius: 4px; flex-grow: 0; height: 14px; margin-bottom: 6px; width: 100px;\">&nbsp;<\/div>  <div style=\" background-color: #F4F4F4; border-radius: 4px; flex-grow: 0; height: 14px; width: 60px;\">&nbsp;<\/div> <\/div> <\/div>  <div style=\"padding: 19% 0;\">&nbsp;<\/div>  <div style=\"display:block; height:50px; margin:0 auto 12px; width:50px;\"><a href=\"https:\/\/www.instagram.com\/en\/p\/CgxQZRCgIGa\/?utm_source=ig_embed&amp;utm_campaign=loading\" style=\" background:#FFFFFF; line-height:0; padding:0 0; text-align:center; text-decoration:none; width:100%;\" target=\"_blank\"><svg height=\"50px\" version=\"1.1\" viewBox=\"0 0 60 60\" width=\"50px\" xmlns=\"https:\/\/www.w3.org\/2000\/svg\" xmlns:xlink=\"https:\/\/www.w3.org\/1999\/xlink\"><g fill=\"none\" fill-rule=\"evenodd\" stroke=\"none\" stroke-width=\"1\"><g fill=\"#000000\" transform=\"translate(-511.000000, -20.000000)\"><g><path d=\"M556.869,30.41 C554.814,30.41 553.148,32.076 553.148,34.131 C553.148,36.186 554.814,37.852 556.869,37.852 C558.924,37.852 560.59,36.186 560.59,34.131 C560.59,32.076 558.924,30.41 556.869,30.41 M541,60.657 C535.114,60.657 530.342,55.887 530.342,50 C530.342,44.114 535.114,39.342 541,39.342 C546.887,39.342 551.658,44.114 551.658,50 C551.658,55.887 546.887,60.657 541,60.657 M541,33.886 C532.1,33.886 524.886,41.1 524.886,50 C524.886,58.899 532.1,66.113 541,66.113 C549.9,66.113 557.115,58.899 557.115,50 C557.115,41.1 549.9,33.886 541,33.886 M565.378,62.101 C565.244,65.022 564.756,66.606 564.346,67.663 C563.803,69.06 563.154,70.057 562.106,71.106 C561.058,72.155 560.06,72.803 558.662,73.347 C557.607,73.757 556.021,74.244 553.102,74.378 C549.944,74.521 548.997,74.552 541,74.552 C533.003,74.552 532.056,74.521 528.898,74.378 C525.979,74.244 524.393,73.757 523.338,73.347 C521.94,72.803 520.942,72.155 519.894,71.106 C518.846,70.057 518.197,69.06 517.654,67.663 C517.244,66.606 516.755,65.022 516.623,62.101 C516.479,58.943 516.448,57.996 516.448,50 C516.448,42.003 516.479,41.056 516.623,37.899 C516.755,34.978 517.244,33.391 517.654,32.338 C518.197,30.938 518.846,29.942 519.894,28.894 C520.942,27.846 521.94,27.196 523.338,26.654 C524.393,26.244 525.979,25.756 528.898,25.623 C532.057,25.479 533.004,25.448 541,25.448 C548.997,25.448 549.943,25.479 553.102,25.623 C556.021,25.756 557.607,26.244 558.662,26.654 C560.06,27.196 561.058,27.846 562.106,28.894 C563.154,29.942 563.803,30.938 564.346,32.338 C564.756,33.391 565.244,34.978 565.378,37.899 C565.522,41.056 565.552,42.003 565.552,50 C565.552,57.996 565.522,58.943 565.378,62.101 M570.82,37.631 C570.674,34.438 570.167,32.258 569.425,30.349 C568.659,28.377 567.633,26.702 565.965,25.035 C564.297,23.368 562.623,22.342 560.652,21.575 C558.743,20.834 556.562,20.326 553.369,20.18 C550.169,20.033 549.148,20 541,20 C532.853,20 531.831,20.033 528.631,20.18 C525.438,20.326 523.257,20.834 521.349,21.575 C519.376,22.342 517.703,23.368 516.035,25.035 C514.368,26.702 513.342,28.377 512.574,30.349 C511.834,32.258 511.326,34.438 511.181,37.631 C511.035,40.831 511,41.851 511,50 C511,58.147 511.035,59.17 511.181,62.369 C511.326,65.562 511.834,67.743 512.574,69.651 C513.342,71.625 514.368,73.296 516.035,74.965 C517.703,76.634 519.376,77.658 521.349,78.425 C523.257,79.167 525.438,79.673 528.631,79.82 C531.831,79.965 532.853,80.001 541,80.001 C549.148,80.001 550.169,79.965 553.369,79.82 C556.562,79.673 558.743,79.167 560.652,78.425 C562.623,77.658 564.297,76.634 565.965,74.965 C567.633,73.296 568.659,71.625 569.425,69.651 C570.167,67.743 570.674,65.562 570.82,62.369 C570.966,59.17 571,58.147 571,50 C571,41.851 570.966,40.831 570.82,37.631\"><\/path><\/g><\/g><\/g><\/svg><\/a><\/div>  <div style=\"padding-top: 8px;\"> <div style=\" color:#3897f0; font-family:Arial,sans-serif; font-size:14px; font-style:normal; font-weight:550; line-height:18px;\"><a href=\"https:\/\/www.instagram.com\/en\/p\/CgxQZRCgIGa\/?utm_source=ig_embed&amp;utm_campaign=loading\" style=\" background:#FFFFFF; line-height:0; padding:0 0; text-align:center; text-decoration:none; width:100%;\" target=\"_blank\">See this publication in Instagram<\/a><\/div> <\/div>  <div style=\"padding: 12.5% 0;\">&nbsp;<\/div>  <div style=\"display: flex; flex-direction: row; margin-bottom: 14px; align-items: center;\"> <div> <div style=\"background-color: #F4F4F4; border-radius: 50%; height: 12.5px; width: 12.5px; transform: translateX(0px) translateY(7px);\">&nbsp;<\/div>  <div style=\"background-color: #F4F4F4; height: 12.5px; transform: rotate(-45deg) translateX(3px) translateY(1px); width: 12.5px; flex-grow: 0; margin-right: 14px; margin-left: 2px;\">&nbsp;<\/div>  <div style=\"background-color: #F4F4F4; border-radius: 50%; height: 12.5px; width: 12.5px; transform: translateX(9px) translateY(-18px);\">&nbsp;<\/div> <\/div>  <div style=\"margin-left: 8px;\"> <div style=\" background-color: #F4F4F4; border-radius: 50%; flex-grow: 0; height: 20px; width: 20px;\">&nbsp;<\/div>  <div style=\" width: 0; height: 0; border-top: 2px solid transparent; border-left: 6px solid #f4f4f4; border-bottom: 2px solid transparent; transform: translateX(16px) translateY(-4px) rotate(30deg)\">&nbsp;<\/div> <\/div>  <div style=\"margin-left: auto;\"> <div style=\" width: 0px; border-top: 8px solid #F4F4F4; border-right: 8px solid transparent; transform: translateY(16px);\">&nbsp;<\/div>  <div style=\" background-color: #F4F4F4; flex-grow: 0; height: 12px; width: 16px; transform: translateY(-4px);\">&nbsp;<\/div>  <div style=\" width: 0; height: 0; border-top: 8px solid #F4F4F4; border-left: 8px solid transparent; transform: translateY(-4px) translateX(8px);\">&nbsp;<\/div> <\/div> <\/div>  <div style=\"display: flex; flex-direction: column; flex-grow: 1; justify-content: center; margin-bottom: 24px;\"> <div style=\" background-color: #F4F4F4; border-radius: 4px; flex-grow: 0; height: 14px; margin-bottom: 6px; width: 224px;\">&nbsp;<\/div>  <div style=\" background-color: #F4F4F4; border-radius: 4px; flex-grow: 0; height: 14px; width: 144px;\">&nbsp;<\/div> <\/div>  <p style=\" color:#c9c8cd; font-family:Arial,sans-serif; font-size:14px; line-height:17px; margin-bottom:0; margin-top:8px; overflow:hidden; padding:8px 0 7px; text-align:center; text-overflow:ellipsis; white-space:nowrap;\"><a href=\"https:\/\/www.instagram.com\/en\/p\/CgxQZRCgIGa\/?utm_source=ig_embed&amp;utm_campaign=loading\" style=\" color:#c9c8cd; font-family:Arial,sans-serif; font-size:14px; font-style:normal; font-weight:normal; line-height:17px; text-decoration:none;\" target=\"_blank\">A publication shared by OSCAR MINGUEZA \u26bd\ufe0f (@oscarmingueza)<\/a><\/p> <\/div> <\/blockquote> <p>&nbsp;<\/p>  <h3>His legacy in Barcelona<\/h3>  <p>It participated in a total of 121 official parties with the elastic blaugrana, delivering nine assistances and concretising two annotations. <strong>It was 8.026&#8242; minutes on the terrain of game in the eight competitions to professional level that contested, with an average of 66&#8242; minutes by commitment<\/strong>. Now, will have the opportunity to show that it can be an important footballer far of Catalonia and that has the quality to be a referent in the saga.<\/p> ","protected":false},"excerpt":{"rendered":"<p>\u00d3scar Mingueza has left for Galicia to join the ranks of Celta de Vigo after 15 years in the Bar\u00e7a discipline. With this on the table, the defender has spoken on his social networks to say goodbye to Bar\u00e7a \u00d3scar Mingueza has said him &#8220;goodbye&#8221; to the Barcelona after eight years inside the discipline cul\u00e9. [&hellip;]<\/p>\n","protected":false},"author":373,"featured_media":134338,"comment_status":"closed","ping_status":"open","sticky":false,"template":"","format":"standard","meta":{"_acf_changed":false,"inline_featured_image":false,"_nextfly_llmd_date_locked":false,"footnotes":""},"categories":[106,449],"tags":[352],"class_list":["post-134336","post","type-post","status-publish","format-standard","has-post-thumbnail","hentry","category-transfers","category-transfers-2","tag-mingueza"],"acf":[],"yoast_head":"<!-- This site is optimized with the Yoast SEO plugin v27.3 - https:\/\/yoast.com\/product\/yoast-seo-wordpress\/ -->\n<title>Mingueza says goodbye to Bar\u00e7a with a heartfelt message<\/title>\n<meta name=\"description\" content=\"\u00d3scar Mingueza has left for Galicia to join the ranks of Celta de Vigo after 15 years in the Bar\u00e7a discipline. With this on the table, the defender has spoken on his social networks to say goodbye to Bar\u00e7a\" \/>\n<meta name=\"robots\" content=\"index, follow, max-snippet:-1, max-image-preview:large, max-video-preview:-1\" \/>\n<link rel=\"canonical\" href=\"https:\/\/www.fcbarcelonanoticias.com\/en\/transfers\/mingueza-says-farewell-barcelona-with-sense-message_282831_102.html\" \/>\n<meta property=\"og:locale\" content=\"en_US\" \/>\n<meta property=\"og:type\" content=\"article\" \/>\n<meta property=\"og:title\" content=\"Mingueza says goodbye to Bar\u00e7a with a heartfelt message\" \/>\n<meta property=\"og:description\" content=\"\u00d3scar Mingueza has left for Galicia to join the ranks of Celta de Vigo after 15 years in the Bar\u00e7a discipline. With this on the table, the defender has spoken on his social networks to say goodbye to Bar\u00e7a\" \/>\n<meta property=\"og:url\" content=\"https:\/\/www.fcbarcelonanoticias.com\/en\/transfers\/mingueza-says-farewell-barcelona-with-sense-message_282831_102.html\" \/>\n<meta property=\"og:site_name\" content=\"EN - FC Barcelona Noticias\" \/>\n<meta property=\"article:published_time\" content=\"2022-08-03T07:02:00+00:00\" \/>\n<meta property=\"article:modified_time\" content=\"2022-08-03T08:01:00+00:00\" \/>\n<meta property=\"og:image\" content=\"https:\/\/www.fcbarcelonanoticias.com\/en\/wp-content\/uploads\/sites\/2\/2022\/08\/fbl-esp-liga-barcelona-vigo-3-1.jpeg\" \/>\n\t<meta property=\"og:image:width\" content=\"1200\" \/>\n\t<meta property=\"og:image:height\" content=\"744\" \/>\n\t<meta property=\"og:image:type\" content=\"image\/jpeg\" \/>\n<meta name=\"author\" content=\"user_4029\" \/>\n<meta name=\"twitter:card\" content=\"summary_large_image\" \/>\n<meta name=\"twitter:label1\" content=\"Written by\" \/>\n\t<meta name=\"twitter:data1\" content=\"user_4029\" \/>\n\t<meta name=\"twitter:label2\" content=\"Est. reading time\" \/>\n\t<meta name=\"twitter:data2\" content=\"2 minutes\" \/>\n<script type=\"application\/ld+json\" class=\"yoast-schema-graph\">{\"@context\":\"https:\\\/\\\/schema.org\",\"@graph\":[{\"@type\":\"Article\",\"@id\":\"https:\\\/\\\/www.fcbarcelonanoticias.com\\\/en\\\/transfers\\\/mingueza-says-farewell-barcelona-with-sense-message_282831_102.html#article\",\"isPartOf\":{\"@id\":\"https:\\\/\\\/www.fcbarcelonanoticias.com\\\/en\\\/transfers\\\/mingueza-says-farewell-barcelona-with-sense-message_282831_102.html\"},\"author\":{\"name\":\"user_4029\",\"@id\":\"https:\\\/\\\/www.fcbarcelonanoticias.com\\\/en\\\/#\\\/schema\\\/person\\\/f97222962be11bcd88654b5590bd661d\"},\"headline\":\"Mingueza says goodbye to Bar\u00e7a with a heartfelt message\",\"datePublished\":\"2022-08-03T07:02:00+00:00\",\"dateModified\":\"2022-08-03T08:01:00+00:00\",\"mainEntityOfPage\":{\"@id\":\"https:\\\/\\\/www.fcbarcelonanoticias.com\\\/en\\\/transfers\\\/mingueza-says-farewell-barcelona-with-sense-message_282831_102.html\"},\"wordCount\":461,\"image\":{\"@id\":\"https:\\\/\\\/www.fcbarcelonanoticias.com\\\/en\\\/transfers\\\/mingueza-says-farewell-barcelona-with-sense-message_282831_102.html#primaryimage\"},\"thumbnailUrl\":\"https:\\\/\\\/www.fcbarcelonanoticias.com\\\/en\\\/wp-content\\\/uploads\\\/sites\\\/2\\\/2022\\\/08\\\/fbl-esp-liga-barcelona-vigo-3-1.jpeg\",\"keywords\":[\"Mingueza\"],\"articleSection\":[\"Transfers\",\"Transfers\"],\"inLanguage\":\"en-US\"},{\"@type\":\"WebPage\",\"@id\":\"https:\\\/\\\/www.fcbarcelonanoticias.com\\\/en\\\/transfers\\\/mingueza-says-farewell-barcelona-with-sense-message_282831_102.html\",\"url\":\"https:\\\/\\\/www.fcbarcelonanoticias.com\\\/en\\\/transfers\\\/mingueza-says-farewell-barcelona-with-sense-message_282831_102.html\",\"name\":\"Mingueza says goodbye to Bar\u00e7a with a heartfelt message\",\"isPartOf\":{\"@id\":\"https:\\\/\\\/www.fcbarcelonanoticias.com\\\/en\\\/#website\"},\"primaryImageOfPage\":{\"@id\":\"https:\\\/\\\/www.fcbarcelonanoticias.com\\\/en\\\/transfers\\\/mingueza-says-farewell-barcelona-with-sense-message_282831_102.html#primaryimage\"},\"image\":{\"@id\":\"https:\\\/\\\/www.fcbarcelonanoticias.com\\\/en\\\/transfers\\\/mingueza-says-farewell-barcelona-with-sense-message_282831_102.html#primaryimage\"},\"thumbnailUrl\":\"https:\\\/\\\/www.fcbarcelonanoticias.com\\\/en\\\/wp-content\\\/uploads\\\/sites\\\/2\\\/2022\\\/08\\\/fbl-esp-liga-barcelona-vigo-3-1.jpeg\",\"datePublished\":\"2022-08-03T07:02:00+00:00\",\"dateModified\":\"2022-08-03T08:01:00+00:00\",\"author\":{\"@id\":\"https:\\\/\\\/www.fcbarcelonanoticias.com\\\/en\\\/#\\\/schema\\\/person\\\/f97222962be11bcd88654b5590bd661d\"},\"description\":\"\u00d3scar Mingueza has left for Galicia to join the ranks of Celta de Vigo after 15 years in the Bar\u00e7a discipline. With this on the table, the defender has spoken on his social networks to say goodbye to Bar\u00e7a\",\"breadcrumb\":{\"@id\":\"https:\\\/\\\/www.fcbarcelonanoticias.com\\\/en\\\/transfers\\\/mingueza-says-farewell-barcelona-with-sense-message_282831_102.html#breadcrumb\"},\"inLanguage\":\"en-US\",\"potentialAction\":[{\"@type\":\"ReadAction\",\"target\":[\"https:\\\/\\\/www.fcbarcelonanoticias.com\\\/en\\\/transfers\\\/mingueza-says-farewell-barcelona-with-sense-message_282831_102.html\"]}]},{\"@type\":\"ImageObject\",\"inLanguage\":\"en-US\",\"@id\":\"https:\\\/\\\/www.fcbarcelonanoticias.com\\\/en\\\/transfers\\\/mingueza-says-farewell-barcelona-with-sense-message_282831_102.html#primaryimage\",\"url\":\"https:\\\/\\\/www.fcbarcelonanoticias.com\\\/en\\\/wp-content\\\/uploads\\\/sites\\\/2\\\/2022\\\/08\\\/fbl-esp-liga-barcelona-vigo-3-1.jpeg\",\"contentUrl\":\"https:\\\/\\\/www.fcbarcelonanoticias.com\\\/en\\\/wp-content\\\/uploads\\\/sites\\\/2\\\/2022\\\/08\\\/fbl-esp-liga-barcelona-vigo-3-1.jpeg\",\"width\":1200,\"height\":744},{\"@type\":\"BreadcrumbList\",\"@id\":\"https:\\\/\\\/www.fcbarcelonanoticias.com\\\/en\\\/transfers\\\/mingueza-says-farewell-barcelona-with-sense-message_282831_102.html#breadcrumb\",\"itemListElement\":[{\"@type\":\"ListItem\",\"position\":1,\"name\":\"Portada\",\"item\":\"https:\\\/\\\/www.fcbarcelonanoticias.com\\\/en\\\/\"},{\"@type\":\"ListItem\",\"position\":2,\"name\":\"Mingueza says goodbye to Bar\u00e7a with a heartfelt message\"}]},{\"@type\":\"WebSite\",\"@id\":\"https:\\\/\\\/www.fcbarcelonanoticias.com\\\/en\\\/#website\",\"url\":\"https:\\\/\\\/www.fcbarcelonanoticias.com\\\/en\\\/\",\"name\":\"EN - FC Barcelona Noticias\",\"description\":\"\",\"potentialAction\":[{\"@type\":\"SearchAction\",\"target\":{\"@type\":\"EntryPoint\",\"urlTemplate\":\"https:\\\/\\\/www.fcbarcelonanoticias.com\\\/en\\\/?s={search_term_string}\"},\"query-input\":{\"@type\":\"PropertyValueSpecification\",\"valueRequired\":true,\"valueName\":\"search_term_string\"}}],\"inLanguage\":\"en-US\"},{\"@type\":\"Person\",\"@id\":\"https:\\\/\\\/www.fcbarcelonanoticias.com\\\/en\\\/#\\\/schema\\\/person\\\/f97222962be11bcd88654b5590bd661d\",\"name\":\"user_4029\",\"image\":{\"@type\":\"ImageObject\",\"inLanguage\":\"en-US\",\"@id\":\"https:\\\/\\\/secure.gravatar.com\\\/avatar\\\/?s=96&d=mm&r=g\",\"url\":\"https:\\\/\\\/secure.gravatar.com\\\/avatar\\\/?s=96&d=mm&r=g\",\"contentUrl\":\"https:\\\/\\\/secure.gravatar.com\\\/avatar\\\/?s=96&d=mm&r=g\",\"caption\":\"user_4029\"},\"url\":\"https:\\\/\\\/www.fcbarcelonanoticias.com\\\/en\\\/user_4029.html\"}]}<\/script>\n<!-- \/ Yoast SEO plugin. -->","yoast_head_json":{"title":"Mingueza says goodbye to Bar\u00e7a with a heartfelt message","description":"\u00d3scar Mingueza has left for Galicia to join the ranks of Celta de Vigo after 15 years in the Bar\u00e7a discipline. With this on the table, the defender has spoken on his social networks to say goodbye to Bar\u00e7a","robots":{"index":"index","follow":"follow","max-snippet":"max-snippet:-1","max-image-preview":"max-image-preview:large","max-video-preview":"max-video-preview:-1"},"canonical":"https:\/\/www.fcbarcelonanoticias.com\/en\/transfers\/mingueza-says-farewell-barcelona-with-sense-message_282831_102.html","og_locale":"en_US","og_type":"article","og_title":"Mingueza says goodbye to Bar\u00e7a with a heartfelt message","og_description":"\u00d3scar Mingueza has left for Galicia to join the ranks of Celta de Vigo after 15 years in the Bar\u00e7a discipline. With this on the table, the defender has spoken on his social networks to say goodbye to Bar\u00e7a","og_url":"https:\/\/www.fcbarcelonanoticias.com\/en\/transfers\/mingueza-says-farewell-barcelona-with-sense-message_282831_102.html","og_site_name":"EN - FC Barcelona Noticias","article_published_time":"2022-08-03T07:02:00+00:00","article_modified_time":"2022-08-03T08:01:00+00:00","og_image":[{"width":1200,"height":744,"url":"https:\/\/www.fcbarcelonanoticias.com\/en\/wp-content\/uploads\/sites\/2\/2022\/08\/fbl-esp-liga-barcelona-vigo-3-1.jpeg","type":"image\/jpeg"}],"author":"user_4029","twitter_card":"summary_large_image","twitter_misc":{"Written by":"user_4029","Est. reading time":"2 minutes"},"schema":{"@context":"https:\/\/schema.org","@graph":[{"@type":"Article","@id":"https:\/\/www.fcbarcelonanoticias.com\/en\/transfers\/mingueza-says-farewell-barcelona-with-sense-message_282831_102.html#article","isPartOf":{"@id":"https:\/\/www.fcbarcelonanoticias.com\/en\/transfers\/mingueza-says-farewell-barcelona-with-sense-message_282831_102.html"},"author":{"name":"user_4029","@id":"https:\/\/www.fcbarcelonanoticias.com\/en\/#\/schema\/person\/f97222962be11bcd88654b5590bd661d"},"headline":"Mingueza says goodbye to Bar\u00e7a with a heartfelt message","datePublished":"2022-08-03T07:02:00+00:00","dateModified":"2022-08-03T08:01:00+00:00","mainEntityOfPage":{"@id":"https:\/\/www.fcbarcelonanoticias.com\/en\/transfers\/mingueza-says-farewell-barcelona-with-sense-message_282831_102.html"},"wordCount":461,"image":{"@id":"https:\/\/www.fcbarcelonanoticias.com\/en\/transfers\/mingueza-says-farewell-barcelona-with-sense-message_282831_102.html#primaryimage"},"thumbnailUrl":"https:\/\/www.fcbarcelonanoticias.com\/en\/wp-content\/uploads\/sites\/2\/2022\/08\/fbl-esp-liga-barcelona-vigo-3-1.jpeg","keywords":["Mingueza"],"articleSection":["Transfers","Transfers"],"inLanguage":"en-US"},{"@type":"WebPage","@id":"https:\/\/www.fcbarcelonanoticias.com\/en\/transfers\/mingueza-says-farewell-barcelona-with-sense-message_282831_102.html","url":"https:\/\/www.fcbarcelonanoticias.com\/en\/transfers\/mingueza-says-farewell-barcelona-with-sense-message_282831_102.html","name":"Mingueza says goodbye to Bar\u00e7a with a heartfelt message","isPartOf":{"@id":"https:\/\/www.fcbarcelonanoticias.com\/en\/#website"},"primaryImageOfPage":{"@id":"https:\/\/www.fcbarcelonanoticias.com\/en\/transfers\/mingueza-says-farewell-barcelona-with-sense-message_282831_102.html#primaryimage"},"image":{"@id":"https:\/\/www.fcbarcelonanoticias.com\/en\/transfers\/mingueza-says-farewell-barcelona-with-sense-message_282831_102.html#primaryimage"},"thumbnailUrl":"https:\/\/www.fcbarcelonanoticias.com\/en\/wp-content\/uploads\/sites\/2\/2022\/08\/fbl-esp-liga-barcelona-vigo-3-1.jpeg","datePublished":"2022-08-03T07:02:00+00:00","dateModified":"2022-08-03T08:01:00+00:00","author":{"@id":"https:\/\/www.fcbarcelonanoticias.com\/en\/#\/schema\/person\/f97222962be11bcd88654b5590bd661d"},"description":"\u00d3scar Mingueza has left for Galicia to join the ranks of Celta de Vigo after 15 years in the Bar\u00e7a discipline. With this on the table, the defender has spoken on his social networks to say goodbye to Bar\u00e7a","breadcrumb":{"@id":"https:\/\/www.fcbarcelonanoticias.com\/en\/transfers\/mingueza-says-farewell-barcelona-with-sense-message_282831_102.html#breadcrumb"},"inLanguage":"en-US","potentialAction":[{"@type":"ReadAction","target":["https:\/\/www.fcbarcelonanoticias.com\/en\/transfers\/mingueza-says-farewell-barcelona-with-sense-message_282831_102.html"]}]},{"@type":"ImageObject","inLanguage":"en-US","@id":"https:\/\/www.fcbarcelonanoticias.com\/en\/transfers\/mingueza-says-farewell-barcelona-with-sense-message_282831_102.html#primaryimage","url":"https:\/\/www.fcbarcelonanoticias.com\/en\/wp-content\/uploads\/sites\/2\/2022\/08\/fbl-esp-liga-barcelona-vigo-3-1.jpeg","contentUrl":"https:\/\/www.fcbarcelonanoticias.com\/en\/wp-content\/uploads\/sites\/2\/2022\/08\/fbl-esp-liga-barcelona-vigo-3-1.jpeg","width":1200,"height":744},{"@type":"BreadcrumbList","@id":"https:\/\/www.fcbarcelonanoticias.com\/en\/transfers\/mingueza-says-farewell-barcelona-with-sense-message_282831_102.html#breadcrumb","itemListElement":[{"@type":"ListItem","position":1,"name":"Portada","item":"https:\/\/www.fcbarcelonanoticias.com\/en\/"},{"@type":"ListItem","position":2,"name":"Mingueza says goodbye to Bar\u00e7a with a heartfelt message"}]},{"@type":"WebSite","@id":"https:\/\/www.fcbarcelonanoticias.com\/en\/#website","url":"https:\/\/www.fcbarcelonanoticias.com\/en\/","name":"EN - FC Barcelona Noticias","description":"","potentialAction":[{"@type":"SearchAction","target":{"@type":"EntryPoint","urlTemplate":"https:\/\/www.fcbarcelonanoticias.com\/en\/?s={search_term_string}"},"query-input":{"@type":"PropertyValueSpecification","valueRequired":true,"valueName":"search_term_string"}}],"inLanguage":"en-US"},{"@type":"Person","@id":"https:\/\/www.fcbarcelonanoticias.com\/en\/#\/schema\/person\/f97222962be11bcd88654b5590bd661d","name":"user_4029","image":{"@type":"ImageObject","inLanguage":"en-US","@id":"https:\/\/secure.gravatar.com\/avatar\/?s=96&d=mm&r=g","url":"https:\/\/secure.gravatar.com\/avatar\/?s=96&d=mm&r=g","contentUrl":"https:\/\/secure.gravatar.com\/avatar\/?s=96&d=mm&r=g","caption":"user_4029"},"url":"https:\/\/www.fcbarcelonanoticias.com\/en\/user_4029.html"}]}},"_links":{"self":[{"href":"https:\/\/www.fcbarcelonanoticias.com\/en\/wp-json\/wp\/v2\/posts\/134336","targetHints":{"allow":["GET"]}}],"collection":[{"href":"https:\/\/www.fcbarcelonanoticias.com\/en\/wp-json\/wp\/v2\/posts"}],"about":[{"href":"https:\/\/www.fcbarcelonanoticias.com\/en\/wp-json\/wp\/v2\/types\/post"}],"author":[{"embeddable":true,"href":"https:\/\/www.fcbarcelonanoticias.com\/en\/wp-json\/wp\/v2\/users\/373"}],"replies":[{"embeddable":true,"href":"https:\/\/www.fcbarcelonanoticias.com\/en\/wp-json\/wp\/v2\/comments?post=134336"}],"version-history":[{"count":1,"href":"https:\/\/www.fcbarcelonanoticias.com\/en\/wp-json\/wp\/v2\/posts\/134336\/revisions"}],"predecessor-version":[{"id":153625,"href":"https:\/\/www.fcbarcelonanoticias.com\/en\/wp-json\/wp\/v2\/posts\/134336\/revisions\/153625"}],"wp:featuredmedia":[{"embeddable":true,"href":"https:\/\/www.fcbarcelonanoticias.com\/en\/wp-json\/wp\/v2\/media\/134338"}],"wp:attachment":[{"href":"https:\/\/www.fcbarcelonanoticias.com\/en\/wp-json\/wp\/v2\/media?parent=134336"}],"wp:term":[{"taxonomy":"category","embeddable":true,"href":"https:\/\/www.fcbarcelonanoticias.com\/en\/wp-json\/wp\/v2\/categories?post=134336"},{"taxonomy":"post_tag","embeddable":true,"href":"https:\/\/www.fcbarcelonanoticias.com\/en\/wp-json\/wp\/v2\/tags?post=134336"}],"curies":[{"name":"wp","href":"https:\/\/api.w.org\/{rel}","templated":true}]}}