{"id":134564,"date":"2023-06-07T00:59:00","date_gmt":"2023-06-06T22:59:00","guid":{"rendered":"https:\/\/weisetech.dev\/fc-barcelona-noticias\/en\/plan-bayern-separate-raphinha-barcelona_292996_102\/"},"modified":"2023-06-07T00:59:00","modified_gmt":"2023-06-06T22:59:00","slug":"plan-bayern-separate-raphinha-barcelona_292996_102","status":"publish","type":"post","link":"https:\/\/www.fcbarcelonanoticias.com\/en\/transfers\/plan-bayern-separate-raphinha-barcelona_292996_102.html","title":{"rendered":"Bayern&#8217;s plan to separate Raphinha from Bar\u00e7a"},"content":{"rendered":"<h2 class=\"wp-block-heading\">Thomas Tuchel does not want to let another summer go by without signing Raphinha. The German coach already wanted him at Chelsea last year and, according to &#8216;SKY Sports&#8217;, he has asked Bayern Munich to make an effort to sign the Brazilian<\/h2>  \r\n<div class=\"article-addons\">\r\n    <a href=\"https:\/\/www.fcbarcelonanoticias.com\/en\/calendar-fc-barcelona.html\"\r\n       target=\"_self\"\r\n       title=\"Calendar of FC Barcelona\"\r\n       class=\"blue-gredient-btn\">\r\n       \r\n        Calendar of FC Barcelona    <\/a>\r\n<\/div>   <p>The Bayern Munich seems to have bent definitively <a data-external=\"0\" data-intl-links-en=\"https:\/\/www.fcbarcelonanoticias.com\/en\/transfers\/will-leave-barcelona-summer-bayern-prepare-offer-for-raphinha_292967_102.html\" data-intl-links-es=\"https:\/\/www.fcbarcelonanoticias.com\/fichajes\/saldra-barcelona-verano-bayern-prepara-oferta-por-raphinha_292967_102.html\" href=\"https:\/\/www.fcbarcelonanoticias.com\/en\/transfers\/will-leave-barcelona-summer-bayern-prepare-offer-for-raphinha_292967_102.html\" rel=\"follow\" target=\"_self\" title=\"\u00bfSaldr\u00e1 del Bar\u00e7a en verano? El Bayern prepara una oferta por Raphinha\">to bid by the signing of Raphinha<\/a>. In accordance with &#8216;SKY Sports&#8217; the insistence of the technician Thomas Tuchel, the one who already asked to the Brazilian the year happened before being sacked of Chelsea, has carried to the Bavarian directive to work in <strong>a proposal that would include, possibly, some barter for abaratar costs <\/strong>and convince to the FC Barcelona.<\/p>  <p>In principle, <strong>the extreme of 22 years does not have intentions to go out and the managerial cul\u00e9 neither contemplates his traspaso by less than 70 million euros<\/strong>, enciphers that the group &#8216;blue&#8217; was had to pay to the Newcastle the summer happened for ficharle. The Bayern does not be used to to invest montos so high in reinforcements and in Germany see the option of an exchange like feasible, more considering that to the Bar\u00e7a interest him several Bavarian footballers.<\/p>  <h2>Kimmich And Man\u00e9, the index cards that handles the Bayern by Raphinha<\/h2>  <p>For the moment, the only player of the Bayern that interests to the Bar\u00e7a is Joshua Kimmich, right side with capacity to play in the centre of the field. <strong><a data-external=\"0\" data-intl-links-en=\"https:\/\/www.fcbarcelonanoticias.com\/en\/transfers\/final-stance-joshua-kimmich-on-his-future_292886_102.html\" data-intl-links-es=\"https:\/\/www.fcbarcelonanoticias.com\/fichajes\/postura-definitiva-joshua-kimmich-sobre-su-futuro_292886_102.html\" href=\"https:\/\/www.fcbarcelonanoticias.com\/en\/transfers\/final-stance-joshua-kimmich-on-his-future_292886_102.html\" rel=\"follow\" target=\"_self\" title=\"La postura definitiva de Joshua Kimmich sobre su futuro\">The German has showed intentions to go out<\/a>, but his value of market (80 &#8216;kilos&#8217;) complicates the negotiation<\/strong>. If the muniqueses insist in Raphinha, <strong>a barter by Kimmich would be very seen in the surroundings cul\u00e9 as long as it included to another player<\/strong>, since the maximum that would offer the Barcelona by the international germano would be \u20ac40m.<\/p>  <p><strong>The another &#8216;ace&#8217; that has the Bavarian group in his list of transferibles is Sadio Man\u00e9<\/strong>. The physical problems mermaron the performance of the Senegalese in his first season (12 goals and 6 assistances in 38 parties) and the problems with Leroy San\u00e9 did not seat at all well in the directive of the Bayern. <strong>His traspaso closed in 32 millions the past year, a sum that the club will look for to recover this summer<\/strong>. To the Bar\u00e7a would come him well a similar player to Man\u00e9, although the personality of the forward can be difficult to handle, more still in a staff in which it would not have ensured the titularity.<\/p>  <h2>The Bar\u00e7a has left clear to Raphinha that is not untransferable<\/h2>  <p>Although the technical body is satisfied with his performance, the club already has left clear to the of Carry Cheerful that, further to have agreement until 2027, is not untransferable. The directive knows that, in front of the need to round figures to be able to fichar, <strong>the traspaso of the Brazilian can resolve a lot of problems this summer, mainly <a data-external=\"0\" data-intl-links-en=\"https:\/\/www.fcbarcelonanoticias.com\/en\/transfers\/messi-is-in-a-hurry-leo-wants-to-announce-his-future-between-this-tuesday-wednesday_292975_102.html\" data-intl-links-es=\"https:\/\/www.fcbarcelonanoticias.com\/fichajes\/messi-tiene-prisa-leo-quiere-anunciar-su-futuro-entre-este-martes-miercoles_292975_102.html\" href=\"https:\/\/www.fcbarcelonanoticias.com\/en\/transfers\/messi-is-in-a-hurry-leo-wants-to-announce-his-future-between-this-tuesday-wednesday_292975_102.html\" rel=\"follow\" target=\"_self\" title=\"\u00a1Messi tiene prisa! Leo quiere anunciar su futuro entre este martes y el mi\u00e9rcoles\">if it returns Leo Messi<\/a><\/strong>. In any case, what himself is sure is that the &#8216;operation Raphinha&#8217; will not close prompt and can turn into an authentic &#8216;serial&#8217;.<\/p> ","protected":false},"excerpt":{"rendered":"<p>Thomas Tuchel does not want to let another summer go by without signing Raphinha. The German coach already wanted him at Chelsea last year and, according to &#8216;SKY Sports&#8217;, he has asked Bayern Munich to make an effort to sign the Brazilian The Bayern Munich seems to have bent definitively to bid by the signing [&hellip;]<\/p>\n","protected":false},"author":347,"featured_media":134566,"comment_status":"closed","ping_status":"open","sticky":false,"template":"","format":"standard","meta":{"_acf_changed":false,"inline_featured_image":false,"_nextfly_llmd_date_locked":false,"footnotes":""},"categories":[449,106],"tags":[104],"class_list":["post-134564","post","type-post","status-publish","format-standard","has-post-thumbnail","hentry","category-transfers-2","category-transfers","tag-bayern-munich"],"acf":[],"yoast_head":"<!-- This site is optimized with the Yoast SEO plugin v27.3 - https:\/\/yoast.com\/product\/yoast-seo-wordpress\/ -->\n<title>Bayern&#039;s plan to separate Raphinha from Bar\u00e7a<\/title>\n<meta name=\"description\" content=\"Thomas Tuchel does not want to let another summer go by without signing Raphinha. The German coach already wanted him at Chelsea last year and, according to &#039;SKY Sports&#039;, he has asked Bayern Munich to make an effort to sign the Brazilian\" \/>\n<meta name=\"robots\" content=\"index, follow, max-snippet:-1, max-image-preview:large, max-video-preview:-1\" \/>\n<link rel=\"canonical\" href=\"https:\/\/www.fcbarcelonanoticias.com\/en\/transfers\/plan-bayern-separate-raphinha-barcelona_292996_102.html\" \/>\n<meta property=\"og:locale\" content=\"en_US\" \/>\n<meta property=\"og:type\" content=\"article\" \/>\n<meta property=\"og:title\" content=\"Bayern&#039;s plan to separate Raphinha from Bar\u00e7a\" \/>\n<meta property=\"og:description\" content=\"Thomas Tuchel does not want to let another summer go by without signing Raphinha. The German coach already wanted him at Chelsea last year and, according to &#039;SKY Sports&#039;, he has asked Bayern Munich to make an effort to sign the Brazilian\" \/>\n<meta property=\"og:url\" content=\"https:\/\/www.fcbarcelonanoticias.com\/en\/transfers\/plan-bayern-separate-raphinha-barcelona_292996_102.html\" \/>\n<meta property=\"og:site_name\" content=\"EN - FC Barcelona Noticias\" \/>\n<meta property=\"article:published_time\" content=\"2023-06-06T22:59:00+00:00\" \/>\n<meta property=\"og:image\" content=\"https:\/\/www.fcbarcelonanoticias.com\/en\/wp-content\/uploads\/sites\/2\/2023\/06\/raphinha-durante-un-partido-del-fc-barcelona.jpeg\" \/>\n\t<meta property=\"og:image:width\" content=\"1250\" \/>\n\t<meta property=\"og:image:height\" content=\"750\" \/>\n\t<meta property=\"og:image:type\" content=\"image\/jpeg\" \/>\n<meta name=\"author\" content=\"Andr\u00e9s Quiroz\" \/>\n<meta name=\"twitter:card\" content=\"summary_large_image\" \/>\n<meta name=\"twitter:label1\" content=\"Written by\" \/>\n\t<meta name=\"twitter:data1\" content=\"Andr\u00e9s Quiroz\" \/>\n\t<meta name=\"twitter:label2\" content=\"Est. reading time\" \/>\n\t<meta name=\"twitter:data2\" content=\"3 minutes\" \/>\n<script type=\"application\/ld+json\" class=\"yoast-schema-graph\">{\"@context\":\"https:\\\/\\\/schema.org\",\"@graph\":[{\"@type\":\"Article\",\"@id\":\"https:\\\/\\\/www.fcbarcelonanoticias.com\\\/en\\\/transfers\\\/plan-bayern-separate-raphinha-barcelona_292996_102.html#article\",\"isPartOf\":{\"@id\":\"https:\\\/\\\/www.fcbarcelonanoticias.com\\\/en\\\/transfers\\\/plan-bayern-separate-raphinha-barcelona_292996_102.html\"},\"author\":{\"name\":\"Andr\u00e9s Quiroz\",\"@id\":\"https:\\\/\\\/www.fcbarcelonanoticias.com\\\/en\\\/#\\\/schema\\\/person\\\/c2cd9f6fa1af5c0d0eccd0fefa575c88\"},\"headline\":\"Bayern&#8217;s plan to separate Raphinha from Bar\u00e7a\",\"datePublished\":\"2023-06-06T22:59:00+00:00\",\"mainEntityOfPage\":{\"@id\":\"https:\\\/\\\/www.fcbarcelonanoticias.com\\\/en\\\/transfers\\\/plan-bayern-separate-raphinha-barcelona_292996_102.html\"},\"wordCount\":510,\"image\":{\"@id\":\"https:\\\/\\\/www.fcbarcelonanoticias.com\\\/en\\\/transfers\\\/plan-bayern-separate-raphinha-barcelona_292996_102.html#primaryimage\"},\"thumbnailUrl\":\"https:\\\/\\\/www.fcbarcelonanoticias.com\\\/en\\\/wp-content\\\/uploads\\\/sites\\\/2\\\/2023\\\/06\\\/raphinha-durante-un-partido-del-fc-barcelona.jpeg\",\"keywords\":[\"Bayern Munich\"],\"articleSection\":[\"Transfers\",\"Transfers\"],\"inLanguage\":\"en-US\"},{\"@type\":\"WebPage\",\"@id\":\"https:\\\/\\\/www.fcbarcelonanoticias.com\\\/en\\\/transfers\\\/plan-bayern-separate-raphinha-barcelona_292996_102.html\",\"url\":\"https:\\\/\\\/www.fcbarcelonanoticias.com\\\/en\\\/transfers\\\/plan-bayern-separate-raphinha-barcelona_292996_102.html\",\"name\":\"Bayern's plan to separate Raphinha from Bar\u00e7a\",\"isPartOf\":{\"@id\":\"https:\\\/\\\/www.fcbarcelonanoticias.com\\\/en\\\/#website\"},\"primaryImageOfPage\":{\"@id\":\"https:\\\/\\\/www.fcbarcelonanoticias.com\\\/en\\\/transfers\\\/plan-bayern-separate-raphinha-barcelona_292996_102.html#primaryimage\"},\"image\":{\"@id\":\"https:\\\/\\\/www.fcbarcelonanoticias.com\\\/en\\\/transfers\\\/plan-bayern-separate-raphinha-barcelona_292996_102.html#primaryimage\"},\"thumbnailUrl\":\"https:\\\/\\\/www.fcbarcelonanoticias.com\\\/en\\\/wp-content\\\/uploads\\\/sites\\\/2\\\/2023\\\/06\\\/raphinha-durante-un-partido-del-fc-barcelona.jpeg\",\"datePublished\":\"2023-06-06T22:59:00+00:00\",\"author\":{\"@id\":\"https:\\\/\\\/www.fcbarcelonanoticias.com\\\/en\\\/#\\\/schema\\\/person\\\/c2cd9f6fa1af5c0d0eccd0fefa575c88\"},\"description\":\"Thomas Tuchel does not want to let another summer go by without signing Raphinha. The German coach already wanted him at Chelsea last year and, according to 'SKY Sports', he has asked Bayern Munich to make an effort to sign the Brazilian\",\"breadcrumb\":{\"@id\":\"https:\\\/\\\/www.fcbarcelonanoticias.com\\\/en\\\/transfers\\\/plan-bayern-separate-raphinha-barcelona_292996_102.html#breadcrumb\"},\"inLanguage\":\"en-US\",\"potentialAction\":[{\"@type\":\"ReadAction\",\"target\":[\"https:\\\/\\\/www.fcbarcelonanoticias.com\\\/en\\\/transfers\\\/plan-bayern-separate-raphinha-barcelona_292996_102.html\"]}]},{\"@type\":\"ImageObject\",\"inLanguage\":\"en-US\",\"@id\":\"https:\\\/\\\/www.fcbarcelonanoticias.com\\\/en\\\/transfers\\\/plan-bayern-separate-raphinha-barcelona_292996_102.html#primaryimage\",\"url\":\"https:\\\/\\\/www.fcbarcelonanoticias.com\\\/en\\\/wp-content\\\/uploads\\\/sites\\\/2\\\/2023\\\/06\\\/raphinha-durante-un-partido-del-fc-barcelona.jpeg\",\"contentUrl\":\"https:\\\/\\\/www.fcbarcelonanoticias.com\\\/en\\\/wp-content\\\/uploads\\\/sites\\\/2\\\/2023\\\/06\\\/raphinha-durante-un-partido-del-fc-barcelona.jpeg\",\"width\":1250,\"height\":750},{\"@type\":\"BreadcrumbList\",\"@id\":\"https:\\\/\\\/www.fcbarcelonanoticias.com\\\/en\\\/transfers\\\/plan-bayern-separate-raphinha-barcelona_292996_102.html#breadcrumb\",\"itemListElement\":[{\"@type\":\"ListItem\",\"position\":1,\"name\":\"Portada\",\"item\":\"https:\\\/\\\/www.fcbarcelonanoticias.com\\\/en\\\/\"},{\"@type\":\"ListItem\",\"position\":2,\"name\":\"Bayern&#8217;s plan to separate Raphinha from Bar\u00e7a\"}]},{\"@type\":\"WebSite\",\"@id\":\"https:\\\/\\\/www.fcbarcelonanoticias.com\\\/en\\\/#website\",\"url\":\"https:\\\/\\\/www.fcbarcelonanoticias.com\\\/en\\\/\",\"name\":\"EN - FC Barcelona Noticias\",\"description\":\"\",\"potentialAction\":[{\"@type\":\"SearchAction\",\"target\":{\"@type\":\"EntryPoint\",\"urlTemplate\":\"https:\\\/\\\/www.fcbarcelonanoticias.com\\\/en\\\/?s={search_term_string}\"},\"query-input\":{\"@type\":\"PropertyValueSpecification\",\"valueRequired\":true,\"valueName\":\"search_term_string\"}}],\"inLanguage\":\"en-US\"},{\"@type\":\"Person\",\"@id\":\"https:\\\/\\\/www.fcbarcelonanoticias.com\\\/en\\\/#\\\/schema\\\/person\\\/c2cd9f6fa1af5c0d0eccd0fefa575c88\",\"name\":\"Andr\u00e9s Quiroz\",\"image\":{\"@type\":\"ImageObject\",\"inLanguage\":\"en-US\",\"@id\":\"https:\\\/\\\/secure.gravatar.com\\\/avatar\\\/?s=96&d=mm&r=g\",\"url\":\"https:\\\/\\\/secure.gravatar.com\\\/avatar\\\/?s=96&d=mm&r=g\",\"contentUrl\":\"https:\\\/\\\/secure.gravatar.com\\\/avatar\\\/?s=96&d=mm&r=g\",\"caption\":\"Andr\u00e9s Quiroz\"},\"description\":\"Licenciado en Periodismo por la Universidad de los Andes. Me encargo de analizar y compartir los contenidos m\u00e1s destacados de la\u00a0actualidad del F\u00fatbol Club Barcelona, Mercado de Fichajes y F\u00fatbol Internacional en FCBN. La informaci\u00f3n es poder, pero tambi\u00e9n conocimiento.\",\"url\":\"https:\\\/\\\/www.fcbarcelonanoticias.com\\\/en\\\/fc-barcelona\\\/andres-quiroz_17_115.html\"}]}<\/script>\n<!-- \/ Yoast SEO plugin. -->","yoast_head_json":{"title":"Bayern's plan to separate Raphinha from Bar\u00e7a","description":"Thomas Tuchel does not want to let another summer go by without signing Raphinha. The German coach already wanted him at Chelsea last year and, according to 'SKY Sports', he has asked Bayern Munich to make an effort to sign the Brazilian","robots":{"index":"index","follow":"follow","max-snippet":"max-snippet:-1","max-image-preview":"max-image-preview:large","max-video-preview":"max-video-preview:-1"},"canonical":"https:\/\/www.fcbarcelonanoticias.com\/en\/transfers\/plan-bayern-separate-raphinha-barcelona_292996_102.html","og_locale":"en_US","og_type":"article","og_title":"Bayern's plan to separate Raphinha from Bar\u00e7a","og_description":"Thomas Tuchel does not want to let another summer go by without signing Raphinha. The German coach already wanted him at Chelsea last year and, according to 'SKY Sports', he has asked Bayern Munich to make an effort to sign the Brazilian","og_url":"https:\/\/www.fcbarcelonanoticias.com\/en\/transfers\/plan-bayern-separate-raphinha-barcelona_292996_102.html","og_site_name":"EN - FC Barcelona Noticias","article_published_time":"2023-06-06T22:59:00+00:00","og_image":[{"width":1250,"height":750,"url":"https:\/\/www.fcbarcelonanoticias.com\/en\/wp-content\/uploads\/sites\/2\/2023\/06\/raphinha-durante-un-partido-del-fc-barcelona.jpeg","type":"image\/jpeg"}],"author":"Andr\u00e9s Quiroz","twitter_card":"summary_large_image","twitter_misc":{"Written by":"Andr\u00e9s Quiroz","Est. reading time":"3 minutes"},"schema":{"@context":"https:\/\/schema.org","@graph":[{"@type":"Article","@id":"https:\/\/www.fcbarcelonanoticias.com\/en\/transfers\/plan-bayern-separate-raphinha-barcelona_292996_102.html#article","isPartOf":{"@id":"https:\/\/www.fcbarcelonanoticias.com\/en\/transfers\/plan-bayern-separate-raphinha-barcelona_292996_102.html"},"author":{"name":"Andr\u00e9s Quiroz","@id":"https:\/\/www.fcbarcelonanoticias.com\/en\/#\/schema\/person\/c2cd9f6fa1af5c0d0eccd0fefa575c88"},"headline":"Bayern&#8217;s plan to separate Raphinha from Bar\u00e7a","datePublished":"2023-06-06T22:59:00+00:00","mainEntityOfPage":{"@id":"https:\/\/www.fcbarcelonanoticias.com\/en\/transfers\/plan-bayern-separate-raphinha-barcelona_292996_102.html"},"wordCount":510,"image":{"@id":"https:\/\/www.fcbarcelonanoticias.com\/en\/transfers\/plan-bayern-separate-raphinha-barcelona_292996_102.html#primaryimage"},"thumbnailUrl":"https:\/\/www.fcbarcelonanoticias.com\/en\/wp-content\/uploads\/sites\/2\/2023\/06\/raphinha-durante-un-partido-del-fc-barcelona.jpeg","keywords":["Bayern Munich"],"articleSection":["Transfers","Transfers"],"inLanguage":"en-US"},{"@type":"WebPage","@id":"https:\/\/www.fcbarcelonanoticias.com\/en\/transfers\/plan-bayern-separate-raphinha-barcelona_292996_102.html","url":"https:\/\/www.fcbarcelonanoticias.com\/en\/transfers\/plan-bayern-separate-raphinha-barcelona_292996_102.html","name":"Bayern's plan to separate Raphinha from Bar\u00e7a","isPartOf":{"@id":"https:\/\/www.fcbarcelonanoticias.com\/en\/#website"},"primaryImageOfPage":{"@id":"https:\/\/www.fcbarcelonanoticias.com\/en\/transfers\/plan-bayern-separate-raphinha-barcelona_292996_102.html#primaryimage"},"image":{"@id":"https:\/\/www.fcbarcelonanoticias.com\/en\/transfers\/plan-bayern-separate-raphinha-barcelona_292996_102.html#primaryimage"},"thumbnailUrl":"https:\/\/www.fcbarcelonanoticias.com\/en\/wp-content\/uploads\/sites\/2\/2023\/06\/raphinha-durante-un-partido-del-fc-barcelona.jpeg","datePublished":"2023-06-06T22:59:00+00:00","author":{"@id":"https:\/\/www.fcbarcelonanoticias.com\/en\/#\/schema\/person\/c2cd9f6fa1af5c0d0eccd0fefa575c88"},"description":"Thomas Tuchel does not want to let another summer go by without signing Raphinha. The German coach already wanted him at Chelsea last year and, according to 'SKY Sports', he has asked Bayern Munich to make an effort to sign the Brazilian","breadcrumb":{"@id":"https:\/\/www.fcbarcelonanoticias.com\/en\/transfers\/plan-bayern-separate-raphinha-barcelona_292996_102.html#breadcrumb"},"inLanguage":"en-US","potentialAction":[{"@type":"ReadAction","target":["https:\/\/www.fcbarcelonanoticias.com\/en\/transfers\/plan-bayern-separate-raphinha-barcelona_292996_102.html"]}]},{"@type":"ImageObject","inLanguage":"en-US","@id":"https:\/\/www.fcbarcelonanoticias.com\/en\/transfers\/plan-bayern-separate-raphinha-barcelona_292996_102.html#primaryimage","url":"https:\/\/www.fcbarcelonanoticias.com\/en\/wp-content\/uploads\/sites\/2\/2023\/06\/raphinha-durante-un-partido-del-fc-barcelona.jpeg","contentUrl":"https:\/\/www.fcbarcelonanoticias.com\/en\/wp-content\/uploads\/sites\/2\/2023\/06\/raphinha-durante-un-partido-del-fc-barcelona.jpeg","width":1250,"height":750},{"@type":"BreadcrumbList","@id":"https:\/\/www.fcbarcelonanoticias.com\/en\/transfers\/plan-bayern-separate-raphinha-barcelona_292996_102.html#breadcrumb","itemListElement":[{"@type":"ListItem","position":1,"name":"Portada","item":"https:\/\/www.fcbarcelonanoticias.com\/en\/"},{"@type":"ListItem","position":2,"name":"Bayern&#8217;s plan to separate Raphinha from Bar\u00e7a"}]},{"@type":"WebSite","@id":"https:\/\/www.fcbarcelonanoticias.com\/en\/#website","url":"https:\/\/www.fcbarcelonanoticias.com\/en\/","name":"EN - FC Barcelona Noticias","description":"","potentialAction":[{"@type":"SearchAction","target":{"@type":"EntryPoint","urlTemplate":"https:\/\/www.fcbarcelonanoticias.com\/en\/?s={search_term_string}"},"query-input":{"@type":"PropertyValueSpecification","valueRequired":true,"valueName":"search_term_string"}}],"inLanguage":"en-US"},{"@type":"Person","@id":"https:\/\/www.fcbarcelonanoticias.com\/en\/#\/schema\/person\/c2cd9f6fa1af5c0d0eccd0fefa575c88","name":"Andr\u00e9s Quiroz","image":{"@type":"ImageObject","inLanguage":"en-US","@id":"https:\/\/secure.gravatar.com\/avatar\/?s=96&d=mm&r=g","url":"https:\/\/secure.gravatar.com\/avatar\/?s=96&d=mm&r=g","contentUrl":"https:\/\/secure.gravatar.com\/avatar\/?s=96&d=mm&r=g","caption":"Andr\u00e9s Quiroz"},"description":"Licenciado en Periodismo por la Universidad de los Andes. Me encargo de analizar y compartir los contenidos m\u00e1s destacados de la\u00a0actualidad del F\u00fatbol Club Barcelona, Mercado de Fichajes y F\u00fatbol Internacional en FCBN. La informaci\u00f3n es poder, pero tambi\u00e9n conocimiento.","url":"https:\/\/www.fcbarcelonanoticias.com\/en\/fc-barcelona\/andres-quiroz_17_115.html"}]}},"_links":{"self":[{"href":"https:\/\/www.fcbarcelonanoticias.com\/en\/wp-json\/wp\/v2\/posts\/134564","targetHints":{"allow":["GET"]}}],"collection":[{"href":"https:\/\/www.fcbarcelonanoticias.com\/en\/wp-json\/wp\/v2\/posts"}],"about":[{"href":"https:\/\/www.fcbarcelonanoticias.com\/en\/wp-json\/wp\/v2\/types\/post"}],"author":[{"embeddable":true,"href":"https:\/\/www.fcbarcelonanoticias.com\/en\/wp-json\/wp\/v2\/users\/347"}],"replies":[{"embeddable":true,"href":"https:\/\/www.fcbarcelonanoticias.com\/en\/wp-json\/wp\/v2\/comments?post=134564"}],"version-history":[{"count":1,"href":"https:\/\/www.fcbarcelonanoticias.com\/en\/wp-json\/wp\/v2\/posts\/134564\/revisions"}],"predecessor-version":[{"id":154092,"href":"https:\/\/www.fcbarcelonanoticias.com\/en\/wp-json\/wp\/v2\/posts\/134564\/revisions\/154092"}],"wp:featuredmedia":[{"embeddable":true,"href":"https:\/\/www.fcbarcelonanoticias.com\/en\/wp-json\/wp\/v2\/media\/134566"}],"wp:attachment":[{"href":"https:\/\/www.fcbarcelonanoticias.com\/en\/wp-json\/wp\/v2\/media?parent=134564"}],"wp:term":[{"taxonomy":"category","embeddable":true,"href":"https:\/\/www.fcbarcelonanoticias.com\/en\/wp-json\/wp\/v2\/categories?post=134564"},{"taxonomy":"post_tag","embeddable":true,"href":"https:\/\/www.fcbarcelonanoticias.com\/en\/wp-json\/wp\/v2\/tags?post=134564"}],"curies":[{"name":"wp","href":"https:\/\/api.w.org\/{rel}","templated":true}]}}