{"id":134568,"date":"2023-07-23T09:22:00","date_gmt":"2023-07-23T07:22:00","guid":{"rendered":"https:\/\/weisetech.dev\/fc-barcelona-noticias\/en\/plant-arabia-dembele-says-no-oferton-continue-fc-barcelona_294378_102\/"},"modified":"2023-07-23T18:05:00","modified_gmt":"2023-07-23T16:05:00","slug":"plant-arabia-dembele-says-no-oferton-continue-fc-barcelona_294378_102","status":"publish","type":"post","link":"https:\/\/www.fcbarcelonanoticias.com\/en\/transfers\/plant-arabia-dembele-says-no-oferton-continue-fc-barcelona_294378_102.html","title":{"rendered":"&#8216;Plant&#8217; Arabia! Demb\u00e9l\u00e9 says &#8220;no&#8221; to an offer to continue at Bar\u00e7a"},"content":{"rendered":"<h2 class=\"wp-block-heading\">Ousmane Demb\u00e9l\u00e9 does not think to move from FC Barcelona this summer. According to the &#8216;Footmercato&#8217; portal, Cristiano Ronaldo&#8217;s Al Nassr offered him a contract of 200 million euros for five seasons, but &#8216;Dembouz&#8217; immediately ruled out the offer<\/h2>  \r\n<div class=\"article-addons\">\r\n    <a href=\"https:\/\/www.fcbarcelonanoticias.com\/en\/calendar-fc-barcelona.html\"\r\n       target=\"_self\"\r\n       title=\"Calendar of FC Barcelona\"\r\n       class=\"blue-gredient-btn\">\r\n       \r\n        Calendar of FC Barcelona    <\/a>\r\n<\/div>   <p>In spite of have not closed his renewal, Ousmane Demb\u00e9l\u00e9 does not have doubts on his continuity in the FC Barcelona. <strong>The Frenchman has the total confidence of Xavi Hern\u00e1ndez and knows that, being to the 100 % physically, has a lot of options to be headline<\/strong>, still when the arrival of \u00cdlkay G\u00fcndogan supposes descartar, of start, the classical 4-3-3 cul\u00e9 to populate the centre of the field.<\/p>  <p>In this sense, the skilled portal in signings &#8216;Footmercato&#8217; ensures that the one of Vernon descart\u00f3 a substantial offer of the To the Nassr of Cristiano Ronaldo to carry him to the Saudi league.<strong> The yellow group was had to offer him an agreement by five years, at a rate of 40 million net euros to the year, totalizando 200 &#8216;kilos&#8217;<\/strong>. However, the &#8216;7&#8217; descart\u00f3 the offer immediately, as it does not have intention any to go out of the Bar\u00e7a.<\/p>  <h2>The Bar\u00e7a no descarta do box by Demb\u00e9l\u00e9<\/h2>  <p>Besides, <strong>the To the Nassr was had to credit to the Bar\u00e7a the 50 million euros that the club fixed like clause of Demb\u00e9l\u00e9<\/strong> in the agreement signed the past year. To the Bar\u00e7a would come him well close an important sale to <a data-external=\"0\" data-intl-links-en=\"https:\/\/www.fcbarcelonanoticias.com\/en\/transfers\/determined-bernardo-silva-great-objective-barcelona_294360_102.html\" data-intl-links-es=\"https:\/\/www.fcbarcelonanoticias.com\/fichajes\/decidido-bernardo-silva-gran-objetivo-barcelona_294360_102.html\" href=\"https:\/\/www.fcbarcelonanoticias.com\/en\/transfers\/determined-bernardo-silva-great-objective-barcelona_294360_102.html\" rel=\"follow\" target=\"_self\" title=\"\u00a1Decidido! Bernardo Silva, el gran objetivo del Bar\u00e7a\">try close the signing of Bernardo Silva<\/a>, but the directive keeps firm of not forcing the exit of any player that explain for Xavi and have wishes to remain .<\/p>  <p>This is the case of Ousmane, since <strong>the international French reiterated his intention to be still in the team to the technician egarense to the term of the 2022\/23.<\/strong> The &#8216;Mosquito&#8217; lost practically all the second half of the season by an injury in his left thigh of which took a pair of months more than the foreseen in recovering , but could reappear before the end of LaLiga to celebrate the championship beside the rest of the staff.<\/p>  <h2>The renewal of Ousmane is still in wait<\/h2>  <p>On the other hand, the club and the player have slope a &#8216;summit&#8217; by his renewal. In May, the directive presented to his agent, <strong>Moussa Sissoko<\/strong>, an offer to extend the agreement of the &#8216;7&#8217; by three seasons more, until June of 2027. Besides, the agreement contemplates to fix his clause of rescission in 100 &#8216;kilos&#8217;, together with an improvement salarial. However, the negotiations have cooled in the last weeks, although for now there are not doubts on the continuity of Demb\u00e9l\u00e9. With refusing the offer of the To the Nassr, the footballer stepped firm in his intention to be still in Barcelona.<\/p> ","protected":false},"excerpt":{"rendered":"<p>Ousmane Demb\u00e9l\u00e9 does not think to move from FC Barcelona this summer. According to the &#8216;Footmercato&#8217; portal, Cristiano Ronaldo&#8217;s Al Nassr offered him a contract of 200 million euros for five seasons, but &#8216;Dembouz&#8217; immediately ruled out the offer In spite of have not closed his renewal, Ousmane Demb\u00e9l\u00e9 does not have doubts on his [&hellip;]<\/p>\n","protected":false},"author":347,"featured_media":134571,"comment_status":"closed","ping_status":"open","sticky":false,"template":"","format":"standard","meta":{"_acf_changed":false,"inline_featured_image":false,"_nextfly_llmd_date_locked":false,"footnotes":""},"categories":[449,106],"tags":[146],"class_list":["post-134568","post","type-post","status-publish","format-standard","has-post-thumbnail","hentry","category-transfers-2","category-transfers","tag-dembele"],"acf":[],"yoast_head":"<!-- This site is optimized with the Yoast SEO plugin v27.3 - https:\/\/yoast.com\/product\/yoast-seo-wordpress\/ -->\n<title>&#039;Plant&#039; Arabia! Demb\u00e9l\u00e9 says &quot;no&quot; to an offer to continue at Bar\u00e7a<\/title>\n<meta name=\"description\" content=\"Ousmane Demb\u00e9l\u00e9 does not think to move from FC Barcelona this summer. According to the &#039;Footmercato&#039; portal, Cristiano Ronaldo&#039;s Al Nassr offered him a contract of 200 million euros for five seasons, but &#039;Dembouz&#039; immediately ruled out the offer\" \/>\n<meta name=\"robots\" content=\"index, follow, max-snippet:-1, max-image-preview:large, max-video-preview:-1\" \/>\n<link rel=\"canonical\" href=\"https:\/\/www.fcbarcelonanoticias.com\/en\/transfers\/plant-arabia-dembele-says-no-oferton-continue-fc-barcelona_294378_102.html\" \/>\n<meta property=\"og:locale\" content=\"en_US\" \/>\n<meta property=\"og:type\" content=\"article\" \/>\n<meta property=\"og:title\" content=\"&#039;Plant&#039; Arabia! Demb\u00e9l\u00e9 says &quot;no&quot; to an offer to continue at Bar\u00e7a\" \/>\n<meta property=\"og:description\" content=\"Ousmane Demb\u00e9l\u00e9 does not think to move from FC Barcelona this summer. According to the &#039;Footmercato&#039; portal, Cristiano Ronaldo&#039;s Al Nassr offered him a contract of 200 million euros for five seasons, but &#039;Dembouz&#039; immediately ruled out the offer\" \/>\n<meta property=\"og:url\" content=\"https:\/\/www.fcbarcelonanoticias.com\/en\/transfers\/plant-arabia-dembele-says-no-oferton-continue-fc-barcelona_294378_102.html\" \/>\n<meta property=\"og:site_name\" content=\"EN - FC Barcelona Noticias\" \/>\n<meta property=\"article:published_time\" content=\"2023-07-23T07:22:00+00:00\" \/>\n<meta property=\"article:modified_time\" content=\"2023-07-23T16:05:00+00:00\" \/>\n<meta property=\"og:image\" content=\"https:\/\/www.fcbarcelonanoticias.com\/en\/wp-content\/uploads\/sites\/2\/2023\/07\/ousmane-dembele-en-el-spotify-camp-nou.jpeg\" \/>\n\t<meta property=\"og:image:width\" content=\"1250\" \/>\n\t<meta property=\"og:image:height\" content=\"750\" \/>\n\t<meta property=\"og:image:type\" content=\"image\/jpeg\" \/>\n<meta name=\"author\" content=\"Andr\u00e9s Quiroz\" \/>\n<meta name=\"twitter:card\" content=\"summary_large_image\" \/>\n<meta name=\"twitter:label1\" content=\"Written by\" \/>\n\t<meta name=\"twitter:data1\" content=\"Andr\u00e9s Quiroz\" \/>\n\t<meta name=\"twitter:label2\" content=\"Est. reading time\" \/>\n\t<meta name=\"twitter:data2\" content=\"2 minutes\" \/>\n<script type=\"application\/ld+json\" class=\"yoast-schema-graph\">{\"@context\":\"https:\\\/\\\/schema.org\",\"@graph\":[{\"@type\":\"Article\",\"@id\":\"https:\\\/\\\/www.fcbarcelonanoticias.com\\\/en\\\/transfers\\\/plant-arabia-dembele-says-no-oferton-continue-fc-barcelona_294378_102.html#article\",\"isPartOf\":{\"@id\":\"https:\\\/\\\/www.fcbarcelonanoticias.com\\\/en\\\/transfers\\\/plant-arabia-dembele-says-no-oferton-continue-fc-barcelona_294378_102.html\"},\"author\":{\"name\":\"Andr\u00e9s Quiroz\",\"@id\":\"https:\\\/\\\/www.fcbarcelonanoticias.com\\\/en\\\/#\\\/schema\\\/person\\\/c2cd9f6fa1af5c0d0eccd0fefa575c88\"},\"headline\":\"&#8216;Plant&#8217; Arabia! Demb\u00e9l\u00e9 says &#8220;no&#8221; to an offer to continue at Bar\u00e7a\",\"datePublished\":\"2023-07-23T07:22:00+00:00\",\"dateModified\":\"2023-07-23T16:05:00+00:00\",\"mainEntityOfPage\":{\"@id\":\"https:\\\/\\\/www.fcbarcelonanoticias.com\\\/en\\\/transfers\\\/plant-arabia-dembele-says-no-oferton-continue-fc-barcelona_294378_102.html\"},\"wordCount\":474,\"image\":{\"@id\":\"https:\\\/\\\/www.fcbarcelonanoticias.com\\\/en\\\/transfers\\\/plant-arabia-dembele-says-no-oferton-continue-fc-barcelona_294378_102.html#primaryimage\"},\"thumbnailUrl\":\"https:\\\/\\\/www.fcbarcelonanoticias.com\\\/en\\\/wp-content\\\/uploads\\\/sites\\\/2\\\/2023\\\/07\\\/ousmane-dembele-en-el-spotify-camp-nou.jpeg\",\"keywords\":[\"Demb\u00e9l\u00e9\"],\"articleSection\":[\"Transfers\",\"Transfers\"],\"inLanguage\":\"en-US\"},{\"@type\":\"WebPage\",\"@id\":\"https:\\\/\\\/www.fcbarcelonanoticias.com\\\/en\\\/transfers\\\/plant-arabia-dembele-says-no-oferton-continue-fc-barcelona_294378_102.html\",\"url\":\"https:\\\/\\\/www.fcbarcelonanoticias.com\\\/en\\\/transfers\\\/plant-arabia-dembele-says-no-oferton-continue-fc-barcelona_294378_102.html\",\"name\":\"'Plant' Arabia! Demb\u00e9l\u00e9 says \\\"no\\\" to an offer to continue at Bar\u00e7a\",\"isPartOf\":{\"@id\":\"https:\\\/\\\/www.fcbarcelonanoticias.com\\\/en\\\/#website\"},\"primaryImageOfPage\":{\"@id\":\"https:\\\/\\\/www.fcbarcelonanoticias.com\\\/en\\\/transfers\\\/plant-arabia-dembele-says-no-oferton-continue-fc-barcelona_294378_102.html#primaryimage\"},\"image\":{\"@id\":\"https:\\\/\\\/www.fcbarcelonanoticias.com\\\/en\\\/transfers\\\/plant-arabia-dembele-says-no-oferton-continue-fc-barcelona_294378_102.html#primaryimage\"},\"thumbnailUrl\":\"https:\\\/\\\/www.fcbarcelonanoticias.com\\\/en\\\/wp-content\\\/uploads\\\/sites\\\/2\\\/2023\\\/07\\\/ousmane-dembele-en-el-spotify-camp-nou.jpeg\",\"datePublished\":\"2023-07-23T07:22:00+00:00\",\"dateModified\":\"2023-07-23T16:05:00+00:00\",\"author\":{\"@id\":\"https:\\\/\\\/www.fcbarcelonanoticias.com\\\/en\\\/#\\\/schema\\\/person\\\/c2cd9f6fa1af5c0d0eccd0fefa575c88\"},\"description\":\"Ousmane Demb\u00e9l\u00e9 does not think to move from FC Barcelona this summer. According to the 'Footmercato' portal, Cristiano Ronaldo's Al Nassr offered him a contract of 200 million euros for five seasons, but 'Dembouz' immediately ruled out the offer\",\"breadcrumb\":{\"@id\":\"https:\\\/\\\/www.fcbarcelonanoticias.com\\\/en\\\/transfers\\\/plant-arabia-dembele-says-no-oferton-continue-fc-barcelona_294378_102.html#breadcrumb\"},\"inLanguage\":\"en-US\",\"potentialAction\":[{\"@type\":\"ReadAction\",\"target\":[\"https:\\\/\\\/www.fcbarcelonanoticias.com\\\/en\\\/transfers\\\/plant-arabia-dembele-says-no-oferton-continue-fc-barcelona_294378_102.html\"]}]},{\"@type\":\"ImageObject\",\"inLanguage\":\"en-US\",\"@id\":\"https:\\\/\\\/www.fcbarcelonanoticias.com\\\/en\\\/transfers\\\/plant-arabia-dembele-says-no-oferton-continue-fc-barcelona_294378_102.html#primaryimage\",\"url\":\"https:\\\/\\\/www.fcbarcelonanoticias.com\\\/en\\\/wp-content\\\/uploads\\\/sites\\\/2\\\/2023\\\/07\\\/ousmane-dembele-en-el-spotify-camp-nou.jpeg\",\"contentUrl\":\"https:\\\/\\\/www.fcbarcelonanoticias.com\\\/en\\\/wp-content\\\/uploads\\\/sites\\\/2\\\/2023\\\/07\\\/ousmane-dembele-en-el-spotify-camp-nou.jpeg\",\"width\":1250,\"height\":750},{\"@type\":\"BreadcrumbList\",\"@id\":\"https:\\\/\\\/www.fcbarcelonanoticias.com\\\/en\\\/transfers\\\/plant-arabia-dembele-says-no-oferton-continue-fc-barcelona_294378_102.html#breadcrumb\",\"itemListElement\":[{\"@type\":\"ListItem\",\"position\":1,\"name\":\"Portada\",\"item\":\"https:\\\/\\\/www.fcbarcelonanoticias.com\\\/en\\\/\"},{\"@type\":\"ListItem\",\"position\":2,\"name\":\"&#8216;Plant&#8217; Arabia! Demb\u00e9l\u00e9 says &#8220;no&#8221; to an offer to continue at Bar\u00e7a\"}]},{\"@type\":\"WebSite\",\"@id\":\"https:\\\/\\\/www.fcbarcelonanoticias.com\\\/en\\\/#website\",\"url\":\"https:\\\/\\\/www.fcbarcelonanoticias.com\\\/en\\\/\",\"name\":\"EN - FC Barcelona Noticias\",\"description\":\"\",\"potentialAction\":[{\"@type\":\"SearchAction\",\"target\":{\"@type\":\"EntryPoint\",\"urlTemplate\":\"https:\\\/\\\/www.fcbarcelonanoticias.com\\\/en\\\/?s={search_term_string}\"},\"query-input\":{\"@type\":\"PropertyValueSpecification\",\"valueRequired\":true,\"valueName\":\"search_term_string\"}}],\"inLanguage\":\"en-US\"},{\"@type\":\"Person\",\"@id\":\"https:\\\/\\\/www.fcbarcelonanoticias.com\\\/en\\\/#\\\/schema\\\/person\\\/c2cd9f6fa1af5c0d0eccd0fefa575c88\",\"name\":\"Andr\u00e9s Quiroz\",\"image\":{\"@type\":\"ImageObject\",\"inLanguage\":\"en-US\",\"@id\":\"https:\\\/\\\/secure.gravatar.com\\\/avatar\\\/?s=96&d=mm&r=g\",\"url\":\"https:\\\/\\\/secure.gravatar.com\\\/avatar\\\/?s=96&d=mm&r=g\",\"contentUrl\":\"https:\\\/\\\/secure.gravatar.com\\\/avatar\\\/?s=96&d=mm&r=g\",\"caption\":\"Andr\u00e9s Quiroz\"},\"description\":\"Licenciado en Periodismo por la Universidad de los Andes. Me encargo de analizar y compartir los contenidos m\u00e1s destacados de la\u00a0actualidad del F\u00fatbol Club Barcelona, Mercado de Fichajes y F\u00fatbol Internacional en FCBN. La informaci\u00f3n es poder, pero tambi\u00e9n conocimiento.\",\"url\":\"https:\\\/\\\/www.fcbarcelonanoticias.com\\\/en\\\/fc-barcelona\\\/andres-quiroz_17_115.html\"}]}<\/script>\n<!-- \/ Yoast SEO plugin. -->","yoast_head_json":{"title":"'Plant' Arabia! Demb\u00e9l\u00e9 says \"no\" to an offer to continue at Bar\u00e7a","description":"Ousmane Demb\u00e9l\u00e9 does not think to move from FC Barcelona this summer. According to the 'Footmercato' portal, Cristiano Ronaldo's Al Nassr offered him a contract of 200 million euros for five seasons, but 'Dembouz' immediately ruled out the offer","robots":{"index":"index","follow":"follow","max-snippet":"max-snippet:-1","max-image-preview":"max-image-preview:large","max-video-preview":"max-video-preview:-1"},"canonical":"https:\/\/www.fcbarcelonanoticias.com\/en\/transfers\/plant-arabia-dembele-says-no-oferton-continue-fc-barcelona_294378_102.html","og_locale":"en_US","og_type":"article","og_title":"'Plant' Arabia! Demb\u00e9l\u00e9 says \"no\" to an offer to continue at Bar\u00e7a","og_description":"Ousmane Demb\u00e9l\u00e9 does not think to move from FC Barcelona this summer. According to the 'Footmercato' portal, Cristiano Ronaldo's Al Nassr offered him a contract of 200 million euros for five seasons, but 'Dembouz' immediately ruled out the offer","og_url":"https:\/\/www.fcbarcelonanoticias.com\/en\/transfers\/plant-arabia-dembele-says-no-oferton-continue-fc-barcelona_294378_102.html","og_site_name":"EN - FC Barcelona Noticias","article_published_time":"2023-07-23T07:22:00+00:00","article_modified_time":"2023-07-23T16:05:00+00:00","og_image":[{"width":1250,"height":750,"url":"https:\/\/www.fcbarcelonanoticias.com\/en\/wp-content\/uploads\/sites\/2\/2023\/07\/ousmane-dembele-en-el-spotify-camp-nou.jpeg","type":"image\/jpeg"}],"author":"Andr\u00e9s Quiroz","twitter_card":"summary_large_image","twitter_misc":{"Written by":"Andr\u00e9s Quiroz","Est. reading time":"2 minutes"},"schema":{"@context":"https:\/\/schema.org","@graph":[{"@type":"Article","@id":"https:\/\/www.fcbarcelonanoticias.com\/en\/transfers\/plant-arabia-dembele-says-no-oferton-continue-fc-barcelona_294378_102.html#article","isPartOf":{"@id":"https:\/\/www.fcbarcelonanoticias.com\/en\/transfers\/plant-arabia-dembele-says-no-oferton-continue-fc-barcelona_294378_102.html"},"author":{"name":"Andr\u00e9s Quiroz","@id":"https:\/\/www.fcbarcelonanoticias.com\/en\/#\/schema\/person\/c2cd9f6fa1af5c0d0eccd0fefa575c88"},"headline":"&#8216;Plant&#8217; Arabia! Demb\u00e9l\u00e9 says &#8220;no&#8221; to an offer to continue at Bar\u00e7a","datePublished":"2023-07-23T07:22:00+00:00","dateModified":"2023-07-23T16:05:00+00:00","mainEntityOfPage":{"@id":"https:\/\/www.fcbarcelonanoticias.com\/en\/transfers\/plant-arabia-dembele-says-no-oferton-continue-fc-barcelona_294378_102.html"},"wordCount":474,"image":{"@id":"https:\/\/www.fcbarcelonanoticias.com\/en\/transfers\/plant-arabia-dembele-says-no-oferton-continue-fc-barcelona_294378_102.html#primaryimage"},"thumbnailUrl":"https:\/\/www.fcbarcelonanoticias.com\/en\/wp-content\/uploads\/sites\/2\/2023\/07\/ousmane-dembele-en-el-spotify-camp-nou.jpeg","keywords":["Demb\u00e9l\u00e9"],"articleSection":["Transfers","Transfers"],"inLanguage":"en-US"},{"@type":"WebPage","@id":"https:\/\/www.fcbarcelonanoticias.com\/en\/transfers\/plant-arabia-dembele-says-no-oferton-continue-fc-barcelona_294378_102.html","url":"https:\/\/www.fcbarcelonanoticias.com\/en\/transfers\/plant-arabia-dembele-says-no-oferton-continue-fc-barcelona_294378_102.html","name":"'Plant' Arabia! Demb\u00e9l\u00e9 says \"no\" to an offer to continue at Bar\u00e7a","isPartOf":{"@id":"https:\/\/www.fcbarcelonanoticias.com\/en\/#website"},"primaryImageOfPage":{"@id":"https:\/\/www.fcbarcelonanoticias.com\/en\/transfers\/plant-arabia-dembele-says-no-oferton-continue-fc-barcelona_294378_102.html#primaryimage"},"image":{"@id":"https:\/\/www.fcbarcelonanoticias.com\/en\/transfers\/plant-arabia-dembele-says-no-oferton-continue-fc-barcelona_294378_102.html#primaryimage"},"thumbnailUrl":"https:\/\/www.fcbarcelonanoticias.com\/en\/wp-content\/uploads\/sites\/2\/2023\/07\/ousmane-dembele-en-el-spotify-camp-nou.jpeg","datePublished":"2023-07-23T07:22:00+00:00","dateModified":"2023-07-23T16:05:00+00:00","author":{"@id":"https:\/\/www.fcbarcelonanoticias.com\/en\/#\/schema\/person\/c2cd9f6fa1af5c0d0eccd0fefa575c88"},"description":"Ousmane Demb\u00e9l\u00e9 does not think to move from FC Barcelona this summer. According to the 'Footmercato' portal, Cristiano Ronaldo's Al Nassr offered him a contract of 200 million euros for five seasons, but 'Dembouz' immediately ruled out the offer","breadcrumb":{"@id":"https:\/\/www.fcbarcelonanoticias.com\/en\/transfers\/plant-arabia-dembele-says-no-oferton-continue-fc-barcelona_294378_102.html#breadcrumb"},"inLanguage":"en-US","potentialAction":[{"@type":"ReadAction","target":["https:\/\/www.fcbarcelonanoticias.com\/en\/transfers\/plant-arabia-dembele-says-no-oferton-continue-fc-barcelona_294378_102.html"]}]},{"@type":"ImageObject","inLanguage":"en-US","@id":"https:\/\/www.fcbarcelonanoticias.com\/en\/transfers\/plant-arabia-dembele-says-no-oferton-continue-fc-barcelona_294378_102.html#primaryimage","url":"https:\/\/www.fcbarcelonanoticias.com\/en\/wp-content\/uploads\/sites\/2\/2023\/07\/ousmane-dembele-en-el-spotify-camp-nou.jpeg","contentUrl":"https:\/\/www.fcbarcelonanoticias.com\/en\/wp-content\/uploads\/sites\/2\/2023\/07\/ousmane-dembele-en-el-spotify-camp-nou.jpeg","width":1250,"height":750},{"@type":"BreadcrumbList","@id":"https:\/\/www.fcbarcelonanoticias.com\/en\/transfers\/plant-arabia-dembele-says-no-oferton-continue-fc-barcelona_294378_102.html#breadcrumb","itemListElement":[{"@type":"ListItem","position":1,"name":"Portada","item":"https:\/\/www.fcbarcelonanoticias.com\/en\/"},{"@type":"ListItem","position":2,"name":"&#8216;Plant&#8217; Arabia! Demb\u00e9l\u00e9 says &#8220;no&#8221; to an offer to continue at Bar\u00e7a"}]},{"@type":"WebSite","@id":"https:\/\/www.fcbarcelonanoticias.com\/en\/#website","url":"https:\/\/www.fcbarcelonanoticias.com\/en\/","name":"EN - FC Barcelona Noticias","description":"","potentialAction":[{"@type":"SearchAction","target":{"@type":"EntryPoint","urlTemplate":"https:\/\/www.fcbarcelonanoticias.com\/en\/?s={search_term_string}"},"query-input":{"@type":"PropertyValueSpecification","valueRequired":true,"valueName":"search_term_string"}}],"inLanguage":"en-US"},{"@type":"Person","@id":"https:\/\/www.fcbarcelonanoticias.com\/en\/#\/schema\/person\/c2cd9f6fa1af5c0d0eccd0fefa575c88","name":"Andr\u00e9s Quiroz","image":{"@type":"ImageObject","inLanguage":"en-US","@id":"https:\/\/secure.gravatar.com\/avatar\/?s=96&d=mm&r=g","url":"https:\/\/secure.gravatar.com\/avatar\/?s=96&d=mm&r=g","contentUrl":"https:\/\/secure.gravatar.com\/avatar\/?s=96&d=mm&r=g","caption":"Andr\u00e9s Quiroz"},"description":"Licenciado en Periodismo por la Universidad de los Andes. Me encargo de analizar y compartir los contenidos m\u00e1s destacados de la\u00a0actualidad del F\u00fatbol Club Barcelona, Mercado de Fichajes y F\u00fatbol Internacional en FCBN. La informaci\u00f3n es poder, pero tambi\u00e9n conocimiento.","url":"https:\/\/www.fcbarcelonanoticias.com\/en\/fc-barcelona\/andres-quiroz_17_115.html"}]}},"_links":{"self":[{"href":"https:\/\/www.fcbarcelonanoticias.com\/en\/wp-json\/wp\/v2\/posts\/134568","targetHints":{"allow":["GET"]}}],"collection":[{"href":"https:\/\/www.fcbarcelonanoticias.com\/en\/wp-json\/wp\/v2\/posts"}],"about":[{"href":"https:\/\/www.fcbarcelonanoticias.com\/en\/wp-json\/wp\/v2\/types\/post"}],"author":[{"embeddable":true,"href":"https:\/\/www.fcbarcelonanoticias.com\/en\/wp-json\/wp\/v2\/users\/347"}],"replies":[{"embeddable":true,"href":"https:\/\/www.fcbarcelonanoticias.com\/en\/wp-json\/wp\/v2\/comments?post=134568"}],"version-history":[{"count":1,"href":"https:\/\/www.fcbarcelonanoticias.com\/en\/wp-json\/wp\/v2\/posts\/134568\/revisions"}],"predecessor-version":[{"id":154121,"href":"https:\/\/www.fcbarcelonanoticias.com\/en\/wp-json\/wp\/v2\/posts\/134568\/revisions\/154121"}],"wp:featuredmedia":[{"embeddable":true,"href":"https:\/\/www.fcbarcelonanoticias.com\/en\/wp-json\/wp\/v2\/media\/134571"}],"wp:attachment":[{"href":"https:\/\/www.fcbarcelonanoticias.com\/en\/wp-json\/wp\/v2\/media?parent=134568"}],"wp:term":[{"taxonomy":"category","embeddable":true,"href":"https:\/\/www.fcbarcelonanoticias.com\/en\/wp-json\/wp\/v2\/categories?post=134568"},{"taxonomy":"post_tag","embeddable":true,"href":"https:\/\/www.fcbarcelonanoticias.com\/en\/wp-json\/wp\/v2\/tags?post=134568"}],"curies":[{"name":"wp","href":"https:\/\/api.w.org\/{rel}","templated":true}]}}