{"id":134628,"date":"2020-06-27T14:01:00","date_gmt":"2020-06-27T12:01:00","guid":{"rendered":"https:\/\/weisetech.dev\/fc-barcelona-noticias\/en\/pjanic-would-happen-the-medical-recognition-this-sunday_258766_102\/"},"modified":"2020-06-27T16:01:00","modified_gmt":"2020-06-27T14:01:00","slug":"pjanic-would-happen-the-medical-recognition-this-sunday_258766_102","status":"publish","type":"post","link":"https:\/\/www.fcbarcelonanoticias.com\/en\/transfers\/pjanic-would-happen-the-medical-recognition-this-sunday_258766_102.html","title":{"rendered":"Pjanic would pass the medical examination this Sunday"},"content":{"rendered":"<h2 class=\"wp-block-heading\">Bar\u00e7a and Juventus are very near to certify the barter of Pjanic and Arthur. Both could happen the medical recognition this Sunday and be announced officially<\/h2>  \r\n<div class=\"article-addons\">\r\n    <a href=\"https:\/\/www.fcbarcelonanoticias.com\/en\/calendar-fc-barcelona.html\"\r\n       target=\"_self\"\r\n       title=\"Calendar of FC Barcelona\"\r\n       class=\"blue-gredient-btn\">\r\n       \r\n        Calendar of FC Barcelona    <\/a>\r\n<\/div>   <p>Decisive moment. The <strong>FC Barcelona<\/strong> and the <strong>Juventus <\/strong>are very near to certify the exchange of midfield players of the that carries time speaking: <strong>Arthur Melo<\/strong> (23 years) will leave to the Italian team and <strong>Miralem Pjanic<\/strong> (30 years) will arrive to the Catalan picture. Several informations already aimed that <a data-external=\"0\" data-intl-links-en=\"https:\/\/www.fcbarcelonanoticias.com\/en\/players\/rac1-arthur-will-travel-this-weekend-turin-medical-review_258741_102.html\" data-intl-links-es=\"https:\/\/www.fcbarcelonanoticias.com\/jugadores\/rac1-arthur-viajara-este-fin-semana-turin-revision-medica_258741_102.html\" href=\"https:\/\/www.fcbarcelonanoticias.com\/en\/players\/rac1-arthur-will-travel-this-weekend-turin-medical-review_258741_102.html\" rel=\"follow\" target=\"_self\" title=\"RAC1: Arthur viajar\u00e1 este fin de semana a Tur\u00edn para la revisi\u00f3n m\u00e9dica\">the Brazilian could happen the medical recognition this same Sunday<\/a> and, according to the informations of last hour of the Catalan press, the bosnio also would happen it the same day in the city condal.<\/p>  <p>Like this then , before that it finish this weekend could announce officially the agreement that, remember, would consist of the<strong> arrival of Arthur to the Juventus by 70 million euros and the one of Pjanic to the Bar\u00e7a by 60.<\/strong> That is to say, a barter with economic compensation of 10 &#8216;kilos&#8217; for the cul\u00e9s. The Bar\u00e7a, in this way, will be able to square accounts and incorporate to a midfield player of first level that, because of his experience, will offer immediate performance.<\/p>  <p>The true is that Pjanic, from does long, likes a lot to the FC Barcelona, since it is a tremendously versatile footballer and that would contribute a lot of distinct nuances to the centre of the Barcelona field without moving away of the profile of &#8216;DNA Bar\u00e7a&#8217; that looks for in the Camp Nou. In the first place, it fits to stand out his enormous <strong>polivalencia, being able to occupy practically any position in the medullary.<\/strong><\/p>  <p>Pjanic Began to stand out in <strong>the Olympique of Lyon playing like mediapunta, <\/strong>being a midfield player that exploded his creativity in positions more advanced and that had arrival. Later, <strong>it delayed his position to be inner left,<\/strong> what forced him to have more capacity to cover field.<strong> In the Juventus, finish being situated like mediocentro,<\/strong> being the compass of the team turin\u00e9s.<\/p>  <p>All this would give a lot of possibilities to the FC Barcelona, that would have a midfield player very well technically, with capacity to organise the game and also with capacity of arrival to surprise from the second line. The bosnio <strong>could understand to perfection with other players cul\u00e9s of technical profile like Sergio Busquets or Frenkie of Jong<\/strong>.<\/p>  <h3>A big fencer<\/h3>  <p>Pjanic Also would offer a big alternative to the FC Barcelona in played to unemployed balloon. The bosnio already carries 21 goals of fault and a penalti failed of 11, by what would be a good alternative if in some occasion <a data-external=\"0\" data-intl-links-en=\"https:\/\/www.fcbarcelonanoticias.com\/en\/players\/lionel-messi\" data-intl-links-es=\"https:\/\/www.fcbarcelonanoticias.com\/jugadores\/lionel-messi\" href=\"https:\/\/www.fcbarcelonanoticias.com\/en\/players\/lionel-messi.html\" rel=\"follow\" target=\"_self\" title=\"Lionel Messi\">Leo Messi<\/a>\u200b is not on the terrain of game to execute these launchings. <strong>The technical level of the mediocentro &#8216;bianconero&#8217; is a delight,<\/strong> reason by which in spite of that the Bar\u00e7a will lose to a footballer of projection, will win another of world-wide class.<\/p> ","protected":false},"excerpt":{"rendered":"<p>Bar\u00e7a and Juventus are very near to certify the barter of Pjanic and Arthur. Both could happen the medical recognition this Sunday and be announced officially Decisive moment. The FC Barcelona and the Juventus are very near to certify the exchange of midfield players of the that carries time speaking: Arthur Melo (23 years) will [&hellip;]<\/p>\n","protected":false},"author":392,"featured_media":134633,"comment_status":"closed","ping_status":"open","sticky":false,"template":"","format":"standard","meta":{"_acf_changed":false,"inline_featured_image":false,"_nextfly_llmd_date_locked":false,"footnotes":""},"categories":[106,449],"tags":[105,326],"class_list":["post-134628","post","type-post","status-publish","format-standard","has-post-thumbnail","hentry","category-transfers","category-transfers-2","tag-juventus","tag-miralem-pjanic"],"acf":[],"yoast_head":"<!-- This site is optimized with the Yoast SEO plugin v27.3 - https:\/\/yoast.com\/product\/yoast-seo-wordpress\/ -->\n<title>Pjanic would pass the medical examination this Sunday<\/title>\n<meta name=\"description\" content=\"Bar\u00e7a and Juventus are very near to certify the barter of Pjanic and Arthur. Both could happen the medical recognition this Sunday and be announced ofic...\" \/>\n<meta name=\"robots\" content=\"index, follow, max-snippet:-1, max-image-preview:large, max-video-preview:-1\" \/>\n<link rel=\"canonical\" href=\"https:\/\/www.fcbarcelonanoticias.com\/en\/transfers\/pjanic-would-happen-the-medical-recognition-this-sunday_258766_102.html\" \/>\n<meta property=\"og:locale\" content=\"en_US\" \/>\n<meta property=\"og:type\" content=\"article\" \/>\n<meta property=\"og:title\" content=\"Pjanic would pass the medical examination this Sunday\" \/>\n<meta property=\"og:description\" content=\"Bar\u00e7a and Juventus are very near to certify the barter of Pjanic and Arthur. Both could happen the medical recognition this Sunday and be announced ofic...\" \/>\n<meta property=\"og:url\" content=\"https:\/\/www.fcbarcelonanoticias.com\/en\/transfers\/pjanic-would-happen-the-medical-recognition-this-sunday_258766_102.html\" \/>\n<meta property=\"og:site_name\" content=\"EN - FC Barcelona Noticias\" \/>\n<meta property=\"article:published_time\" content=\"2020-06-27T12:01:00+00:00\" \/>\n<meta property=\"article:modified_time\" content=\"2020-06-27T14:01:00+00:00\" \/>\n<meta property=\"og:image\" content=\"https:\/\/www.fcbarcelonanoticias.com\/en\/wp-content\/uploads\/sites\/2\/2020\/06\/miralempjanic-juventus9.jpeg\" \/>\n\t<meta property=\"og:image:width\" content=\"1200\" \/>\n\t<meta property=\"og:image:height\" content=\"675\" \/>\n\t<meta property=\"og:image:type\" content=\"image\/jpeg\" \/>\n<meta name=\"author\" content=\"user_4048\" \/>\n<meta name=\"twitter:card\" content=\"summary_large_image\" \/>\n<meta name=\"twitter:label1\" content=\"Written by\" \/>\n\t<meta name=\"twitter:data1\" content=\"user_4048\" \/>\n\t<meta name=\"twitter:label2\" content=\"Est. reading time\" \/>\n\t<meta name=\"twitter:data2\" content=\"2 minutes\" \/>\n<script type=\"application\/ld+json\" class=\"yoast-schema-graph\">{\"@context\":\"https:\\\/\\\/schema.org\",\"@graph\":[{\"@type\":\"Article\",\"@id\":\"https:\\\/\\\/www.fcbarcelonanoticias.com\\\/en\\\/transfers\\\/pjanic-would-happen-the-medical-recognition-this-sunday_258766_102.html#article\",\"isPartOf\":{\"@id\":\"https:\\\/\\\/www.fcbarcelonanoticias.com\\\/en\\\/transfers\\\/pjanic-would-happen-the-medical-recognition-this-sunday_258766_102.html\"},\"author\":{\"name\":\"user_4048\",\"@id\":\"https:\\\/\\\/www.fcbarcelonanoticias.com\\\/en\\\/#\\\/schema\\\/person\\\/fcdad55cab72b8d0e106d75506783b6d\"},\"headline\":\"Pjanic would pass the medical examination this Sunday\",\"datePublished\":\"2020-06-27T12:01:00+00:00\",\"dateModified\":\"2020-06-27T14:01:00+00:00\",\"mainEntityOfPage\":{\"@id\":\"https:\\\/\\\/www.fcbarcelonanoticias.com\\\/en\\\/transfers\\\/pjanic-would-happen-the-medical-recognition-this-sunday_258766_102.html\"},\"wordCount\":491,\"image\":{\"@id\":\"https:\\\/\\\/www.fcbarcelonanoticias.com\\\/en\\\/transfers\\\/pjanic-would-happen-the-medical-recognition-this-sunday_258766_102.html#primaryimage\"},\"thumbnailUrl\":\"https:\\\/\\\/www.fcbarcelonanoticias.com\\\/en\\\/wp-content\\\/uploads\\\/sites\\\/2\\\/2020\\\/06\\\/miralempjanic-juventus9.jpeg\",\"keywords\":[\"Juventus\",\"Miralem Pjanic\"],\"articleSection\":[\"Transfers\",\"Transfers\"],\"inLanguage\":\"en-US\"},{\"@type\":\"WebPage\",\"@id\":\"https:\\\/\\\/www.fcbarcelonanoticias.com\\\/en\\\/transfers\\\/pjanic-would-happen-the-medical-recognition-this-sunday_258766_102.html\",\"url\":\"https:\\\/\\\/www.fcbarcelonanoticias.com\\\/en\\\/transfers\\\/pjanic-would-happen-the-medical-recognition-this-sunday_258766_102.html\",\"name\":\"Pjanic would pass the medical examination this Sunday\",\"isPartOf\":{\"@id\":\"https:\\\/\\\/www.fcbarcelonanoticias.com\\\/en\\\/#website\"},\"primaryImageOfPage\":{\"@id\":\"https:\\\/\\\/www.fcbarcelonanoticias.com\\\/en\\\/transfers\\\/pjanic-would-happen-the-medical-recognition-this-sunday_258766_102.html#primaryimage\"},\"image\":{\"@id\":\"https:\\\/\\\/www.fcbarcelonanoticias.com\\\/en\\\/transfers\\\/pjanic-would-happen-the-medical-recognition-this-sunday_258766_102.html#primaryimage\"},\"thumbnailUrl\":\"https:\\\/\\\/www.fcbarcelonanoticias.com\\\/en\\\/wp-content\\\/uploads\\\/sites\\\/2\\\/2020\\\/06\\\/miralempjanic-juventus9.jpeg\",\"datePublished\":\"2020-06-27T12:01:00+00:00\",\"dateModified\":\"2020-06-27T14:01:00+00:00\",\"author\":{\"@id\":\"https:\\\/\\\/www.fcbarcelonanoticias.com\\\/en\\\/#\\\/schema\\\/person\\\/fcdad55cab72b8d0e106d75506783b6d\"},\"description\":\"Bar\u00e7a and Juventus are very near to certify the barter of Pjanic and Arthur. Both could happen the medical recognition this Sunday and be announced ofic...\",\"breadcrumb\":{\"@id\":\"https:\\\/\\\/www.fcbarcelonanoticias.com\\\/en\\\/transfers\\\/pjanic-would-happen-the-medical-recognition-this-sunday_258766_102.html#breadcrumb\"},\"inLanguage\":\"en-US\",\"potentialAction\":[{\"@type\":\"ReadAction\",\"target\":[\"https:\\\/\\\/www.fcbarcelonanoticias.com\\\/en\\\/transfers\\\/pjanic-would-happen-the-medical-recognition-this-sunday_258766_102.html\"]}]},{\"@type\":\"ImageObject\",\"inLanguage\":\"en-US\",\"@id\":\"https:\\\/\\\/www.fcbarcelonanoticias.com\\\/en\\\/transfers\\\/pjanic-would-happen-the-medical-recognition-this-sunday_258766_102.html#primaryimage\",\"url\":\"https:\\\/\\\/www.fcbarcelonanoticias.com\\\/en\\\/wp-content\\\/uploads\\\/sites\\\/2\\\/2020\\\/06\\\/miralempjanic-juventus9.jpeg\",\"contentUrl\":\"https:\\\/\\\/www.fcbarcelonanoticias.com\\\/en\\\/wp-content\\\/uploads\\\/sites\\\/2\\\/2020\\\/06\\\/miralempjanic-juventus9.jpeg\",\"width\":1200,\"height\":675},{\"@type\":\"BreadcrumbList\",\"@id\":\"https:\\\/\\\/www.fcbarcelonanoticias.com\\\/en\\\/transfers\\\/pjanic-would-happen-the-medical-recognition-this-sunday_258766_102.html#breadcrumb\",\"itemListElement\":[{\"@type\":\"ListItem\",\"position\":1,\"name\":\"Portada\",\"item\":\"https:\\\/\\\/www.fcbarcelonanoticias.com\\\/en\\\/\"},{\"@type\":\"ListItem\",\"position\":2,\"name\":\"Pjanic would pass the medical examination this Sunday\"}]},{\"@type\":\"WebSite\",\"@id\":\"https:\\\/\\\/www.fcbarcelonanoticias.com\\\/en\\\/#website\",\"url\":\"https:\\\/\\\/www.fcbarcelonanoticias.com\\\/en\\\/\",\"name\":\"EN - FC Barcelona Noticias\",\"description\":\"\",\"potentialAction\":[{\"@type\":\"SearchAction\",\"target\":{\"@type\":\"EntryPoint\",\"urlTemplate\":\"https:\\\/\\\/www.fcbarcelonanoticias.com\\\/en\\\/?s={search_term_string}\"},\"query-input\":{\"@type\":\"PropertyValueSpecification\",\"valueRequired\":true,\"valueName\":\"search_term_string\"}}],\"inLanguage\":\"en-US\"},{\"@type\":\"Person\",\"@id\":\"https:\\\/\\\/www.fcbarcelonanoticias.com\\\/en\\\/#\\\/schema\\\/person\\\/fcdad55cab72b8d0e106d75506783b6d\",\"name\":\"user_4048\",\"image\":{\"@type\":\"ImageObject\",\"inLanguage\":\"en-US\",\"@id\":\"https:\\\/\\\/secure.gravatar.com\\\/avatar\\\/?s=96&d=mm&r=g\",\"url\":\"https:\\\/\\\/secure.gravatar.com\\\/avatar\\\/?s=96&d=mm&r=g\",\"contentUrl\":\"https:\\\/\\\/secure.gravatar.com\\\/avatar\\\/?s=96&d=mm&r=g\",\"caption\":\"user_4048\"},\"url\":\"https:\\\/\\\/www.fcbarcelonanoticias.com\\\/en\\\/user_4048.html\"}]}<\/script>\n<!-- \/ Yoast SEO plugin. -->","yoast_head_json":{"title":"Pjanic would pass the medical examination this Sunday","description":"Bar\u00e7a and Juventus are very near to certify the barter of Pjanic and Arthur. Both could happen the medical recognition this Sunday and be announced ofic...","robots":{"index":"index","follow":"follow","max-snippet":"max-snippet:-1","max-image-preview":"max-image-preview:large","max-video-preview":"max-video-preview:-1"},"canonical":"https:\/\/www.fcbarcelonanoticias.com\/en\/transfers\/pjanic-would-happen-the-medical-recognition-this-sunday_258766_102.html","og_locale":"en_US","og_type":"article","og_title":"Pjanic would pass the medical examination this Sunday","og_description":"Bar\u00e7a and Juventus are very near to certify the barter of Pjanic and Arthur. Both could happen the medical recognition this Sunday and be announced ofic...","og_url":"https:\/\/www.fcbarcelonanoticias.com\/en\/transfers\/pjanic-would-happen-the-medical-recognition-this-sunday_258766_102.html","og_site_name":"EN - FC Barcelona Noticias","article_published_time":"2020-06-27T12:01:00+00:00","article_modified_time":"2020-06-27T14:01:00+00:00","og_image":[{"width":1200,"height":675,"url":"https:\/\/www.fcbarcelonanoticias.com\/en\/wp-content\/uploads\/sites\/2\/2020\/06\/miralempjanic-juventus9.jpeg","type":"image\/jpeg"}],"author":"user_4048","twitter_card":"summary_large_image","twitter_misc":{"Written by":"user_4048","Est. reading time":"2 minutes"},"schema":{"@context":"https:\/\/schema.org","@graph":[{"@type":"Article","@id":"https:\/\/www.fcbarcelonanoticias.com\/en\/transfers\/pjanic-would-happen-the-medical-recognition-this-sunday_258766_102.html#article","isPartOf":{"@id":"https:\/\/www.fcbarcelonanoticias.com\/en\/transfers\/pjanic-would-happen-the-medical-recognition-this-sunday_258766_102.html"},"author":{"name":"user_4048","@id":"https:\/\/www.fcbarcelonanoticias.com\/en\/#\/schema\/person\/fcdad55cab72b8d0e106d75506783b6d"},"headline":"Pjanic would pass the medical examination this Sunday","datePublished":"2020-06-27T12:01:00+00:00","dateModified":"2020-06-27T14:01:00+00:00","mainEntityOfPage":{"@id":"https:\/\/www.fcbarcelonanoticias.com\/en\/transfers\/pjanic-would-happen-the-medical-recognition-this-sunday_258766_102.html"},"wordCount":491,"image":{"@id":"https:\/\/www.fcbarcelonanoticias.com\/en\/transfers\/pjanic-would-happen-the-medical-recognition-this-sunday_258766_102.html#primaryimage"},"thumbnailUrl":"https:\/\/www.fcbarcelonanoticias.com\/en\/wp-content\/uploads\/sites\/2\/2020\/06\/miralempjanic-juventus9.jpeg","keywords":["Juventus","Miralem Pjanic"],"articleSection":["Transfers","Transfers"],"inLanguage":"en-US"},{"@type":"WebPage","@id":"https:\/\/www.fcbarcelonanoticias.com\/en\/transfers\/pjanic-would-happen-the-medical-recognition-this-sunday_258766_102.html","url":"https:\/\/www.fcbarcelonanoticias.com\/en\/transfers\/pjanic-would-happen-the-medical-recognition-this-sunday_258766_102.html","name":"Pjanic would pass the medical examination this Sunday","isPartOf":{"@id":"https:\/\/www.fcbarcelonanoticias.com\/en\/#website"},"primaryImageOfPage":{"@id":"https:\/\/www.fcbarcelonanoticias.com\/en\/transfers\/pjanic-would-happen-the-medical-recognition-this-sunday_258766_102.html#primaryimage"},"image":{"@id":"https:\/\/www.fcbarcelonanoticias.com\/en\/transfers\/pjanic-would-happen-the-medical-recognition-this-sunday_258766_102.html#primaryimage"},"thumbnailUrl":"https:\/\/www.fcbarcelonanoticias.com\/en\/wp-content\/uploads\/sites\/2\/2020\/06\/miralempjanic-juventus9.jpeg","datePublished":"2020-06-27T12:01:00+00:00","dateModified":"2020-06-27T14:01:00+00:00","author":{"@id":"https:\/\/www.fcbarcelonanoticias.com\/en\/#\/schema\/person\/fcdad55cab72b8d0e106d75506783b6d"},"description":"Bar\u00e7a and Juventus are very near to certify the barter of Pjanic and Arthur. Both could happen the medical recognition this Sunday and be announced ofic...","breadcrumb":{"@id":"https:\/\/www.fcbarcelonanoticias.com\/en\/transfers\/pjanic-would-happen-the-medical-recognition-this-sunday_258766_102.html#breadcrumb"},"inLanguage":"en-US","potentialAction":[{"@type":"ReadAction","target":["https:\/\/www.fcbarcelonanoticias.com\/en\/transfers\/pjanic-would-happen-the-medical-recognition-this-sunday_258766_102.html"]}]},{"@type":"ImageObject","inLanguage":"en-US","@id":"https:\/\/www.fcbarcelonanoticias.com\/en\/transfers\/pjanic-would-happen-the-medical-recognition-this-sunday_258766_102.html#primaryimage","url":"https:\/\/www.fcbarcelonanoticias.com\/en\/wp-content\/uploads\/sites\/2\/2020\/06\/miralempjanic-juventus9.jpeg","contentUrl":"https:\/\/www.fcbarcelonanoticias.com\/en\/wp-content\/uploads\/sites\/2\/2020\/06\/miralempjanic-juventus9.jpeg","width":1200,"height":675},{"@type":"BreadcrumbList","@id":"https:\/\/www.fcbarcelonanoticias.com\/en\/transfers\/pjanic-would-happen-the-medical-recognition-this-sunday_258766_102.html#breadcrumb","itemListElement":[{"@type":"ListItem","position":1,"name":"Portada","item":"https:\/\/www.fcbarcelonanoticias.com\/en\/"},{"@type":"ListItem","position":2,"name":"Pjanic would pass the medical examination this Sunday"}]},{"@type":"WebSite","@id":"https:\/\/www.fcbarcelonanoticias.com\/en\/#website","url":"https:\/\/www.fcbarcelonanoticias.com\/en\/","name":"EN - FC Barcelona Noticias","description":"","potentialAction":[{"@type":"SearchAction","target":{"@type":"EntryPoint","urlTemplate":"https:\/\/www.fcbarcelonanoticias.com\/en\/?s={search_term_string}"},"query-input":{"@type":"PropertyValueSpecification","valueRequired":true,"valueName":"search_term_string"}}],"inLanguage":"en-US"},{"@type":"Person","@id":"https:\/\/www.fcbarcelonanoticias.com\/en\/#\/schema\/person\/fcdad55cab72b8d0e106d75506783b6d","name":"user_4048","image":{"@type":"ImageObject","inLanguage":"en-US","@id":"https:\/\/secure.gravatar.com\/avatar\/?s=96&d=mm&r=g","url":"https:\/\/secure.gravatar.com\/avatar\/?s=96&d=mm&r=g","contentUrl":"https:\/\/secure.gravatar.com\/avatar\/?s=96&d=mm&r=g","caption":"user_4048"},"url":"https:\/\/www.fcbarcelonanoticias.com\/en\/user_4048.html"}]}},"_links":{"self":[{"href":"https:\/\/www.fcbarcelonanoticias.com\/en\/wp-json\/wp\/v2\/posts\/134628","targetHints":{"allow":["GET"]}}],"collection":[{"href":"https:\/\/www.fcbarcelonanoticias.com\/en\/wp-json\/wp\/v2\/posts"}],"about":[{"href":"https:\/\/www.fcbarcelonanoticias.com\/en\/wp-json\/wp\/v2\/types\/post"}],"author":[{"embeddable":true,"href":"https:\/\/www.fcbarcelonanoticias.com\/en\/wp-json\/wp\/v2\/users\/392"}],"replies":[{"embeddable":true,"href":"https:\/\/www.fcbarcelonanoticias.com\/en\/wp-json\/wp\/v2\/comments?post=134628"}],"version-history":[{"count":1,"href":"https:\/\/www.fcbarcelonanoticias.com\/en\/wp-json\/wp\/v2\/posts\/134628\/revisions"}],"predecessor-version":[{"id":154086,"href":"https:\/\/www.fcbarcelonanoticias.com\/en\/wp-json\/wp\/v2\/posts\/134628\/revisions\/154086"}],"wp:featuredmedia":[{"embeddable":true,"href":"https:\/\/www.fcbarcelonanoticias.com\/en\/wp-json\/wp\/v2\/media\/134633"}],"wp:attachment":[{"href":"https:\/\/www.fcbarcelonanoticias.com\/en\/wp-json\/wp\/v2\/media?parent=134628"}],"wp:term":[{"taxonomy":"category","embeddable":true,"href":"https:\/\/www.fcbarcelonanoticias.com\/en\/wp-json\/wp\/v2\/categories?post=134628"},{"taxonomy":"post_tag","embeddable":true,"href":"https:\/\/www.fcbarcelonanoticias.com\/en\/wp-json\/wp\/v2\/tags?post=134628"}],"curies":[{"name":"wp","href":"https:\/\/api.w.org\/{rel}","templated":true}]}}