{"id":134630,"date":"2023-07-20T00:10:00","date_gmt":"2023-07-19T22:10:00","guid":{"rendered":"https:\/\/weisetech.dev\/fc-barcelona-noticias\/en\/monaco-wants-to-leave-barca-athletic-without-9-wants-rafa-marquez_294276_102\/"},"modified":"2023-07-20T00:10:00","modified_gmt":"2023-07-19T22:10:00","slug":"monaco-wants-to-leave-barca-athletic-without-9-wants-rafa-marquez_294276_102","status":"publish","type":"post","link":"https:\/\/www.fcbarcelonanoticias.com\/en\/transfers\/monaco-wants-to-leave-barca-athletic-without-9-wants-rafa-marquez_294276_102.html","title":{"rendered":"Monaco wants to leave Bar\u00e7a Atl\u00e8tic without the &#8216;9&#8217; that Rafa M\u00e1rquez wants"},"content":{"rendered":"<h2 class=\"wp-block-heading\">Bar\u00e7a Atl\u00e8tic is very close to losing the &#8216;9&#8217; for whom the board had been negotiating for several months. According to &#8216;SPORT&#8217;, Monaco can close the signing of Deivid Washington, an 18-year-old striker for Santos from Brazil shortly<\/h2>  \r\n<div class=\"article-addons\">\r\n    <a href=\"https:\/\/www.fcbarcelonanoticias.com\/en\/calendar-fc-barcelona.html\"\r\n       target=\"_self\"\r\n       title=\"Calendar of FC Barcelona\"\r\n       class=\"blue-gredient-btn\">\r\n       \r\n        Calendar of FC Barcelona    <\/a>\r\n<\/div>   <p>The summer 2023 has been very complex for the Bar\u00e7a Atl\u00e8tic.el filial cul\u00e9 has suffered a total of 14 drops, in his majority of players those who decided to go out after finalising agreement and, for the moment, only has fichado to two players (<strong>Mikayil Faye, head office of 19 years and \u00c1lvaro P\u00e9rez Field, &#8216;Trilli&#8217;, side of 20 years<\/strong>). In this sense, Rafa M\u00e1rquez prioritises the arrival of a forward, but the favourite player of the directive and the technical body for this position is very near of fichar by the Monaco.<\/p>  <p>As it advances &#8216;SPORT&#8217;, Deivid Washington, forward of the Saints of Brazil, is to &#8216;shot&#8217; of the team of the Principality. The Bar\u00e7a had very directed the negotiation with the &#8216;Peixe&#8217;, but <strong>the permanence of the club in the First RFEF, after remaining to the doors of the final of the &#8216;playoff&#8217; of promotion to Second To, threw earth of by<\/strong> half to the signing of the player of 18 years.<\/p>  <h2>The Bar\u00e7a, without box to go to by Deivid Washington<\/h2>  <p>In principle, <strong>the Saints will not leave to go out to Washington by less than 15 million euros<\/strong>, a quantity that the Bar\u00e7a is not had to invest this summer by a reinforcement for the filial. <strong>The one of Itumbiara great 6 goals in 21 official parties this year<\/strong> and his value of market is similar to the of his compatriot \u00c1ngelo Gabriel, by the one who Chelsea disbursed 15 &#8216;kilos&#8217; the past month.<\/p>  <p>In this way, <strong>the Saints keeps his debt of \u20ac2.9m for violating the right of score on Gabriel Barbosa in 2016<\/strong>, condition that both clubs pactaron when Neymar recal\u00f3 in the Camp Nou three years before. The Bar\u00e7a expected to use that mount like part of payment by Deivid, but everything aims to that the forward will sign in the next days with the Monaco, club that yes is had to bid by his traspaso.<\/p>  <h2>The Bar\u00e7a looks for an alternative &#8216;low cost&#8217; for the filial<\/h2>  <p>The need of fichar a forward for the filial <strong>has carried to the Barcelona directive to interest in <a data-external=\"0\" data-intl-links-en=\"https:\/\/www.fcbarcelonanoticias.com\/en\/transfers\/barcelona-launch-for-diego-percan-reinforce-subsidiary-attack_294209_102.html\" data-intl-links-es=\"https:\/\/www.fcbarcelonanoticias.com\/fichajes\/barcelona-lanza-por-diego-percan-reforzar-ataque-filial_294209_102.html\" href=\"https:\/\/www.fcbarcelonanoticias.com\/en\/transfers\/barcelona-launch-for-diego-percan-reinforce-subsidiary-attack_294209_102.html\" rel=\"follow\" target=\"_self\" title=\"El Bar\u00e7a se lanza a por Diego Perc\u00e1n para reforzar el ataque del filial\">Diego Pertejo Canseco, better known like Diego Perc\u00e1n<\/a><\/strong>. The player of 21 years expects to go out this summer of the Cultural and Leonese and the group cul\u00e9 already negotiates his traspaso by a near price to the 200.000 euros. In the 2022723, Perc\u00e1n added 8 goals and 3 assistances in the First RFEF, standing out his capacity to play like extreme or referent of area.<\/p> ","protected":false},"excerpt":{"rendered":"<p>Bar\u00e7a Atl\u00e8tic is very close to losing the &#8216;9&#8217; for whom the board had been negotiating for several months. According to &#8216;SPORT&#8217;, Monaco can close the signing of Deivid Washington, an 18-year-old striker for Santos from Brazil shortly The summer 2023 has been very complex for the Bar\u00e7a Atl\u00e8tic.el filial cul\u00e9 has suffered a total [&hellip;]<\/p>\n","protected":false},"author":347,"featured_media":134631,"comment_status":"closed","ping_status":"open","sticky":false,"template":"","format":"standard","meta":{"_acf_changed":false,"inline_featured_image":false,"_nextfly_llmd_date_locked":false,"footnotes":""},"categories":[106,449],"tags":[],"class_list":["post-134630","post","type-post","status-publish","format-standard","has-post-thumbnail","hentry","category-transfers","category-transfers-2"],"acf":[],"yoast_head":"<!-- This site is optimized with the Yoast SEO plugin v27.3 - https:\/\/yoast.com\/product\/yoast-seo-wordpress\/ -->\n<title>Monaco wants to leave Bar\u00e7a Atl\u00e8tic without the &#039;9&#039; that Rafa M\u00e1rquez wants<\/title>\n<meta name=\"description\" content=\"Bar\u00e7a Atl\u00e8tic is very close to losing the &#039;9&#039; for whom the board had been negotiating for several months. According to &#039;SPORT&#039;, Monaco can close the signing of Deivid Washington, an 18-year-old striker for Santos from Brazil shortly\" \/>\n<meta name=\"robots\" content=\"index, follow, max-snippet:-1, max-image-preview:large, max-video-preview:-1\" \/>\n<link rel=\"canonical\" href=\"https:\/\/www.fcbarcelonanoticias.com\/en\/transfers\/monaco-wants-to-leave-barca-athletic-without-9-wants-rafa-marquez_294276_102.html\" \/>\n<meta property=\"og:locale\" content=\"en_US\" \/>\n<meta property=\"og:type\" content=\"article\" \/>\n<meta property=\"og:title\" content=\"Monaco wants to leave Bar\u00e7a Atl\u00e8tic without the &#039;9&#039; that Rafa M\u00e1rquez wants\" \/>\n<meta property=\"og:description\" content=\"Bar\u00e7a Atl\u00e8tic is very close to losing the &#039;9&#039; for whom the board had been negotiating for several months. According to &#039;SPORT&#039;, Monaco can close the signing of Deivid Washington, an 18-year-old striker for Santos from Brazil shortly\" \/>\n<meta property=\"og:url\" content=\"https:\/\/www.fcbarcelonanoticias.com\/en\/transfers\/monaco-wants-to-leave-barca-athletic-without-9-wants-rafa-marquez_294276_102.html\" \/>\n<meta property=\"og:site_name\" content=\"EN - FC Barcelona Noticias\" \/>\n<meta property=\"article:published_time\" content=\"2023-07-19T22:10:00+00:00\" \/>\n<meta property=\"og:image\" content=\"https:\/\/www.fcbarcelonanoticias.com\/en\/wp-content\/uploads\/sites\/2\/2023\/07\/deivid-washington-santos-fc.jpeg\" \/>\n\t<meta property=\"og:image:width\" content=\"1300\" \/>\n\t<meta property=\"og:image:height\" content=\"732\" \/>\n\t<meta property=\"og:image:type\" content=\"image\/jpeg\" \/>\n<meta name=\"author\" content=\"Andr\u00e9s Quiroz\" \/>\n<meta name=\"twitter:card\" content=\"summary_large_image\" \/>\n<meta name=\"twitter:label1\" content=\"Written by\" \/>\n\t<meta name=\"twitter:data1\" content=\"Andr\u00e9s Quiroz\" \/>\n\t<meta name=\"twitter:label2\" content=\"Est. reading time\" \/>\n\t<meta name=\"twitter:data2\" content=\"2 minutes\" \/>\n<script type=\"application\/ld+json\" class=\"yoast-schema-graph\">{\"@context\":\"https:\\\/\\\/schema.org\",\"@graph\":[{\"@type\":\"Article\",\"@id\":\"https:\\\/\\\/www.fcbarcelonanoticias.com\\\/en\\\/transfers\\\/monaco-wants-to-leave-barca-athletic-without-9-wants-rafa-marquez_294276_102.html#article\",\"isPartOf\":{\"@id\":\"https:\\\/\\\/www.fcbarcelonanoticias.com\\\/en\\\/transfers\\\/monaco-wants-to-leave-barca-athletic-without-9-wants-rafa-marquez_294276_102.html\"},\"author\":{\"name\":\"Andr\u00e9s Quiroz\",\"@id\":\"https:\\\/\\\/www.fcbarcelonanoticias.com\\\/en\\\/#\\\/schema\\\/person\\\/c2cd9f6fa1af5c0d0eccd0fefa575c88\"},\"headline\":\"Monaco wants to leave Bar\u00e7a Atl\u00e8tic without the &#8216;9&#8217; that Rafa M\u00e1rquez wants\",\"datePublished\":\"2023-07-19T22:10:00+00:00\",\"mainEntityOfPage\":{\"@id\":\"https:\\\/\\\/www.fcbarcelonanoticias.com\\\/en\\\/transfers\\\/monaco-wants-to-leave-barca-athletic-without-9-wants-rafa-marquez_294276_102.html\"},\"wordCount\":469,\"image\":{\"@id\":\"https:\\\/\\\/www.fcbarcelonanoticias.com\\\/en\\\/transfers\\\/monaco-wants-to-leave-barca-athletic-without-9-wants-rafa-marquez_294276_102.html#primaryimage\"},\"thumbnailUrl\":\"https:\\\/\\\/www.fcbarcelonanoticias.com\\\/en\\\/wp-content\\\/uploads\\\/sites\\\/2\\\/2023\\\/07\\\/deivid-washington-santos-fc.jpeg\",\"articleSection\":[\"Transfers\",\"Transfers\"],\"inLanguage\":\"en-US\"},{\"@type\":\"WebPage\",\"@id\":\"https:\\\/\\\/www.fcbarcelonanoticias.com\\\/en\\\/transfers\\\/monaco-wants-to-leave-barca-athletic-without-9-wants-rafa-marquez_294276_102.html\",\"url\":\"https:\\\/\\\/www.fcbarcelonanoticias.com\\\/en\\\/transfers\\\/monaco-wants-to-leave-barca-athletic-without-9-wants-rafa-marquez_294276_102.html\",\"name\":\"Monaco wants to leave Bar\u00e7a Atl\u00e8tic without the '9' that Rafa M\u00e1rquez wants\",\"isPartOf\":{\"@id\":\"https:\\\/\\\/www.fcbarcelonanoticias.com\\\/en\\\/#website\"},\"primaryImageOfPage\":{\"@id\":\"https:\\\/\\\/www.fcbarcelonanoticias.com\\\/en\\\/transfers\\\/monaco-wants-to-leave-barca-athletic-without-9-wants-rafa-marquez_294276_102.html#primaryimage\"},\"image\":{\"@id\":\"https:\\\/\\\/www.fcbarcelonanoticias.com\\\/en\\\/transfers\\\/monaco-wants-to-leave-barca-athletic-without-9-wants-rafa-marquez_294276_102.html#primaryimage\"},\"thumbnailUrl\":\"https:\\\/\\\/www.fcbarcelonanoticias.com\\\/en\\\/wp-content\\\/uploads\\\/sites\\\/2\\\/2023\\\/07\\\/deivid-washington-santos-fc.jpeg\",\"datePublished\":\"2023-07-19T22:10:00+00:00\",\"author\":{\"@id\":\"https:\\\/\\\/www.fcbarcelonanoticias.com\\\/en\\\/#\\\/schema\\\/person\\\/c2cd9f6fa1af5c0d0eccd0fefa575c88\"},\"description\":\"Bar\u00e7a Atl\u00e8tic is very close to losing the '9' for whom the board had been negotiating for several months. According to 'SPORT', Monaco can close the signing of Deivid Washington, an 18-year-old striker for Santos from Brazil shortly\",\"breadcrumb\":{\"@id\":\"https:\\\/\\\/www.fcbarcelonanoticias.com\\\/en\\\/transfers\\\/monaco-wants-to-leave-barca-athletic-without-9-wants-rafa-marquez_294276_102.html#breadcrumb\"},\"inLanguage\":\"en-US\",\"potentialAction\":[{\"@type\":\"ReadAction\",\"target\":[\"https:\\\/\\\/www.fcbarcelonanoticias.com\\\/en\\\/transfers\\\/monaco-wants-to-leave-barca-athletic-without-9-wants-rafa-marquez_294276_102.html\"]}]},{\"@type\":\"ImageObject\",\"inLanguage\":\"en-US\",\"@id\":\"https:\\\/\\\/www.fcbarcelonanoticias.com\\\/en\\\/transfers\\\/monaco-wants-to-leave-barca-athletic-without-9-wants-rafa-marquez_294276_102.html#primaryimage\",\"url\":\"https:\\\/\\\/www.fcbarcelonanoticias.com\\\/en\\\/wp-content\\\/uploads\\\/sites\\\/2\\\/2023\\\/07\\\/deivid-washington-santos-fc.jpeg\",\"contentUrl\":\"https:\\\/\\\/www.fcbarcelonanoticias.com\\\/en\\\/wp-content\\\/uploads\\\/sites\\\/2\\\/2023\\\/07\\\/deivid-washington-santos-fc.jpeg\",\"width\":1300,\"height\":732},{\"@type\":\"BreadcrumbList\",\"@id\":\"https:\\\/\\\/www.fcbarcelonanoticias.com\\\/en\\\/transfers\\\/monaco-wants-to-leave-barca-athletic-without-9-wants-rafa-marquez_294276_102.html#breadcrumb\",\"itemListElement\":[{\"@type\":\"ListItem\",\"position\":1,\"name\":\"Portada\",\"item\":\"https:\\\/\\\/www.fcbarcelonanoticias.com\\\/en\\\/\"},{\"@type\":\"ListItem\",\"position\":2,\"name\":\"Monaco wants to leave Bar\u00e7a Atl\u00e8tic without the &#8216;9&#8217; that Rafa M\u00e1rquez wants\"}]},{\"@type\":\"WebSite\",\"@id\":\"https:\\\/\\\/www.fcbarcelonanoticias.com\\\/en\\\/#website\",\"url\":\"https:\\\/\\\/www.fcbarcelonanoticias.com\\\/en\\\/\",\"name\":\"EN - FC Barcelona Noticias\",\"description\":\"\",\"potentialAction\":[{\"@type\":\"SearchAction\",\"target\":{\"@type\":\"EntryPoint\",\"urlTemplate\":\"https:\\\/\\\/www.fcbarcelonanoticias.com\\\/en\\\/?s={search_term_string}\"},\"query-input\":{\"@type\":\"PropertyValueSpecification\",\"valueRequired\":true,\"valueName\":\"search_term_string\"}}],\"inLanguage\":\"en-US\"},{\"@type\":\"Person\",\"@id\":\"https:\\\/\\\/www.fcbarcelonanoticias.com\\\/en\\\/#\\\/schema\\\/person\\\/c2cd9f6fa1af5c0d0eccd0fefa575c88\",\"name\":\"Andr\u00e9s Quiroz\",\"image\":{\"@type\":\"ImageObject\",\"inLanguage\":\"en-US\",\"@id\":\"https:\\\/\\\/secure.gravatar.com\\\/avatar\\\/?s=96&d=mm&r=g\",\"url\":\"https:\\\/\\\/secure.gravatar.com\\\/avatar\\\/?s=96&d=mm&r=g\",\"contentUrl\":\"https:\\\/\\\/secure.gravatar.com\\\/avatar\\\/?s=96&d=mm&r=g\",\"caption\":\"Andr\u00e9s Quiroz\"},\"description\":\"Licenciado en Periodismo por la Universidad de los Andes. Me encargo de analizar y compartir los contenidos m\u00e1s destacados de la\u00a0actualidad del F\u00fatbol Club Barcelona, Mercado de Fichajes y F\u00fatbol Internacional en FCBN. La informaci\u00f3n es poder, pero tambi\u00e9n conocimiento.\",\"url\":\"https:\\\/\\\/www.fcbarcelonanoticias.com\\\/en\\\/fc-barcelona\\\/andres-quiroz_17_115.html\"}]}<\/script>\n<!-- \/ Yoast SEO plugin. -->","yoast_head_json":{"title":"Monaco wants to leave Bar\u00e7a Atl\u00e8tic without the '9' that Rafa M\u00e1rquez wants","description":"Bar\u00e7a Atl\u00e8tic is very close to losing the '9' for whom the board had been negotiating for several months. According to 'SPORT', Monaco can close the signing of Deivid Washington, an 18-year-old striker for Santos from Brazil shortly","robots":{"index":"index","follow":"follow","max-snippet":"max-snippet:-1","max-image-preview":"max-image-preview:large","max-video-preview":"max-video-preview:-1"},"canonical":"https:\/\/www.fcbarcelonanoticias.com\/en\/transfers\/monaco-wants-to-leave-barca-athletic-without-9-wants-rafa-marquez_294276_102.html","og_locale":"en_US","og_type":"article","og_title":"Monaco wants to leave Bar\u00e7a Atl\u00e8tic without the '9' that Rafa M\u00e1rquez wants","og_description":"Bar\u00e7a Atl\u00e8tic is very close to losing the '9' for whom the board had been negotiating for several months. According to 'SPORT', Monaco can close the signing of Deivid Washington, an 18-year-old striker for Santos from Brazil shortly","og_url":"https:\/\/www.fcbarcelonanoticias.com\/en\/transfers\/monaco-wants-to-leave-barca-athletic-without-9-wants-rafa-marquez_294276_102.html","og_site_name":"EN - FC Barcelona Noticias","article_published_time":"2023-07-19T22:10:00+00:00","og_image":[{"width":1300,"height":732,"url":"https:\/\/www.fcbarcelonanoticias.com\/en\/wp-content\/uploads\/sites\/2\/2023\/07\/deivid-washington-santos-fc.jpeg","type":"image\/jpeg"}],"author":"Andr\u00e9s Quiroz","twitter_card":"summary_large_image","twitter_misc":{"Written by":"Andr\u00e9s Quiroz","Est. reading time":"2 minutes"},"schema":{"@context":"https:\/\/schema.org","@graph":[{"@type":"Article","@id":"https:\/\/www.fcbarcelonanoticias.com\/en\/transfers\/monaco-wants-to-leave-barca-athletic-without-9-wants-rafa-marquez_294276_102.html#article","isPartOf":{"@id":"https:\/\/www.fcbarcelonanoticias.com\/en\/transfers\/monaco-wants-to-leave-barca-athletic-without-9-wants-rafa-marquez_294276_102.html"},"author":{"name":"Andr\u00e9s Quiroz","@id":"https:\/\/www.fcbarcelonanoticias.com\/en\/#\/schema\/person\/c2cd9f6fa1af5c0d0eccd0fefa575c88"},"headline":"Monaco wants to leave Bar\u00e7a Atl\u00e8tic without the &#8216;9&#8217; that Rafa M\u00e1rquez wants","datePublished":"2023-07-19T22:10:00+00:00","mainEntityOfPage":{"@id":"https:\/\/www.fcbarcelonanoticias.com\/en\/transfers\/monaco-wants-to-leave-barca-athletic-without-9-wants-rafa-marquez_294276_102.html"},"wordCount":469,"image":{"@id":"https:\/\/www.fcbarcelonanoticias.com\/en\/transfers\/monaco-wants-to-leave-barca-athletic-without-9-wants-rafa-marquez_294276_102.html#primaryimage"},"thumbnailUrl":"https:\/\/www.fcbarcelonanoticias.com\/en\/wp-content\/uploads\/sites\/2\/2023\/07\/deivid-washington-santos-fc.jpeg","articleSection":["Transfers","Transfers"],"inLanguage":"en-US"},{"@type":"WebPage","@id":"https:\/\/www.fcbarcelonanoticias.com\/en\/transfers\/monaco-wants-to-leave-barca-athletic-without-9-wants-rafa-marquez_294276_102.html","url":"https:\/\/www.fcbarcelonanoticias.com\/en\/transfers\/monaco-wants-to-leave-barca-athletic-without-9-wants-rafa-marquez_294276_102.html","name":"Monaco wants to leave Bar\u00e7a Atl\u00e8tic without the '9' that Rafa M\u00e1rquez wants","isPartOf":{"@id":"https:\/\/www.fcbarcelonanoticias.com\/en\/#website"},"primaryImageOfPage":{"@id":"https:\/\/www.fcbarcelonanoticias.com\/en\/transfers\/monaco-wants-to-leave-barca-athletic-without-9-wants-rafa-marquez_294276_102.html#primaryimage"},"image":{"@id":"https:\/\/www.fcbarcelonanoticias.com\/en\/transfers\/monaco-wants-to-leave-barca-athletic-without-9-wants-rafa-marquez_294276_102.html#primaryimage"},"thumbnailUrl":"https:\/\/www.fcbarcelonanoticias.com\/en\/wp-content\/uploads\/sites\/2\/2023\/07\/deivid-washington-santos-fc.jpeg","datePublished":"2023-07-19T22:10:00+00:00","author":{"@id":"https:\/\/www.fcbarcelonanoticias.com\/en\/#\/schema\/person\/c2cd9f6fa1af5c0d0eccd0fefa575c88"},"description":"Bar\u00e7a Atl\u00e8tic is very close to losing the '9' for whom the board had been negotiating for several months. According to 'SPORT', Monaco can close the signing of Deivid Washington, an 18-year-old striker for Santos from Brazil shortly","breadcrumb":{"@id":"https:\/\/www.fcbarcelonanoticias.com\/en\/transfers\/monaco-wants-to-leave-barca-athletic-without-9-wants-rafa-marquez_294276_102.html#breadcrumb"},"inLanguage":"en-US","potentialAction":[{"@type":"ReadAction","target":["https:\/\/www.fcbarcelonanoticias.com\/en\/transfers\/monaco-wants-to-leave-barca-athletic-without-9-wants-rafa-marquez_294276_102.html"]}]},{"@type":"ImageObject","inLanguage":"en-US","@id":"https:\/\/www.fcbarcelonanoticias.com\/en\/transfers\/monaco-wants-to-leave-barca-athletic-without-9-wants-rafa-marquez_294276_102.html#primaryimage","url":"https:\/\/www.fcbarcelonanoticias.com\/en\/wp-content\/uploads\/sites\/2\/2023\/07\/deivid-washington-santos-fc.jpeg","contentUrl":"https:\/\/www.fcbarcelonanoticias.com\/en\/wp-content\/uploads\/sites\/2\/2023\/07\/deivid-washington-santos-fc.jpeg","width":1300,"height":732},{"@type":"BreadcrumbList","@id":"https:\/\/www.fcbarcelonanoticias.com\/en\/transfers\/monaco-wants-to-leave-barca-athletic-without-9-wants-rafa-marquez_294276_102.html#breadcrumb","itemListElement":[{"@type":"ListItem","position":1,"name":"Portada","item":"https:\/\/www.fcbarcelonanoticias.com\/en\/"},{"@type":"ListItem","position":2,"name":"Monaco wants to leave Bar\u00e7a Atl\u00e8tic without the &#8216;9&#8217; that Rafa M\u00e1rquez wants"}]},{"@type":"WebSite","@id":"https:\/\/www.fcbarcelonanoticias.com\/en\/#website","url":"https:\/\/www.fcbarcelonanoticias.com\/en\/","name":"EN - FC Barcelona Noticias","description":"","potentialAction":[{"@type":"SearchAction","target":{"@type":"EntryPoint","urlTemplate":"https:\/\/www.fcbarcelonanoticias.com\/en\/?s={search_term_string}"},"query-input":{"@type":"PropertyValueSpecification","valueRequired":true,"valueName":"search_term_string"}}],"inLanguage":"en-US"},{"@type":"Person","@id":"https:\/\/www.fcbarcelonanoticias.com\/en\/#\/schema\/person\/c2cd9f6fa1af5c0d0eccd0fefa575c88","name":"Andr\u00e9s Quiroz","image":{"@type":"ImageObject","inLanguage":"en-US","@id":"https:\/\/secure.gravatar.com\/avatar\/?s=96&d=mm&r=g","url":"https:\/\/secure.gravatar.com\/avatar\/?s=96&d=mm&r=g","contentUrl":"https:\/\/secure.gravatar.com\/avatar\/?s=96&d=mm&r=g","caption":"Andr\u00e9s Quiroz"},"description":"Licenciado en Periodismo por la Universidad de los Andes. Me encargo de analizar y compartir los contenidos m\u00e1s destacados de la\u00a0actualidad del F\u00fatbol Club Barcelona, Mercado de Fichajes y F\u00fatbol Internacional en FCBN. La informaci\u00f3n es poder, pero tambi\u00e9n conocimiento.","url":"https:\/\/www.fcbarcelonanoticias.com\/en\/fc-barcelona\/andres-quiroz_17_115.html"}]}},"_links":{"self":[{"href":"https:\/\/www.fcbarcelonanoticias.com\/en\/wp-json\/wp\/v2\/posts\/134630","targetHints":{"allow":["GET"]}}],"collection":[{"href":"https:\/\/www.fcbarcelonanoticias.com\/en\/wp-json\/wp\/v2\/posts"}],"about":[{"href":"https:\/\/www.fcbarcelonanoticias.com\/en\/wp-json\/wp\/v2\/types\/post"}],"author":[{"embeddable":true,"href":"https:\/\/www.fcbarcelonanoticias.com\/en\/wp-json\/wp\/v2\/users\/347"}],"replies":[{"embeddable":true,"href":"https:\/\/www.fcbarcelonanoticias.com\/en\/wp-json\/wp\/v2\/comments?post=134630"}],"version-history":[{"count":1,"href":"https:\/\/www.fcbarcelonanoticias.com\/en\/wp-json\/wp\/v2\/posts\/134630\/revisions"}],"predecessor-version":[{"id":153673,"href":"https:\/\/www.fcbarcelonanoticias.com\/en\/wp-json\/wp\/v2\/posts\/134630\/revisions\/153673"}],"wp:featuredmedia":[{"embeddable":true,"href":"https:\/\/www.fcbarcelonanoticias.com\/en\/wp-json\/wp\/v2\/media\/134631"}],"wp:attachment":[{"href":"https:\/\/www.fcbarcelonanoticias.com\/en\/wp-json\/wp\/v2\/media?parent=134630"}],"wp:term":[{"taxonomy":"category","embeddable":true,"href":"https:\/\/www.fcbarcelonanoticias.com\/en\/wp-json\/wp\/v2\/categories?post=134630"},{"taxonomy":"post_tag","embeddable":true,"href":"https:\/\/www.fcbarcelonanoticias.com\/en\/wp-json\/wp\/v2\/tags?post=134630"}],"curies":[{"name":"wp","href":"https:\/\/api.w.org\/{rel}","templated":true}]}}