{"id":135124,"date":"2024-07-22T04:01:00","date_gmt":"2024-07-22T02:01:00","guid":{"rendered":"https:\/\/weisetech.dev\/fc-barcelona-noticias\/en\/solutions-has-in-mind-fc-barcelona-its-special-cases_305684_102\/"},"modified":"2024-07-22T06:39:00","modified_gmt":"2024-07-22T04:39:00","slug":"solutions-has-in-mind-fc-barcelona-its-special-cases_305684_102","status":"publish","type":"post","link":"https:\/\/www.fcbarcelonanoticias.com\/en\/transfers\/solutions-has-in-mind-fc-barcelona-its-special-cases_305684_102.html","title":{"rendered":"The solutions that FC Barcelona has in mind for its &#8216;special&#8217; cases"},"content":{"rendered":"<h2 class=\"wp-block-heading\">FC Barcelona is aware that it must make a series of decisions regarding players who returned from loans to other teams and are now participating in the 2024\/25 preseason. All of them have different possibilities regarding their future at the club<\/h2>  \r\n<div class=\"article-addons\">\r\n    <a href=\"https:\/\/www.fcbarcelonanoticias.com\/en\/calendar-fc-barcelona.html\"\r\n       target=\"_self\"\r\n       title=\"Calendar of FC Barcelona\"\r\n       class=\"blue-gredient-btn\">\r\n       \r\n        Calendar of FC Barcelona    <\/a>\r\n<\/div>   <p>The FC Barcelona has several cases that has to resolve this summer of face to the season 2024\/25, especially regarding the footballers yielded that have returned to the club after 30 June.<strong> There are six cases (Eric Garc\u00eda, Cl\u00e9ment Lenglet, Pablo Tower, Juli\u00e1n Araujo, \u00c1lex Fence in and Ansu Fati) whose situations seem to be very different of face to the next period<\/strong>, fundamentally taking into account the needs of the team.<\/p>  <p>In this point, the case that seems clearer is the one of Cl\u00e9ment Lenglet.<strong> The defender sees affected so much by the &#8216;overbooking&#8217; <\/strong><strong>of defenders in the Barcelona staff as by the fact that his emolumentos have a high impact in the scale salarial of the club<\/strong>. According to the metric of &#8216;Capology&#8217;, the one of Beauvais will earn a total of 12 M\u20ac gross this season, what would situate it between the ten better players paid of the Catalan picture in spite of having a secondary role in the sportive planning. When seeming, the Barcelonan cast already has urged him to look for a new destination, <a data-external=\"0\" data-intl-links-en=\"https:\/\/www.fcbarcelonanoticias.com\/en\/transfers\/fc-barcelona-is-considering-dismissing-eternal-discards_305659_102.html\" data-intl-links-es=\"https:\/\/www.fcbarcelonanoticias.com\/fichajes\/fc-barcelona-esta-planteando-despedir-eternos-descartes_305659_102.html\" href=\"https:\/\/www.fcbarcelonanoticias.com\/en\/transfers\/fc-barcelona-is-considering-dismissing-eternal-discards_305659_102.html\" rel=\"follow\" target=\"_self\" title=\"El FC Barcelona se est\u00e1 planteando 'despedir' a uno de sus eternos descartes\">and even the rescission of his agreement this summer no descarta completely<\/a>.<\/p>  <h2>Ansu Fati And Eric Garc\u00eda<\/h2>  <p>Regarding the others cases, turn into a true inc\u00f3gnita, practically supeditados to what these players do in the pre-season. For example, the future of Ansu Fati in the club seemed to bend to an exit through another loan, but as the seen in the trainings of pre-season up to now, <strong>where even is him urging to make personalised works to improve his physical condition, could be an interesting option to reinforce the left extreme<\/strong>. Besides, if Nico Williams arrives to the Catalan cast, the one of Bissau could be a revulsivo &#8216;top&#8217;.<\/p>  <p>By his part, <strong>Eric Garc\u00eda has serious options to form part of the team the next season.<\/strong> In spite of not being able to form part of the pre-season cul\u00e9 because of his participation in the Olympic games with the Spanish selection, the defender is valued by his versatility, since it can exert like central defender, lateral and pivote, and has showed his solidity in these positions during his stage in the Girona FC. <strong>Everything will depend on if this summer arrives an offer the sufficiently attractive by him<\/strong>.<\/p>  <h2>Juli\u00e1n Araujo, \u00c1lex Fence in and Pablo Tower<\/h2>  <p>Speaking of the defence, the future of the sides Juli\u00e1n Araujo (right side) and \u00c1lex Fence in (left side)<strong> neither luce too clear, but both have serious options to form part of the team<\/strong>. In this sense, the one of Badalona has more options because of the shortage of alternatives in the left-handed lane for suplir to Alejandro Bald\u00e9, and the club does not have clear aims to incorporate in this position this summer. On the other hand, the case of Araujo is more complicated, since, except change of plans, the FC Barcelona would have to have Jules Kound\u00e9 like right side headline, what would leave to the Mexican litigating by the place of acting beside H\u00e9ctor Fort. Likewise, <a data-external=\"0\" data-intl-links-en=\"https:\/\/www.fcbarcelonanoticias.com\/en\/transfers\/fc-barcelona-close-to-signing-the-right-back-that-hansi-flick-has-requested_305647_102.html\" data-intl-links-es=\"https:\/\/www.fcbarcelonanoticias.com\/fichajes\/fc-barcelona-cerca-fichar-lateral-derecho-ha-pedido-hansi-flick_305647_102.html\" href=\"https:\/\/www.fcbarcelonanoticias.com\/en\/transfers\/fc-barcelona-close-to-signing-the-right-back-that-hansi-flick-has-requested_305647_102.html\" rel=\"follow\" target=\"_self\" title=\"El FC Barcelona, cerca de 'fichar' al lateral derecho que ha pedido Hansi Flick\">also it expects the arrival of Jo\u00e3or Cancel, what would increase the competition in this demarcation<\/a>.<\/p>  <p>To close, have the case of Pablo Tower, a player that seems to be of the like of the trainer Hansi Flick and that it could have more opportunities to form part of the staff, due to the fact that the German trainer works with a diagram 4-2-3-1 that includes the position of mediapunta,<strong> where the Cantabrian, with his creative profile, could have the opportunity to remain in the team<\/strong>. Nevertheless, unfortunately for him, <a data-external=\"0\" data-intl-links-en=\"https:\/\/www.fcbarcelonanoticias.com\/en\/fc-barcelona\/hansi-flick-puts-haste-to-the-fc-barcelona-with-pablo-tower_305539_102.html\" data-intl-links-es=\"https:\/\/www.fcbarcelonanoticias.com\/fc-barcelona\/hansi-flick-mete-prisa-fc-barcelona-con-pablo-torre_305539_102.html\" href=\"https:\/\/www.fcbarcelonanoticias.com\/en\/fc-barcelona\/hansi-flick-puts-haste-to-the-fc-barcelona-with-pablo-tower_305539_102.html\" rel=\"follow\" target=\"_self\" title=\"Hansi Flick mete prisa al FC Barcelona con Pablo Torre\">it had to be operated of a fracture in the fifth metacarpial of the left hand<\/a>, and although it already is training, apparently by caution will not participate in the friendly parties of pre-season, what leaves his more uncertain future.<\/p> ","protected":false},"excerpt":{"rendered":"<p>FC Barcelona is aware that it must make a series of decisions regarding players who returned from loans to other teams and are now participating in the 2024\/25 preseason. All of them have different possibilities regarding their future at the club The FC Barcelona has several cases that has to resolve this summer of face [&hellip;]<\/p>\n","protected":false},"author":355,"featured_media":135129,"comment_status":"closed","ping_status":"open","sticky":false,"template":"","format":"standard","meta":{"_acf_changed":false,"inline_featured_image":false,"_nextfly_llmd_date_locked":false,"footnotes":""},"categories":[106,449],"tags":[380,320],"class_list":["post-135124","post","type-post","status-publish","format-standard","has-post-thumbnail","hentry","category-transfers","category-transfers-2","tag-julian-araujo","tag-lenglet"],"acf":[],"yoast_head":"<!-- This site is optimized with the Yoast SEO plugin v27.3 - https:\/\/yoast.com\/product\/yoast-seo-wordpress\/ -->\n<title>The solutions that FC Barcelona has in mind for its &#039;special&#039; cases<\/title>\n<meta name=\"description\" content=\"FC Barcelona is aware that it must make a series of decisions regarding players who returned from loans to other teams and are now participating in the 2024\/25 preseason. All of them have different possibilities regarding their future at the club\" \/>\n<meta name=\"robots\" content=\"index, follow, max-snippet:-1, max-image-preview:large, max-video-preview:-1\" \/>\n<link rel=\"canonical\" href=\"https:\/\/www.fcbarcelonanoticias.com\/en\/transfers\/solutions-has-in-mind-fc-barcelona-its-special-cases_305684_102.html\" \/>\n<meta property=\"og:locale\" content=\"en_US\" \/>\n<meta property=\"og:type\" content=\"article\" \/>\n<meta property=\"og:title\" content=\"The solutions that FC Barcelona has in mind for its &#039;special&#039; cases\" \/>\n<meta property=\"og:description\" content=\"FC Barcelona is aware that it must make a series of decisions regarding players who returned from loans to other teams and are now participating in the 2024\/25 preseason. All of them have different possibilities regarding their future at the club\" \/>\n<meta property=\"og:url\" content=\"https:\/\/www.fcbarcelonanoticias.com\/en\/transfers\/solutions-has-in-mind-fc-barcelona-its-special-cases_305684_102.html\" \/>\n<meta property=\"og:site_name\" content=\"EN - FC Barcelona Noticias\" \/>\n<meta property=\"article:published_time\" content=\"2024-07-22T02:01:00+00:00\" \/>\n<meta property=\"article:modified_time\" content=\"2024-07-22T04:39:00+00:00\" \/>\n<meta property=\"og:image\" content=\"https:\/\/www.fcbarcelonanoticias.com\/en\/wp-content\/uploads\/sites\/2\/2024\/07\/ansu-fati-clement-lenglet-y-eric-garcia.png\" \/>\n\t<meta property=\"og:image:width\" content=\"1300\" \/>\n\t<meta property=\"og:image:height\" content=\"732\" \/>\n\t<meta property=\"og:image:type\" content=\"image\/png\" \/>\n<meta name=\"author\" content=\"Kevin G\u00f3mez\" \/>\n<meta name=\"twitter:card\" content=\"summary_large_image\" \/>\n<meta name=\"twitter:label1\" content=\"Written by\" \/>\n\t<meta name=\"twitter:data1\" content=\"Kevin G\u00f3mez\" \/>\n\t<meta name=\"twitter:label2\" content=\"Est. reading time\" \/>\n\t<meta name=\"twitter:data2\" content=\"3 minutes\" \/>\n<script type=\"application\/ld+json\" class=\"yoast-schema-graph\">{\"@context\":\"https:\\\/\\\/schema.org\",\"@graph\":[{\"@type\":\"Article\",\"@id\":\"https:\\\/\\\/www.fcbarcelonanoticias.com\\\/en\\\/transfers\\\/solutions-has-in-mind-fc-barcelona-its-special-cases_305684_102.html#article\",\"isPartOf\":{\"@id\":\"https:\\\/\\\/www.fcbarcelonanoticias.com\\\/en\\\/transfers\\\/solutions-has-in-mind-fc-barcelona-its-special-cases_305684_102.html\"},\"author\":{\"name\":\"Kevin G\u00f3mez\",\"@id\":\"https:\\\/\\\/www.fcbarcelonanoticias.com\\\/en\\\/#\\\/schema\\\/person\\\/991443f134df9a64c6874f96ff984c9d\"},\"headline\":\"The solutions that FC Barcelona has in mind for its &#8216;special&#8217; cases\",\"datePublished\":\"2024-07-22T02:01:00+00:00\",\"dateModified\":\"2024-07-22T04:39:00+00:00\",\"mainEntityOfPage\":{\"@id\":\"https:\\\/\\\/www.fcbarcelonanoticias.com\\\/en\\\/transfers\\\/solutions-has-in-mind-fc-barcelona-its-special-cases_305684_102.html\"},\"wordCount\":696,\"image\":{\"@id\":\"https:\\\/\\\/www.fcbarcelonanoticias.com\\\/en\\\/transfers\\\/solutions-has-in-mind-fc-barcelona-its-special-cases_305684_102.html#primaryimage\"},\"thumbnailUrl\":\"https:\\\/\\\/www.fcbarcelonanoticias.com\\\/en\\\/wp-content\\\/uploads\\\/sites\\\/2\\\/2024\\\/07\\\/ansu-fati-clement-lenglet-y-eric-garcia.png\",\"keywords\":[\"Juli\u00e1n Araujo\",\"Lenglet\"],\"articleSection\":[\"Transfers\",\"Transfers\"],\"inLanguage\":\"en-US\"},{\"@type\":\"WebPage\",\"@id\":\"https:\\\/\\\/www.fcbarcelonanoticias.com\\\/en\\\/transfers\\\/solutions-has-in-mind-fc-barcelona-its-special-cases_305684_102.html\",\"url\":\"https:\\\/\\\/www.fcbarcelonanoticias.com\\\/en\\\/transfers\\\/solutions-has-in-mind-fc-barcelona-its-special-cases_305684_102.html\",\"name\":\"The solutions that FC Barcelona has in mind for its 'special' cases\",\"isPartOf\":{\"@id\":\"https:\\\/\\\/www.fcbarcelonanoticias.com\\\/en\\\/#website\"},\"primaryImageOfPage\":{\"@id\":\"https:\\\/\\\/www.fcbarcelonanoticias.com\\\/en\\\/transfers\\\/solutions-has-in-mind-fc-barcelona-its-special-cases_305684_102.html#primaryimage\"},\"image\":{\"@id\":\"https:\\\/\\\/www.fcbarcelonanoticias.com\\\/en\\\/transfers\\\/solutions-has-in-mind-fc-barcelona-its-special-cases_305684_102.html#primaryimage\"},\"thumbnailUrl\":\"https:\\\/\\\/www.fcbarcelonanoticias.com\\\/en\\\/wp-content\\\/uploads\\\/sites\\\/2\\\/2024\\\/07\\\/ansu-fati-clement-lenglet-y-eric-garcia.png\",\"datePublished\":\"2024-07-22T02:01:00+00:00\",\"dateModified\":\"2024-07-22T04:39:00+00:00\",\"author\":{\"@id\":\"https:\\\/\\\/www.fcbarcelonanoticias.com\\\/en\\\/#\\\/schema\\\/person\\\/991443f134df9a64c6874f96ff984c9d\"},\"description\":\"FC Barcelona is aware that it must make a series of decisions regarding players who returned from loans to other teams and are now participating in the 2024\\\/25 preseason. All of them have different possibilities regarding their future at the club\",\"breadcrumb\":{\"@id\":\"https:\\\/\\\/www.fcbarcelonanoticias.com\\\/en\\\/transfers\\\/solutions-has-in-mind-fc-barcelona-its-special-cases_305684_102.html#breadcrumb\"},\"inLanguage\":\"en-US\",\"potentialAction\":[{\"@type\":\"ReadAction\",\"target\":[\"https:\\\/\\\/www.fcbarcelonanoticias.com\\\/en\\\/transfers\\\/solutions-has-in-mind-fc-barcelona-its-special-cases_305684_102.html\"]}]},{\"@type\":\"ImageObject\",\"inLanguage\":\"en-US\",\"@id\":\"https:\\\/\\\/www.fcbarcelonanoticias.com\\\/en\\\/transfers\\\/solutions-has-in-mind-fc-barcelona-its-special-cases_305684_102.html#primaryimage\",\"url\":\"https:\\\/\\\/www.fcbarcelonanoticias.com\\\/en\\\/wp-content\\\/uploads\\\/sites\\\/2\\\/2024\\\/07\\\/ansu-fati-clement-lenglet-y-eric-garcia.png\",\"contentUrl\":\"https:\\\/\\\/www.fcbarcelonanoticias.com\\\/en\\\/wp-content\\\/uploads\\\/sites\\\/2\\\/2024\\\/07\\\/ansu-fati-clement-lenglet-y-eric-garcia.png\",\"width\":1300,\"height\":732},{\"@type\":\"BreadcrumbList\",\"@id\":\"https:\\\/\\\/www.fcbarcelonanoticias.com\\\/en\\\/transfers\\\/solutions-has-in-mind-fc-barcelona-its-special-cases_305684_102.html#breadcrumb\",\"itemListElement\":[{\"@type\":\"ListItem\",\"position\":1,\"name\":\"Portada\",\"item\":\"https:\\\/\\\/www.fcbarcelonanoticias.com\\\/en\\\/\"},{\"@type\":\"ListItem\",\"position\":2,\"name\":\"The solutions that FC Barcelona has in mind for its &#8216;special&#8217; cases\"}]},{\"@type\":\"WebSite\",\"@id\":\"https:\\\/\\\/www.fcbarcelonanoticias.com\\\/en\\\/#website\",\"url\":\"https:\\\/\\\/www.fcbarcelonanoticias.com\\\/en\\\/\",\"name\":\"EN - FC Barcelona Noticias\",\"description\":\"\",\"potentialAction\":[{\"@type\":\"SearchAction\",\"target\":{\"@type\":\"EntryPoint\",\"urlTemplate\":\"https:\\\/\\\/www.fcbarcelonanoticias.com\\\/en\\\/?s={search_term_string}\"},\"query-input\":{\"@type\":\"PropertyValueSpecification\",\"valueRequired\":true,\"valueName\":\"search_term_string\"}}],\"inLanguage\":\"en-US\"},{\"@type\":\"Person\",\"@id\":\"https:\\\/\\\/www.fcbarcelonanoticias.com\\\/en\\\/#\\\/schema\\\/person\\\/991443f134df9a64c6874f96ff984c9d\",\"name\":\"Kevin G\u00f3mez\",\"image\":{\"@type\":\"ImageObject\",\"inLanguage\":\"en-US\",\"@id\":\"https:\\\/\\\/secure.gravatar.com\\\/avatar\\\/?s=96&d=mm&r=g\",\"url\":\"https:\\\/\\\/secure.gravatar.com\\\/avatar\\\/?s=96&d=mm&r=g\",\"contentUrl\":\"https:\\\/\\\/secure.gravatar.com\\\/avatar\\\/?s=96&d=mm&r=g\",\"caption\":\"Kevin G\u00f3mez\"},\"description\":\"Licenciado\u00a0en Periodismo y Comunicaci\u00f3n Audiovisual. Redactor en FCBN responsable de cubrir toda\u00a0la informaci\u00f3n del FC Barcelona y las principales competiciones de\u00a0f\u00fatbol.\",\"url\":\"https:\\\/\\\/www.fcbarcelonanoticias.com\\\/en\\\/jugadores\\\/kevin-gomez_23_115.html\"}]}<\/script>\n<!-- \/ Yoast SEO plugin. -->","yoast_head_json":{"title":"The solutions that FC Barcelona has in mind for its 'special' cases","description":"FC Barcelona is aware that it must make a series of decisions regarding players who returned from loans to other teams and are now participating in the 2024\/25 preseason. All of them have different possibilities regarding their future at the club","robots":{"index":"index","follow":"follow","max-snippet":"max-snippet:-1","max-image-preview":"max-image-preview:large","max-video-preview":"max-video-preview:-1"},"canonical":"https:\/\/www.fcbarcelonanoticias.com\/en\/transfers\/solutions-has-in-mind-fc-barcelona-its-special-cases_305684_102.html","og_locale":"en_US","og_type":"article","og_title":"The solutions that FC Barcelona has in mind for its 'special' cases","og_description":"FC Barcelona is aware that it must make a series of decisions regarding players who returned from loans to other teams and are now participating in the 2024\/25 preseason. All of them have different possibilities regarding their future at the club","og_url":"https:\/\/www.fcbarcelonanoticias.com\/en\/transfers\/solutions-has-in-mind-fc-barcelona-its-special-cases_305684_102.html","og_site_name":"EN - FC Barcelona Noticias","article_published_time":"2024-07-22T02:01:00+00:00","article_modified_time":"2024-07-22T04:39:00+00:00","og_image":[{"width":1300,"height":732,"url":"https:\/\/www.fcbarcelonanoticias.com\/en\/wp-content\/uploads\/sites\/2\/2024\/07\/ansu-fati-clement-lenglet-y-eric-garcia.png","type":"image\/png"}],"author":"Kevin G\u00f3mez","twitter_card":"summary_large_image","twitter_misc":{"Written by":"Kevin G\u00f3mez","Est. reading time":"3 minutes"},"schema":{"@context":"https:\/\/schema.org","@graph":[{"@type":"Article","@id":"https:\/\/www.fcbarcelonanoticias.com\/en\/transfers\/solutions-has-in-mind-fc-barcelona-its-special-cases_305684_102.html#article","isPartOf":{"@id":"https:\/\/www.fcbarcelonanoticias.com\/en\/transfers\/solutions-has-in-mind-fc-barcelona-its-special-cases_305684_102.html"},"author":{"name":"Kevin G\u00f3mez","@id":"https:\/\/www.fcbarcelonanoticias.com\/en\/#\/schema\/person\/991443f134df9a64c6874f96ff984c9d"},"headline":"The solutions that FC Barcelona has in mind for its &#8216;special&#8217; cases","datePublished":"2024-07-22T02:01:00+00:00","dateModified":"2024-07-22T04:39:00+00:00","mainEntityOfPage":{"@id":"https:\/\/www.fcbarcelonanoticias.com\/en\/transfers\/solutions-has-in-mind-fc-barcelona-its-special-cases_305684_102.html"},"wordCount":696,"image":{"@id":"https:\/\/www.fcbarcelonanoticias.com\/en\/transfers\/solutions-has-in-mind-fc-barcelona-its-special-cases_305684_102.html#primaryimage"},"thumbnailUrl":"https:\/\/www.fcbarcelonanoticias.com\/en\/wp-content\/uploads\/sites\/2\/2024\/07\/ansu-fati-clement-lenglet-y-eric-garcia.png","keywords":["Juli\u00e1n Araujo","Lenglet"],"articleSection":["Transfers","Transfers"],"inLanguage":"en-US"},{"@type":"WebPage","@id":"https:\/\/www.fcbarcelonanoticias.com\/en\/transfers\/solutions-has-in-mind-fc-barcelona-its-special-cases_305684_102.html","url":"https:\/\/www.fcbarcelonanoticias.com\/en\/transfers\/solutions-has-in-mind-fc-barcelona-its-special-cases_305684_102.html","name":"The solutions that FC Barcelona has in mind for its 'special' cases","isPartOf":{"@id":"https:\/\/www.fcbarcelonanoticias.com\/en\/#website"},"primaryImageOfPage":{"@id":"https:\/\/www.fcbarcelonanoticias.com\/en\/transfers\/solutions-has-in-mind-fc-barcelona-its-special-cases_305684_102.html#primaryimage"},"image":{"@id":"https:\/\/www.fcbarcelonanoticias.com\/en\/transfers\/solutions-has-in-mind-fc-barcelona-its-special-cases_305684_102.html#primaryimage"},"thumbnailUrl":"https:\/\/www.fcbarcelonanoticias.com\/en\/wp-content\/uploads\/sites\/2\/2024\/07\/ansu-fati-clement-lenglet-y-eric-garcia.png","datePublished":"2024-07-22T02:01:00+00:00","dateModified":"2024-07-22T04:39:00+00:00","author":{"@id":"https:\/\/www.fcbarcelonanoticias.com\/en\/#\/schema\/person\/991443f134df9a64c6874f96ff984c9d"},"description":"FC Barcelona is aware that it must make a series of decisions regarding players who returned from loans to other teams and are now participating in the 2024\/25 preseason. All of them have different possibilities regarding their future at the club","breadcrumb":{"@id":"https:\/\/www.fcbarcelonanoticias.com\/en\/transfers\/solutions-has-in-mind-fc-barcelona-its-special-cases_305684_102.html#breadcrumb"},"inLanguage":"en-US","potentialAction":[{"@type":"ReadAction","target":["https:\/\/www.fcbarcelonanoticias.com\/en\/transfers\/solutions-has-in-mind-fc-barcelona-its-special-cases_305684_102.html"]}]},{"@type":"ImageObject","inLanguage":"en-US","@id":"https:\/\/www.fcbarcelonanoticias.com\/en\/transfers\/solutions-has-in-mind-fc-barcelona-its-special-cases_305684_102.html#primaryimage","url":"https:\/\/www.fcbarcelonanoticias.com\/en\/wp-content\/uploads\/sites\/2\/2024\/07\/ansu-fati-clement-lenglet-y-eric-garcia.png","contentUrl":"https:\/\/www.fcbarcelonanoticias.com\/en\/wp-content\/uploads\/sites\/2\/2024\/07\/ansu-fati-clement-lenglet-y-eric-garcia.png","width":1300,"height":732},{"@type":"BreadcrumbList","@id":"https:\/\/www.fcbarcelonanoticias.com\/en\/transfers\/solutions-has-in-mind-fc-barcelona-its-special-cases_305684_102.html#breadcrumb","itemListElement":[{"@type":"ListItem","position":1,"name":"Portada","item":"https:\/\/www.fcbarcelonanoticias.com\/en\/"},{"@type":"ListItem","position":2,"name":"The solutions that FC Barcelona has in mind for its &#8216;special&#8217; cases"}]},{"@type":"WebSite","@id":"https:\/\/www.fcbarcelonanoticias.com\/en\/#website","url":"https:\/\/www.fcbarcelonanoticias.com\/en\/","name":"EN - FC Barcelona Noticias","description":"","potentialAction":[{"@type":"SearchAction","target":{"@type":"EntryPoint","urlTemplate":"https:\/\/www.fcbarcelonanoticias.com\/en\/?s={search_term_string}"},"query-input":{"@type":"PropertyValueSpecification","valueRequired":true,"valueName":"search_term_string"}}],"inLanguage":"en-US"},{"@type":"Person","@id":"https:\/\/www.fcbarcelonanoticias.com\/en\/#\/schema\/person\/991443f134df9a64c6874f96ff984c9d","name":"Kevin G\u00f3mez","image":{"@type":"ImageObject","inLanguage":"en-US","@id":"https:\/\/secure.gravatar.com\/avatar\/?s=96&d=mm&r=g","url":"https:\/\/secure.gravatar.com\/avatar\/?s=96&d=mm&r=g","contentUrl":"https:\/\/secure.gravatar.com\/avatar\/?s=96&d=mm&r=g","caption":"Kevin G\u00f3mez"},"description":"Licenciado\u00a0en Periodismo y Comunicaci\u00f3n Audiovisual. Redactor en FCBN responsable de cubrir toda\u00a0la informaci\u00f3n del FC Barcelona y las principales competiciones de\u00a0f\u00fatbol.","url":"https:\/\/www.fcbarcelonanoticias.com\/en\/jugadores\/kevin-gomez_23_115.html"}]}},"_links":{"self":[{"href":"https:\/\/www.fcbarcelonanoticias.com\/en\/wp-json\/wp\/v2\/posts\/135124","targetHints":{"allow":["GET"]}}],"collection":[{"href":"https:\/\/www.fcbarcelonanoticias.com\/en\/wp-json\/wp\/v2\/posts"}],"about":[{"href":"https:\/\/www.fcbarcelonanoticias.com\/en\/wp-json\/wp\/v2\/types\/post"}],"author":[{"embeddable":true,"href":"https:\/\/www.fcbarcelonanoticias.com\/en\/wp-json\/wp\/v2\/users\/355"}],"replies":[{"embeddable":true,"href":"https:\/\/www.fcbarcelonanoticias.com\/en\/wp-json\/wp\/v2\/comments?post=135124"}],"version-history":[{"count":1,"href":"https:\/\/www.fcbarcelonanoticias.com\/en\/wp-json\/wp\/v2\/posts\/135124\/revisions"}],"predecessor-version":[{"id":139374,"href":"https:\/\/www.fcbarcelonanoticias.com\/en\/wp-json\/wp\/v2\/posts\/135124\/revisions\/139374"}],"wp:featuredmedia":[{"embeddable":true,"href":"https:\/\/www.fcbarcelonanoticias.com\/en\/wp-json\/wp\/v2\/media\/135129"}],"wp:attachment":[{"href":"https:\/\/www.fcbarcelonanoticias.com\/en\/wp-json\/wp\/v2\/media?parent=135124"}],"wp:term":[{"taxonomy":"category","embeddable":true,"href":"https:\/\/www.fcbarcelonanoticias.com\/en\/wp-json\/wp\/v2\/categories?post=135124"},{"taxonomy":"post_tag","embeddable":true,"href":"https:\/\/www.fcbarcelonanoticias.com\/en\/wp-json\/wp\/v2\/tags?post=135124"}],"curies":[{"name":"wp","href":"https:\/\/api.w.org\/{rel}","templated":true}]}}