{"id":135257,"date":"2024-03-08T12:58:00","date_gmt":"2024-03-08T11:58:00","guid":{"rendered":"https:\/\/weisetech.dev\/fc-barcelona-noticias\/en\/the-big-promise-of-the-barca-that-it-wants-to-carry-the-nbsp-tottenham_301512_102\/"},"modified":"2024-03-08T12:58:00","modified_gmt":"2024-03-08T11:58:00","slug":"the-big-promise-of-the-barca-that-it-wants-to-carry-the-nbsp-tottenham_301512_102","status":"publish","type":"post","link":"https:\/\/www.fcbarcelonanoticias.com\/en\/transfers\/the-big-promise-of-the-barca-that-it-wants-to-carry-the-nbsp-tottenham_301512_102.html","title":{"rendered":"The big promise of the Bar\u00e7a that it wants to carry the\u00a0Tottenham"},"content":{"rendered":"<h2 class=\"wp-block-heading\">Dani Rodr\u00edguez is one of the promises that has the FC Barcelona in his subsidiary, on the other hand, the Tottenham is very interested in the Basque player, by what will treat to convince it to draft it in his rows<\/h2>  \r\n<div class=\"article-addons\">\r\n    <a href=\"https:\/\/www.fcbarcelonanoticias.com\/en\/calendar-fc-barcelona.html\"\r\n       target=\"_self\"\r\n       title=\"Calendar of FC Barcelona\"\r\n       class=\"blue-gredient-btn\">\r\n       \r\n        Calendar of FC Barcelona    <\/a>\r\n<\/div>   <p>The FC Barcelona always has characterised for taking out big talents of his quarry, and in these last times, has not been the exception of the case. <a data-external=\"0\" data-intl-links-en=\"https:\/\/www.fcbarcelonanoticias.com\/en\/fc-barcelona\/pau-cubarsi-could-follow-in-its-footsteps-gavi-and-of-lamine-yamal-with-spain_301483_102.html\" data-intl-links-es=\"https:\/\/www.fcbarcelonanoticias.com\/fc-barcelona\/pau-cubarsi-podria-seguir-pasos-gavi-lamine-yamal-con-espana_301483_102.html\" href=\"https:\/\/www.fcbarcelonanoticias.com\/en\/fc-barcelona\/pau-cubarsi-could-follow-in-its-footsteps-gavi-and-of-lamine-yamal-with-spain_301483_102.html\" rel=\"follow\" target=\"_self\" title=\"Pau Cubars\u00ed podr\u00eda seguir los pasos de Gavi y de Lamine Yamal con Espa\u00f1a\">After the irruptions in the first team of players like Gavi, Lamine Yamal and the most recent, Pau Cubars\u00ed,<\/a> do that the teams &#8216;top&#8217; of Europe, watch and follow very closely to the players of &#8216;The Farm&#8217; to motivate them to change of airs and ensure to a possible future star.<\/p>  <p>And it is that, the Tottenham is one of the teams that is interested in &#8216;steal&#8217; a player of the Bar\u00e7a that has a lot potential and is showing it in each party that plays with the subsidiary. <strong>The pointed is Dani Rodr\u00edguez, the Basque player wins his agreement the next 30 June and the renewal is stagnated<\/strong>. It is by this, that the &#8216;Spurs&#8217; follow very closely the situation of the native of Astigarraga, and by means of a tempting offer, convince it of not renewing and join to his sportive project.<\/p>  <h2>Tottenham Or Bar\u00e7a, decision of Dani<\/h2>  <p>The English group, would offer him a good economic agreement, in addition to being able to participate in the meetings so much of the subsidiary as of the first team, thing that in the Bar\u00e7a does not do. It fits to mention that the canterano already <strong>has had participation in some trainings under the orders of Xavi Hern\u00e1ndez<\/strong>. Of equal way, also has had prominence in the Bar\u00e7a Atl\u00e8tic of Rafa M\u00e1rquez.<\/p>  <p>The footballer of 18 years is one of the key pieces of the filial, whereas by the selection is fixed in the sub-19 Spaniard. Therefore, <strong>the Bar\u00e7a will look for at all costs, arrive to an agreement in the renewal of his agreement and that do not finish leaving in condition of free<\/strong>. On the other hand, as it informed &#8216;El Correo&#8217; the Tottenham is not the only interested in Dani, since the attacker also woke up the interest of the team of his earth, the Athletic Club. Finally, it is foreseen that for the next week restart the conversations between the entity cul\u00e9 and Pini Zahavi, representative of the young player.<\/p> ","protected":false},"excerpt":{"rendered":"<p>Dani Rodr\u00edguez is one of the promises that has the FC Barcelona in his subsidiary, on the other hand, the Tottenham is very interested in the Basque player, by what will treat to convince it to draft it in his rows The FC Barcelona always has characterised for taking out big talents of his quarry, [&hellip;]<\/p>\n","protected":false},"author":360,"featured_media":135259,"comment_status":"closed","ping_status":"open","sticky":false,"template":"","format":"standard","meta":{"_acf_changed":false,"inline_featured_image":false,"_nextfly_llmd_date_locked":false,"footnotes":""},"categories":[106,449],"tags":[181,206],"class_list":["post-135257","post","type-post","status-publish","format-standard","has-post-thumbnail","hentry","category-transfers","category-transfers-2","tag-the-masia","tag-tottenham"],"acf":[],"yoast_head":"<!-- This site is optimized with the Yoast SEO plugin v27.3 - https:\/\/yoast.com\/product\/yoast-seo-wordpress\/ -->\n<title>The big promise of the Bar\u00e7a that it wants to carry the&nbsp;Tottenham<\/title>\n<meta name=\"description\" content=\"Dani Rodr\u00edguez is one of the promises that has the FC Barcelona in his subsidiary, on the other hand, the Tottenham is very interested in the Basque player, by what will treat to convince it to draft it in his rows\" \/>\n<meta name=\"robots\" content=\"index, follow, max-snippet:-1, max-image-preview:large, max-video-preview:-1\" \/>\n<link rel=\"canonical\" href=\"https:\/\/www.fcbarcelonanoticias.com\/en\/transfers\/the-big-promise-of-the-barca-that-it-wants-to-carry-the-nbsp-tottenham_301512_102.html\" \/>\n<meta property=\"og:locale\" content=\"en_US\" \/>\n<meta property=\"og:type\" content=\"article\" \/>\n<meta property=\"og:title\" content=\"The big promise of the Bar\u00e7a that it wants to carry the&nbsp;Tottenham\" \/>\n<meta property=\"og:description\" content=\"Dani Rodr\u00edguez is one of the promises that has the FC Barcelona in his subsidiary, on the other hand, the Tottenham is very interested in the Basque player, by what will treat to convince it to draft it in his rows\" \/>\n<meta property=\"og:url\" content=\"https:\/\/www.fcbarcelonanoticias.com\/en\/transfers\/the-big-promise-of-the-barca-that-it-wants-to-carry-the-nbsp-tottenham_301512_102.html\" \/>\n<meta property=\"og:site_name\" content=\"EN - FC Barcelona Noticias\" \/>\n<meta property=\"article:published_time\" content=\"2024-03-08T11:58:00+00:00\" \/>\n<meta property=\"og:image\" content=\"https:\/\/www.fcbarcelonanoticias.com\/en\/wp-content\/uploads\/sites\/2\/2024\/03\/dani-rodriguez-celebrando-su-tanto-ante-el-amberes-en-la-uefa-youth-league.png\" \/>\n\t<meta property=\"og:image:width\" content=\"1300\" \/>\n\t<meta property=\"og:image:height\" content=\"732\" \/>\n\t<meta property=\"og:image:type\" content=\"image\/png\" \/>\n<meta name=\"author\" content=\"Jos\u00e9 Carlos Jaramillo\" \/>\n<meta name=\"twitter:card\" content=\"summary_large_image\" \/>\n<meta name=\"twitter:label1\" content=\"Written by\" \/>\n\t<meta name=\"twitter:data1\" content=\"Jos\u00e9 Carlos Jaramillo\" \/>\n\t<meta name=\"twitter:label2\" content=\"Est. reading time\" \/>\n\t<meta name=\"twitter:data2\" content=\"2 minutes\" \/>\n<script type=\"application\/ld+json\" class=\"yoast-schema-graph\">{\"@context\":\"https:\\\/\\\/schema.org\",\"@graph\":[{\"@type\":\"Article\",\"@id\":\"https:\\\/\\\/www.fcbarcelonanoticias.com\\\/en\\\/transfers\\\/the-big-promise-of-the-barca-that-it-wants-to-carry-the-nbsp-tottenham_301512_102.html#article\",\"isPartOf\":{\"@id\":\"https:\\\/\\\/www.fcbarcelonanoticias.com\\\/en\\\/transfers\\\/the-big-promise-of-the-barca-that-it-wants-to-carry-the-nbsp-tottenham_301512_102.html\"},\"author\":{\"name\":\"Jos\u00e9 Carlos Jaramillo\",\"@id\":\"https:\\\/\\\/www.fcbarcelonanoticias.com\\\/en\\\/#\\\/schema\\\/person\\\/7e0029b6b891133992eecb8d3e9829b8\"},\"headline\":\"The big promise of the Bar\u00e7a that it wants to carry the\u00a0Tottenham\",\"datePublished\":\"2024-03-08T11:58:00+00:00\",\"mainEntityOfPage\":{\"@id\":\"https:\\\/\\\/www.fcbarcelonanoticias.com\\\/en\\\/transfers\\\/the-big-promise-of-the-barca-that-it-wants-to-carry-the-nbsp-tottenham_301512_102.html\"},\"wordCount\":424,\"image\":{\"@id\":\"https:\\\/\\\/www.fcbarcelonanoticias.com\\\/en\\\/transfers\\\/the-big-promise-of-the-barca-that-it-wants-to-carry-the-nbsp-tottenham_301512_102.html#primaryimage\"},\"thumbnailUrl\":\"https:\\\/\\\/www.fcbarcelonanoticias.com\\\/en\\\/wp-content\\\/uploads\\\/sites\\\/2\\\/2024\\\/03\\\/dani-rodriguez-celebrando-su-tanto-ante-el-amberes-en-la-uefa-youth-league.png\",\"keywords\":[\"The Masia\",\"Tottenham\"],\"articleSection\":[\"Transfers\",\"Transfers\"],\"inLanguage\":\"en-US\"},{\"@type\":\"WebPage\",\"@id\":\"https:\\\/\\\/www.fcbarcelonanoticias.com\\\/en\\\/transfers\\\/the-big-promise-of-the-barca-that-it-wants-to-carry-the-nbsp-tottenham_301512_102.html\",\"url\":\"https:\\\/\\\/www.fcbarcelonanoticias.com\\\/en\\\/transfers\\\/the-big-promise-of-the-barca-that-it-wants-to-carry-the-nbsp-tottenham_301512_102.html\",\"name\":\"The big promise of the Bar\u00e7a that it wants to carry the&nbsp;Tottenham\",\"isPartOf\":{\"@id\":\"https:\\\/\\\/www.fcbarcelonanoticias.com\\\/en\\\/#website\"},\"primaryImageOfPage\":{\"@id\":\"https:\\\/\\\/www.fcbarcelonanoticias.com\\\/en\\\/transfers\\\/the-big-promise-of-the-barca-that-it-wants-to-carry-the-nbsp-tottenham_301512_102.html#primaryimage\"},\"image\":{\"@id\":\"https:\\\/\\\/www.fcbarcelonanoticias.com\\\/en\\\/transfers\\\/the-big-promise-of-the-barca-that-it-wants-to-carry-the-nbsp-tottenham_301512_102.html#primaryimage\"},\"thumbnailUrl\":\"https:\\\/\\\/www.fcbarcelonanoticias.com\\\/en\\\/wp-content\\\/uploads\\\/sites\\\/2\\\/2024\\\/03\\\/dani-rodriguez-celebrando-su-tanto-ante-el-amberes-en-la-uefa-youth-league.png\",\"datePublished\":\"2024-03-08T11:58:00+00:00\",\"author\":{\"@id\":\"https:\\\/\\\/www.fcbarcelonanoticias.com\\\/en\\\/#\\\/schema\\\/person\\\/7e0029b6b891133992eecb8d3e9829b8\"},\"description\":\"Dani Rodr\u00edguez is one of the promises that has the FC Barcelona in his subsidiary, on the other hand, the Tottenham is very interested in the Basque player, by what will treat to convince it to draft it in his rows\",\"breadcrumb\":{\"@id\":\"https:\\\/\\\/www.fcbarcelonanoticias.com\\\/en\\\/transfers\\\/the-big-promise-of-the-barca-that-it-wants-to-carry-the-nbsp-tottenham_301512_102.html#breadcrumb\"},\"inLanguage\":\"en-US\",\"potentialAction\":[{\"@type\":\"ReadAction\",\"target\":[\"https:\\\/\\\/www.fcbarcelonanoticias.com\\\/en\\\/transfers\\\/the-big-promise-of-the-barca-that-it-wants-to-carry-the-nbsp-tottenham_301512_102.html\"]}]},{\"@type\":\"ImageObject\",\"inLanguage\":\"en-US\",\"@id\":\"https:\\\/\\\/www.fcbarcelonanoticias.com\\\/en\\\/transfers\\\/the-big-promise-of-the-barca-that-it-wants-to-carry-the-nbsp-tottenham_301512_102.html#primaryimage\",\"url\":\"https:\\\/\\\/www.fcbarcelonanoticias.com\\\/en\\\/wp-content\\\/uploads\\\/sites\\\/2\\\/2024\\\/03\\\/dani-rodriguez-celebrando-su-tanto-ante-el-amberes-en-la-uefa-youth-league.png\",\"contentUrl\":\"https:\\\/\\\/www.fcbarcelonanoticias.com\\\/en\\\/wp-content\\\/uploads\\\/sites\\\/2\\\/2024\\\/03\\\/dani-rodriguez-celebrando-su-tanto-ante-el-amberes-en-la-uefa-youth-league.png\",\"width\":1300,\"height\":732},{\"@type\":\"BreadcrumbList\",\"@id\":\"https:\\\/\\\/www.fcbarcelonanoticias.com\\\/en\\\/transfers\\\/the-big-promise-of-the-barca-that-it-wants-to-carry-the-nbsp-tottenham_301512_102.html#breadcrumb\",\"itemListElement\":[{\"@type\":\"ListItem\",\"position\":1,\"name\":\"Portada\",\"item\":\"https:\\\/\\\/www.fcbarcelonanoticias.com\\\/en\\\/\"},{\"@type\":\"ListItem\",\"position\":2,\"name\":\"The big promise of the Bar\u00e7a that it wants to carry the\u00a0Tottenham\"}]},{\"@type\":\"WebSite\",\"@id\":\"https:\\\/\\\/www.fcbarcelonanoticias.com\\\/en\\\/#website\",\"url\":\"https:\\\/\\\/www.fcbarcelonanoticias.com\\\/en\\\/\",\"name\":\"EN - FC Barcelona Noticias\",\"description\":\"\",\"potentialAction\":[{\"@type\":\"SearchAction\",\"target\":{\"@type\":\"EntryPoint\",\"urlTemplate\":\"https:\\\/\\\/www.fcbarcelonanoticias.com\\\/en\\\/?s={search_term_string}\"},\"query-input\":{\"@type\":\"PropertyValueSpecification\",\"valueRequired\":true,\"valueName\":\"search_term_string\"}}],\"inLanguage\":\"en-US\"},{\"@type\":\"Person\",\"@id\":\"https:\\\/\\\/www.fcbarcelonanoticias.com\\\/en\\\/#\\\/schema\\\/person\\\/7e0029b6b891133992eecb8d3e9829b8\",\"name\":\"Jos\u00e9 Carlos Jaramillo\",\"image\":{\"@type\":\"ImageObject\",\"inLanguage\":\"en-US\",\"@id\":\"https:\\\/\\\/secure.gravatar.com\\\/avatar\\\/?s=96&d=mm&r=g\",\"url\":\"https:\\\/\\\/secure.gravatar.com\\\/avatar\\\/?s=96&d=mm&r=g\",\"contentUrl\":\"https:\\\/\\\/secure.gravatar.com\\\/avatar\\\/?s=96&d=mm&r=g\",\"caption\":\"Jos\u00e9 Carlos Jaramillo\"},\"url\":\"https:\\\/\\\/www.fcbarcelonanoticias.com\\\/en\\\/jose-carlos-jaramillo_26_115.html\"}]}<\/script>\n<!-- \/ Yoast SEO plugin. -->","yoast_head_json":{"title":"The big promise of the Bar\u00e7a that it wants to carry the&nbsp;Tottenham","description":"Dani Rodr\u00edguez is one of the promises that has the FC Barcelona in his subsidiary, on the other hand, the Tottenham is very interested in the Basque player, by what will treat to convince it to draft it in his rows","robots":{"index":"index","follow":"follow","max-snippet":"max-snippet:-1","max-image-preview":"max-image-preview:large","max-video-preview":"max-video-preview:-1"},"canonical":"https:\/\/www.fcbarcelonanoticias.com\/en\/transfers\/the-big-promise-of-the-barca-that-it-wants-to-carry-the-nbsp-tottenham_301512_102.html","og_locale":"en_US","og_type":"article","og_title":"The big promise of the Bar\u00e7a that it wants to carry the&nbsp;Tottenham","og_description":"Dani Rodr\u00edguez is one of the promises that has the FC Barcelona in his subsidiary, on the other hand, the Tottenham is very interested in the Basque player, by what will treat to convince it to draft it in his rows","og_url":"https:\/\/www.fcbarcelonanoticias.com\/en\/transfers\/the-big-promise-of-the-barca-that-it-wants-to-carry-the-nbsp-tottenham_301512_102.html","og_site_name":"EN - FC Barcelona Noticias","article_published_time":"2024-03-08T11:58:00+00:00","og_image":[{"width":1300,"height":732,"url":"https:\/\/www.fcbarcelonanoticias.com\/en\/wp-content\/uploads\/sites\/2\/2024\/03\/dani-rodriguez-celebrando-su-tanto-ante-el-amberes-en-la-uefa-youth-league.png","type":"image\/png"}],"author":"Jos\u00e9 Carlos Jaramillo","twitter_card":"summary_large_image","twitter_misc":{"Written by":"Jos\u00e9 Carlos Jaramillo","Est. reading time":"2 minutes"},"schema":{"@context":"https:\/\/schema.org","@graph":[{"@type":"Article","@id":"https:\/\/www.fcbarcelonanoticias.com\/en\/transfers\/the-big-promise-of-the-barca-that-it-wants-to-carry-the-nbsp-tottenham_301512_102.html#article","isPartOf":{"@id":"https:\/\/www.fcbarcelonanoticias.com\/en\/transfers\/the-big-promise-of-the-barca-that-it-wants-to-carry-the-nbsp-tottenham_301512_102.html"},"author":{"name":"Jos\u00e9 Carlos Jaramillo","@id":"https:\/\/www.fcbarcelonanoticias.com\/en\/#\/schema\/person\/7e0029b6b891133992eecb8d3e9829b8"},"headline":"The big promise of the Bar\u00e7a that it wants to carry the\u00a0Tottenham","datePublished":"2024-03-08T11:58:00+00:00","mainEntityOfPage":{"@id":"https:\/\/www.fcbarcelonanoticias.com\/en\/transfers\/the-big-promise-of-the-barca-that-it-wants-to-carry-the-nbsp-tottenham_301512_102.html"},"wordCount":424,"image":{"@id":"https:\/\/www.fcbarcelonanoticias.com\/en\/transfers\/the-big-promise-of-the-barca-that-it-wants-to-carry-the-nbsp-tottenham_301512_102.html#primaryimage"},"thumbnailUrl":"https:\/\/www.fcbarcelonanoticias.com\/en\/wp-content\/uploads\/sites\/2\/2024\/03\/dani-rodriguez-celebrando-su-tanto-ante-el-amberes-en-la-uefa-youth-league.png","keywords":["The Masia","Tottenham"],"articleSection":["Transfers","Transfers"],"inLanguage":"en-US"},{"@type":"WebPage","@id":"https:\/\/www.fcbarcelonanoticias.com\/en\/transfers\/the-big-promise-of-the-barca-that-it-wants-to-carry-the-nbsp-tottenham_301512_102.html","url":"https:\/\/www.fcbarcelonanoticias.com\/en\/transfers\/the-big-promise-of-the-barca-that-it-wants-to-carry-the-nbsp-tottenham_301512_102.html","name":"The big promise of the Bar\u00e7a that it wants to carry the&nbsp;Tottenham","isPartOf":{"@id":"https:\/\/www.fcbarcelonanoticias.com\/en\/#website"},"primaryImageOfPage":{"@id":"https:\/\/www.fcbarcelonanoticias.com\/en\/transfers\/the-big-promise-of-the-barca-that-it-wants-to-carry-the-nbsp-tottenham_301512_102.html#primaryimage"},"image":{"@id":"https:\/\/www.fcbarcelonanoticias.com\/en\/transfers\/the-big-promise-of-the-barca-that-it-wants-to-carry-the-nbsp-tottenham_301512_102.html#primaryimage"},"thumbnailUrl":"https:\/\/www.fcbarcelonanoticias.com\/en\/wp-content\/uploads\/sites\/2\/2024\/03\/dani-rodriguez-celebrando-su-tanto-ante-el-amberes-en-la-uefa-youth-league.png","datePublished":"2024-03-08T11:58:00+00:00","author":{"@id":"https:\/\/www.fcbarcelonanoticias.com\/en\/#\/schema\/person\/7e0029b6b891133992eecb8d3e9829b8"},"description":"Dani Rodr\u00edguez is one of the promises that has the FC Barcelona in his subsidiary, on the other hand, the Tottenham is very interested in the Basque player, by what will treat to convince it to draft it in his rows","breadcrumb":{"@id":"https:\/\/www.fcbarcelonanoticias.com\/en\/transfers\/the-big-promise-of-the-barca-that-it-wants-to-carry-the-nbsp-tottenham_301512_102.html#breadcrumb"},"inLanguage":"en-US","potentialAction":[{"@type":"ReadAction","target":["https:\/\/www.fcbarcelonanoticias.com\/en\/transfers\/the-big-promise-of-the-barca-that-it-wants-to-carry-the-nbsp-tottenham_301512_102.html"]}]},{"@type":"ImageObject","inLanguage":"en-US","@id":"https:\/\/www.fcbarcelonanoticias.com\/en\/transfers\/the-big-promise-of-the-barca-that-it-wants-to-carry-the-nbsp-tottenham_301512_102.html#primaryimage","url":"https:\/\/www.fcbarcelonanoticias.com\/en\/wp-content\/uploads\/sites\/2\/2024\/03\/dani-rodriguez-celebrando-su-tanto-ante-el-amberes-en-la-uefa-youth-league.png","contentUrl":"https:\/\/www.fcbarcelonanoticias.com\/en\/wp-content\/uploads\/sites\/2\/2024\/03\/dani-rodriguez-celebrando-su-tanto-ante-el-amberes-en-la-uefa-youth-league.png","width":1300,"height":732},{"@type":"BreadcrumbList","@id":"https:\/\/www.fcbarcelonanoticias.com\/en\/transfers\/the-big-promise-of-the-barca-that-it-wants-to-carry-the-nbsp-tottenham_301512_102.html#breadcrumb","itemListElement":[{"@type":"ListItem","position":1,"name":"Portada","item":"https:\/\/www.fcbarcelonanoticias.com\/en\/"},{"@type":"ListItem","position":2,"name":"The big promise of the Bar\u00e7a that it wants to carry the\u00a0Tottenham"}]},{"@type":"WebSite","@id":"https:\/\/www.fcbarcelonanoticias.com\/en\/#website","url":"https:\/\/www.fcbarcelonanoticias.com\/en\/","name":"EN - FC Barcelona Noticias","description":"","potentialAction":[{"@type":"SearchAction","target":{"@type":"EntryPoint","urlTemplate":"https:\/\/www.fcbarcelonanoticias.com\/en\/?s={search_term_string}"},"query-input":{"@type":"PropertyValueSpecification","valueRequired":true,"valueName":"search_term_string"}}],"inLanguage":"en-US"},{"@type":"Person","@id":"https:\/\/www.fcbarcelonanoticias.com\/en\/#\/schema\/person\/7e0029b6b891133992eecb8d3e9829b8","name":"Jos\u00e9 Carlos Jaramillo","image":{"@type":"ImageObject","inLanguage":"en-US","@id":"https:\/\/secure.gravatar.com\/avatar\/?s=96&d=mm&r=g","url":"https:\/\/secure.gravatar.com\/avatar\/?s=96&d=mm&r=g","contentUrl":"https:\/\/secure.gravatar.com\/avatar\/?s=96&d=mm&r=g","caption":"Jos\u00e9 Carlos Jaramillo"},"url":"https:\/\/www.fcbarcelonanoticias.com\/en\/jose-carlos-jaramillo_26_115.html"}]}},"_links":{"self":[{"href":"https:\/\/www.fcbarcelonanoticias.com\/en\/wp-json\/wp\/v2\/posts\/135257","targetHints":{"allow":["GET"]}}],"collection":[{"href":"https:\/\/www.fcbarcelonanoticias.com\/en\/wp-json\/wp\/v2\/posts"}],"about":[{"href":"https:\/\/www.fcbarcelonanoticias.com\/en\/wp-json\/wp\/v2\/types\/post"}],"author":[{"embeddable":true,"href":"https:\/\/www.fcbarcelonanoticias.com\/en\/wp-json\/wp\/v2\/users\/360"}],"replies":[{"embeddable":true,"href":"https:\/\/www.fcbarcelonanoticias.com\/en\/wp-json\/wp\/v2\/comments?post=135257"}],"version-history":[{"count":1,"href":"https:\/\/www.fcbarcelonanoticias.com\/en\/wp-json\/wp\/v2\/posts\/135257\/revisions"}],"predecessor-version":[{"id":139098,"href":"https:\/\/www.fcbarcelonanoticias.com\/en\/wp-json\/wp\/v2\/posts\/135257\/revisions\/139098"}],"wp:featuredmedia":[{"embeddable":true,"href":"https:\/\/www.fcbarcelonanoticias.com\/en\/wp-json\/wp\/v2\/media\/135259"}],"wp:attachment":[{"href":"https:\/\/www.fcbarcelonanoticias.com\/en\/wp-json\/wp\/v2\/media?parent=135257"}],"wp:term":[{"taxonomy":"category","embeddable":true,"href":"https:\/\/www.fcbarcelonanoticias.com\/en\/wp-json\/wp\/v2\/categories?post=135257"},{"taxonomy":"post_tag","embeddable":true,"href":"https:\/\/www.fcbarcelonanoticias.com\/en\/wp-json\/wp\/v2\/tags?post=135257"}],"curies":[{"name":"wp","href":"https:\/\/api.w.org\/{rel}","templated":true}]}}