{"id":135411,"date":"2024-03-06T13:27:00","date_gmt":"2024-03-06T12:27:00","guid":{"rendered":"https:\/\/weisetech.dev\/fc-barcelona-noticias\/en\/signing-for-barca-big-data-points-to-aleix-garcia-as-one-of-the-best-in-laliga_301454_102\/"},"modified":"2024-03-07T01:46:00","modified_gmt":"2024-03-07T00:46:00","slug":"signing-for-barca-big-data-points-to-aleix-garcia-as-one-of-the-best-in-laliga_301454_102","status":"publish","type":"post","link":"https:\/\/www.fcbarcelonanoticias.com\/en\/transfers\/signing-for-barca-big-data-points-to-aleix-garcia-as-one-of-the-best-in-laliga_301454_102.html","title":{"rendered":"Signing for Bar\u00e7a? Big Data points to Aleix Garc\u00eda as one of the best in LaLiga"},"content":{"rendered":"<h2 class=\"wp-block-heading\">Bar\u00e7a know very well that the summer will be the ideal occasion to strengthen the team with a midfielder, and one of the candidates continues to score points in his favor to finally wear the Bar\u00e7a shirt<\/h2>  \r\n<div class=\"article-addons\">\r\n    <a href=\"https:\/\/www.fcbarcelonanoticias.com\/en\/calendar-fc-barcelona.html\"\r\n       target=\"_self\"\r\n       title=\"Calendar of FC Barcelona\"\r\n       class=\"blue-gredient-btn\">\r\n       \r\n        Calendar of FC Barcelona    <\/a>\r\n<\/div>   <p>It does already several years that the technology &#8216;apoder\u00f3&#8217; of the football. The sport is increasingly followed and analysed by statistical programs and of analysis to try project to the players, value better his performances and of course, try situate much better the signings that needs each club. <strong>This last case is the one of the <a data-external=\"0\" data-intl-links-en=\"https:\/\/www.fcbarcelonanoticias.com\/en\/fc-barcelona\/barcas-netflix-fcbarcelona-announces-its-new-tv-with-barca-one_301418_102.html\" data-intl-links-es=\"https:\/\/www.fcbarcelonanoticias.com\/fc-barcelona\/el-netflix-cule-fc-barcelona-anuncia-su-nueva-tv-con-barca-one_301418_102.html\" href=\"https:\/\/www.fcbarcelonanoticias.com\/en\/fc-barcelona\/barcas-netflix-fcbarcelona-announces-its-new-tv-with-barca-one_301418_102.html\" rel=\"follow\" target=\"_self\" title=\"\u00a1El 'Netflix' cul\u00e9! El FC Barcelona anuncia su nueva 'TV' con&nbsp;'Bar\u00e7a&nbsp;One'\">FC Barcelona<\/a> with Aleix Garc\u00eda, the one who according to the Big Dates, is of the three better mediocampistas of LaLiga in the present season.<\/strong><\/p>  <p>And it is that this data is not lower if we take into account that the captain of the Girona has better numbers in several appearances that titled of the Bar\u00e7a like G\u00fcndogan and Of Jong, <strong>in addition to that it could solve <a data-external=\"0\" data-intl-links-en=\"https:\/\/www.fcbarcelonanoticias.com\/en\/transfers\/deja-vu-jorginho-returns-to-barcas-agenda-as-low-cost-option-for-the-pivot_301424_102.html\" data-intl-links-es=\"https:\/\/www.fcbarcelonanoticias.com\/fichajes\/deja-vu-jorginho-regresa-agenda-barca-como-opcion-low-cost-para-el-pivote_301424_102.html\" href=\"https:\/\/www.fcbarcelonanoticias.com\/en\/transfers\/deja-vu-jorginho-returns-to-barcas-agenda-as-low-cost-option-for-the-pivot_301424_102.html\" rel=\"follow\" target=\"_self\" title=\"\u00bfD\u00e9j\u00e0 vu? Jorginho regresa a la agenda del Bar\u00e7a como una opci\u00f3n 'low cost'&nbsp;para&nbsp;el&nbsp;pivote\">the situation of the Barcelona team with the pivote<\/a>, where right now Xavi has tried to improvise with the presence of a central like Christensen. <\/strong>Like this, the statistical analysis has to Aleix very very positioned, so much in participation (28 parties\/2.355 minutes) as in contribution (3 goals\/5 assistances).<\/p>  <h2>The Bar\u00e7a could add to another &#8216;jug\u00f3n&#8217; to his midfield<\/h2>  <p>But besides, the platforms &#8216;Wyscout&#8217; and &#8216;SofaScore&#8217;, signal that Aleix Garc\u00eda is the third player with better assessment of all LaLiga, with a half note of all the statistics that plants him only by behind Jude Bellingham (8.05) and Toni Kroos (7,68), both of the Real Madrid. <strong>Justo afterwards appears the player of the Girona, right now with an average of 7,58.<\/strong><\/p>  <p>Like this it explains it &#8216;Sportive World&#8217; this Wednesday, aiming also that the already international Spanish <strong>is the third player of the championship that more passes gives by party (69,8 of average) and the second in precision of pass (92%), only surpassed by Frenkie in this section (79, 5 go through party and 93% of precision).<\/strong> Kirian Rodr\u00edguez, of The Palms, is slightly by in front of Aleix in number of passes (72,6), but by behind him in precision (89%). The player of the Girona also is the second giving long passes (6,5 of average by party), virtue in which only it surpasses him a specialist of this: Kroos.<\/p>  <h2>Laporta And Deco will bet by an option &#8216;low cost&#8217;?<\/h2>  <p>With this in account, added to that it is a player of 26 years and with negotiable affordable price of some 15 million euros between Girona and Bar\u00e7a, <strong>everything seems to add so that the cul\u00e9s struggle by his signing in summer. <\/strong>Yes that it is true that Aleix has against that it is a footballer that still is not contrasted like pivote in stages like the Champions League or with teams &#8216;big&#8217;, in spite of certainly have formed in the Manchester City.<\/p> ","protected":false},"excerpt":{"rendered":"<p>Bar\u00e7a know very well that the summer will be the ideal occasion to strengthen the team with a midfielder, and one of the candidates continues to score points in his favor to finally wear the Bar\u00e7a shirt It does already several years that the technology &#8216;apoder\u00f3&#8217; of the football. The sport is increasingly followed and [&hellip;]<\/p>\n","protected":false},"author":345,"featured_media":135416,"comment_status":"closed","ping_status":"open","sticky":false,"template":"","format":"standard","meta":{"_acf_changed":false,"inline_featured_image":false,"_nextfly_llmd_date_locked":false,"footnotes":""},"categories":[449,106],"tags":[335,50,158],"class_list":["post-135411","post","type-post","status-publish","format-standard","has-post-thumbnail","hentry","category-transfers-2","category-transfers","tag-deco","tag-girona","tag-joan-laporta"],"acf":[],"yoast_head":"<!-- This site is optimized with the Yoast SEO plugin v27.3 - https:\/\/yoast.com\/product\/yoast-seo-wordpress\/ -->\n<title>Signing for Bar\u00e7a? Big Data points to Aleix Garc\u00eda as one of the best in LaLiga<\/title>\n<meta name=\"description\" content=\"Bar\u00e7a know very well that the summer will be the ideal occasion to strengthen the team with a midfielder, and one of the candidates continues to score points in his favor to finally wear the Bar\u00e7a shirt\" \/>\n<meta name=\"robots\" content=\"index, follow, max-snippet:-1, max-image-preview:large, max-video-preview:-1\" \/>\n<link rel=\"canonical\" href=\"https:\/\/www.fcbarcelonanoticias.com\/en\/transfers\/signing-for-barca-big-data-points-to-aleix-garcia-as-one-of-the-best-in-laliga_301454_102.html\" \/>\n<meta property=\"og:locale\" content=\"en_US\" \/>\n<meta property=\"og:type\" content=\"article\" \/>\n<meta property=\"og:title\" content=\"Signing for Bar\u00e7a? Big Data points to Aleix Garc\u00eda as one of the best in LaLiga\" \/>\n<meta property=\"og:description\" content=\"Bar\u00e7a know very well that the summer will be the ideal occasion to strengthen the team with a midfielder, and one of the candidates continues to score points in his favor to finally wear the Bar\u00e7a shirt\" \/>\n<meta property=\"og:url\" content=\"https:\/\/www.fcbarcelonanoticias.com\/en\/transfers\/signing-for-barca-big-data-points-to-aleix-garcia-as-one-of-the-best-in-laliga_301454_102.html\" \/>\n<meta property=\"og:site_name\" content=\"EN - FC Barcelona Noticias\" \/>\n<meta property=\"article:published_time\" content=\"2024-03-06T12:27:00+00:00\" \/>\n<meta property=\"article:modified_time\" content=\"2024-03-07T00:46:00+00:00\" \/>\n<meta property=\"og:image\" content=\"https:\/\/www.fcbarcelonanoticias.com\/en\/wp-content\/uploads\/sites\/2\/2024\/03\/aleix-garcia-girona-1.jpeg\" \/>\n\t<meta property=\"og:image:width\" content=\"1300\" \/>\n\t<meta property=\"og:image:height\" content=\"734\" \/>\n\t<meta property=\"og:image:type\" content=\"image\/jpeg\" \/>\n<meta name=\"author\" content=\"Carlos Montenegro\" \/>\n<meta name=\"twitter:card\" content=\"summary_large_image\" \/>\n<meta name=\"twitter:label1\" content=\"Written by\" \/>\n\t<meta name=\"twitter:data1\" content=\"Carlos Montenegro\" \/>\n\t<meta name=\"twitter:label2\" content=\"Est. reading time\" \/>\n\t<meta name=\"twitter:data2\" content=\"2 minutes\" \/>\n<script type=\"application\/ld+json\" class=\"yoast-schema-graph\">{\"@context\":\"https:\\\/\\\/schema.org\",\"@graph\":[{\"@type\":\"Article\",\"@id\":\"https:\\\/\\\/www.fcbarcelonanoticias.com\\\/en\\\/transfers\\\/signing-for-barca-big-data-points-to-aleix-garcia-as-one-of-the-best-in-laliga_301454_102.html#article\",\"isPartOf\":{\"@id\":\"https:\\\/\\\/www.fcbarcelonanoticias.com\\\/en\\\/transfers\\\/signing-for-barca-big-data-points-to-aleix-garcia-as-one-of-the-best-in-laliga_301454_102.html\"},\"author\":{\"name\":\"Carlos Montenegro\",\"@id\":\"https:\\\/\\\/www.fcbarcelonanoticias.com\\\/en\\\/#\\\/schema\\\/person\\\/aa1d038709c262cb247e240f6b39bbf5\"},\"headline\":\"Signing for Bar\u00e7a? Big Data points to Aleix Garc\u00eda as one of the best in LaLiga\",\"datePublished\":\"2024-03-06T12:27:00+00:00\",\"dateModified\":\"2024-03-07T00:46:00+00:00\",\"mainEntityOfPage\":{\"@id\":\"https:\\\/\\\/www.fcbarcelonanoticias.com\\\/en\\\/transfers\\\/signing-for-barca-big-data-points-to-aleix-garcia-as-one-of-the-best-in-laliga_301454_102.html\"},\"wordCount\":498,\"image\":{\"@id\":\"https:\\\/\\\/www.fcbarcelonanoticias.com\\\/en\\\/transfers\\\/signing-for-barca-big-data-points-to-aleix-garcia-as-one-of-the-best-in-laliga_301454_102.html#primaryimage\"},\"thumbnailUrl\":\"https:\\\/\\\/www.fcbarcelonanoticias.com\\\/en\\\/wp-content\\\/uploads\\\/sites\\\/2\\\/2024\\\/03\\\/aleix-garcia-girona-1.jpeg\",\"keywords\":[\"Deco\",\"Girona\",\"Joan Laporta\"],\"articleSection\":[\"Transfers\",\"Transfers\"],\"inLanguage\":\"en-US\"},{\"@type\":\"WebPage\",\"@id\":\"https:\\\/\\\/www.fcbarcelonanoticias.com\\\/en\\\/transfers\\\/signing-for-barca-big-data-points-to-aleix-garcia-as-one-of-the-best-in-laliga_301454_102.html\",\"url\":\"https:\\\/\\\/www.fcbarcelonanoticias.com\\\/en\\\/transfers\\\/signing-for-barca-big-data-points-to-aleix-garcia-as-one-of-the-best-in-laliga_301454_102.html\",\"name\":\"Signing for Bar\u00e7a? Big Data points to Aleix Garc\u00eda as one of the best in LaLiga\",\"isPartOf\":{\"@id\":\"https:\\\/\\\/www.fcbarcelonanoticias.com\\\/en\\\/#website\"},\"primaryImageOfPage\":{\"@id\":\"https:\\\/\\\/www.fcbarcelonanoticias.com\\\/en\\\/transfers\\\/signing-for-barca-big-data-points-to-aleix-garcia-as-one-of-the-best-in-laliga_301454_102.html#primaryimage\"},\"image\":{\"@id\":\"https:\\\/\\\/www.fcbarcelonanoticias.com\\\/en\\\/transfers\\\/signing-for-barca-big-data-points-to-aleix-garcia-as-one-of-the-best-in-laliga_301454_102.html#primaryimage\"},\"thumbnailUrl\":\"https:\\\/\\\/www.fcbarcelonanoticias.com\\\/en\\\/wp-content\\\/uploads\\\/sites\\\/2\\\/2024\\\/03\\\/aleix-garcia-girona-1.jpeg\",\"datePublished\":\"2024-03-06T12:27:00+00:00\",\"dateModified\":\"2024-03-07T00:46:00+00:00\",\"author\":{\"@id\":\"https:\\\/\\\/www.fcbarcelonanoticias.com\\\/en\\\/#\\\/schema\\\/person\\\/aa1d038709c262cb247e240f6b39bbf5\"},\"description\":\"Bar\u00e7a know very well that the summer will be the ideal occasion to strengthen the team with a midfielder, and one of the candidates continues to score points in his favor to finally wear the Bar\u00e7a shirt\",\"breadcrumb\":{\"@id\":\"https:\\\/\\\/www.fcbarcelonanoticias.com\\\/en\\\/transfers\\\/signing-for-barca-big-data-points-to-aleix-garcia-as-one-of-the-best-in-laliga_301454_102.html#breadcrumb\"},\"inLanguage\":\"en-US\",\"potentialAction\":[{\"@type\":\"ReadAction\",\"target\":[\"https:\\\/\\\/www.fcbarcelonanoticias.com\\\/en\\\/transfers\\\/signing-for-barca-big-data-points-to-aleix-garcia-as-one-of-the-best-in-laliga_301454_102.html\"]}]},{\"@type\":\"ImageObject\",\"inLanguage\":\"en-US\",\"@id\":\"https:\\\/\\\/www.fcbarcelonanoticias.com\\\/en\\\/transfers\\\/signing-for-barca-big-data-points-to-aleix-garcia-as-one-of-the-best-in-laliga_301454_102.html#primaryimage\",\"url\":\"https:\\\/\\\/www.fcbarcelonanoticias.com\\\/en\\\/wp-content\\\/uploads\\\/sites\\\/2\\\/2024\\\/03\\\/aleix-garcia-girona-1.jpeg\",\"contentUrl\":\"https:\\\/\\\/www.fcbarcelonanoticias.com\\\/en\\\/wp-content\\\/uploads\\\/sites\\\/2\\\/2024\\\/03\\\/aleix-garcia-girona-1.jpeg\",\"width\":1300,\"height\":734},{\"@type\":\"BreadcrumbList\",\"@id\":\"https:\\\/\\\/www.fcbarcelonanoticias.com\\\/en\\\/transfers\\\/signing-for-barca-big-data-points-to-aleix-garcia-as-one-of-the-best-in-laliga_301454_102.html#breadcrumb\",\"itemListElement\":[{\"@type\":\"ListItem\",\"position\":1,\"name\":\"Portada\",\"item\":\"https:\\\/\\\/www.fcbarcelonanoticias.com\\\/en\\\/\"},{\"@type\":\"ListItem\",\"position\":2,\"name\":\"Signing for Bar\u00e7a? Big Data points to Aleix Garc\u00eda as one of the best in LaLiga\"}]},{\"@type\":\"WebSite\",\"@id\":\"https:\\\/\\\/www.fcbarcelonanoticias.com\\\/en\\\/#website\",\"url\":\"https:\\\/\\\/www.fcbarcelonanoticias.com\\\/en\\\/\",\"name\":\"EN - FC Barcelona Noticias\",\"description\":\"\",\"potentialAction\":[{\"@type\":\"SearchAction\",\"target\":{\"@type\":\"EntryPoint\",\"urlTemplate\":\"https:\\\/\\\/www.fcbarcelonanoticias.com\\\/en\\\/?s={search_term_string}\"},\"query-input\":{\"@type\":\"PropertyValueSpecification\",\"valueRequired\":true,\"valueName\":\"search_term_string\"}}],\"inLanguage\":\"en-US\"},{\"@type\":\"Person\",\"@id\":\"https:\\\/\\\/www.fcbarcelonanoticias.com\\\/en\\\/#\\\/schema\\\/person\\\/aa1d038709c262cb247e240f6b39bbf5\",\"name\":\"Carlos Montenegro\",\"image\":{\"@type\":\"ImageObject\",\"inLanguage\":\"en-US\",\"@id\":\"https:\\\/\\\/secure.gravatar.com\\\/avatar\\\/?s=96&d=mm&r=g\",\"url\":\"https:\\\/\\\/secure.gravatar.com\\\/avatar\\\/?s=96&d=mm&r=g\",\"contentUrl\":\"https:\\\/\\\/secure.gravatar.com\\\/avatar\\\/?s=96&d=mm&r=g\",\"caption\":\"Carlos Montenegro\"},\"url\":\"https:\\\/\\\/www.fcbarcelonanoticias.com\\\/en\\\/carlos-montenegro_20_115.html\"}]}<\/script>\n<!-- \/ Yoast SEO plugin. -->","yoast_head_json":{"title":"Signing for Bar\u00e7a? Big Data points to Aleix Garc\u00eda as one of the best in LaLiga","description":"Bar\u00e7a know very well that the summer will be the ideal occasion to strengthen the team with a midfielder, and one of the candidates continues to score points in his favor to finally wear the Bar\u00e7a shirt","robots":{"index":"index","follow":"follow","max-snippet":"max-snippet:-1","max-image-preview":"max-image-preview:large","max-video-preview":"max-video-preview:-1"},"canonical":"https:\/\/www.fcbarcelonanoticias.com\/en\/transfers\/signing-for-barca-big-data-points-to-aleix-garcia-as-one-of-the-best-in-laliga_301454_102.html","og_locale":"en_US","og_type":"article","og_title":"Signing for Bar\u00e7a? Big Data points to Aleix Garc\u00eda as one of the best in LaLiga","og_description":"Bar\u00e7a know very well that the summer will be the ideal occasion to strengthen the team with a midfielder, and one of the candidates continues to score points in his favor to finally wear the Bar\u00e7a shirt","og_url":"https:\/\/www.fcbarcelonanoticias.com\/en\/transfers\/signing-for-barca-big-data-points-to-aleix-garcia-as-one-of-the-best-in-laliga_301454_102.html","og_site_name":"EN - FC Barcelona Noticias","article_published_time":"2024-03-06T12:27:00+00:00","article_modified_time":"2024-03-07T00:46:00+00:00","og_image":[{"width":1300,"height":734,"url":"https:\/\/www.fcbarcelonanoticias.com\/en\/wp-content\/uploads\/sites\/2\/2024\/03\/aleix-garcia-girona-1.jpeg","type":"image\/jpeg"}],"author":"Carlos Montenegro","twitter_card":"summary_large_image","twitter_misc":{"Written by":"Carlos Montenegro","Est. reading time":"2 minutes"},"schema":{"@context":"https:\/\/schema.org","@graph":[{"@type":"Article","@id":"https:\/\/www.fcbarcelonanoticias.com\/en\/transfers\/signing-for-barca-big-data-points-to-aleix-garcia-as-one-of-the-best-in-laliga_301454_102.html#article","isPartOf":{"@id":"https:\/\/www.fcbarcelonanoticias.com\/en\/transfers\/signing-for-barca-big-data-points-to-aleix-garcia-as-one-of-the-best-in-laliga_301454_102.html"},"author":{"name":"Carlos Montenegro","@id":"https:\/\/www.fcbarcelonanoticias.com\/en\/#\/schema\/person\/aa1d038709c262cb247e240f6b39bbf5"},"headline":"Signing for Bar\u00e7a? Big Data points to Aleix Garc\u00eda as one of the best in LaLiga","datePublished":"2024-03-06T12:27:00+00:00","dateModified":"2024-03-07T00:46:00+00:00","mainEntityOfPage":{"@id":"https:\/\/www.fcbarcelonanoticias.com\/en\/transfers\/signing-for-barca-big-data-points-to-aleix-garcia-as-one-of-the-best-in-laliga_301454_102.html"},"wordCount":498,"image":{"@id":"https:\/\/www.fcbarcelonanoticias.com\/en\/transfers\/signing-for-barca-big-data-points-to-aleix-garcia-as-one-of-the-best-in-laliga_301454_102.html#primaryimage"},"thumbnailUrl":"https:\/\/www.fcbarcelonanoticias.com\/en\/wp-content\/uploads\/sites\/2\/2024\/03\/aleix-garcia-girona-1.jpeg","keywords":["Deco","Girona","Joan Laporta"],"articleSection":["Transfers","Transfers"],"inLanguage":"en-US"},{"@type":"WebPage","@id":"https:\/\/www.fcbarcelonanoticias.com\/en\/transfers\/signing-for-barca-big-data-points-to-aleix-garcia-as-one-of-the-best-in-laliga_301454_102.html","url":"https:\/\/www.fcbarcelonanoticias.com\/en\/transfers\/signing-for-barca-big-data-points-to-aleix-garcia-as-one-of-the-best-in-laliga_301454_102.html","name":"Signing for Bar\u00e7a? Big Data points to Aleix Garc\u00eda as one of the best in LaLiga","isPartOf":{"@id":"https:\/\/www.fcbarcelonanoticias.com\/en\/#website"},"primaryImageOfPage":{"@id":"https:\/\/www.fcbarcelonanoticias.com\/en\/transfers\/signing-for-barca-big-data-points-to-aleix-garcia-as-one-of-the-best-in-laliga_301454_102.html#primaryimage"},"image":{"@id":"https:\/\/www.fcbarcelonanoticias.com\/en\/transfers\/signing-for-barca-big-data-points-to-aleix-garcia-as-one-of-the-best-in-laliga_301454_102.html#primaryimage"},"thumbnailUrl":"https:\/\/www.fcbarcelonanoticias.com\/en\/wp-content\/uploads\/sites\/2\/2024\/03\/aleix-garcia-girona-1.jpeg","datePublished":"2024-03-06T12:27:00+00:00","dateModified":"2024-03-07T00:46:00+00:00","author":{"@id":"https:\/\/www.fcbarcelonanoticias.com\/en\/#\/schema\/person\/aa1d038709c262cb247e240f6b39bbf5"},"description":"Bar\u00e7a know very well that the summer will be the ideal occasion to strengthen the team with a midfielder, and one of the candidates continues to score points in his favor to finally wear the Bar\u00e7a shirt","breadcrumb":{"@id":"https:\/\/www.fcbarcelonanoticias.com\/en\/transfers\/signing-for-barca-big-data-points-to-aleix-garcia-as-one-of-the-best-in-laliga_301454_102.html#breadcrumb"},"inLanguage":"en-US","potentialAction":[{"@type":"ReadAction","target":["https:\/\/www.fcbarcelonanoticias.com\/en\/transfers\/signing-for-barca-big-data-points-to-aleix-garcia-as-one-of-the-best-in-laliga_301454_102.html"]}]},{"@type":"ImageObject","inLanguage":"en-US","@id":"https:\/\/www.fcbarcelonanoticias.com\/en\/transfers\/signing-for-barca-big-data-points-to-aleix-garcia-as-one-of-the-best-in-laliga_301454_102.html#primaryimage","url":"https:\/\/www.fcbarcelonanoticias.com\/en\/wp-content\/uploads\/sites\/2\/2024\/03\/aleix-garcia-girona-1.jpeg","contentUrl":"https:\/\/www.fcbarcelonanoticias.com\/en\/wp-content\/uploads\/sites\/2\/2024\/03\/aleix-garcia-girona-1.jpeg","width":1300,"height":734},{"@type":"BreadcrumbList","@id":"https:\/\/www.fcbarcelonanoticias.com\/en\/transfers\/signing-for-barca-big-data-points-to-aleix-garcia-as-one-of-the-best-in-laliga_301454_102.html#breadcrumb","itemListElement":[{"@type":"ListItem","position":1,"name":"Portada","item":"https:\/\/www.fcbarcelonanoticias.com\/en\/"},{"@type":"ListItem","position":2,"name":"Signing for Bar\u00e7a? Big Data points to Aleix Garc\u00eda as one of the best in LaLiga"}]},{"@type":"WebSite","@id":"https:\/\/www.fcbarcelonanoticias.com\/en\/#website","url":"https:\/\/www.fcbarcelonanoticias.com\/en\/","name":"EN - FC Barcelona Noticias","description":"","potentialAction":[{"@type":"SearchAction","target":{"@type":"EntryPoint","urlTemplate":"https:\/\/www.fcbarcelonanoticias.com\/en\/?s={search_term_string}"},"query-input":{"@type":"PropertyValueSpecification","valueRequired":true,"valueName":"search_term_string"}}],"inLanguage":"en-US"},{"@type":"Person","@id":"https:\/\/www.fcbarcelonanoticias.com\/en\/#\/schema\/person\/aa1d038709c262cb247e240f6b39bbf5","name":"Carlos Montenegro","image":{"@type":"ImageObject","inLanguage":"en-US","@id":"https:\/\/secure.gravatar.com\/avatar\/?s=96&d=mm&r=g","url":"https:\/\/secure.gravatar.com\/avatar\/?s=96&d=mm&r=g","contentUrl":"https:\/\/secure.gravatar.com\/avatar\/?s=96&d=mm&r=g","caption":"Carlos Montenegro"},"url":"https:\/\/www.fcbarcelonanoticias.com\/en\/carlos-montenegro_20_115.html"}]}},"_links":{"self":[{"href":"https:\/\/www.fcbarcelonanoticias.com\/en\/wp-json\/wp\/v2\/posts\/135411","targetHints":{"allow":["GET"]}}],"collection":[{"href":"https:\/\/www.fcbarcelonanoticias.com\/en\/wp-json\/wp\/v2\/posts"}],"about":[{"href":"https:\/\/www.fcbarcelonanoticias.com\/en\/wp-json\/wp\/v2\/types\/post"}],"author":[{"embeddable":true,"href":"https:\/\/www.fcbarcelonanoticias.com\/en\/wp-json\/wp\/v2\/users\/345"}],"replies":[{"embeddable":true,"href":"https:\/\/www.fcbarcelonanoticias.com\/en\/wp-json\/wp\/v2\/comments?post=135411"}],"version-history":[{"count":1,"href":"https:\/\/www.fcbarcelonanoticias.com\/en\/wp-json\/wp\/v2\/posts\/135411\/revisions"}],"predecessor-version":[{"id":153616,"href":"https:\/\/www.fcbarcelonanoticias.com\/en\/wp-json\/wp\/v2\/posts\/135411\/revisions\/153616"}],"wp:featuredmedia":[{"embeddable":true,"href":"https:\/\/www.fcbarcelonanoticias.com\/en\/wp-json\/wp\/v2\/media\/135416"}],"wp:attachment":[{"href":"https:\/\/www.fcbarcelonanoticias.com\/en\/wp-json\/wp\/v2\/media?parent=135411"}],"wp:term":[{"taxonomy":"category","embeddable":true,"href":"https:\/\/www.fcbarcelonanoticias.com\/en\/wp-json\/wp\/v2\/categories?post=135411"},{"taxonomy":"post_tag","embeddable":true,"href":"https:\/\/www.fcbarcelonanoticias.com\/en\/wp-json\/wp\/v2\/tags?post=135411"}],"curies":[{"name":"wp","href":"https:\/\/api.w.org\/{rel}","templated":true}]}}