{"id":135432,"date":"2024-11-04T16:10:00","date_gmt":"2024-11-04T15:10:00","guid":{"rendered":"https:\/\/weisetech.dev\/fc-barcelona-noticias\/en\/the-big-of-the-premier-who-would-have-in-mind-trying-to-sign-andreas-christensen-in-january_308387_102\/"},"modified":"2026-04-16T09:59:35","modified_gmt":"2026-04-16T07:59:35","slug":"the-big-of-the-premier-who-would-have-in-mind-trying-to-sign-andreas-christensen-in-january_308387_102","status":"publish","type":"post","link":"https:\/\/www.fcbarcelonanoticias.com\/en\/transfers\/the-big-of-the-premier-who-would-have-in-mind-trying-to-sign-andreas-christensen-in-january_308387_102.html","title":{"rendered":"The &#8216;big&#8217; of the Premier who would have in mind trying to sign Andreas Christensen in January"},"content":{"rendered":"<h2 class=\"wp-block-heading\">One of the &#8216;greats&#8217; of the Premier League would not take a dim view of betting on the signing of Andreas Christensen in the winter market. Which is it? We tell you at FCBN<\/h2>  \r\n<div class=\"article-addons\">\r\n    <a href=\"https:\/\/www.fcbarcelonanoticias.com\/en\/calendar-fc-barcelona.html\"\r\n       target=\"_self\"\r\n       title=\"Calendar of FC Barcelona\"\r\n       class=\"blue-gredient-btn\">\r\n       \r\n        Calendar of FC Barcelona    <\/a>\r\n<\/div>   <p>As has been happening lately, it is common for the name of <strong>Andreas Christensen<\/strong>, despite his outstanding performance either as a defender or midfielder, to be the subject of <a data-external=\"0\" data-intl-links-en=\"https:\/\/www.fcbarcelonanoticias.com\/en\/transfers\/scenario-that-would-make-fc-barcelona-consider-selling-christensen-next-summer_307621_102.html\" data-intl-links-es=\"https:\/\/www.fcbarcelonanoticias.com\/fichajes\/escenario-haria-fc-barcelona-considere-vender-christensen-proximo-verano_307621_102.html\" href=\"https:\/\/www.fcbarcelonanoticias.com\/fichajes\/escenario-haria-fc-barcelona-considere-vender-christensen-proximo-verano_307621_102.html\" rel=\"follow\" target=\"_self\" title=\"The scenario that would make FC Barcelona consider selling Christensen next summer\">various rumors about a possible departure from FC Barcelona<\/a> through a sale. On this occasion, it has not been an exception, and once again the Danish player is amidst speculations pointing to <strong>his departure from the cul\u00e9 team during the upcoming winter market<\/strong>.<\/p>  <p>According to &#8216;El Nacional.cat&#8217;, it is rumored that one of the big clubs in Europe is interested in the services of the Liller\u00f8d native defender. Specifically, the mentioned source suggests that <strong>Manchester United<\/strong>, now under the guidance of Portuguese coach <strong>R\u00faben Amorim<\/strong>, is preparing an offer for <strong>Andreas Christensen<\/strong> to take him away this January.<\/p>  <p>It is said that <strong>Manchester United<\/strong> would be willing to offer around <strong>\u20ac15 million<\/strong> for <strong>Andreas Christensen<\/strong>, an amount that may be below his market value, estimated at 30 million euros, according to &#8216;Transfermarkt&#8217;. Despite this, it is highlighted that <strong>Barcelona<\/strong> would be open to considering the proposal and might even make a counteroffer more in line with the worth of a player of Christensen&#8217;s caliber.<\/p>  <h3>Barcelona Might Not Frown Upon the Sale of Andreas Christensen<\/h3>  <p>At this point, <strong>Barcelona<\/strong> might be receptive to listening to offers for <strong>Andreas Christensen<\/strong>, who is currently recovering from <strong>tendinopathy in his left Achilles<\/strong>. This is partly because the cul\u00e9 team has clear priorities in defense, <strong>relying on Pau Cubars\u00ed and I\u00f1igo Mart\u00ednez<\/strong> as a solid and unmovable central defensive pair, in addition to <a data-external=\"0\" data-intl-links-en=\"https:\/\/www.fcbarcelonanoticias.com\/en\/fc-barcelona\/plan-hansi-flick-with-return-ronald-araujo_308344_102.html\" data-intl-links-es=\"https:\/\/www.fcbarcelonanoticias.com\/fc-barcelona\/plan-hansi-flick-con-regreso-ronald-araujo_308344_102.html\" href=\"https:\/\/www.fcbarcelonanoticias.com\/fc-barcelona\/plan-hansi-flick-con-regreso-ronald-araujo_308344_102.html\" rel=\"follow\" target=\"_self\" title=\"Hansi Flick's plan with the return of Ronald Ara\u00fajo\">the expected prompt return of Ronald Ara\u00fajo by mid-November<\/a>. This situation could imply that the Dane may have few playing opportunities, despite his &#8216;status&#8217; justifying a place in the starting eleven.<\/p>  <p>Furthermore, <strong>Andreas Christensen<\/strong> could also play as a midfielder, but <strong>Barcelona<\/strong> has a considerable number of players in that position. Considering the club&#8217;s current style of play, with <strong>Marc Casad\u00f3<\/strong> and <strong>Pedri Gonz\u00e1lez<\/strong> as a well-established double pivot, and with options like <strong>Gavi and Frenkie de Jong<\/strong> as valuable alternatives, it would not be surprising if the Dane also does not enjoy much playing time in that area of the field. Therefore, he might view a move to a &#8216;top&#8217; team in a league he is familiar with, like the <strong>Premier League<\/strong>, where he had a successful spell with <strong>Chelsea<\/strong>, with favor.<\/p> ","protected":false},"excerpt":{"rendered":"<p>One of the &#8216;greats&#8217; of the Premier League would not take a dim view of betting on the signing of Andreas Christensen in the winter market. Which is it? We tell you at FCBN As has been happening lately, it is common for the name of Andreas Christensen, despite his outstanding performance either as a [&hellip;]<\/p>\n","protected":false},"author":355,"featured_media":135433,"comment_status":"closed","ping_status":"open","sticky":false,"template":"","format":"standard","meta":{"_acf_changed":false,"inline_featured_image":false,"_nextfly_llmd_date_locked":false,"footnotes":""},"categories":[106,449],"tags":[],"class_list":["post-135432","post","type-post","status-publish","format-standard","has-post-thumbnail","hentry","category-transfers","category-transfers-2"],"acf":[],"yoast_head":"<!-- This site is optimized with the Yoast SEO plugin v27.3 - https:\/\/yoast.com\/product\/yoast-seo-wordpress\/ -->\n<title>The &#039;big&#039; of the Premier who would have in mind trying to sign Andreas Christensen in January<\/title>\n<meta name=\"description\" content=\"One of the &#039;greats&#039; of the Premier League would not take a dim view of betting on the signing of Andreas Christensen in the winter market. Which is it? We tell you at FCBN\" \/>\n<meta name=\"robots\" content=\"index, follow, max-snippet:-1, max-image-preview:large, max-video-preview:-1\" \/>\n<link rel=\"canonical\" href=\"https:\/\/www.fcbarcelonanoticias.com\/en\/transfers\/the-big-of-the-premier-who-would-have-in-mind-trying-to-sign-andreas-christensen-in-january_308387_102.html\" \/>\n<meta property=\"og:locale\" content=\"en_US\" \/>\n<meta property=\"og:type\" content=\"article\" \/>\n<meta property=\"og:title\" content=\"The &#039;big&#039; of the Premier who would have in mind trying to sign Andreas Christensen in January\" \/>\n<meta property=\"og:description\" content=\"One of the &#039;greats&#039; of the Premier League would not take a dim view of betting on the signing of Andreas Christensen in the winter market. Which is it? We tell you at FCBN\" \/>\n<meta property=\"og:url\" content=\"https:\/\/www.fcbarcelonanoticias.com\/en\/transfers\/the-big-of-the-premier-who-would-have-in-mind-trying-to-sign-andreas-christensen-in-january_308387_102.html\" \/>\n<meta property=\"og:site_name\" content=\"EN - FC Barcelona Noticias\" \/>\n<meta property=\"article:published_time\" content=\"2024-11-04T15:10:00+00:00\" \/>\n<meta property=\"article:modified_time\" content=\"2026-04-16T07:59:35+00:00\" \/>\n<meta property=\"og:image\" content=\"https:\/\/www.fcbarcelonanoticias.com\/en\/wp-content\/uploads\/sites\/2\/2024\/11\/andreas-christensen-en-el-duelo-entre-el-fc-barcelona-en-el-as-monaco-en-el-trofeo-joan-gamper-2024-25.jpeg\" \/>\n\t<meta property=\"og:image:width\" content=\"1300\" \/>\n\t<meta property=\"og:image:height\" content=\"732\" \/>\n\t<meta property=\"og:image:type\" content=\"image\/jpeg\" \/>\n<meta name=\"author\" content=\"Kevin G\u00f3mez\" \/>\n<meta name=\"twitter:card\" content=\"summary_large_image\" \/>\n<meta name=\"twitter:label1\" content=\"Written by\" \/>\n\t<meta name=\"twitter:data1\" content=\"Kevin G\u00f3mez\" \/>\n\t<meta name=\"twitter:label2\" content=\"Est. reading time\" \/>\n\t<meta name=\"twitter:data2\" content=\"2 minutes\" \/>\n<script type=\"application\/ld+json\" class=\"yoast-schema-graph\">{\"@context\":\"https:\\\/\\\/schema.org\",\"@graph\":[{\"@type\":\"Article\",\"@id\":\"https:\\\/\\\/www.fcbarcelonanoticias.com\\\/en\\\/transfers\\\/the-big-of-the-premier-who-would-have-in-mind-trying-to-sign-andreas-christensen-in-january_308387_102.html#article\",\"isPartOf\":{\"@id\":\"https:\\\/\\\/www.fcbarcelonanoticias.com\\\/en\\\/transfers\\\/the-big-of-the-premier-who-would-have-in-mind-trying-to-sign-andreas-christensen-in-january_308387_102.html\"},\"author\":{\"name\":\"Kevin G\u00f3mez\",\"@id\":\"https:\\\/\\\/www.fcbarcelonanoticias.com\\\/en\\\/#\\\/schema\\\/person\\\/991443f134df9a64c6874f96ff984c9d\"},\"headline\":\"The &#8216;big&#8217; of the Premier who would have in mind trying to sign Andreas Christensen in January\",\"datePublished\":\"2024-11-04T15:10:00+00:00\",\"dateModified\":\"2026-04-16T07:59:35+00:00\",\"mainEntityOfPage\":{\"@id\":\"https:\\\/\\\/www.fcbarcelonanoticias.com\\\/en\\\/transfers\\\/the-big-of-the-premier-who-would-have-in-mind-trying-to-sign-andreas-christensen-in-january_308387_102.html\"},\"wordCount\":448,\"image\":{\"@id\":\"https:\\\/\\\/www.fcbarcelonanoticias.com\\\/en\\\/transfers\\\/the-big-of-the-premier-who-would-have-in-mind-trying-to-sign-andreas-christensen-in-january_308387_102.html#primaryimage\"},\"thumbnailUrl\":\"https:\\\/\\\/www.fcbarcelonanoticias.com\\\/en\\\/wp-content\\\/uploads\\\/sites\\\/2\\\/2024\\\/11\\\/andreas-christensen-en-el-duelo-entre-el-fc-barcelona-en-el-as-monaco-en-el-trofeo-joan-gamper-2024-25.jpeg\",\"articleSection\":[\"Transfers\",\"Transfers\"],\"inLanguage\":\"en-US\"},{\"@type\":\"WebPage\",\"@id\":\"https:\\\/\\\/www.fcbarcelonanoticias.com\\\/en\\\/transfers\\\/the-big-of-the-premier-who-would-have-in-mind-trying-to-sign-andreas-christensen-in-january_308387_102.html\",\"url\":\"https:\\\/\\\/www.fcbarcelonanoticias.com\\\/en\\\/transfers\\\/the-big-of-the-premier-who-would-have-in-mind-trying-to-sign-andreas-christensen-in-january_308387_102.html\",\"name\":\"The 'big' of the Premier who would have in mind trying to sign Andreas Christensen in January\",\"isPartOf\":{\"@id\":\"https:\\\/\\\/www.fcbarcelonanoticias.com\\\/en\\\/#website\"},\"primaryImageOfPage\":{\"@id\":\"https:\\\/\\\/www.fcbarcelonanoticias.com\\\/en\\\/transfers\\\/the-big-of-the-premier-who-would-have-in-mind-trying-to-sign-andreas-christensen-in-january_308387_102.html#primaryimage\"},\"image\":{\"@id\":\"https:\\\/\\\/www.fcbarcelonanoticias.com\\\/en\\\/transfers\\\/the-big-of-the-premier-who-would-have-in-mind-trying-to-sign-andreas-christensen-in-january_308387_102.html#primaryimage\"},\"thumbnailUrl\":\"https:\\\/\\\/www.fcbarcelonanoticias.com\\\/en\\\/wp-content\\\/uploads\\\/sites\\\/2\\\/2024\\\/11\\\/andreas-christensen-en-el-duelo-entre-el-fc-barcelona-en-el-as-monaco-en-el-trofeo-joan-gamper-2024-25.jpeg\",\"datePublished\":\"2024-11-04T15:10:00+00:00\",\"dateModified\":\"2026-04-16T07:59:35+00:00\",\"author\":{\"@id\":\"https:\\\/\\\/www.fcbarcelonanoticias.com\\\/en\\\/#\\\/schema\\\/person\\\/991443f134df9a64c6874f96ff984c9d\"},\"description\":\"One of the 'greats' of the Premier League would not take a dim view of betting on the signing of Andreas Christensen in the winter market. Which is it? We tell you at FCBN\",\"breadcrumb\":{\"@id\":\"https:\\\/\\\/www.fcbarcelonanoticias.com\\\/en\\\/transfers\\\/the-big-of-the-premier-who-would-have-in-mind-trying-to-sign-andreas-christensen-in-january_308387_102.html#breadcrumb\"},\"inLanguage\":\"en-US\",\"potentialAction\":[{\"@type\":\"ReadAction\",\"target\":[\"https:\\\/\\\/www.fcbarcelonanoticias.com\\\/en\\\/transfers\\\/the-big-of-the-premier-who-would-have-in-mind-trying-to-sign-andreas-christensen-in-january_308387_102.html\"]}]},{\"@type\":\"ImageObject\",\"inLanguage\":\"en-US\",\"@id\":\"https:\\\/\\\/www.fcbarcelonanoticias.com\\\/en\\\/transfers\\\/the-big-of-the-premier-who-would-have-in-mind-trying-to-sign-andreas-christensen-in-january_308387_102.html#primaryimage\",\"url\":\"https:\\\/\\\/www.fcbarcelonanoticias.com\\\/en\\\/wp-content\\\/uploads\\\/sites\\\/2\\\/2024\\\/11\\\/andreas-christensen-en-el-duelo-entre-el-fc-barcelona-en-el-as-monaco-en-el-trofeo-joan-gamper-2024-25.jpeg\",\"contentUrl\":\"https:\\\/\\\/www.fcbarcelonanoticias.com\\\/en\\\/wp-content\\\/uploads\\\/sites\\\/2\\\/2024\\\/11\\\/andreas-christensen-en-el-duelo-entre-el-fc-barcelona-en-el-as-monaco-en-el-trofeo-joan-gamper-2024-25.jpeg\",\"width\":1300,\"height\":732},{\"@type\":\"BreadcrumbList\",\"@id\":\"https:\\\/\\\/www.fcbarcelonanoticias.com\\\/en\\\/transfers\\\/the-big-of-the-premier-who-would-have-in-mind-trying-to-sign-andreas-christensen-in-january_308387_102.html#breadcrumb\",\"itemListElement\":[{\"@type\":\"ListItem\",\"position\":1,\"name\":\"Portada\",\"item\":\"https:\\\/\\\/www.fcbarcelonanoticias.com\\\/en\\\/\"},{\"@type\":\"ListItem\",\"position\":2,\"name\":\"The &#8216;big&#8217; of the Premier who would have in mind trying to sign Andreas Christensen in January\"}]},{\"@type\":\"WebSite\",\"@id\":\"https:\\\/\\\/www.fcbarcelonanoticias.com\\\/en\\\/#website\",\"url\":\"https:\\\/\\\/www.fcbarcelonanoticias.com\\\/en\\\/\",\"name\":\"EN - FC Barcelona Noticias\",\"description\":\"\",\"potentialAction\":[{\"@type\":\"SearchAction\",\"target\":{\"@type\":\"EntryPoint\",\"urlTemplate\":\"https:\\\/\\\/www.fcbarcelonanoticias.com\\\/en\\\/?s={search_term_string}\"},\"query-input\":{\"@type\":\"PropertyValueSpecification\",\"valueRequired\":true,\"valueName\":\"search_term_string\"}}],\"inLanguage\":\"en-US\"},{\"@type\":\"Person\",\"@id\":\"https:\\\/\\\/www.fcbarcelonanoticias.com\\\/en\\\/#\\\/schema\\\/person\\\/991443f134df9a64c6874f96ff984c9d\",\"name\":\"Kevin G\u00f3mez\",\"image\":{\"@type\":\"ImageObject\",\"inLanguage\":\"en-US\",\"@id\":\"https:\\\/\\\/secure.gravatar.com\\\/avatar\\\/?s=96&d=mm&r=g\",\"url\":\"https:\\\/\\\/secure.gravatar.com\\\/avatar\\\/?s=96&d=mm&r=g\",\"contentUrl\":\"https:\\\/\\\/secure.gravatar.com\\\/avatar\\\/?s=96&d=mm&r=g\",\"caption\":\"Kevin G\u00f3mez\"},\"description\":\"Licenciado\u00a0en Periodismo y Comunicaci\u00f3n Audiovisual. Redactor en FCBN responsable de cubrir toda\u00a0la informaci\u00f3n del FC Barcelona y las principales competiciones de\u00a0f\u00fatbol.\",\"url\":\"https:\\\/\\\/www.fcbarcelonanoticias.com\\\/en\\\/jugadores\\\/kevin-gomez_23_115.html\"}]}<\/script>\n<!-- \/ Yoast SEO plugin. -->","yoast_head_json":{"title":"The 'big' of the Premier who would have in mind trying to sign Andreas Christensen in January","description":"One of the 'greats' of the Premier League would not take a dim view of betting on the signing of Andreas Christensen in the winter market. Which is it? We tell you at FCBN","robots":{"index":"index","follow":"follow","max-snippet":"max-snippet:-1","max-image-preview":"max-image-preview:large","max-video-preview":"max-video-preview:-1"},"canonical":"https:\/\/www.fcbarcelonanoticias.com\/en\/transfers\/the-big-of-the-premier-who-would-have-in-mind-trying-to-sign-andreas-christensen-in-january_308387_102.html","og_locale":"en_US","og_type":"article","og_title":"The 'big' of the Premier who would have in mind trying to sign Andreas Christensen in January","og_description":"One of the 'greats' of the Premier League would not take a dim view of betting on the signing of Andreas Christensen in the winter market. Which is it? We tell you at FCBN","og_url":"https:\/\/www.fcbarcelonanoticias.com\/en\/transfers\/the-big-of-the-premier-who-would-have-in-mind-trying-to-sign-andreas-christensen-in-january_308387_102.html","og_site_name":"EN - FC Barcelona Noticias","article_published_time":"2024-11-04T15:10:00+00:00","article_modified_time":"2026-04-16T07:59:35+00:00","og_image":[{"width":1300,"height":732,"url":"https:\/\/www.fcbarcelonanoticias.com\/en\/wp-content\/uploads\/sites\/2\/2024\/11\/andreas-christensen-en-el-duelo-entre-el-fc-barcelona-en-el-as-monaco-en-el-trofeo-joan-gamper-2024-25.jpeg","type":"image\/jpeg"}],"author":"Kevin G\u00f3mez","twitter_card":"summary_large_image","twitter_misc":{"Written by":"Kevin G\u00f3mez","Est. reading time":"2 minutes"},"schema":{"@context":"https:\/\/schema.org","@graph":[{"@type":"Article","@id":"https:\/\/www.fcbarcelonanoticias.com\/en\/transfers\/the-big-of-the-premier-who-would-have-in-mind-trying-to-sign-andreas-christensen-in-january_308387_102.html#article","isPartOf":{"@id":"https:\/\/www.fcbarcelonanoticias.com\/en\/transfers\/the-big-of-the-premier-who-would-have-in-mind-trying-to-sign-andreas-christensen-in-january_308387_102.html"},"author":{"name":"Kevin G\u00f3mez","@id":"https:\/\/www.fcbarcelonanoticias.com\/en\/#\/schema\/person\/991443f134df9a64c6874f96ff984c9d"},"headline":"The &#8216;big&#8217; of the Premier who would have in mind trying to sign Andreas Christensen in January","datePublished":"2024-11-04T15:10:00+00:00","dateModified":"2026-04-16T07:59:35+00:00","mainEntityOfPage":{"@id":"https:\/\/www.fcbarcelonanoticias.com\/en\/transfers\/the-big-of-the-premier-who-would-have-in-mind-trying-to-sign-andreas-christensen-in-january_308387_102.html"},"wordCount":448,"image":{"@id":"https:\/\/www.fcbarcelonanoticias.com\/en\/transfers\/the-big-of-the-premier-who-would-have-in-mind-trying-to-sign-andreas-christensen-in-january_308387_102.html#primaryimage"},"thumbnailUrl":"https:\/\/www.fcbarcelonanoticias.com\/en\/wp-content\/uploads\/sites\/2\/2024\/11\/andreas-christensen-en-el-duelo-entre-el-fc-barcelona-en-el-as-monaco-en-el-trofeo-joan-gamper-2024-25.jpeg","articleSection":["Transfers","Transfers"],"inLanguage":"en-US"},{"@type":"WebPage","@id":"https:\/\/www.fcbarcelonanoticias.com\/en\/transfers\/the-big-of-the-premier-who-would-have-in-mind-trying-to-sign-andreas-christensen-in-january_308387_102.html","url":"https:\/\/www.fcbarcelonanoticias.com\/en\/transfers\/the-big-of-the-premier-who-would-have-in-mind-trying-to-sign-andreas-christensen-in-january_308387_102.html","name":"The 'big' of the Premier who would have in mind trying to sign Andreas Christensen in January","isPartOf":{"@id":"https:\/\/www.fcbarcelonanoticias.com\/en\/#website"},"primaryImageOfPage":{"@id":"https:\/\/www.fcbarcelonanoticias.com\/en\/transfers\/the-big-of-the-premier-who-would-have-in-mind-trying-to-sign-andreas-christensen-in-january_308387_102.html#primaryimage"},"image":{"@id":"https:\/\/www.fcbarcelonanoticias.com\/en\/transfers\/the-big-of-the-premier-who-would-have-in-mind-trying-to-sign-andreas-christensen-in-january_308387_102.html#primaryimage"},"thumbnailUrl":"https:\/\/www.fcbarcelonanoticias.com\/en\/wp-content\/uploads\/sites\/2\/2024\/11\/andreas-christensen-en-el-duelo-entre-el-fc-barcelona-en-el-as-monaco-en-el-trofeo-joan-gamper-2024-25.jpeg","datePublished":"2024-11-04T15:10:00+00:00","dateModified":"2026-04-16T07:59:35+00:00","author":{"@id":"https:\/\/www.fcbarcelonanoticias.com\/en\/#\/schema\/person\/991443f134df9a64c6874f96ff984c9d"},"description":"One of the 'greats' of the Premier League would not take a dim view of betting on the signing of Andreas Christensen in the winter market. Which is it? We tell you at FCBN","breadcrumb":{"@id":"https:\/\/www.fcbarcelonanoticias.com\/en\/transfers\/the-big-of-the-premier-who-would-have-in-mind-trying-to-sign-andreas-christensen-in-january_308387_102.html#breadcrumb"},"inLanguage":"en-US","potentialAction":[{"@type":"ReadAction","target":["https:\/\/www.fcbarcelonanoticias.com\/en\/transfers\/the-big-of-the-premier-who-would-have-in-mind-trying-to-sign-andreas-christensen-in-january_308387_102.html"]}]},{"@type":"ImageObject","inLanguage":"en-US","@id":"https:\/\/www.fcbarcelonanoticias.com\/en\/transfers\/the-big-of-the-premier-who-would-have-in-mind-trying-to-sign-andreas-christensen-in-january_308387_102.html#primaryimage","url":"https:\/\/www.fcbarcelonanoticias.com\/en\/wp-content\/uploads\/sites\/2\/2024\/11\/andreas-christensen-en-el-duelo-entre-el-fc-barcelona-en-el-as-monaco-en-el-trofeo-joan-gamper-2024-25.jpeg","contentUrl":"https:\/\/www.fcbarcelonanoticias.com\/en\/wp-content\/uploads\/sites\/2\/2024\/11\/andreas-christensen-en-el-duelo-entre-el-fc-barcelona-en-el-as-monaco-en-el-trofeo-joan-gamper-2024-25.jpeg","width":1300,"height":732},{"@type":"BreadcrumbList","@id":"https:\/\/www.fcbarcelonanoticias.com\/en\/transfers\/the-big-of-the-premier-who-would-have-in-mind-trying-to-sign-andreas-christensen-in-january_308387_102.html#breadcrumb","itemListElement":[{"@type":"ListItem","position":1,"name":"Portada","item":"https:\/\/www.fcbarcelonanoticias.com\/en\/"},{"@type":"ListItem","position":2,"name":"The &#8216;big&#8217; of the Premier who would have in mind trying to sign Andreas Christensen in January"}]},{"@type":"WebSite","@id":"https:\/\/www.fcbarcelonanoticias.com\/en\/#website","url":"https:\/\/www.fcbarcelonanoticias.com\/en\/","name":"EN - FC Barcelona Noticias","description":"","potentialAction":[{"@type":"SearchAction","target":{"@type":"EntryPoint","urlTemplate":"https:\/\/www.fcbarcelonanoticias.com\/en\/?s={search_term_string}"},"query-input":{"@type":"PropertyValueSpecification","valueRequired":true,"valueName":"search_term_string"}}],"inLanguage":"en-US"},{"@type":"Person","@id":"https:\/\/www.fcbarcelonanoticias.com\/en\/#\/schema\/person\/991443f134df9a64c6874f96ff984c9d","name":"Kevin G\u00f3mez","image":{"@type":"ImageObject","inLanguage":"en-US","@id":"https:\/\/secure.gravatar.com\/avatar\/?s=96&d=mm&r=g","url":"https:\/\/secure.gravatar.com\/avatar\/?s=96&d=mm&r=g","contentUrl":"https:\/\/secure.gravatar.com\/avatar\/?s=96&d=mm&r=g","caption":"Kevin G\u00f3mez"},"description":"Licenciado\u00a0en Periodismo y Comunicaci\u00f3n Audiovisual. Redactor en FCBN responsable de cubrir toda\u00a0la informaci\u00f3n del FC Barcelona y las principales competiciones de\u00a0f\u00fatbol.","url":"https:\/\/www.fcbarcelonanoticias.com\/en\/jugadores\/kevin-gomez_23_115.html"}]}},"_links":{"self":[{"href":"https:\/\/www.fcbarcelonanoticias.com\/en\/wp-json\/wp\/v2\/posts\/135432","targetHints":{"allow":["GET"]}}],"collection":[{"href":"https:\/\/www.fcbarcelonanoticias.com\/en\/wp-json\/wp\/v2\/posts"}],"about":[{"href":"https:\/\/www.fcbarcelonanoticias.com\/en\/wp-json\/wp\/v2\/types\/post"}],"author":[{"embeddable":true,"href":"https:\/\/www.fcbarcelonanoticias.com\/en\/wp-json\/wp\/v2\/users\/355"}],"replies":[{"embeddable":true,"href":"https:\/\/www.fcbarcelonanoticias.com\/en\/wp-json\/wp\/v2\/comments?post=135432"}],"version-history":[{"count":3,"href":"https:\/\/www.fcbarcelonanoticias.com\/en\/wp-json\/wp\/v2\/posts\/135432\/revisions"}],"predecessor-version":[{"id":183362,"href":"https:\/\/www.fcbarcelonanoticias.com\/en\/wp-json\/wp\/v2\/posts\/135432\/revisions\/183362"}],"wp:featuredmedia":[{"embeddable":true,"href":"https:\/\/www.fcbarcelonanoticias.com\/en\/wp-json\/wp\/v2\/media\/135433"}],"wp:attachment":[{"href":"https:\/\/www.fcbarcelonanoticias.com\/en\/wp-json\/wp\/v2\/media?parent=135432"}],"wp:term":[{"taxonomy":"category","embeddable":true,"href":"https:\/\/www.fcbarcelonanoticias.com\/en\/wp-json\/wp\/v2\/categories?post=135432"},{"taxonomy":"post_tag","embeddable":true,"href":"https:\/\/www.fcbarcelonanoticias.com\/en\/wp-json\/wp\/v2\/tags?post=135432"}],"curies":[{"name":"wp","href":"https:\/\/api.w.org\/{rel}","templated":true}]}}