{"id":135437,"date":"2023-08-08T18:12:00","date_gmt":"2023-08-08T16:12:00","guid":{"rendered":"https:\/\/weisetech.dev\/fc-barcelona-noticias\/en\/stick-from-al-khelaifi-to-mbappe-who-is-pushed-out-of-psg_294918_102\/"},"modified":"2023-08-08T18:12:00","modified_gmt":"2023-08-08T16:12:00","slug":"stick-from-al-khelaifi-to-mbappe-who-is-pushed-out-of-psg_294918_102","status":"publish","type":"post","link":"https:\/\/www.fcbarcelonanoticias.com\/en\/transfers\/stick-from-al-khelaifi-to-mbappe-who-is-pushed-out-of-psg_294918_102.html","title":{"rendered":"&#8216;Stick&#8217; from Al-Khela\u00effi to Mbapp\u00e9, who is pushed out of PSG"},"content":{"rendered":"<h2 class=\"wp-block-heading\">A new chapter opens in the &#8216;Mbapp\u00e9 soap opera&#8217;.  On this occasion, the club&#8217;s president, Nasser Al-Khelaifi, took advantage of Gon\u00e7alo Ramos&#8217; presentation to the media to issue some &#8216;spicy&#8217; statements that were interpreted as an implicit message to &#8216;Donatello&#8217;<\/h2>  \r\n<div class=\"article-addons\">\r\n    <a href=\"https:\/\/www.fcbarcelonanoticias.com\/en\/calendar-fc-barcelona.html\"\r\n       target=\"_self\"\r\n       title=\"Calendar of FC Barcelona\"\r\n       class=\"blue-gredient-btn\">\r\n       \r\n        Calendar of FC Barcelona    <\/a>\r\n<\/div>   <p><strong>The &#8216;cold war&#8217; between Paris Saint-Germain and Kylian Mbapp\u00e9 continues<\/strong>. In this occasion, the president of the Parisian club, Nasser To the-Khela\u00effi, has been the one who has asestado the hit, since it took advantage of the <a data-external=\"0\" data-intl-links-en=\"https:\/\/www.fcbarcelonanoticias.com\/en\/transfers\/official-psg-file-goncalo-ramos-increases-pressure-on-mbappe_294895_102.html\" data-intl-links-es=\"https:\/\/www.fcbarcelonanoticias.com\/fichajes\/oficial-psg-ficha-goncalo-ramos-aumenta-presion-sobre-mbappe_294895_102.html\" href=\"https:\/\/www.fcbarcelonanoticias.com\/en\/transfers\/official-psg-file-goncalo-ramos-increases-pressure-on-mbappe_294895_102.html\" rel=\"follow\" target=\"_self\" title=\"OFICIAL: El PSG ficha a Gon\u00e7alo Ramos y aumenta su presi\u00f3n sobre Mbapp\u00e9\">presentation of the Portuguese forward Gon\u00e7alo Bouquets<\/a>, yielded by the Benfica with an option of compulsory purchase of 65 million euros more 15 variables, for &#8216;leave him a &#8216;recado&#8217; to &#8216;Donatello&#8217;.<\/p>  <p>The maximum leader of the club expressed: &#8220;we Are loved to welcome Gon\u00e7alo Bouquets to the family of the PSG like our newer forward and ilusionante. It is a young international player fantastic and very motivated that struggles by the team. <strong>This is the type of players that want in the future of our big institution<\/strong>&#8220;. This last sentence can interpret like a &#8216;attack&#8217; to &#8216;The Turtle&#8217;.<\/p>  <h2>Mbapp\u00e9 Still trains with the descartes of the PSG<\/h2>  <p>By his part, <strong>Mbapp\u00e9 follows training in Poissy with the players descartados<\/strong>, still after the first team already finds in Paris after contesting one turns of four meetings by Asian territory, to which the &#8216;7&#8217; of Bondy did not assist. This has been one of the a lot of reprisals that have taken against &#8216;Donatello&#8217; been due to his <a data-external=\"0\" data-intl-links-en=\"https:\/\/www.fcbarcelonanoticias.com\/en\/transfers\/once-again-kylian-mbappe-rejects-to-renew-with-psg_294834_102.html\" data-intl-links-es=\"https:\/\/www.fcbarcelonanoticias.com\/fichajes\/una-vez-mas-kylian-mbappe-rechaza-renovar-con-psg_294834_102.html\" href=\"https:\/\/www.fcbarcelonanoticias.com\/en\/transfers\/once-again-kylian-mbappe-rejects-to-renew-with-psg_294834_102.html\" rel=\"follow\" target=\"_self\" title=\"\u00a1Una vez m\u00e1s! Kylian Mbapp\u00e9 rechaza renovar con el PSG\">wish of not renewing with the Parisian square<\/a> and leave free in 2024 without leaving neither a euro in the arks of his current combined. Another of the &#8216;charged&#8217; that has had to bear the ex of the Monaco <strong>have been the &#8216;threats&#8217; to leave it in the terracing during all the next campaign<\/strong>, delete his image of the installations and the web page of the club, and other small &#8216;pulsitos&#8217; to which the French seems to confront without at least inmutarse. In this occasion, the &#8216;Frenchman&#8217; did not detain to sign autographs neither to take photos with the fans that gathered to the doors of the centre of training in Poissy, as it had done it in previous occasions. Besides, no it saw him neither with To the-Khela\u00effi neither with the trainer Luis Enrique.<\/p>  <h2>The Real Madrid still no &#8216;moves index card&#8217;<\/h2>  <p>The Real Madrid, <strong>that seems to be the only destination considered by Kylian Mbapp\u00e9 after not valuing the offers of the To the Hilal and Chelsea<\/strong>, has not taken any action by the player. They have remained as &#8216;viewers VIP&#8217; in the game of chess that are playing the French and the Paris Saint-Germain. The merengues, when knowing that have the advantage, have been cautious in the negotiations, since they do not want to repeat the errors of the market of previous signings. No descarta that they expect until the last instants of the market to do a proposal in conditions, an ofrecimiento that the Parisians expect that it was not to the height of his economic pretences by the &#8216;7&#8217; of Bondy and from the c\u00fapula French also intuyen that the &#8216;crack&#8217; already would have a draft agreement with the group of Chamart\u00edn, the one who probably do not do economic offers so ostentosas, because it knows that the player will remain free prompt. And costing also of the need of PSG to negotiate prontamente the exit of the &#8216;Frenchman&#8217; of his rows<\/p> ","protected":false},"excerpt":{"rendered":"<p>A new chapter opens in the &#8216;Mbapp\u00e9 soap opera&#8217;. On this occasion, the club&#8217;s president, Nasser Al-Khelaifi, took advantage of Gon\u00e7alo Ramos&#8217; presentation to the media to issue some &#8216;spicy&#8217; statements that were interpreted as an implicit message to &#8216;Donatello&#8217; The &#8216;cold war&#8217; between Paris Saint-Germain and Kylian Mbapp\u00e9 continues. In this occasion, the president [&hellip;]<\/p>\n","protected":false},"author":355,"featured_media":135442,"comment_status":"closed","ping_status":"open","sticky":false,"template":"","format":"standard","meta":{"_acf_changed":false,"inline_featured_image":false,"_nextfly_llmd_date_locked":false,"footnotes":""},"categories":[106,449],"tags":[171,88],"class_list":["post-135437","post","type-post","status-publish","format-standard","has-post-thumbnail","hentry","category-transfers","category-transfers-2","tag-mbappe","tag-paris-saint-germain"],"acf":[],"yoast_head":"<!-- This site is optimized with the Yoast SEO plugin v27.3 - https:\/\/yoast.com\/product\/yoast-seo-wordpress\/ -->\n<title>&#039;Stick&#039; from Al-Khela\u00effi to Mbapp\u00e9, who is pushed out of PSG<\/title>\n<meta name=\"description\" content=\"A new chapter opens in the &#039;Mbapp\u00e9 soap opera&#039;. On this occasion, the club&#039;s president, Nasser Al-Khelaifi, took advantage of Gon\u00e7alo Ramos&#039; presentation to the media to issue some &#039;spicy&#039; statements that were interpreted as an implicit message to &#039;Donatello&#039;\" \/>\n<meta name=\"robots\" content=\"index, follow, max-snippet:-1, max-image-preview:large, max-video-preview:-1\" \/>\n<link rel=\"canonical\" href=\"https:\/\/www.fcbarcelonanoticias.com\/en\/transfers\/stick-from-al-khelaifi-to-mbappe-who-is-pushed-out-of-psg_294918_102.html\" \/>\n<meta property=\"og:locale\" content=\"en_US\" \/>\n<meta property=\"og:type\" content=\"article\" \/>\n<meta property=\"og:title\" content=\"&#039;Stick&#039; from Al-Khela\u00effi to Mbapp\u00e9, who is pushed out of PSG\" \/>\n<meta property=\"og:description\" content=\"A new chapter opens in the &#039;Mbapp\u00e9 soap opera&#039;. On this occasion, the club&#039;s president, Nasser Al-Khelaifi, took advantage of Gon\u00e7alo Ramos&#039; presentation to the media to issue some &#039;spicy&#039; statements that were interpreted as an implicit message to &#039;Donatello&#039;\" \/>\n<meta property=\"og:url\" content=\"https:\/\/www.fcbarcelonanoticias.com\/en\/transfers\/stick-from-al-khelaifi-to-mbappe-who-is-pushed-out-of-psg_294918_102.html\" \/>\n<meta property=\"og:site_name\" content=\"EN - FC Barcelona Noticias\" \/>\n<meta property=\"article:published_time\" content=\"2023-08-08T16:12:00+00:00\" \/>\n<meta property=\"og:image\" content=\"https:\/\/www.fcbarcelonanoticias.com\/en\/wp-content\/uploads\/sites\/2\/2023\/08\/nasser-al-khelaifi-kylian-mbappe.jpeg\" \/>\n\t<meta property=\"og:image:width\" content=\"1300\" \/>\n\t<meta property=\"og:image:height\" content=\"732\" \/>\n\t<meta property=\"og:image:type\" content=\"image\/jpeg\" \/>\n<meta name=\"author\" content=\"Kevin G\u00f3mez\" \/>\n<meta name=\"twitter:card\" content=\"summary_large_image\" \/>\n<meta name=\"twitter:label1\" content=\"Written by\" \/>\n\t<meta name=\"twitter:data1\" content=\"Kevin G\u00f3mez\" \/>\n\t<meta name=\"twitter:label2\" content=\"Est. reading time\" \/>\n\t<meta name=\"twitter:data2\" content=\"3 minutes\" \/>\n<script type=\"application\/ld+json\" class=\"yoast-schema-graph\">{\"@context\":\"https:\\\/\\\/schema.org\",\"@graph\":[{\"@type\":\"Article\",\"@id\":\"https:\\\/\\\/www.fcbarcelonanoticias.com\\\/en\\\/transfers\\\/stick-from-al-khelaifi-to-mbappe-who-is-pushed-out-of-psg_294918_102.html#article\",\"isPartOf\":{\"@id\":\"https:\\\/\\\/www.fcbarcelonanoticias.com\\\/en\\\/transfers\\\/stick-from-al-khelaifi-to-mbappe-who-is-pushed-out-of-psg_294918_102.html\"},\"author\":{\"name\":\"Kevin G\u00f3mez\",\"@id\":\"https:\\\/\\\/www.fcbarcelonanoticias.com\\\/en\\\/#\\\/schema\\\/person\\\/991443f134df9a64c6874f96ff984c9d\"},\"headline\":\"&#8216;Stick&#8217; from Al-Khela\u00effi to Mbapp\u00e9, who is pushed out of PSG\",\"datePublished\":\"2023-08-08T16:12:00+00:00\",\"mainEntityOfPage\":{\"@id\":\"https:\\\/\\\/www.fcbarcelonanoticias.com\\\/en\\\/transfers\\\/stick-from-al-khelaifi-to-mbappe-who-is-pushed-out-of-psg_294918_102.html\"},\"wordCount\":585,\"image\":{\"@id\":\"https:\\\/\\\/www.fcbarcelonanoticias.com\\\/en\\\/transfers\\\/stick-from-al-khelaifi-to-mbappe-who-is-pushed-out-of-psg_294918_102.html#primaryimage\"},\"thumbnailUrl\":\"https:\\\/\\\/www.fcbarcelonanoticias.com\\\/en\\\/wp-content\\\/uploads\\\/sites\\\/2\\\/2023\\\/08\\\/nasser-al-khelaifi-kylian-mbappe.jpeg\",\"keywords\":[\"Mbapp\u00e9\",\"Paris Saint-Germain\"],\"articleSection\":[\"Transfers\",\"Transfers\"],\"inLanguage\":\"en-US\"},{\"@type\":\"WebPage\",\"@id\":\"https:\\\/\\\/www.fcbarcelonanoticias.com\\\/en\\\/transfers\\\/stick-from-al-khelaifi-to-mbappe-who-is-pushed-out-of-psg_294918_102.html\",\"url\":\"https:\\\/\\\/www.fcbarcelonanoticias.com\\\/en\\\/transfers\\\/stick-from-al-khelaifi-to-mbappe-who-is-pushed-out-of-psg_294918_102.html\",\"name\":\"'Stick' from Al-Khela\u00effi to Mbapp\u00e9, who is pushed out of PSG\",\"isPartOf\":{\"@id\":\"https:\\\/\\\/www.fcbarcelonanoticias.com\\\/en\\\/#website\"},\"primaryImageOfPage\":{\"@id\":\"https:\\\/\\\/www.fcbarcelonanoticias.com\\\/en\\\/transfers\\\/stick-from-al-khelaifi-to-mbappe-who-is-pushed-out-of-psg_294918_102.html#primaryimage\"},\"image\":{\"@id\":\"https:\\\/\\\/www.fcbarcelonanoticias.com\\\/en\\\/transfers\\\/stick-from-al-khelaifi-to-mbappe-who-is-pushed-out-of-psg_294918_102.html#primaryimage\"},\"thumbnailUrl\":\"https:\\\/\\\/www.fcbarcelonanoticias.com\\\/en\\\/wp-content\\\/uploads\\\/sites\\\/2\\\/2023\\\/08\\\/nasser-al-khelaifi-kylian-mbappe.jpeg\",\"datePublished\":\"2023-08-08T16:12:00+00:00\",\"author\":{\"@id\":\"https:\\\/\\\/www.fcbarcelonanoticias.com\\\/en\\\/#\\\/schema\\\/person\\\/991443f134df9a64c6874f96ff984c9d\"},\"description\":\"A new chapter opens in the 'Mbapp\u00e9 soap opera'. On this occasion, the club's president, Nasser Al-Khelaifi, took advantage of Gon\u00e7alo Ramos' presentation to the media to issue some 'spicy' statements that were interpreted as an implicit message to 'Donatello'\",\"breadcrumb\":{\"@id\":\"https:\\\/\\\/www.fcbarcelonanoticias.com\\\/en\\\/transfers\\\/stick-from-al-khelaifi-to-mbappe-who-is-pushed-out-of-psg_294918_102.html#breadcrumb\"},\"inLanguage\":\"en-US\",\"potentialAction\":[{\"@type\":\"ReadAction\",\"target\":[\"https:\\\/\\\/www.fcbarcelonanoticias.com\\\/en\\\/transfers\\\/stick-from-al-khelaifi-to-mbappe-who-is-pushed-out-of-psg_294918_102.html\"]}]},{\"@type\":\"ImageObject\",\"inLanguage\":\"en-US\",\"@id\":\"https:\\\/\\\/www.fcbarcelonanoticias.com\\\/en\\\/transfers\\\/stick-from-al-khelaifi-to-mbappe-who-is-pushed-out-of-psg_294918_102.html#primaryimage\",\"url\":\"https:\\\/\\\/www.fcbarcelonanoticias.com\\\/en\\\/wp-content\\\/uploads\\\/sites\\\/2\\\/2023\\\/08\\\/nasser-al-khelaifi-kylian-mbappe.jpeg\",\"contentUrl\":\"https:\\\/\\\/www.fcbarcelonanoticias.com\\\/en\\\/wp-content\\\/uploads\\\/sites\\\/2\\\/2023\\\/08\\\/nasser-al-khelaifi-kylian-mbappe.jpeg\",\"width\":1300,\"height\":732},{\"@type\":\"BreadcrumbList\",\"@id\":\"https:\\\/\\\/www.fcbarcelonanoticias.com\\\/en\\\/transfers\\\/stick-from-al-khelaifi-to-mbappe-who-is-pushed-out-of-psg_294918_102.html#breadcrumb\",\"itemListElement\":[{\"@type\":\"ListItem\",\"position\":1,\"name\":\"Portada\",\"item\":\"https:\\\/\\\/www.fcbarcelonanoticias.com\\\/en\\\/\"},{\"@type\":\"ListItem\",\"position\":2,\"name\":\"&#8216;Stick&#8217; from Al-Khela\u00effi to Mbapp\u00e9, who is pushed out of PSG\"}]},{\"@type\":\"WebSite\",\"@id\":\"https:\\\/\\\/www.fcbarcelonanoticias.com\\\/en\\\/#website\",\"url\":\"https:\\\/\\\/www.fcbarcelonanoticias.com\\\/en\\\/\",\"name\":\"EN - FC Barcelona Noticias\",\"description\":\"\",\"potentialAction\":[{\"@type\":\"SearchAction\",\"target\":{\"@type\":\"EntryPoint\",\"urlTemplate\":\"https:\\\/\\\/www.fcbarcelonanoticias.com\\\/en\\\/?s={search_term_string}\"},\"query-input\":{\"@type\":\"PropertyValueSpecification\",\"valueRequired\":true,\"valueName\":\"search_term_string\"}}],\"inLanguage\":\"en-US\"},{\"@type\":\"Person\",\"@id\":\"https:\\\/\\\/www.fcbarcelonanoticias.com\\\/en\\\/#\\\/schema\\\/person\\\/991443f134df9a64c6874f96ff984c9d\",\"name\":\"Kevin G\u00f3mez\",\"image\":{\"@type\":\"ImageObject\",\"inLanguage\":\"en-US\",\"@id\":\"https:\\\/\\\/secure.gravatar.com\\\/avatar\\\/?s=96&d=mm&r=g\",\"url\":\"https:\\\/\\\/secure.gravatar.com\\\/avatar\\\/?s=96&d=mm&r=g\",\"contentUrl\":\"https:\\\/\\\/secure.gravatar.com\\\/avatar\\\/?s=96&d=mm&r=g\",\"caption\":\"Kevin G\u00f3mez\"},\"description\":\"Licenciado\u00a0en Periodismo y Comunicaci\u00f3n Audiovisual. Redactor en FCBN responsable de cubrir toda\u00a0la informaci\u00f3n del FC Barcelona y las principales competiciones de\u00a0f\u00fatbol.\",\"url\":\"https:\\\/\\\/www.fcbarcelonanoticias.com\\\/en\\\/jugadores\\\/kevin-gomez_23_115.html\"}]}<\/script>\n<!-- \/ Yoast SEO plugin. -->","yoast_head_json":{"title":"'Stick' from Al-Khela\u00effi to Mbapp\u00e9, who is pushed out of PSG","description":"A new chapter opens in the 'Mbapp\u00e9 soap opera'. On this occasion, the club's president, Nasser Al-Khelaifi, took advantage of Gon\u00e7alo Ramos' presentation to the media to issue some 'spicy' statements that were interpreted as an implicit message to 'Donatello'","robots":{"index":"index","follow":"follow","max-snippet":"max-snippet:-1","max-image-preview":"max-image-preview:large","max-video-preview":"max-video-preview:-1"},"canonical":"https:\/\/www.fcbarcelonanoticias.com\/en\/transfers\/stick-from-al-khelaifi-to-mbappe-who-is-pushed-out-of-psg_294918_102.html","og_locale":"en_US","og_type":"article","og_title":"'Stick' from Al-Khela\u00effi to Mbapp\u00e9, who is pushed out of PSG","og_description":"A new chapter opens in the 'Mbapp\u00e9 soap opera'. On this occasion, the club's president, Nasser Al-Khelaifi, took advantage of Gon\u00e7alo Ramos' presentation to the media to issue some 'spicy' statements that were interpreted as an implicit message to 'Donatello'","og_url":"https:\/\/www.fcbarcelonanoticias.com\/en\/transfers\/stick-from-al-khelaifi-to-mbappe-who-is-pushed-out-of-psg_294918_102.html","og_site_name":"EN - FC Barcelona Noticias","article_published_time":"2023-08-08T16:12:00+00:00","og_image":[{"width":1300,"height":732,"url":"https:\/\/www.fcbarcelonanoticias.com\/en\/wp-content\/uploads\/sites\/2\/2023\/08\/nasser-al-khelaifi-kylian-mbappe.jpeg","type":"image\/jpeg"}],"author":"Kevin G\u00f3mez","twitter_card":"summary_large_image","twitter_misc":{"Written by":"Kevin G\u00f3mez","Est. reading time":"3 minutes"},"schema":{"@context":"https:\/\/schema.org","@graph":[{"@type":"Article","@id":"https:\/\/www.fcbarcelonanoticias.com\/en\/transfers\/stick-from-al-khelaifi-to-mbappe-who-is-pushed-out-of-psg_294918_102.html#article","isPartOf":{"@id":"https:\/\/www.fcbarcelonanoticias.com\/en\/transfers\/stick-from-al-khelaifi-to-mbappe-who-is-pushed-out-of-psg_294918_102.html"},"author":{"name":"Kevin G\u00f3mez","@id":"https:\/\/www.fcbarcelonanoticias.com\/en\/#\/schema\/person\/991443f134df9a64c6874f96ff984c9d"},"headline":"&#8216;Stick&#8217; from Al-Khela\u00effi to Mbapp\u00e9, who is pushed out of PSG","datePublished":"2023-08-08T16:12:00+00:00","mainEntityOfPage":{"@id":"https:\/\/www.fcbarcelonanoticias.com\/en\/transfers\/stick-from-al-khelaifi-to-mbappe-who-is-pushed-out-of-psg_294918_102.html"},"wordCount":585,"image":{"@id":"https:\/\/www.fcbarcelonanoticias.com\/en\/transfers\/stick-from-al-khelaifi-to-mbappe-who-is-pushed-out-of-psg_294918_102.html#primaryimage"},"thumbnailUrl":"https:\/\/www.fcbarcelonanoticias.com\/en\/wp-content\/uploads\/sites\/2\/2023\/08\/nasser-al-khelaifi-kylian-mbappe.jpeg","keywords":["Mbapp\u00e9","Paris Saint-Germain"],"articleSection":["Transfers","Transfers"],"inLanguage":"en-US"},{"@type":"WebPage","@id":"https:\/\/www.fcbarcelonanoticias.com\/en\/transfers\/stick-from-al-khelaifi-to-mbappe-who-is-pushed-out-of-psg_294918_102.html","url":"https:\/\/www.fcbarcelonanoticias.com\/en\/transfers\/stick-from-al-khelaifi-to-mbappe-who-is-pushed-out-of-psg_294918_102.html","name":"'Stick' from Al-Khela\u00effi to Mbapp\u00e9, who is pushed out of PSG","isPartOf":{"@id":"https:\/\/www.fcbarcelonanoticias.com\/en\/#website"},"primaryImageOfPage":{"@id":"https:\/\/www.fcbarcelonanoticias.com\/en\/transfers\/stick-from-al-khelaifi-to-mbappe-who-is-pushed-out-of-psg_294918_102.html#primaryimage"},"image":{"@id":"https:\/\/www.fcbarcelonanoticias.com\/en\/transfers\/stick-from-al-khelaifi-to-mbappe-who-is-pushed-out-of-psg_294918_102.html#primaryimage"},"thumbnailUrl":"https:\/\/www.fcbarcelonanoticias.com\/en\/wp-content\/uploads\/sites\/2\/2023\/08\/nasser-al-khelaifi-kylian-mbappe.jpeg","datePublished":"2023-08-08T16:12:00+00:00","author":{"@id":"https:\/\/www.fcbarcelonanoticias.com\/en\/#\/schema\/person\/991443f134df9a64c6874f96ff984c9d"},"description":"A new chapter opens in the 'Mbapp\u00e9 soap opera'. On this occasion, the club's president, Nasser Al-Khelaifi, took advantage of Gon\u00e7alo Ramos' presentation to the media to issue some 'spicy' statements that were interpreted as an implicit message to 'Donatello'","breadcrumb":{"@id":"https:\/\/www.fcbarcelonanoticias.com\/en\/transfers\/stick-from-al-khelaifi-to-mbappe-who-is-pushed-out-of-psg_294918_102.html#breadcrumb"},"inLanguage":"en-US","potentialAction":[{"@type":"ReadAction","target":["https:\/\/www.fcbarcelonanoticias.com\/en\/transfers\/stick-from-al-khelaifi-to-mbappe-who-is-pushed-out-of-psg_294918_102.html"]}]},{"@type":"ImageObject","inLanguage":"en-US","@id":"https:\/\/www.fcbarcelonanoticias.com\/en\/transfers\/stick-from-al-khelaifi-to-mbappe-who-is-pushed-out-of-psg_294918_102.html#primaryimage","url":"https:\/\/www.fcbarcelonanoticias.com\/en\/wp-content\/uploads\/sites\/2\/2023\/08\/nasser-al-khelaifi-kylian-mbappe.jpeg","contentUrl":"https:\/\/www.fcbarcelonanoticias.com\/en\/wp-content\/uploads\/sites\/2\/2023\/08\/nasser-al-khelaifi-kylian-mbappe.jpeg","width":1300,"height":732},{"@type":"BreadcrumbList","@id":"https:\/\/www.fcbarcelonanoticias.com\/en\/transfers\/stick-from-al-khelaifi-to-mbappe-who-is-pushed-out-of-psg_294918_102.html#breadcrumb","itemListElement":[{"@type":"ListItem","position":1,"name":"Portada","item":"https:\/\/www.fcbarcelonanoticias.com\/en\/"},{"@type":"ListItem","position":2,"name":"&#8216;Stick&#8217; from Al-Khela\u00effi to Mbapp\u00e9, who is pushed out of PSG"}]},{"@type":"WebSite","@id":"https:\/\/www.fcbarcelonanoticias.com\/en\/#website","url":"https:\/\/www.fcbarcelonanoticias.com\/en\/","name":"EN - FC Barcelona Noticias","description":"","potentialAction":[{"@type":"SearchAction","target":{"@type":"EntryPoint","urlTemplate":"https:\/\/www.fcbarcelonanoticias.com\/en\/?s={search_term_string}"},"query-input":{"@type":"PropertyValueSpecification","valueRequired":true,"valueName":"search_term_string"}}],"inLanguage":"en-US"},{"@type":"Person","@id":"https:\/\/www.fcbarcelonanoticias.com\/en\/#\/schema\/person\/991443f134df9a64c6874f96ff984c9d","name":"Kevin G\u00f3mez","image":{"@type":"ImageObject","inLanguage":"en-US","@id":"https:\/\/secure.gravatar.com\/avatar\/?s=96&d=mm&r=g","url":"https:\/\/secure.gravatar.com\/avatar\/?s=96&d=mm&r=g","contentUrl":"https:\/\/secure.gravatar.com\/avatar\/?s=96&d=mm&r=g","caption":"Kevin G\u00f3mez"},"description":"Licenciado\u00a0en Periodismo y Comunicaci\u00f3n Audiovisual. Redactor en FCBN responsable de cubrir toda\u00a0la informaci\u00f3n del FC Barcelona y las principales competiciones de\u00a0f\u00fatbol.","url":"https:\/\/www.fcbarcelonanoticias.com\/en\/jugadores\/kevin-gomez_23_115.html"}]}},"_links":{"self":[{"href":"https:\/\/www.fcbarcelonanoticias.com\/en\/wp-json\/wp\/v2\/posts\/135437","targetHints":{"allow":["GET"]}}],"collection":[{"href":"https:\/\/www.fcbarcelonanoticias.com\/en\/wp-json\/wp\/v2\/posts"}],"about":[{"href":"https:\/\/www.fcbarcelonanoticias.com\/en\/wp-json\/wp\/v2\/types\/post"}],"author":[{"embeddable":true,"href":"https:\/\/www.fcbarcelonanoticias.com\/en\/wp-json\/wp\/v2\/users\/355"}],"replies":[{"embeddable":true,"href":"https:\/\/www.fcbarcelonanoticias.com\/en\/wp-json\/wp\/v2\/comments?post=135437"}],"version-history":[{"count":1,"href":"https:\/\/www.fcbarcelonanoticias.com\/en\/wp-json\/wp\/v2\/posts\/135437\/revisions"}],"predecessor-version":[{"id":139508,"href":"https:\/\/www.fcbarcelonanoticias.com\/en\/wp-json\/wp\/v2\/posts\/135437\/revisions\/139508"}],"wp:featuredmedia":[{"embeddable":true,"href":"https:\/\/www.fcbarcelonanoticias.com\/en\/wp-json\/wp\/v2\/media\/135442"}],"wp:attachment":[{"href":"https:\/\/www.fcbarcelonanoticias.com\/en\/wp-json\/wp\/v2\/media?parent=135437"}],"wp:term":[{"taxonomy":"category","embeddable":true,"href":"https:\/\/www.fcbarcelonanoticias.com\/en\/wp-json\/wp\/v2\/categories?post=135437"},{"taxonomy":"post_tag","embeddable":true,"href":"https:\/\/www.fcbarcelonanoticias.com\/en\/wp-json\/wp\/v2\/tags?post=135437"}],"curies":[{"name":"wp","href":"https:\/\/api.w.org\/{rel}","templated":true}]}}