{"id":135706,"date":"2024-07-29T01:15:00","date_gmt":"2024-07-28T23:15:00","guid":{"rendered":"https:\/\/weisetech.dev\/fc-barcelona-noticias\/en\/the-casting-of-flick-to-find-to-the-new-mediocentro-defensive-of-the-barca_305917_102\/"},"modified":"2024-07-29T04:45:00","modified_gmt":"2024-07-29T02:45:00","slug":"the-casting-of-flick-to-find-to-the-new-mediocentro-defensive-of-the-barca_305917_102","status":"publish","type":"post","link":"https:\/\/www.fcbarcelonanoticias.com\/en\/transfers\/the-casting-of-flick-to-find-to-the-new-mediocentro-defensive-of-the-barca_305917_102.html","title":{"rendered":"Flick&#8217;s casting call to find Bar\u00e7a&#8217;s new defensive midfielder"},"content":{"rendered":"<h2 class=\"wp-block-heading\">Hansi Flick knows what he wants for FC Barcelona. The German has already started a casting process in the Bar\u00e7a squad to determine who will fill the defensive midfield position in the 2024\/25 season.<\/h2>  \r\n<div class=\"article-addons\">\r\n    <a href=\"https:\/\/www.fcbarcelonanoticias.com\/en\/calendar-fc-barcelona.html\"\r\n       target=\"_self\"\r\n       title=\"Calendar of FC Barcelona\"\r\n       class=\"blue-gredient-btn\">\r\n       \r\n        Calendar of FC Barcelona    <\/a>\r\n<\/div>   <p>The trainer of 59 years already works to create an able solid team to litigate by all the titles the next season.<strong> Thus, in an interview conceded to &#8216;Bar\u00e7a One&#8217;, the German was very clear with regard to the position of mediocentro defensive. <\/strong>In the conversation, recognised that it wants to a figure that prevented to think to the rivals and helped to the defences to close spaces.<\/p>  <p><strong>This position is key in his diagram and hinted that would like him that the club did an effort in fichar to a reinforcement for this zone. <\/strong>Right now, it does not seem to be a priority, by what is forced to find in his staff to an able player to translate his vision to the field of game.<\/p>  <h2>Flick Bets by the young talents of the Barcelona<\/h2>  <p>But this option no desmotiva to Flick, <strong>because it knows that for this position has young players to which can teach them what is looking for and what so much needs to strengthen to the team.<\/strong> In his first eleven like technician of the FC Barcelona, put to Alexis Olmedo at the side of Oriol Romeu. This was an interesting bet, taking in account that Olmedo is a central, so they played two footballers of defensive cut in the double pivote. For the moment, it seems that the ex Girona has convinced to Flick and will remain a second season in the club.<\/p>  <p><strong>It expects that in it turns it by United States, the ex technician of the Bayern Munich follow testing players and couples for the medullary of the team. <\/strong>Something likely is that it change of profiles and, if it follows keeping to Romeu in the eleven, afterwards bet by a companion of profile more organiser like Marc Casad\u00f3. <strong>In this sense, the captain of the Bar\u00e7a Atl\u00e8tic is a born worker, able to help so much in defence as to assume tasks of creation of game.<\/strong><\/p>  <p><strong>The most offensive option to be the couple<\/strong> <strong>of a mediocentro defensive<\/strong> <strong>would be the one of Marc Bernal, the one who recently renewed agreement with the club and knows well to the team. <\/strong>The youngster of 17 years formed in the basic football of the club blaugrana and is an intelligent player, physically superdotado and has a good technical. His physical capacity allows him cover a lot of field and recover balloons, as well as have a big arrival to the rival goal.<\/p>  <p><strong>Another of the players that will be presents in United States and with which could test is Andreas Christensen. The m\u00edster could advance the position of the central Danish<\/strong>, the one who did good partdos like mediocentro defensive by his tactical capacity and security in the field of game. Although this would be more an urgency that another thing, taking in account that Flick has to disposal to youngsters mediocampistas that it could moldear to his preference.<\/p> ","protected":false},"excerpt":{"rendered":"<p>Hansi Flick knows what he wants for FC Barcelona. The German has already started a casting process in the Bar\u00e7a squad to determine who will fill the defensive midfield position in the 2024\/25 season. The trainer of 59 years already works to create an able solid team to litigate by all the titles the next [&hellip;]<\/p>\n","protected":false},"author":357,"featured_media":135711,"comment_status":"closed","ping_status":"open","sticky":false,"template":"","format":"standard","meta":{"_acf_changed":false,"inline_featured_image":false,"_nextfly_llmd_date_locked":false,"footnotes":""},"categories":[106,449],"tags":[87],"class_list":["post-135706","post","type-post","status-publish","format-standard","has-post-thumbnail","hentry","category-transfers","category-transfers-2","tag-hansi-flick"],"acf":[],"yoast_head":"<!-- This site is optimized with the Yoast SEO plugin v27.3 - https:\/\/yoast.com\/product\/yoast-seo-wordpress\/ -->\n<title>The &#039;casting&#039; of Flick to find to the new mediocentro defensive of the Bar\u00e7a<\/title>\n<meta name=\"description\" content=\"Hansi Flick Knows what wishes for the FC Barcelona. Thus, the German already initiate a &#039;casting&#039; in the staff cul\u00e9 to determine who will cover the position of mediocentro defensive in the season 2024\/25\" \/>\n<meta name=\"robots\" content=\"index, follow, max-snippet:-1, max-image-preview:large, max-video-preview:-1\" \/>\n<link rel=\"canonical\" href=\"https:\/\/www.fcbarcelonanoticias.com\/en\/transfers\/the-casting-of-flick-to-find-to-the-new-mediocentro-defensive-of-the-barca_305917_102.html\" \/>\n<meta property=\"og:locale\" content=\"en_US\" \/>\n<meta property=\"og:type\" content=\"article\" \/>\n<meta property=\"og:title\" content=\"The &#039;casting&#039; of Flick to find to the new mediocentro defensive of the Bar\u00e7a\" \/>\n<meta property=\"og:description\" content=\"Hansi Flick Knows what wishes for the FC Barcelona. Thus, the German already initiate a &#039;casting&#039; in the staff cul\u00e9 to determine who will cover the position of mediocentro defensive in the season 2024\/25\" \/>\n<meta property=\"og:url\" content=\"https:\/\/www.fcbarcelonanoticias.com\/en\/transfers\/the-casting-of-flick-to-find-to-the-new-mediocentro-defensive-of-the-barca_305917_102.html\" \/>\n<meta property=\"og:site_name\" content=\"EN - FC Barcelona Noticias\" \/>\n<meta property=\"article:published_time\" content=\"2024-07-28T23:15:00+00:00\" \/>\n<meta property=\"article:modified_time\" content=\"2024-07-29T02:45:00+00:00\" \/>\n<meta property=\"og:image\" content=\"https:\/\/www.fcbarcelonanoticias.com\/en\/wp-content\/uploads\/sites\/2\/2024\/07\/flick-medios-casting.jpeg\" \/>\n\t<meta property=\"og:image:width\" content=\"1300\" \/>\n\t<meta property=\"og:image:height\" content=\"732\" \/>\n\t<meta property=\"og:image:type\" content=\"image\/jpeg\" \/>\n<meta name=\"author\" content=\"Erika Moya\" \/>\n<meta name=\"twitter:card\" content=\"summary_large_image\" \/>\n<meta name=\"twitter:label1\" content=\"Written by\" \/>\n\t<meta name=\"twitter:data1\" content=\"Erika Moya\" \/>\n\t<meta name=\"twitter:label2\" content=\"Est. reading time\" \/>\n\t<meta name=\"twitter:data2\" content=\"3 minutes\" \/>\n<script type=\"application\/ld+json\" class=\"yoast-schema-graph\">{\"@context\":\"https:\\\/\\\/schema.org\",\"@graph\":[{\"@type\":\"Article\",\"@id\":\"https:\\\/\\\/www.fcbarcelonanoticias.com\\\/en\\\/transfers\\\/the-casting-of-flick-to-find-to-the-new-mediocentro-defensive-of-the-barca_305917_102.html#article\",\"isPartOf\":{\"@id\":\"https:\\\/\\\/www.fcbarcelonanoticias.com\\\/en\\\/transfers\\\/the-casting-of-flick-to-find-to-the-new-mediocentro-defensive-of-the-barca_305917_102.html\"},\"author\":{\"name\":\"Erika Moya\",\"@id\":\"https:\\\/\\\/www.fcbarcelonanoticias.com\\\/en\\\/#\\\/schema\\\/person\\\/5dc3a41c52ab542cf24a2fbe3489c561\"},\"headline\":\"Flick&#8217;s casting call to find Bar\u00e7a&#8217;s new defensive midfielder\",\"datePublished\":\"2024-07-28T23:15:00+00:00\",\"dateModified\":\"2024-07-29T02:45:00+00:00\",\"mainEntityOfPage\":{\"@id\":\"https:\\\/\\\/www.fcbarcelonanoticias.com\\\/en\\\/transfers\\\/the-casting-of-flick-to-find-to-the-new-mediocentro-defensive-of-the-barca_305917_102.html\"},\"wordCount\":534,\"image\":{\"@id\":\"https:\\\/\\\/www.fcbarcelonanoticias.com\\\/en\\\/transfers\\\/the-casting-of-flick-to-find-to-the-new-mediocentro-defensive-of-the-barca_305917_102.html#primaryimage\"},\"thumbnailUrl\":\"https:\\\/\\\/www.fcbarcelonanoticias.com\\\/en\\\/wp-content\\\/uploads\\\/sites\\\/2\\\/2024\\\/07\\\/flick-medios-casting.jpeg\",\"keywords\":[\"Hansi Flick\"],\"articleSection\":[\"Transfers\",\"Transfers\"],\"inLanguage\":\"en-US\"},{\"@type\":\"WebPage\",\"@id\":\"https:\\\/\\\/www.fcbarcelonanoticias.com\\\/en\\\/transfers\\\/the-casting-of-flick-to-find-to-the-new-mediocentro-defensive-of-the-barca_305917_102.html\",\"url\":\"https:\\\/\\\/www.fcbarcelonanoticias.com\\\/en\\\/transfers\\\/the-casting-of-flick-to-find-to-the-new-mediocentro-defensive-of-the-barca_305917_102.html\",\"name\":\"The 'casting' of Flick to find to the new mediocentro defensive of the Bar\u00e7a\",\"isPartOf\":{\"@id\":\"https:\\\/\\\/www.fcbarcelonanoticias.com\\\/en\\\/#website\"},\"primaryImageOfPage\":{\"@id\":\"https:\\\/\\\/www.fcbarcelonanoticias.com\\\/en\\\/transfers\\\/the-casting-of-flick-to-find-to-the-new-mediocentro-defensive-of-the-barca_305917_102.html#primaryimage\"},\"image\":{\"@id\":\"https:\\\/\\\/www.fcbarcelonanoticias.com\\\/en\\\/transfers\\\/the-casting-of-flick-to-find-to-the-new-mediocentro-defensive-of-the-barca_305917_102.html#primaryimage\"},\"thumbnailUrl\":\"https:\\\/\\\/www.fcbarcelonanoticias.com\\\/en\\\/wp-content\\\/uploads\\\/sites\\\/2\\\/2024\\\/07\\\/flick-medios-casting.jpeg\",\"datePublished\":\"2024-07-28T23:15:00+00:00\",\"dateModified\":\"2024-07-29T02:45:00+00:00\",\"author\":{\"@id\":\"https:\\\/\\\/www.fcbarcelonanoticias.com\\\/en\\\/#\\\/schema\\\/person\\\/5dc3a41c52ab542cf24a2fbe3489c561\"},\"description\":\"Hansi Flick Knows what wishes for the FC Barcelona. Thus, the German already initiate a 'casting' in the staff cul\u00e9 to determine who will cover the position of mediocentro defensive in the season 2024\\\/25\",\"breadcrumb\":{\"@id\":\"https:\\\/\\\/www.fcbarcelonanoticias.com\\\/en\\\/transfers\\\/the-casting-of-flick-to-find-to-the-new-mediocentro-defensive-of-the-barca_305917_102.html#breadcrumb\"},\"inLanguage\":\"en-US\",\"potentialAction\":[{\"@type\":\"ReadAction\",\"target\":[\"https:\\\/\\\/www.fcbarcelonanoticias.com\\\/en\\\/transfers\\\/the-casting-of-flick-to-find-to-the-new-mediocentro-defensive-of-the-barca_305917_102.html\"]}]},{\"@type\":\"ImageObject\",\"inLanguage\":\"en-US\",\"@id\":\"https:\\\/\\\/www.fcbarcelonanoticias.com\\\/en\\\/transfers\\\/the-casting-of-flick-to-find-to-the-new-mediocentro-defensive-of-the-barca_305917_102.html#primaryimage\",\"url\":\"https:\\\/\\\/www.fcbarcelonanoticias.com\\\/en\\\/wp-content\\\/uploads\\\/sites\\\/2\\\/2024\\\/07\\\/flick-medios-casting.jpeg\",\"contentUrl\":\"https:\\\/\\\/www.fcbarcelonanoticias.com\\\/en\\\/wp-content\\\/uploads\\\/sites\\\/2\\\/2024\\\/07\\\/flick-medios-casting.jpeg\",\"width\":1300,\"height\":732},{\"@type\":\"BreadcrumbList\",\"@id\":\"https:\\\/\\\/www.fcbarcelonanoticias.com\\\/en\\\/transfers\\\/the-casting-of-flick-to-find-to-the-new-mediocentro-defensive-of-the-barca_305917_102.html#breadcrumb\",\"itemListElement\":[{\"@type\":\"ListItem\",\"position\":1,\"name\":\"Portada\",\"item\":\"https:\\\/\\\/www.fcbarcelonanoticias.com\\\/en\\\/\"},{\"@type\":\"ListItem\",\"position\":2,\"name\":\"Flick&#8217;s casting call to find Bar\u00e7a&#8217;s new defensive midfielder\"}]},{\"@type\":\"WebSite\",\"@id\":\"https:\\\/\\\/www.fcbarcelonanoticias.com\\\/en\\\/#website\",\"url\":\"https:\\\/\\\/www.fcbarcelonanoticias.com\\\/en\\\/\",\"name\":\"EN - FC Barcelona Noticias\",\"description\":\"\",\"potentialAction\":[{\"@type\":\"SearchAction\",\"target\":{\"@type\":\"EntryPoint\",\"urlTemplate\":\"https:\\\/\\\/www.fcbarcelonanoticias.com\\\/en\\\/?s={search_term_string}\"},\"query-input\":{\"@type\":\"PropertyValueSpecification\",\"valueRequired\":true,\"valueName\":\"search_term_string\"}}],\"inLanguage\":\"en-US\"},{\"@type\":\"Person\",\"@id\":\"https:\\\/\\\/www.fcbarcelonanoticias.com\\\/en\\\/#\\\/schema\\\/person\\\/5dc3a41c52ab542cf24a2fbe3489c561\",\"name\":\"Erika Moya\",\"image\":{\"@type\":\"ImageObject\",\"inLanguage\":\"en-US\",\"@id\":\"https:\\\/\\\/secure.gravatar.com\\\/avatar\\\/?s=96&d=mm&r=g\",\"url\":\"https:\\\/\\\/secure.gravatar.com\\\/avatar\\\/?s=96&d=mm&r=g\",\"contentUrl\":\"https:\\\/\\\/secure.gravatar.com\\\/avatar\\\/?s=96&d=mm&r=g\",\"caption\":\"Erika Moya\"},\"description\":\"Erika est\u00e1 estudiando Periodismo y llega a FCBN con el objetivo de cubrir la actualidad del F\u00fatbol Femenino, con especial cari\u00f1o\u00a0a todo lo que rodea al Bar\u00e7a Femenino. Apasionada del deporte, combina su formaci\u00f3n acad\u00e9mica con su labor divulgativa.\",\"url\":\"https:\\\/\\\/www.fcbarcelonanoticias.com\\\/en\\\/fc-barcelona\\\/erika-moya_29_115.html\"}]}<\/script>\n<!-- \/ Yoast SEO plugin. -->","yoast_head_json":{"title":"The 'casting' of Flick to find to the new mediocentro defensive of the Bar\u00e7a","description":"Hansi Flick Knows what wishes for the FC Barcelona. Thus, the German already initiate a 'casting' in the staff cul\u00e9 to determine who will cover the position of mediocentro defensive in the season 2024\/25","robots":{"index":"index","follow":"follow","max-snippet":"max-snippet:-1","max-image-preview":"max-image-preview:large","max-video-preview":"max-video-preview:-1"},"canonical":"https:\/\/www.fcbarcelonanoticias.com\/en\/transfers\/the-casting-of-flick-to-find-to-the-new-mediocentro-defensive-of-the-barca_305917_102.html","og_locale":"en_US","og_type":"article","og_title":"The 'casting' of Flick to find to the new mediocentro defensive of the Bar\u00e7a","og_description":"Hansi Flick Knows what wishes for the FC Barcelona. Thus, the German already initiate a 'casting' in the staff cul\u00e9 to determine who will cover the position of mediocentro defensive in the season 2024\/25","og_url":"https:\/\/www.fcbarcelonanoticias.com\/en\/transfers\/the-casting-of-flick-to-find-to-the-new-mediocentro-defensive-of-the-barca_305917_102.html","og_site_name":"EN - FC Barcelona Noticias","article_published_time":"2024-07-28T23:15:00+00:00","article_modified_time":"2024-07-29T02:45:00+00:00","og_image":[{"width":1300,"height":732,"url":"https:\/\/www.fcbarcelonanoticias.com\/en\/wp-content\/uploads\/sites\/2\/2024\/07\/flick-medios-casting.jpeg","type":"image\/jpeg"}],"author":"Erika Moya","twitter_card":"summary_large_image","twitter_misc":{"Written by":"Erika Moya","Est. reading time":"3 minutes"},"schema":{"@context":"https:\/\/schema.org","@graph":[{"@type":"Article","@id":"https:\/\/www.fcbarcelonanoticias.com\/en\/transfers\/the-casting-of-flick-to-find-to-the-new-mediocentro-defensive-of-the-barca_305917_102.html#article","isPartOf":{"@id":"https:\/\/www.fcbarcelonanoticias.com\/en\/transfers\/the-casting-of-flick-to-find-to-the-new-mediocentro-defensive-of-the-barca_305917_102.html"},"author":{"name":"Erika Moya","@id":"https:\/\/www.fcbarcelonanoticias.com\/en\/#\/schema\/person\/5dc3a41c52ab542cf24a2fbe3489c561"},"headline":"Flick&#8217;s casting call to find Bar\u00e7a&#8217;s new defensive midfielder","datePublished":"2024-07-28T23:15:00+00:00","dateModified":"2024-07-29T02:45:00+00:00","mainEntityOfPage":{"@id":"https:\/\/www.fcbarcelonanoticias.com\/en\/transfers\/the-casting-of-flick-to-find-to-the-new-mediocentro-defensive-of-the-barca_305917_102.html"},"wordCount":534,"image":{"@id":"https:\/\/www.fcbarcelonanoticias.com\/en\/transfers\/the-casting-of-flick-to-find-to-the-new-mediocentro-defensive-of-the-barca_305917_102.html#primaryimage"},"thumbnailUrl":"https:\/\/www.fcbarcelonanoticias.com\/en\/wp-content\/uploads\/sites\/2\/2024\/07\/flick-medios-casting.jpeg","keywords":["Hansi Flick"],"articleSection":["Transfers","Transfers"],"inLanguage":"en-US"},{"@type":"WebPage","@id":"https:\/\/www.fcbarcelonanoticias.com\/en\/transfers\/the-casting-of-flick-to-find-to-the-new-mediocentro-defensive-of-the-barca_305917_102.html","url":"https:\/\/www.fcbarcelonanoticias.com\/en\/transfers\/the-casting-of-flick-to-find-to-the-new-mediocentro-defensive-of-the-barca_305917_102.html","name":"The 'casting' of Flick to find to the new mediocentro defensive of the Bar\u00e7a","isPartOf":{"@id":"https:\/\/www.fcbarcelonanoticias.com\/en\/#website"},"primaryImageOfPage":{"@id":"https:\/\/www.fcbarcelonanoticias.com\/en\/transfers\/the-casting-of-flick-to-find-to-the-new-mediocentro-defensive-of-the-barca_305917_102.html#primaryimage"},"image":{"@id":"https:\/\/www.fcbarcelonanoticias.com\/en\/transfers\/the-casting-of-flick-to-find-to-the-new-mediocentro-defensive-of-the-barca_305917_102.html#primaryimage"},"thumbnailUrl":"https:\/\/www.fcbarcelonanoticias.com\/en\/wp-content\/uploads\/sites\/2\/2024\/07\/flick-medios-casting.jpeg","datePublished":"2024-07-28T23:15:00+00:00","dateModified":"2024-07-29T02:45:00+00:00","author":{"@id":"https:\/\/www.fcbarcelonanoticias.com\/en\/#\/schema\/person\/5dc3a41c52ab542cf24a2fbe3489c561"},"description":"Hansi Flick Knows what wishes for the FC Barcelona. Thus, the German already initiate a 'casting' in the staff cul\u00e9 to determine who will cover the position of mediocentro defensive in the season 2024\/25","breadcrumb":{"@id":"https:\/\/www.fcbarcelonanoticias.com\/en\/transfers\/the-casting-of-flick-to-find-to-the-new-mediocentro-defensive-of-the-barca_305917_102.html#breadcrumb"},"inLanguage":"en-US","potentialAction":[{"@type":"ReadAction","target":["https:\/\/www.fcbarcelonanoticias.com\/en\/transfers\/the-casting-of-flick-to-find-to-the-new-mediocentro-defensive-of-the-barca_305917_102.html"]}]},{"@type":"ImageObject","inLanguage":"en-US","@id":"https:\/\/www.fcbarcelonanoticias.com\/en\/transfers\/the-casting-of-flick-to-find-to-the-new-mediocentro-defensive-of-the-barca_305917_102.html#primaryimage","url":"https:\/\/www.fcbarcelonanoticias.com\/en\/wp-content\/uploads\/sites\/2\/2024\/07\/flick-medios-casting.jpeg","contentUrl":"https:\/\/www.fcbarcelonanoticias.com\/en\/wp-content\/uploads\/sites\/2\/2024\/07\/flick-medios-casting.jpeg","width":1300,"height":732},{"@type":"BreadcrumbList","@id":"https:\/\/www.fcbarcelonanoticias.com\/en\/transfers\/the-casting-of-flick-to-find-to-the-new-mediocentro-defensive-of-the-barca_305917_102.html#breadcrumb","itemListElement":[{"@type":"ListItem","position":1,"name":"Portada","item":"https:\/\/www.fcbarcelonanoticias.com\/en\/"},{"@type":"ListItem","position":2,"name":"Flick&#8217;s casting call to find Bar\u00e7a&#8217;s new defensive midfielder"}]},{"@type":"WebSite","@id":"https:\/\/www.fcbarcelonanoticias.com\/en\/#website","url":"https:\/\/www.fcbarcelonanoticias.com\/en\/","name":"EN - FC Barcelona Noticias","description":"","potentialAction":[{"@type":"SearchAction","target":{"@type":"EntryPoint","urlTemplate":"https:\/\/www.fcbarcelonanoticias.com\/en\/?s={search_term_string}"},"query-input":{"@type":"PropertyValueSpecification","valueRequired":true,"valueName":"search_term_string"}}],"inLanguage":"en-US"},{"@type":"Person","@id":"https:\/\/www.fcbarcelonanoticias.com\/en\/#\/schema\/person\/5dc3a41c52ab542cf24a2fbe3489c561","name":"Erika Moya","image":{"@type":"ImageObject","inLanguage":"en-US","@id":"https:\/\/secure.gravatar.com\/avatar\/?s=96&d=mm&r=g","url":"https:\/\/secure.gravatar.com\/avatar\/?s=96&d=mm&r=g","contentUrl":"https:\/\/secure.gravatar.com\/avatar\/?s=96&d=mm&r=g","caption":"Erika Moya"},"description":"Erika est\u00e1 estudiando Periodismo y llega a FCBN con el objetivo de cubrir la actualidad del F\u00fatbol Femenino, con especial cari\u00f1o\u00a0a todo lo que rodea al Bar\u00e7a Femenino. Apasionada del deporte, combina su formaci\u00f3n acad\u00e9mica con su labor divulgativa.","url":"https:\/\/www.fcbarcelonanoticias.com\/en\/fc-barcelona\/erika-moya_29_115.html"}]}},"_links":{"self":[{"href":"https:\/\/www.fcbarcelonanoticias.com\/en\/wp-json\/wp\/v2\/posts\/135706","targetHints":{"allow":["GET"]}}],"collection":[{"href":"https:\/\/www.fcbarcelonanoticias.com\/en\/wp-json\/wp\/v2\/posts"}],"about":[{"href":"https:\/\/www.fcbarcelonanoticias.com\/en\/wp-json\/wp\/v2\/types\/post"}],"author":[{"embeddable":true,"href":"https:\/\/www.fcbarcelonanoticias.com\/en\/wp-json\/wp\/v2\/users\/357"}],"replies":[{"embeddable":true,"href":"https:\/\/www.fcbarcelonanoticias.com\/en\/wp-json\/wp\/v2\/comments?post=135706"}],"version-history":[{"count":1,"href":"https:\/\/www.fcbarcelonanoticias.com\/en\/wp-json\/wp\/v2\/posts\/135706\/revisions"}],"predecessor-version":[{"id":139283,"href":"https:\/\/www.fcbarcelonanoticias.com\/en\/wp-json\/wp\/v2\/posts\/135706\/revisions\/139283"}],"wp:featuredmedia":[{"embeddable":true,"href":"https:\/\/www.fcbarcelonanoticias.com\/en\/wp-json\/wp\/v2\/media\/135711"}],"wp:attachment":[{"href":"https:\/\/www.fcbarcelonanoticias.com\/en\/wp-json\/wp\/v2\/media?parent=135706"}],"wp:term":[{"taxonomy":"category","embeddable":true,"href":"https:\/\/www.fcbarcelonanoticias.com\/en\/wp-json\/wp\/v2\/categories?post=135706"},{"taxonomy":"post_tag","embeddable":true,"href":"https:\/\/www.fcbarcelonanoticias.com\/en\/wp-json\/wp\/v2\/tags?post=135706"}],"curies":[{"name":"wp","href":"https:\/\/api.w.org\/{rel}","templated":true}]}}