{"id":135727,"date":"2024-07-27T13:50:00","date_gmt":"2024-07-27T11:50:00","guid":{"rendered":"https:\/\/weisetech.dev\/fc-barcelona-noticias\/en\/the-marked-terms-in-the-double-hit-of-market-planned-by-the-fc-barcelona_305867_102\/"},"modified":"2024-07-27T13:50:00","modified_gmt":"2024-07-27T11:50:00","slug":"the-marked-terms-in-the-double-hit-of-market-planned-by-the-fc-barcelona_305867_102","status":"publish","type":"post","link":"https:\/\/www.fcbarcelonanoticias.com\/en\/transfers\/the-marked-terms-in-the-double-hit-of-market-planned-by-the-fc-barcelona_305867_102.html","title":{"rendered":"The deadlines set in the &#8216;double blow&#8217; of the market planned by FC Barcelona"},"content":{"rendered":"<h2 class=\"wp-block-heading\">Nico Williams and Dani Olmo are the two stars that Bar\u00e7a intends to incorporate this summer. The cul\u00e9s already know the key dates on which both operations could be &#8216;unlocked&#8217;<\/h2>  \r\n<div class=\"article-addons\">\r\n    <a href=\"https:\/\/www.fcbarcelonanoticias.com\/en\/calendar-fc-barcelona.html\"\r\n       target=\"_self\"\r\n       title=\"Calendar of FC Barcelona\"\r\n       class=\"blue-gredient-btn\">\r\n       \r\n        Calendar of FC Barcelona    <\/a>\r\n<\/div>   <p>The FC Barcelona looks for to give a &#8216;hit&#8217; in <a data-external=\"0\" data-intl-links-en=\"https:\/\/www.fcbarcelonanoticias.com\/en\/transfers\" data-intl-links-es=\"https:\/\/www.fcbarcelonanoticias.com\/fichajes\" href=\"https:\/\/www.fcbarcelonanoticias.com\/en\/fc-barcelona\/transfers.html\" rel=\"follow\" target=\"_self\" title=\"Fichajes\">the market of signings<\/a> with the arrivals of Nico Williams and Dani Elm. The extreme is the big priority of the Barcelona entity, that works simultaneously <a data-external=\"0\" data-intl-links-en=\"https:\/\/www.fcbarcelonanoticias.com\/en\/football-soccer\/football-true-plan-fc-barcelona-if-signing-nico-williams-fails_305858_102.html\" data-intl-links-es=\"https:\/\/www.fcbarcelonanoticias.com\/futbol\/verdadero-plan-fc-barcelona-si-fallara-nico-williams_305858_102.html\" href=\"https:\/\/www.fcbarcelonanoticias.com\/en\/football-soccer\/football-true-plan-fc-barcelona-if-signing-nico-williams-fails_305858_102.html\" rel=\"follow\" target=\"_self\" title=\"El verdadero 'plan B' del FC Barcelona si falla el fichaje de Nico Williams\">in the incorporation of the midfield player of Terrasa<\/a>. However, the days happen and the patience of the footballers begins to put to proof, <strong>by what the Catalans have signalled some of the most important dates of the next weeks, which could be keys in these operations<\/strong>.<\/p>  <p><strong>The first of them would be the Sunday 28 July, day in which the expedition blaugrana will put course to United States to contest turns it by North America<\/strong>. The cul\u00e9s travel to American earths without signings of &#8216;relumbr\u00f3n&#8217;, and assume that to close the contracting of Williams need the &#8216;OK&#8217; of the footballer and, later, credit the payment of his clause of rescission, valuada in 58 million euros. By his part, the signing of Elm is subject to the arrival of the navarro, since the first proposal sent to the RB Leipzig did not convince to the German club.<\/p>  <p>On the other hand,<strong> Nico, that at present enjoys of his holidays beside Lamine Yamal, will have to reincorporarse to the discipline of the first team bilba\u00edno on 12 August<\/strong>, same day in which the Bar\u00e7a will contest the Trofeu Joan Gamper, if his future has not resolved until that then. Three days afterwards, on 15 August, the lions will debut in LaLiga 24\/25 in front of the Getafe in Saint Mam\u00e9s, by what seems difficult that the extreme form part of the game since hardly it would have two days of training. In the meantime, the cul\u00e9s will premi\u00e8re in the championship two days later that the Athletic, the Saturday 17 August in Mestalla in front of Valencia.<\/p>  <p><strong>This same Saturday 17 August, the RB Leipzig begins his career in the Pokal, and the presence of Dani Elm in the team is not ensured<\/strong>. By his part, Paris Saint-Germain will debut in Tie it 1 this weekend, and as it has informed &#8216;Sportive World&#8217; the capitalinos expect to have Nico Williams in his rows for that then. The Parisians bend him the wage to the player and are had to deposit a greater quantity to the stipulated in the clause of rescission of the footballer, by what the offer is more than tempting.<\/p>  <h2>The Bar\u00e7a expects to have all resolved before the end of the market<\/h2>  <p>Of equal form, <strong>on 24 August is a marked date in &#8216;red&#8217; so much in Barcelona as in Bilbao, since both squares will see the faces in Montj\u00efc and exists the possibility that Nico confront to his ex team dressing the Barcelona T-shirt<\/strong>. Finally, it expects that the market of signings close the Friday 30 August, and for that then the cul\u00e9s expect to have the totally made staff, with the hope that so much Williams like Elm form part of the same.<\/p> ","protected":false},"excerpt":{"rendered":"<p>Nico Williams and Dani Olmo are the two stars that Bar\u00e7a intends to incorporate this summer. The cul\u00e9s already know the key dates on which both operations could be &#8216;unlocked&#8217; The FC Barcelona looks for to give a &#8216;hit&#8217; in the market of signings with the arrivals of Nico Williams and Dani Elm. The extreme [&hellip;]<\/p>\n","protected":false},"author":358,"featured_media":135730,"comment_status":"closed","ping_status":"open","sticky":false,"template":"","format":"standard","meta":{"_acf_changed":false,"inline_featured_image":false,"_nextfly_llmd_date_locked":false,"footnotes":""},"categories":[449,106],"tags":[81,174,88],"class_list":["post-135727","post","type-post","status-publish","format-standard","has-post-thumbnail","hentry","category-transfers-2","category-transfers","tag-athletic-de-bilbao","tag-nico-williams","tag-paris-saint-germain"],"acf":[],"yoast_head":"<!-- This site is optimized with the Yoast SEO plugin v27.3 - https:\/\/yoast.com\/product\/yoast-seo-wordpress\/ -->\n<title>The marked terms in the &#039;double hit&#039; of market planned by the FC Barcelona<\/title>\n<meta name=\"description\" content=\"Nico Williams and Dani Elm are the two stars that the Bar\u00e7a pretends to incorporate this summer. The cul\u00e9s already know the key dates in which they could &#039;destrabar&#039; both operations\" \/>\n<meta name=\"robots\" content=\"index, follow, max-snippet:-1, max-image-preview:large, max-video-preview:-1\" \/>\n<link rel=\"canonical\" href=\"https:\/\/www.fcbarcelonanoticias.com\/en\/transfers\/the-marked-terms-in-the-double-hit-of-market-planned-by-the-fc-barcelona_305867_102.html\" \/>\n<meta property=\"og:locale\" content=\"en_US\" \/>\n<meta property=\"og:type\" content=\"article\" \/>\n<meta property=\"og:title\" content=\"The marked terms in the &#039;double hit&#039; of market planned by the FC Barcelona\" \/>\n<meta property=\"og:description\" content=\"Nico Williams and Dani Elm are the two stars that the Bar\u00e7a pretends to incorporate this summer. The cul\u00e9s already know the key dates in which they could &#039;destrabar&#039; both operations\" \/>\n<meta property=\"og:url\" content=\"https:\/\/www.fcbarcelonanoticias.com\/en\/transfers\/the-marked-terms-in-the-double-hit-of-market-planned-by-the-fc-barcelona_305867_102.html\" \/>\n<meta property=\"og:site_name\" content=\"EN - FC Barcelona Noticias\" \/>\n<meta property=\"article:published_time\" content=\"2024-07-27T11:50:00+00:00\" \/>\n<meta property=\"og:image\" content=\"https:\/\/www.fcbarcelonanoticias.com\/en\/wp-content\/uploads\/sites\/2\/2024\/07\/nico-williams-y-dani-olmo-abrazados.jpeg\" \/>\n\t<meta property=\"og:image:width\" content=\"1300\" \/>\n\t<meta property=\"og:image:height\" content=\"732\" \/>\n\t<meta property=\"og:image:type\" content=\"image\/jpeg\" \/>\n<meta name=\"author\" content=\"Juan Pablo Berdugo\" \/>\n<meta name=\"twitter:card\" content=\"summary_large_image\" \/>\n<meta name=\"twitter:label1\" content=\"Written by\" \/>\n\t<meta name=\"twitter:data1\" content=\"Juan Pablo Berdugo\" \/>\n\t<meta name=\"twitter:label2\" content=\"Est. reading time\" \/>\n\t<meta name=\"twitter:data2\" content=\"3 minutes\" \/>\n<script type=\"application\/ld+json\" class=\"yoast-schema-graph\">{\"@context\":\"https:\\\/\\\/schema.org\",\"@graph\":[{\"@type\":\"Article\",\"@id\":\"https:\\\/\\\/www.fcbarcelonanoticias.com\\\/en\\\/transfers\\\/the-marked-terms-in-the-double-hit-of-market-planned-by-the-fc-barcelona_305867_102.html#article\",\"isPartOf\":{\"@id\":\"https:\\\/\\\/www.fcbarcelonanoticias.com\\\/en\\\/transfers\\\/the-marked-terms-in-the-double-hit-of-market-planned-by-the-fc-barcelona_305867_102.html\"},\"author\":{\"name\":\"Juan Pablo Berdugo\",\"@id\":\"https:\\\/\\\/www.fcbarcelonanoticias.com\\\/en\\\/#\\\/schema\\\/person\\\/88d756918a0a1ae9fa593b5edddd1815\"},\"headline\":\"The deadlines set in the &#8216;double blow&#8217; of the market planned by FC Barcelona\",\"datePublished\":\"2024-07-27T11:50:00+00:00\",\"mainEntityOfPage\":{\"@id\":\"https:\\\/\\\/www.fcbarcelonanoticias.com\\\/en\\\/transfers\\\/the-marked-terms-in-the-double-hit-of-market-planned-by-the-fc-barcelona_305867_102.html\"},\"wordCount\":539,\"image\":{\"@id\":\"https:\\\/\\\/www.fcbarcelonanoticias.com\\\/en\\\/transfers\\\/the-marked-terms-in-the-double-hit-of-market-planned-by-the-fc-barcelona_305867_102.html#primaryimage\"},\"thumbnailUrl\":\"https:\\\/\\\/www.fcbarcelonanoticias.com\\\/en\\\/wp-content\\\/uploads\\\/sites\\\/2\\\/2024\\\/07\\\/nico-williams-y-dani-olmo-abrazados.jpeg\",\"keywords\":[\"Athletic de Bilbao\",\"Nico Williams\",\"Paris Saint-Germain\"],\"articleSection\":[\"Transfers\",\"Transfers\"],\"inLanguage\":\"en-US\"},{\"@type\":\"WebPage\",\"@id\":\"https:\\\/\\\/www.fcbarcelonanoticias.com\\\/en\\\/transfers\\\/the-marked-terms-in-the-double-hit-of-market-planned-by-the-fc-barcelona_305867_102.html\",\"url\":\"https:\\\/\\\/www.fcbarcelonanoticias.com\\\/en\\\/transfers\\\/the-marked-terms-in-the-double-hit-of-market-planned-by-the-fc-barcelona_305867_102.html\",\"name\":\"The marked terms in the 'double hit' of market planned by the FC Barcelona\",\"isPartOf\":{\"@id\":\"https:\\\/\\\/www.fcbarcelonanoticias.com\\\/en\\\/#website\"},\"primaryImageOfPage\":{\"@id\":\"https:\\\/\\\/www.fcbarcelonanoticias.com\\\/en\\\/transfers\\\/the-marked-terms-in-the-double-hit-of-market-planned-by-the-fc-barcelona_305867_102.html#primaryimage\"},\"image\":{\"@id\":\"https:\\\/\\\/www.fcbarcelonanoticias.com\\\/en\\\/transfers\\\/the-marked-terms-in-the-double-hit-of-market-planned-by-the-fc-barcelona_305867_102.html#primaryimage\"},\"thumbnailUrl\":\"https:\\\/\\\/www.fcbarcelonanoticias.com\\\/en\\\/wp-content\\\/uploads\\\/sites\\\/2\\\/2024\\\/07\\\/nico-williams-y-dani-olmo-abrazados.jpeg\",\"datePublished\":\"2024-07-27T11:50:00+00:00\",\"author\":{\"@id\":\"https:\\\/\\\/www.fcbarcelonanoticias.com\\\/en\\\/#\\\/schema\\\/person\\\/88d756918a0a1ae9fa593b5edddd1815\"},\"description\":\"Nico Williams and Dani Elm are the two stars that the Bar\u00e7a pretends to incorporate this summer. The cul\u00e9s already know the key dates in which they could 'destrabar' both operations\",\"breadcrumb\":{\"@id\":\"https:\\\/\\\/www.fcbarcelonanoticias.com\\\/en\\\/transfers\\\/the-marked-terms-in-the-double-hit-of-market-planned-by-the-fc-barcelona_305867_102.html#breadcrumb\"},\"inLanguage\":\"en-US\",\"potentialAction\":[{\"@type\":\"ReadAction\",\"target\":[\"https:\\\/\\\/www.fcbarcelonanoticias.com\\\/en\\\/transfers\\\/the-marked-terms-in-the-double-hit-of-market-planned-by-the-fc-barcelona_305867_102.html\"]}]},{\"@type\":\"ImageObject\",\"inLanguage\":\"en-US\",\"@id\":\"https:\\\/\\\/www.fcbarcelonanoticias.com\\\/en\\\/transfers\\\/the-marked-terms-in-the-double-hit-of-market-planned-by-the-fc-barcelona_305867_102.html#primaryimage\",\"url\":\"https:\\\/\\\/www.fcbarcelonanoticias.com\\\/en\\\/wp-content\\\/uploads\\\/sites\\\/2\\\/2024\\\/07\\\/nico-williams-y-dani-olmo-abrazados.jpeg\",\"contentUrl\":\"https:\\\/\\\/www.fcbarcelonanoticias.com\\\/en\\\/wp-content\\\/uploads\\\/sites\\\/2\\\/2024\\\/07\\\/nico-williams-y-dani-olmo-abrazados.jpeg\",\"width\":1300,\"height\":732},{\"@type\":\"BreadcrumbList\",\"@id\":\"https:\\\/\\\/www.fcbarcelonanoticias.com\\\/en\\\/transfers\\\/the-marked-terms-in-the-double-hit-of-market-planned-by-the-fc-barcelona_305867_102.html#breadcrumb\",\"itemListElement\":[{\"@type\":\"ListItem\",\"position\":1,\"name\":\"Portada\",\"item\":\"https:\\\/\\\/www.fcbarcelonanoticias.com\\\/en\\\/\"},{\"@type\":\"ListItem\",\"position\":2,\"name\":\"The deadlines set in the &#8216;double blow&#8217; of the market planned by FC Barcelona\"}]},{\"@type\":\"WebSite\",\"@id\":\"https:\\\/\\\/www.fcbarcelonanoticias.com\\\/en\\\/#website\",\"url\":\"https:\\\/\\\/www.fcbarcelonanoticias.com\\\/en\\\/\",\"name\":\"EN - FC Barcelona Noticias\",\"description\":\"\",\"potentialAction\":[{\"@type\":\"SearchAction\",\"target\":{\"@type\":\"EntryPoint\",\"urlTemplate\":\"https:\\\/\\\/www.fcbarcelonanoticias.com\\\/en\\\/?s={search_term_string}\"},\"query-input\":{\"@type\":\"PropertyValueSpecification\",\"valueRequired\":true,\"valueName\":\"search_term_string\"}}],\"inLanguage\":\"en-US\"},{\"@type\":\"Person\",\"@id\":\"https:\\\/\\\/www.fcbarcelonanoticias.com\\\/en\\\/#\\\/schema\\\/person\\\/88d756918a0a1ae9fa593b5edddd1815\",\"name\":\"Juan Pablo Berdugo\",\"image\":{\"@type\":\"ImageObject\",\"inLanguage\":\"en-US\",\"@id\":\"https:\\\/\\\/secure.gravatar.com\\\/avatar\\\/?s=96&d=mm&r=g\",\"url\":\"https:\\\/\\\/secure.gravatar.com\\\/avatar\\\/?s=96&d=mm&r=g\",\"contentUrl\":\"https:\\\/\\\/secure.gravatar.com\\\/avatar\\\/?s=96&d=mm&r=g\",\"caption\":\"Juan Pablo Berdugo\"},\"description\":\"Juan Pablo Berdugo es graduado en Periodismo. Colabora con FCBN como especialista en informaci\u00f3n del primer equipo del FC Barcelona, f\u00fatbol internacional y mercado de fichajes. Destaca por su enfoque anal\u00edtico, su rigor informativo y su capacidad para detectar tendencias emergentes en el f\u00fatbol global.\",\"url\":\"https:\\\/\\\/www.fcbarcelonanoticias.com\\\/en\\\/fc-barcelona\\\/juan-pablo-berdugo_18_115.html\"}]}<\/script>\n<!-- \/ Yoast SEO plugin. -->","yoast_head_json":{"title":"The marked terms in the 'double hit' of market planned by the FC Barcelona","description":"Nico Williams and Dani Elm are the two stars that the Bar\u00e7a pretends to incorporate this summer. The cul\u00e9s already know the key dates in which they could 'destrabar' both operations","robots":{"index":"index","follow":"follow","max-snippet":"max-snippet:-1","max-image-preview":"max-image-preview:large","max-video-preview":"max-video-preview:-1"},"canonical":"https:\/\/www.fcbarcelonanoticias.com\/en\/transfers\/the-marked-terms-in-the-double-hit-of-market-planned-by-the-fc-barcelona_305867_102.html","og_locale":"en_US","og_type":"article","og_title":"The marked terms in the 'double hit' of market planned by the FC Barcelona","og_description":"Nico Williams and Dani Elm are the two stars that the Bar\u00e7a pretends to incorporate this summer. The cul\u00e9s already know the key dates in which they could 'destrabar' both operations","og_url":"https:\/\/www.fcbarcelonanoticias.com\/en\/transfers\/the-marked-terms-in-the-double-hit-of-market-planned-by-the-fc-barcelona_305867_102.html","og_site_name":"EN - FC Barcelona Noticias","article_published_time":"2024-07-27T11:50:00+00:00","og_image":[{"width":1300,"height":732,"url":"https:\/\/www.fcbarcelonanoticias.com\/en\/wp-content\/uploads\/sites\/2\/2024\/07\/nico-williams-y-dani-olmo-abrazados.jpeg","type":"image\/jpeg"}],"author":"Juan Pablo Berdugo","twitter_card":"summary_large_image","twitter_misc":{"Written by":"Juan Pablo Berdugo","Est. reading time":"3 minutes"},"schema":{"@context":"https:\/\/schema.org","@graph":[{"@type":"Article","@id":"https:\/\/www.fcbarcelonanoticias.com\/en\/transfers\/the-marked-terms-in-the-double-hit-of-market-planned-by-the-fc-barcelona_305867_102.html#article","isPartOf":{"@id":"https:\/\/www.fcbarcelonanoticias.com\/en\/transfers\/the-marked-terms-in-the-double-hit-of-market-planned-by-the-fc-barcelona_305867_102.html"},"author":{"name":"Juan Pablo Berdugo","@id":"https:\/\/www.fcbarcelonanoticias.com\/en\/#\/schema\/person\/88d756918a0a1ae9fa593b5edddd1815"},"headline":"The deadlines set in the &#8216;double blow&#8217; of the market planned by FC Barcelona","datePublished":"2024-07-27T11:50:00+00:00","mainEntityOfPage":{"@id":"https:\/\/www.fcbarcelonanoticias.com\/en\/transfers\/the-marked-terms-in-the-double-hit-of-market-planned-by-the-fc-barcelona_305867_102.html"},"wordCount":539,"image":{"@id":"https:\/\/www.fcbarcelonanoticias.com\/en\/transfers\/the-marked-terms-in-the-double-hit-of-market-planned-by-the-fc-barcelona_305867_102.html#primaryimage"},"thumbnailUrl":"https:\/\/www.fcbarcelonanoticias.com\/en\/wp-content\/uploads\/sites\/2\/2024\/07\/nico-williams-y-dani-olmo-abrazados.jpeg","keywords":["Athletic de Bilbao","Nico Williams","Paris Saint-Germain"],"articleSection":["Transfers","Transfers"],"inLanguage":"en-US"},{"@type":"WebPage","@id":"https:\/\/www.fcbarcelonanoticias.com\/en\/transfers\/the-marked-terms-in-the-double-hit-of-market-planned-by-the-fc-barcelona_305867_102.html","url":"https:\/\/www.fcbarcelonanoticias.com\/en\/transfers\/the-marked-terms-in-the-double-hit-of-market-planned-by-the-fc-barcelona_305867_102.html","name":"The marked terms in the 'double hit' of market planned by the FC Barcelona","isPartOf":{"@id":"https:\/\/www.fcbarcelonanoticias.com\/en\/#website"},"primaryImageOfPage":{"@id":"https:\/\/www.fcbarcelonanoticias.com\/en\/transfers\/the-marked-terms-in-the-double-hit-of-market-planned-by-the-fc-barcelona_305867_102.html#primaryimage"},"image":{"@id":"https:\/\/www.fcbarcelonanoticias.com\/en\/transfers\/the-marked-terms-in-the-double-hit-of-market-planned-by-the-fc-barcelona_305867_102.html#primaryimage"},"thumbnailUrl":"https:\/\/www.fcbarcelonanoticias.com\/en\/wp-content\/uploads\/sites\/2\/2024\/07\/nico-williams-y-dani-olmo-abrazados.jpeg","datePublished":"2024-07-27T11:50:00+00:00","author":{"@id":"https:\/\/www.fcbarcelonanoticias.com\/en\/#\/schema\/person\/88d756918a0a1ae9fa593b5edddd1815"},"description":"Nico Williams and Dani Elm are the two stars that the Bar\u00e7a pretends to incorporate this summer. The cul\u00e9s already know the key dates in which they could 'destrabar' both operations","breadcrumb":{"@id":"https:\/\/www.fcbarcelonanoticias.com\/en\/transfers\/the-marked-terms-in-the-double-hit-of-market-planned-by-the-fc-barcelona_305867_102.html#breadcrumb"},"inLanguage":"en-US","potentialAction":[{"@type":"ReadAction","target":["https:\/\/www.fcbarcelonanoticias.com\/en\/transfers\/the-marked-terms-in-the-double-hit-of-market-planned-by-the-fc-barcelona_305867_102.html"]}]},{"@type":"ImageObject","inLanguage":"en-US","@id":"https:\/\/www.fcbarcelonanoticias.com\/en\/transfers\/the-marked-terms-in-the-double-hit-of-market-planned-by-the-fc-barcelona_305867_102.html#primaryimage","url":"https:\/\/www.fcbarcelonanoticias.com\/en\/wp-content\/uploads\/sites\/2\/2024\/07\/nico-williams-y-dani-olmo-abrazados.jpeg","contentUrl":"https:\/\/www.fcbarcelonanoticias.com\/en\/wp-content\/uploads\/sites\/2\/2024\/07\/nico-williams-y-dani-olmo-abrazados.jpeg","width":1300,"height":732},{"@type":"BreadcrumbList","@id":"https:\/\/www.fcbarcelonanoticias.com\/en\/transfers\/the-marked-terms-in-the-double-hit-of-market-planned-by-the-fc-barcelona_305867_102.html#breadcrumb","itemListElement":[{"@type":"ListItem","position":1,"name":"Portada","item":"https:\/\/www.fcbarcelonanoticias.com\/en\/"},{"@type":"ListItem","position":2,"name":"The deadlines set in the &#8216;double blow&#8217; of the market planned by FC Barcelona"}]},{"@type":"WebSite","@id":"https:\/\/www.fcbarcelonanoticias.com\/en\/#website","url":"https:\/\/www.fcbarcelonanoticias.com\/en\/","name":"EN - FC Barcelona Noticias","description":"","potentialAction":[{"@type":"SearchAction","target":{"@type":"EntryPoint","urlTemplate":"https:\/\/www.fcbarcelonanoticias.com\/en\/?s={search_term_string}"},"query-input":{"@type":"PropertyValueSpecification","valueRequired":true,"valueName":"search_term_string"}}],"inLanguage":"en-US"},{"@type":"Person","@id":"https:\/\/www.fcbarcelonanoticias.com\/en\/#\/schema\/person\/88d756918a0a1ae9fa593b5edddd1815","name":"Juan Pablo Berdugo","image":{"@type":"ImageObject","inLanguage":"en-US","@id":"https:\/\/secure.gravatar.com\/avatar\/?s=96&d=mm&r=g","url":"https:\/\/secure.gravatar.com\/avatar\/?s=96&d=mm&r=g","contentUrl":"https:\/\/secure.gravatar.com\/avatar\/?s=96&d=mm&r=g","caption":"Juan Pablo Berdugo"},"description":"Juan Pablo Berdugo es graduado en Periodismo. Colabora con FCBN como especialista en informaci\u00f3n del primer equipo del FC Barcelona, f\u00fatbol internacional y mercado de fichajes. Destaca por su enfoque anal\u00edtico, su rigor informativo y su capacidad para detectar tendencias emergentes en el f\u00fatbol global.","url":"https:\/\/www.fcbarcelonanoticias.com\/en\/fc-barcelona\/juan-pablo-berdugo_18_115.html"}]}},"_links":{"self":[{"href":"https:\/\/www.fcbarcelonanoticias.com\/en\/wp-json\/wp\/v2\/posts\/135727","targetHints":{"allow":["GET"]}}],"collection":[{"href":"https:\/\/www.fcbarcelonanoticias.com\/en\/wp-json\/wp\/v2\/posts"}],"about":[{"href":"https:\/\/www.fcbarcelonanoticias.com\/en\/wp-json\/wp\/v2\/types\/post"}],"author":[{"embeddable":true,"href":"https:\/\/www.fcbarcelonanoticias.com\/en\/wp-json\/wp\/v2\/users\/358"}],"replies":[{"embeddable":true,"href":"https:\/\/www.fcbarcelonanoticias.com\/en\/wp-json\/wp\/v2\/comments?post=135727"}],"version-history":[{"count":1,"href":"https:\/\/www.fcbarcelonanoticias.com\/en\/wp-json\/wp\/v2\/posts\/135727\/revisions"}],"predecessor-version":[{"id":138961,"href":"https:\/\/www.fcbarcelonanoticias.com\/en\/wp-json\/wp\/v2\/posts\/135727\/revisions\/138961"}],"wp:featuredmedia":[{"embeddable":true,"href":"https:\/\/www.fcbarcelonanoticias.com\/en\/wp-json\/wp\/v2\/media\/135730"}],"wp:attachment":[{"href":"https:\/\/www.fcbarcelonanoticias.com\/en\/wp-json\/wp\/v2\/media?parent=135727"}],"wp:term":[{"taxonomy":"category","embeddable":true,"href":"https:\/\/www.fcbarcelonanoticias.com\/en\/wp-json\/wp\/v2\/categories?post=135727"},{"taxonomy":"post_tag","embeddable":true,"href":"https:\/\/www.fcbarcelonanoticias.com\/en\/wp-json\/wp\/v2\/tags?post=135727"}],"curies":[{"name":"wp","href":"https:\/\/api.w.org\/{rel}","templated":true}]}}