{"id":135734,"date":"2022-01-17T10:34:00","date_gmt":"2022-01-17T09:34:00","guid":{"rendered":"https:\/\/weisetech.dev\/fc-barcelona-noticias\/en\/the-casting-of-the-barca-to-reinforce-the-left-side-in-january_277006_102\/"},"modified":"2022-01-17T10:34:00","modified_gmt":"2022-01-17T09:34:00","slug":"the-casting-of-the-barca-to-reinforce-the-left-side-in-january_277006_102","status":"publish","type":"post","link":"https:\/\/www.fcbarcelonanoticias.com\/en\/transfers\/the-casting-of-the-barca-to-reinforce-the-left-side-in-january_277006_102.html","title":{"rendered":"The &#8216;casting&#8217; of Bar\u00e7a to reinforce the left back in January"},"content":{"rendered":"<h2 class=\"wp-block-heading\">FC Barcelona is studying the possibility of obtaining a transfer, in the form of a loan, to reinforce the left-back for the second part of the season. There would be five candidates among the options<\/h2>  \r\n<div class=\"article-addons\">\r\n    <a href=\"https:\/\/www.fcbarcelonanoticias.com\/en\/calendar-fc-barcelona.html\"\r\n       target=\"_self\"\r\n       title=\"Calendar of FC Barcelona\"\r\n       class=\"blue-gredient-btn\">\r\n       \r\n        Calendar of FC Barcelona    <\/a>\r\n<\/div>   <p>They subtract 14 days so that it finalise the market of wintry signings and <strong>the <a data-external=\"0\" data-intl-links-en=\"https:\/\/www.fcbarcelonanoticias.com\/en\/fc-barcelona\" data-intl-links-es=\"https:\/\/www.fcbarcelonanoticias.com\/fc-barcelona\" href=\"https:\/\/www.fcbarcelonanoticias.com\/en\/football-soccer\/fc-barcelona.html\" rel=\"follow\" target=\"_self\" title=\"FC Barcelona\">FC Barcelona<\/a> has several pending tasks<\/strong>. The priority of the azlugrana is to resolve the &#8216;case Demb\u00e9l\u00e9&#8217; definitively, but also achieve the exit of some players more and the readjustment salarial of other so many to generate &#8216;fair play&#8217; financial. The club no descarta that it can arrive another player in this month of January, but before would have to do &#8216;hollow&#8217; in the changing room of the Camp Nou.<\/p>  <p>Of agreement to the information of Gerard Romero, <strong>the Bar\u00e7a is in the process to know the options that there is in the market to reinforce his right side. <\/strong>The intention of the Barcelona is to achieve a traspaso in shape of cession to the end of season, but is something that will depend to the one hundred by one hundred of the exits that produce in the next two weeks. Nevertheless, in the club would handle a list of candidates with five names to analyse.<\/p>  <p>Always according to the before quoted source, <strong>Alex Sandro (Juventus), Rapha\u00ebl Guerreiro (Dortmund), Nicol\u00e1s Tagliafico (Ajax), Alex Telles, (Manchester United) and Alfonso Pedraza (Villarreal) <\/strong>would be the names that are in the alternatives that handles the Bar\u00e7a to begin to work in a cession by what subtracts of the season 2021-2022.<\/p>  <p>It is not a secret for anybody that in the left side is missing a player &#8216;extra&#8217; that it can serve of replacement for Jordi Alba or that, even, can argue him the place to the of L&#8217;Hospitalet. It is necessary to remember that in this season has had to use to<strong> Sergi\u00f1o Dest, \u00d3scar Mingueza or Ronald Ara\u00fajo as &#8216;patch&#8217; when it has not been Alba,<\/strong> in addition to Alejandro Balde that has not settled in the first team.<\/p>  <h3>descarta The option of Gay\u00e0?<\/h3>  <p>It is worth it to remember that Jos\u00e9 Luis Gay\u00e0 has appeared recently (and again) in the radar of the FC Barcelona. Mateu Alemany Sees him like the ideal <a data-external=\"0\" data-intl-links-en=\"https:\/\/www.fcbarcelonanoticias.com\/en\/fc-barcelona\/gaya-favorite-barcelona-compete-side-jordi-alba_276921_102.html\" data-intl-links-es=\"https:\/\/www.fcbarcelonanoticias.com\/fc-barcelona\/gaya-favorito-barcelona-competirle-lateral-jordi-alba_276921_102.html\" href=\"https:\/\/www.fcbarcelonanoticias.com\/en\/fc-barcelona\/gaya-favorite-barcelona-compete-side-jordi-alba_276921_102.html\" rel=\"follow\" target=\"_self\" title=\"Gay\u00e0 es el favorito del Bar\u00e7a para competirle el lateral a Jordi Alba\">candidate to &#8216;argue him&#8217; the place to Jordi Alba<\/a>, but is conscious of<strong>qu and is not an operation that can tackle in the window of wintry transfers<\/strong>, although Valencia is needed to generate sales to obtain income.<\/p>  <p>It is thus that, arrived the case, will open again the folder of the captain of Valencia in the month of July, in which <strong>the Bar\u00e7a would have (in theory) more margin salarial and will be able to seat to negotiate with the group &#8216;ch\u00e9&#8217;. <\/strong>For the moment, for the Barcelona results important and urgent have to a player to reinforce the right side, by what will look for a loan to the end of the season.<\/p> ","protected":false},"excerpt":{"rendered":"<p>FC Barcelona is studying the possibility of obtaining a transfer, in the form of a loan, to reinforce the left-back for the second part of the season. There would be five candidates among the options They subtract 14 days so that it finalise the market of wintry signings and the FC Barcelona has several pending [&hellip;]<\/p>\n","protected":false},"author":377,"featured_media":135738,"comment_status":"closed","ping_status":"open","sticky":false,"template":"","format":"standard","meta":{"_acf_changed":false,"inline_featured_image":false,"_nextfly_llmd_date_locked":false,"footnotes":""},"categories":[106,449],"tags":[],"class_list":["post-135734","post","type-post","status-publish","format-standard","has-post-thumbnail","hentry","category-transfers","category-transfers-2"],"acf":[],"yoast_head":"<!-- This site is optimized with the Yoast SEO plugin v27.3 - https:\/\/yoast.com\/product\/yoast-seo-wordpress\/ -->\n<title>The &#039;casting&#039; of the Bar\u00e7a to reinforce the left side in January<\/title>\n<meta name=\"description\" content=\"The FC Barcelona studies the possibility to achieve a traspaso, in shape of loan, to reinforce the left-handed side of face to the second stretch of the temporad...\" \/>\n<meta name=\"robots\" content=\"index, follow, max-snippet:-1, max-image-preview:large, max-video-preview:-1\" \/>\n<link rel=\"canonical\" href=\"https:\/\/www.fcbarcelonanoticias.com\/en\/transfers\/the-casting-of-the-barca-to-reinforce-the-left-side-in-january_277006_102.html\" \/>\n<meta property=\"og:locale\" content=\"en_US\" \/>\n<meta property=\"og:type\" content=\"article\" \/>\n<meta property=\"og:title\" content=\"The &#039;casting&#039; of the Bar\u00e7a to reinforce the left side in January\" \/>\n<meta property=\"og:description\" content=\"The FC Barcelona studies the possibility to achieve a traspaso, in shape of loan, to reinforce the left-handed side of face to the second stretch of the temporad...\" \/>\n<meta property=\"og:url\" content=\"https:\/\/www.fcbarcelonanoticias.com\/en\/transfers\/the-casting-of-the-barca-to-reinforce-the-left-side-in-january_277006_102.html\" \/>\n<meta property=\"og:site_name\" content=\"EN - FC Barcelona Noticias\" \/>\n<meta property=\"article:published_time\" content=\"2022-01-17T09:34:00+00:00\" \/>\n<meta property=\"og:image\" content=\"https:\/\/www.fcbarcelonanoticias.com\/en\/wp-content\/uploads\/sites\/2\/2022\/01\/cinco-imagenes.jpeg\" \/>\n\t<meta property=\"og:image:width\" content=\"1181\" \/>\n\t<meta property=\"og:image:height\" content=\"700\" \/>\n\t<meta property=\"og:image:type\" content=\"image\/jpeg\" \/>\n<meta name=\"author\" content=\"user_4033\" \/>\n<meta name=\"twitter:card\" content=\"summary_large_image\" \/>\n<meta name=\"twitter:label1\" content=\"Written by\" \/>\n\t<meta name=\"twitter:data1\" content=\"user_4033\" \/>\n\t<meta name=\"twitter:label2\" content=\"Est. reading time\" \/>\n\t<meta name=\"twitter:data2\" content=\"2 minutes\" \/>\n<script type=\"application\/ld+json\" class=\"yoast-schema-graph\">{\"@context\":\"https:\\\/\\\/schema.org\",\"@graph\":[{\"@type\":\"Article\",\"@id\":\"https:\\\/\\\/www.fcbarcelonanoticias.com\\\/en\\\/transfers\\\/the-casting-of-the-barca-to-reinforce-the-left-side-in-january_277006_102.html#article\",\"isPartOf\":{\"@id\":\"https:\\\/\\\/www.fcbarcelonanoticias.com\\\/en\\\/transfers\\\/the-casting-of-the-barca-to-reinforce-the-left-side-in-january_277006_102.html\"},\"author\":{\"name\":\"user_4033\",\"@id\":\"https:\\\/\\\/www.fcbarcelonanoticias.com\\\/en\\\/#\\\/schema\\\/person\\\/ef17c1dea904b5d4464ec95dd322e667\"},\"headline\":\"The &#8216;casting&#8217; of Bar\u00e7a to reinforce the left back in January\",\"datePublished\":\"2022-01-17T09:34:00+00:00\",\"mainEntityOfPage\":{\"@id\":\"https:\\\/\\\/www.fcbarcelonanoticias.com\\\/en\\\/transfers\\\/the-casting-of-the-barca-to-reinforce-the-left-side-in-january_277006_102.html\"},\"wordCount\":505,\"image\":{\"@id\":\"https:\\\/\\\/www.fcbarcelonanoticias.com\\\/en\\\/transfers\\\/the-casting-of-the-barca-to-reinforce-the-left-side-in-january_277006_102.html#primaryimage\"},\"thumbnailUrl\":\"https:\\\/\\\/www.fcbarcelonanoticias.com\\\/en\\\/wp-content\\\/uploads\\\/sites\\\/2\\\/2022\\\/01\\\/cinco-imagenes.jpeg\",\"articleSection\":[\"Transfers\",\"Transfers\"],\"inLanguage\":\"en-US\"},{\"@type\":\"WebPage\",\"@id\":\"https:\\\/\\\/www.fcbarcelonanoticias.com\\\/en\\\/transfers\\\/the-casting-of-the-barca-to-reinforce-the-left-side-in-january_277006_102.html\",\"url\":\"https:\\\/\\\/www.fcbarcelonanoticias.com\\\/en\\\/transfers\\\/the-casting-of-the-barca-to-reinforce-the-left-side-in-january_277006_102.html\",\"name\":\"The 'casting' of the Bar\u00e7a to reinforce the left side in January\",\"isPartOf\":{\"@id\":\"https:\\\/\\\/www.fcbarcelonanoticias.com\\\/en\\\/#website\"},\"primaryImageOfPage\":{\"@id\":\"https:\\\/\\\/www.fcbarcelonanoticias.com\\\/en\\\/transfers\\\/the-casting-of-the-barca-to-reinforce-the-left-side-in-january_277006_102.html#primaryimage\"},\"image\":{\"@id\":\"https:\\\/\\\/www.fcbarcelonanoticias.com\\\/en\\\/transfers\\\/the-casting-of-the-barca-to-reinforce-the-left-side-in-january_277006_102.html#primaryimage\"},\"thumbnailUrl\":\"https:\\\/\\\/www.fcbarcelonanoticias.com\\\/en\\\/wp-content\\\/uploads\\\/sites\\\/2\\\/2022\\\/01\\\/cinco-imagenes.jpeg\",\"datePublished\":\"2022-01-17T09:34:00+00:00\",\"author\":{\"@id\":\"https:\\\/\\\/www.fcbarcelonanoticias.com\\\/en\\\/#\\\/schema\\\/person\\\/ef17c1dea904b5d4464ec95dd322e667\"},\"description\":\"The FC Barcelona studies the possibility to achieve a traspaso, in shape of loan, to reinforce the left-handed side of face to the second stretch of the temporad...\",\"breadcrumb\":{\"@id\":\"https:\\\/\\\/www.fcbarcelonanoticias.com\\\/en\\\/transfers\\\/the-casting-of-the-barca-to-reinforce-the-left-side-in-january_277006_102.html#breadcrumb\"},\"inLanguage\":\"en-US\",\"potentialAction\":[{\"@type\":\"ReadAction\",\"target\":[\"https:\\\/\\\/www.fcbarcelonanoticias.com\\\/en\\\/transfers\\\/the-casting-of-the-barca-to-reinforce-the-left-side-in-january_277006_102.html\"]}]},{\"@type\":\"ImageObject\",\"inLanguage\":\"en-US\",\"@id\":\"https:\\\/\\\/www.fcbarcelonanoticias.com\\\/en\\\/transfers\\\/the-casting-of-the-barca-to-reinforce-the-left-side-in-january_277006_102.html#primaryimage\",\"url\":\"https:\\\/\\\/www.fcbarcelonanoticias.com\\\/en\\\/wp-content\\\/uploads\\\/sites\\\/2\\\/2022\\\/01\\\/cinco-imagenes.jpeg\",\"contentUrl\":\"https:\\\/\\\/www.fcbarcelonanoticias.com\\\/en\\\/wp-content\\\/uploads\\\/sites\\\/2\\\/2022\\\/01\\\/cinco-imagenes.jpeg\",\"width\":1181,\"height\":700},{\"@type\":\"BreadcrumbList\",\"@id\":\"https:\\\/\\\/www.fcbarcelonanoticias.com\\\/en\\\/transfers\\\/the-casting-of-the-barca-to-reinforce-the-left-side-in-january_277006_102.html#breadcrumb\",\"itemListElement\":[{\"@type\":\"ListItem\",\"position\":1,\"name\":\"Portada\",\"item\":\"https:\\\/\\\/www.fcbarcelonanoticias.com\\\/en\\\/\"},{\"@type\":\"ListItem\",\"position\":2,\"name\":\"The &#8216;casting&#8217; of Bar\u00e7a to reinforce the left back in January\"}]},{\"@type\":\"WebSite\",\"@id\":\"https:\\\/\\\/www.fcbarcelonanoticias.com\\\/en\\\/#website\",\"url\":\"https:\\\/\\\/www.fcbarcelonanoticias.com\\\/en\\\/\",\"name\":\"EN - FC Barcelona Noticias\",\"description\":\"\",\"potentialAction\":[{\"@type\":\"SearchAction\",\"target\":{\"@type\":\"EntryPoint\",\"urlTemplate\":\"https:\\\/\\\/www.fcbarcelonanoticias.com\\\/en\\\/?s={search_term_string}\"},\"query-input\":{\"@type\":\"PropertyValueSpecification\",\"valueRequired\":true,\"valueName\":\"search_term_string\"}}],\"inLanguage\":\"en-US\"},{\"@type\":\"Person\",\"@id\":\"https:\\\/\\\/www.fcbarcelonanoticias.com\\\/en\\\/#\\\/schema\\\/person\\\/ef17c1dea904b5d4464ec95dd322e667\",\"name\":\"user_4033\",\"image\":{\"@type\":\"ImageObject\",\"inLanguage\":\"en-US\",\"@id\":\"https:\\\/\\\/secure.gravatar.com\\\/avatar\\\/?s=96&d=mm&r=g\",\"url\":\"https:\\\/\\\/secure.gravatar.com\\\/avatar\\\/?s=96&d=mm&r=g\",\"contentUrl\":\"https:\\\/\\\/secure.gravatar.com\\\/avatar\\\/?s=96&d=mm&r=g\",\"caption\":\"user_4033\"},\"url\":\"https:\\\/\\\/www.fcbarcelonanoticias.com\\\/en\\\/user_4033.html\"}]}<\/script>\n<!-- \/ Yoast SEO plugin. -->","yoast_head_json":{"title":"The 'casting' of the Bar\u00e7a to reinforce the left side in January","description":"The FC Barcelona studies the possibility to achieve a traspaso, in shape of loan, to reinforce the left-handed side of face to the second stretch of the temporad...","robots":{"index":"index","follow":"follow","max-snippet":"max-snippet:-1","max-image-preview":"max-image-preview:large","max-video-preview":"max-video-preview:-1"},"canonical":"https:\/\/www.fcbarcelonanoticias.com\/en\/transfers\/the-casting-of-the-barca-to-reinforce-the-left-side-in-january_277006_102.html","og_locale":"en_US","og_type":"article","og_title":"The 'casting' of the Bar\u00e7a to reinforce the left side in January","og_description":"The FC Barcelona studies the possibility to achieve a traspaso, in shape of loan, to reinforce the left-handed side of face to the second stretch of the temporad...","og_url":"https:\/\/www.fcbarcelonanoticias.com\/en\/transfers\/the-casting-of-the-barca-to-reinforce-the-left-side-in-january_277006_102.html","og_site_name":"EN - FC Barcelona Noticias","article_published_time":"2022-01-17T09:34:00+00:00","og_image":[{"width":1181,"height":700,"url":"https:\/\/www.fcbarcelonanoticias.com\/en\/wp-content\/uploads\/sites\/2\/2022\/01\/cinco-imagenes.jpeg","type":"image\/jpeg"}],"author":"user_4033","twitter_card":"summary_large_image","twitter_misc":{"Written by":"user_4033","Est. reading time":"2 minutes"},"schema":{"@context":"https:\/\/schema.org","@graph":[{"@type":"Article","@id":"https:\/\/www.fcbarcelonanoticias.com\/en\/transfers\/the-casting-of-the-barca-to-reinforce-the-left-side-in-january_277006_102.html#article","isPartOf":{"@id":"https:\/\/www.fcbarcelonanoticias.com\/en\/transfers\/the-casting-of-the-barca-to-reinforce-the-left-side-in-january_277006_102.html"},"author":{"name":"user_4033","@id":"https:\/\/www.fcbarcelonanoticias.com\/en\/#\/schema\/person\/ef17c1dea904b5d4464ec95dd322e667"},"headline":"The &#8216;casting&#8217; of Bar\u00e7a to reinforce the left back in January","datePublished":"2022-01-17T09:34:00+00:00","mainEntityOfPage":{"@id":"https:\/\/www.fcbarcelonanoticias.com\/en\/transfers\/the-casting-of-the-barca-to-reinforce-the-left-side-in-january_277006_102.html"},"wordCount":505,"image":{"@id":"https:\/\/www.fcbarcelonanoticias.com\/en\/transfers\/the-casting-of-the-barca-to-reinforce-the-left-side-in-january_277006_102.html#primaryimage"},"thumbnailUrl":"https:\/\/www.fcbarcelonanoticias.com\/en\/wp-content\/uploads\/sites\/2\/2022\/01\/cinco-imagenes.jpeg","articleSection":["Transfers","Transfers"],"inLanguage":"en-US"},{"@type":"WebPage","@id":"https:\/\/www.fcbarcelonanoticias.com\/en\/transfers\/the-casting-of-the-barca-to-reinforce-the-left-side-in-january_277006_102.html","url":"https:\/\/www.fcbarcelonanoticias.com\/en\/transfers\/the-casting-of-the-barca-to-reinforce-the-left-side-in-january_277006_102.html","name":"The 'casting' of the Bar\u00e7a to reinforce the left side in January","isPartOf":{"@id":"https:\/\/www.fcbarcelonanoticias.com\/en\/#website"},"primaryImageOfPage":{"@id":"https:\/\/www.fcbarcelonanoticias.com\/en\/transfers\/the-casting-of-the-barca-to-reinforce-the-left-side-in-january_277006_102.html#primaryimage"},"image":{"@id":"https:\/\/www.fcbarcelonanoticias.com\/en\/transfers\/the-casting-of-the-barca-to-reinforce-the-left-side-in-january_277006_102.html#primaryimage"},"thumbnailUrl":"https:\/\/www.fcbarcelonanoticias.com\/en\/wp-content\/uploads\/sites\/2\/2022\/01\/cinco-imagenes.jpeg","datePublished":"2022-01-17T09:34:00+00:00","author":{"@id":"https:\/\/www.fcbarcelonanoticias.com\/en\/#\/schema\/person\/ef17c1dea904b5d4464ec95dd322e667"},"description":"The FC Barcelona studies the possibility to achieve a traspaso, in shape of loan, to reinforce the left-handed side of face to the second stretch of the temporad...","breadcrumb":{"@id":"https:\/\/www.fcbarcelonanoticias.com\/en\/transfers\/the-casting-of-the-barca-to-reinforce-the-left-side-in-january_277006_102.html#breadcrumb"},"inLanguage":"en-US","potentialAction":[{"@type":"ReadAction","target":["https:\/\/www.fcbarcelonanoticias.com\/en\/transfers\/the-casting-of-the-barca-to-reinforce-the-left-side-in-january_277006_102.html"]}]},{"@type":"ImageObject","inLanguage":"en-US","@id":"https:\/\/www.fcbarcelonanoticias.com\/en\/transfers\/the-casting-of-the-barca-to-reinforce-the-left-side-in-january_277006_102.html#primaryimage","url":"https:\/\/www.fcbarcelonanoticias.com\/en\/wp-content\/uploads\/sites\/2\/2022\/01\/cinco-imagenes.jpeg","contentUrl":"https:\/\/www.fcbarcelonanoticias.com\/en\/wp-content\/uploads\/sites\/2\/2022\/01\/cinco-imagenes.jpeg","width":1181,"height":700},{"@type":"BreadcrumbList","@id":"https:\/\/www.fcbarcelonanoticias.com\/en\/transfers\/the-casting-of-the-barca-to-reinforce-the-left-side-in-january_277006_102.html#breadcrumb","itemListElement":[{"@type":"ListItem","position":1,"name":"Portada","item":"https:\/\/www.fcbarcelonanoticias.com\/en\/"},{"@type":"ListItem","position":2,"name":"The &#8216;casting&#8217; of Bar\u00e7a to reinforce the left back in January"}]},{"@type":"WebSite","@id":"https:\/\/www.fcbarcelonanoticias.com\/en\/#website","url":"https:\/\/www.fcbarcelonanoticias.com\/en\/","name":"EN - FC Barcelona Noticias","description":"","potentialAction":[{"@type":"SearchAction","target":{"@type":"EntryPoint","urlTemplate":"https:\/\/www.fcbarcelonanoticias.com\/en\/?s={search_term_string}"},"query-input":{"@type":"PropertyValueSpecification","valueRequired":true,"valueName":"search_term_string"}}],"inLanguage":"en-US"},{"@type":"Person","@id":"https:\/\/www.fcbarcelonanoticias.com\/en\/#\/schema\/person\/ef17c1dea904b5d4464ec95dd322e667","name":"user_4033","image":{"@type":"ImageObject","inLanguage":"en-US","@id":"https:\/\/secure.gravatar.com\/avatar\/?s=96&d=mm&r=g","url":"https:\/\/secure.gravatar.com\/avatar\/?s=96&d=mm&r=g","contentUrl":"https:\/\/secure.gravatar.com\/avatar\/?s=96&d=mm&r=g","caption":"user_4033"},"url":"https:\/\/www.fcbarcelonanoticias.com\/en\/user_4033.html"}]}},"_links":{"self":[{"href":"https:\/\/www.fcbarcelonanoticias.com\/en\/wp-json\/wp\/v2\/posts\/135734","targetHints":{"allow":["GET"]}}],"collection":[{"href":"https:\/\/www.fcbarcelonanoticias.com\/en\/wp-json\/wp\/v2\/posts"}],"about":[{"href":"https:\/\/www.fcbarcelonanoticias.com\/en\/wp-json\/wp\/v2\/types\/post"}],"author":[{"embeddable":true,"href":"https:\/\/www.fcbarcelonanoticias.com\/en\/wp-json\/wp\/v2\/users\/377"}],"replies":[{"embeddable":true,"href":"https:\/\/www.fcbarcelonanoticias.com\/en\/wp-json\/wp\/v2\/comments?post=135734"}],"version-history":[{"count":1,"href":"https:\/\/www.fcbarcelonanoticias.com\/en\/wp-json\/wp\/v2\/posts\/135734\/revisions"}],"predecessor-version":[{"id":139308,"href":"https:\/\/www.fcbarcelonanoticias.com\/en\/wp-json\/wp\/v2\/posts\/135734\/revisions\/139308"}],"wp:featuredmedia":[{"embeddable":true,"href":"https:\/\/www.fcbarcelonanoticias.com\/en\/wp-json\/wp\/v2\/media\/135738"}],"wp:attachment":[{"href":"https:\/\/www.fcbarcelonanoticias.com\/en\/wp-json\/wp\/v2\/media?parent=135734"}],"wp:term":[{"taxonomy":"category","embeddable":true,"href":"https:\/\/www.fcbarcelonanoticias.com\/en\/wp-json\/wp\/v2\/categories?post=135734"},{"taxonomy":"post_tag","embeddable":true,"href":"https:\/\/www.fcbarcelonanoticias.com\/en\/wp-json\/wp\/v2\/tags?post=135734"}],"curies":[{"name":"wp","href":"https:\/\/api.w.org\/{rel}","templated":true}]}}