{"id":135856,"date":"2024-12-14T20:13:00","date_gmt":"2024-12-14T19:13:00","guid":{"rendered":"https:\/\/weisetech.dev\/fc-barcelona-noticias\/en\/the-manchester-city-plan-to-dominate-the-winter-market_309319_102\/"},"modified":"2024-12-14T20:13:00","modified_gmt":"2024-12-14T19:13:00","slug":"the-manchester-city-plan-to-dominate-the-winter-market_309319_102","status":"publish","type":"post","link":"https:\/\/www.fcbarcelonanoticias.com\/en\/transfers\/the-manchester-city-plan-to-dominate-the-winter-market_309319_102.html","title":{"rendered":"The Manchester City Plan to Dominate the Winter Market"},"content":{"rendered":"<h2 class=\"wp-block-heading\">Manchester City aims to break the winter transfer market. In addition to Florian Wirtz, the &#8216;skyblues&#8217; will try to sign Zubimendi or Guimaraes<\/h2>  \r\n<div class=\"article-addons\">\r\n    <a href=\"https:\/\/www.fcbarcelonanoticias.com\/en\/calendar-fc-barcelona.html\"\r\n       target=\"_self\"\r\n       title=\"Calendar of FC Barcelona\"\r\n       class=\"blue-gredient-btn\">\r\n       \r\n        Calendar of FC Barcelona    <\/a>\r\n<\/div>   <p>Desperate times call for desperate measures. The <strong>Manchester City<\/strong> is experiencing an unprecedented results crisis since <strong>Pep Guardiola<\/strong> took over the Etihad Stadium bench, and in light of the lack of answers on the pitch, the &#8216;skyblue&#8217; offices have rolled up their sleeves to make a radical turnaround in the situation.&nbsp;<\/p>  <p>In this regard, &#8216;The Times&#8217; has reported that <a data-external=\"0\" data-intl-links-en=\"https:\/\/www.fcbarcelonanoticias.com\/en\/transfers\" data-intl-links-es=\"https:\/\/www.fcbarcelonanoticias.com\/fichajes\" href=\"https:\/\/www.fcbarcelonanoticias.com\/en\/fc-barcelona\/transfers.html\" rel=\"follow\" target=\"_self\" title=\"Transfers\">the Mancunians have decided to hire a replacement for Rodri in the winter transfer market<\/a>. Given the delicate present of the team, the &#8216;citizen&#8217; board is willing to go all in, and three names are reportedly highlighted in red.<\/p>  <p>The first of them, although not specifically to cover the position of the Ballon d&#8217;Or, is <strong>Florian Wirtz<\/strong>. The German is the big dream of the Mancunian team for the future, and with the tough competition looming for his signing (<strong>Bayern<\/strong>, <strong>Bar\u00e7a<\/strong>, and <strong>Madrid<\/strong> are after him), the &#8216;skyblues&#8217; want to make a move and would not spare expenses when it comes to making his operation happen in January.<\/p>  <h3>The Possible Replacement for Rodri<\/h3>  <p>Not satisfied with the German star, <strong>City<\/strong> would look for a player capable of filling Rodri&#8217;s shoes in the midfield, and <strong>Martin Zubimendi<\/strong> and <strong>Bruno Guimaraes<\/strong> would be Guardiola&#8217;s chosen ones. Both players have been on the institution&#8217;s radar for some time, but given the team&#8217;s needs, they would go all out to sign one of them in the upcoming winter window.<\/p>  <p>Both players are among the most valued in their position, and their transfer would not be cheap, as it seems difficult for both <strong>Real Sociedad<\/strong> and <strong>Newcastle<\/strong> to part with their two stars mid-season. Despite this, the &#8216;citizen&#8217; team will seek to convince them with a hefty offer, so some busy weeks are ahead.<\/p> ","protected":false},"excerpt":{"rendered":"<p>Manchester City aims to break the winter transfer market. In addition to Florian Wirtz, the &#8216;skyblues&#8217; will try to sign Zubimendi or Guimaraes Desperate times call for desperate measures. The Manchester City is experiencing an unprecedented results crisis since Pep Guardiola took over the Etihad Stadium bench, and in light of the lack of answers [&hellip;]<\/p>\n","protected":false},"author":358,"featured_media":135872,"comment_status":"closed","ping_status":"open","sticky":false,"template":"","format":"standard","meta":{"_acf_changed":false,"inline_featured_image":false,"_nextfly_llmd_date_locked":false,"footnotes":""},"categories":[106,449],"tags":[103,283,97,415],"class_list":["post-135856","post","type-post","status-publish","format-standard","has-post-thumbnail","hentry","category-transfers","category-transfers-2","tag-bayer-leverkusen","tag-florian-wirtz","tag-manchester-city","tag-zubimendi"],"acf":[],"yoast_head":"<!-- This site is optimized with the Yoast SEO plugin v27.3 - https:\/\/yoast.com\/product\/yoast-seo-wordpress\/ -->\n<title>The Manchester City Plan to Dominate the Winter Market<\/title>\n<meta name=\"description\" content=\"Manchester City aims to break the winter transfer market. In addition to Florian Wirtz, the &#039;skyblues&#039; will try to sign Zubimendi or Guimaraes\" \/>\n<meta name=\"robots\" content=\"index, follow, max-snippet:-1, max-image-preview:large, max-video-preview:-1\" \/>\n<link rel=\"canonical\" href=\"https:\/\/www.fcbarcelonanoticias.com\/en\/transfers\/the-manchester-city-plan-to-dominate-the-winter-market_309319_102.html\" \/>\n<meta property=\"og:locale\" content=\"en_US\" \/>\n<meta property=\"og:type\" content=\"article\" \/>\n<meta property=\"og:title\" content=\"The Manchester City Plan to Dominate the Winter Market\" \/>\n<meta property=\"og:description\" content=\"Manchester City aims to break the winter transfer market. In addition to Florian Wirtz, the &#039;skyblues&#039; will try to sign Zubimendi or Guimaraes\" \/>\n<meta property=\"og:url\" content=\"https:\/\/www.fcbarcelonanoticias.com\/en\/transfers\/the-manchester-city-plan-to-dominate-the-winter-market_309319_102.html\" \/>\n<meta property=\"og:site_name\" content=\"EN - FC Barcelona Noticias\" \/>\n<meta property=\"article:published_time\" content=\"2024-12-14T19:13:00+00:00\" \/>\n<meta property=\"og:image\" content=\"https:\/\/www.fcbarcelonanoticias.com\/en\/wp-content\/uploads\/sites\/2\/2024\/12\/pep-guardiola-city-3-scaled.jpeg\" \/>\n\t<meta property=\"og:image:width\" content=\"2560\" \/>\n\t<meta property=\"og:image:height\" content=\"1635\" \/>\n\t<meta property=\"og:image:type\" content=\"image\/jpeg\" \/>\n<meta name=\"author\" content=\"Juan Pablo Berdugo\" \/>\n<meta name=\"twitter:card\" content=\"summary_large_image\" \/>\n<meta name=\"twitter:label1\" content=\"Written by\" \/>\n\t<meta name=\"twitter:data1\" content=\"Juan Pablo Berdugo\" \/>\n\t<meta name=\"twitter:label2\" content=\"Est. reading time\" \/>\n\t<meta name=\"twitter:data2\" content=\"2 minutes\" \/>\n<script type=\"application\/ld+json\" class=\"yoast-schema-graph\">{\"@context\":\"https:\\\/\\\/schema.org\",\"@graph\":[{\"@type\":\"Article\",\"@id\":\"https:\\\/\\\/www.fcbarcelonanoticias.com\\\/en\\\/transfers\\\/the-manchester-city-plan-to-dominate-the-winter-market_309319_102.html#article\",\"isPartOf\":{\"@id\":\"https:\\\/\\\/www.fcbarcelonanoticias.com\\\/en\\\/transfers\\\/the-manchester-city-plan-to-dominate-the-winter-market_309319_102.html\"},\"author\":{\"name\":\"Juan Pablo Berdugo\",\"@id\":\"https:\\\/\\\/www.fcbarcelonanoticias.com\\\/en\\\/#\\\/schema\\\/person\\\/88d756918a0a1ae9fa593b5edddd1815\"},\"headline\":\"The Manchester City Plan to Dominate the Winter Market\",\"datePublished\":\"2024-12-14T19:13:00+00:00\",\"mainEntityOfPage\":{\"@id\":\"https:\\\/\\\/www.fcbarcelonanoticias.com\\\/en\\\/transfers\\\/the-manchester-city-plan-to-dominate-the-winter-market_309319_102.html\"},\"wordCount\":327,\"image\":{\"@id\":\"https:\\\/\\\/www.fcbarcelonanoticias.com\\\/en\\\/transfers\\\/the-manchester-city-plan-to-dominate-the-winter-market_309319_102.html#primaryimage\"},\"thumbnailUrl\":\"https:\\\/\\\/www.fcbarcelonanoticias.com\\\/en\\\/wp-content\\\/uploads\\\/sites\\\/2\\\/2024\\\/12\\\/pep-guardiola-city-3-scaled.jpeg\",\"keywords\":[\"Bayer Leverkusen\",\"Florian Wirtz\",\"Manchester City\",\"Zubimendi\"],\"articleSection\":[\"Transfers\",\"Transfers\"],\"inLanguage\":\"en-US\"},{\"@type\":\"WebPage\",\"@id\":\"https:\\\/\\\/www.fcbarcelonanoticias.com\\\/en\\\/transfers\\\/the-manchester-city-plan-to-dominate-the-winter-market_309319_102.html\",\"url\":\"https:\\\/\\\/www.fcbarcelonanoticias.com\\\/en\\\/transfers\\\/the-manchester-city-plan-to-dominate-the-winter-market_309319_102.html\",\"name\":\"The Manchester City Plan to Dominate the Winter Market\",\"isPartOf\":{\"@id\":\"https:\\\/\\\/www.fcbarcelonanoticias.com\\\/en\\\/#website\"},\"primaryImageOfPage\":{\"@id\":\"https:\\\/\\\/www.fcbarcelonanoticias.com\\\/en\\\/transfers\\\/the-manchester-city-plan-to-dominate-the-winter-market_309319_102.html#primaryimage\"},\"image\":{\"@id\":\"https:\\\/\\\/www.fcbarcelonanoticias.com\\\/en\\\/transfers\\\/the-manchester-city-plan-to-dominate-the-winter-market_309319_102.html#primaryimage\"},\"thumbnailUrl\":\"https:\\\/\\\/www.fcbarcelonanoticias.com\\\/en\\\/wp-content\\\/uploads\\\/sites\\\/2\\\/2024\\\/12\\\/pep-guardiola-city-3-scaled.jpeg\",\"datePublished\":\"2024-12-14T19:13:00+00:00\",\"author\":{\"@id\":\"https:\\\/\\\/www.fcbarcelonanoticias.com\\\/en\\\/#\\\/schema\\\/person\\\/88d756918a0a1ae9fa593b5edddd1815\"},\"description\":\"Manchester City aims to break the winter transfer market. In addition to Florian Wirtz, the 'skyblues' will try to sign Zubimendi or Guimaraes\",\"breadcrumb\":{\"@id\":\"https:\\\/\\\/www.fcbarcelonanoticias.com\\\/en\\\/transfers\\\/the-manchester-city-plan-to-dominate-the-winter-market_309319_102.html#breadcrumb\"},\"inLanguage\":\"en-US\",\"potentialAction\":[{\"@type\":\"ReadAction\",\"target\":[\"https:\\\/\\\/www.fcbarcelonanoticias.com\\\/en\\\/transfers\\\/the-manchester-city-plan-to-dominate-the-winter-market_309319_102.html\"]}]},{\"@type\":\"ImageObject\",\"inLanguage\":\"en-US\",\"@id\":\"https:\\\/\\\/www.fcbarcelonanoticias.com\\\/en\\\/transfers\\\/the-manchester-city-plan-to-dominate-the-winter-market_309319_102.html#primaryimage\",\"url\":\"https:\\\/\\\/www.fcbarcelonanoticias.com\\\/en\\\/wp-content\\\/uploads\\\/sites\\\/2\\\/2024\\\/12\\\/pep-guardiola-city-3-scaled.jpeg\",\"contentUrl\":\"https:\\\/\\\/www.fcbarcelonanoticias.com\\\/en\\\/wp-content\\\/uploads\\\/sites\\\/2\\\/2024\\\/12\\\/pep-guardiola-city-3-scaled.jpeg\",\"width\":2560,\"height\":1635},{\"@type\":\"BreadcrumbList\",\"@id\":\"https:\\\/\\\/www.fcbarcelonanoticias.com\\\/en\\\/transfers\\\/the-manchester-city-plan-to-dominate-the-winter-market_309319_102.html#breadcrumb\",\"itemListElement\":[{\"@type\":\"ListItem\",\"position\":1,\"name\":\"Portada\",\"item\":\"https:\\\/\\\/www.fcbarcelonanoticias.com\\\/en\\\/\"},{\"@type\":\"ListItem\",\"position\":2,\"name\":\"The Manchester City Plan to Dominate the Winter Market\"}]},{\"@type\":\"WebSite\",\"@id\":\"https:\\\/\\\/www.fcbarcelonanoticias.com\\\/en\\\/#website\",\"url\":\"https:\\\/\\\/www.fcbarcelonanoticias.com\\\/en\\\/\",\"name\":\"EN - FC Barcelona Noticias\",\"description\":\"\",\"potentialAction\":[{\"@type\":\"SearchAction\",\"target\":{\"@type\":\"EntryPoint\",\"urlTemplate\":\"https:\\\/\\\/www.fcbarcelonanoticias.com\\\/en\\\/?s={search_term_string}\"},\"query-input\":{\"@type\":\"PropertyValueSpecification\",\"valueRequired\":true,\"valueName\":\"search_term_string\"}}],\"inLanguage\":\"en-US\"},{\"@type\":\"Person\",\"@id\":\"https:\\\/\\\/www.fcbarcelonanoticias.com\\\/en\\\/#\\\/schema\\\/person\\\/88d756918a0a1ae9fa593b5edddd1815\",\"name\":\"Juan Pablo Berdugo\",\"image\":{\"@type\":\"ImageObject\",\"inLanguage\":\"en-US\",\"@id\":\"https:\\\/\\\/secure.gravatar.com\\\/avatar\\\/?s=96&d=mm&r=g\",\"url\":\"https:\\\/\\\/secure.gravatar.com\\\/avatar\\\/?s=96&d=mm&r=g\",\"contentUrl\":\"https:\\\/\\\/secure.gravatar.com\\\/avatar\\\/?s=96&d=mm&r=g\",\"caption\":\"Juan Pablo Berdugo\"},\"description\":\"Juan Pablo Berdugo es graduado en Periodismo. Colabora con FCBN como especialista en informaci\u00f3n del primer equipo del FC Barcelona, f\u00fatbol internacional y mercado de fichajes. Destaca por su enfoque anal\u00edtico, su rigor informativo y su capacidad para detectar tendencias emergentes en el f\u00fatbol global.\",\"url\":\"https:\\\/\\\/www.fcbarcelonanoticias.com\\\/en\\\/fc-barcelona\\\/juan-pablo-berdugo_18_115.html\"}]}<\/script>\n<!-- \/ Yoast SEO plugin. -->","yoast_head_json":{"title":"The Manchester City Plan to Dominate the Winter Market","description":"Manchester City aims to break the winter transfer market. In addition to Florian Wirtz, the 'skyblues' will try to sign Zubimendi or Guimaraes","robots":{"index":"index","follow":"follow","max-snippet":"max-snippet:-1","max-image-preview":"max-image-preview:large","max-video-preview":"max-video-preview:-1"},"canonical":"https:\/\/www.fcbarcelonanoticias.com\/en\/transfers\/the-manchester-city-plan-to-dominate-the-winter-market_309319_102.html","og_locale":"en_US","og_type":"article","og_title":"The Manchester City Plan to Dominate the Winter Market","og_description":"Manchester City aims to break the winter transfer market. In addition to Florian Wirtz, the 'skyblues' will try to sign Zubimendi or Guimaraes","og_url":"https:\/\/www.fcbarcelonanoticias.com\/en\/transfers\/the-manchester-city-plan-to-dominate-the-winter-market_309319_102.html","og_site_name":"EN - FC Barcelona Noticias","article_published_time":"2024-12-14T19:13:00+00:00","og_image":[{"width":2560,"height":1635,"url":"https:\/\/www.fcbarcelonanoticias.com\/en\/wp-content\/uploads\/sites\/2\/2024\/12\/pep-guardiola-city-3-scaled.jpeg","type":"image\/jpeg"}],"author":"Juan Pablo Berdugo","twitter_card":"summary_large_image","twitter_misc":{"Written by":"Juan Pablo Berdugo","Est. reading time":"2 minutes"},"schema":{"@context":"https:\/\/schema.org","@graph":[{"@type":"Article","@id":"https:\/\/www.fcbarcelonanoticias.com\/en\/transfers\/the-manchester-city-plan-to-dominate-the-winter-market_309319_102.html#article","isPartOf":{"@id":"https:\/\/www.fcbarcelonanoticias.com\/en\/transfers\/the-manchester-city-plan-to-dominate-the-winter-market_309319_102.html"},"author":{"name":"Juan Pablo Berdugo","@id":"https:\/\/www.fcbarcelonanoticias.com\/en\/#\/schema\/person\/88d756918a0a1ae9fa593b5edddd1815"},"headline":"The Manchester City Plan to Dominate the Winter Market","datePublished":"2024-12-14T19:13:00+00:00","mainEntityOfPage":{"@id":"https:\/\/www.fcbarcelonanoticias.com\/en\/transfers\/the-manchester-city-plan-to-dominate-the-winter-market_309319_102.html"},"wordCount":327,"image":{"@id":"https:\/\/www.fcbarcelonanoticias.com\/en\/transfers\/the-manchester-city-plan-to-dominate-the-winter-market_309319_102.html#primaryimage"},"thumbnailUrl":"https:\/\/www.fcbarcelonanoticias.com\/en\/wp-content\/uploads\/sites\/2\/2024\/12\/pep-guardiola-city-3-scaled.jpeg","keywords":["Bayer Leverkusen","Florian Wirtz","Manchester City","Zubimendi"],"articleSection":["Transfers","Transfers"],"inLanguage":"en-US"},{"@type":"WebPage","@id":"https:\/\/www.fcbarcelonanoticias.com\/en\/transfers\/the-manchester-city-plan-to-dominate-the-winter-market_309319_102.html","url":"https:\/\/www.fcbarcelonanoticias.com\/en\/transfers\/the-manchester-city-plan-to-dominate-the-winter-market_309319_102.html","name":"The Manchester City Plan to Dominate the Winter Market","isPartOf":{"@id":"https:\/\/www.fcbarcelonanoticias.com\/en\/#website"},"primaryImageOfPage":{"@id":"https:\/\/www.fcbarcelonanoticias.com\/en\/transfers\/the-manchester-city-plan-to-dominate-the-winter-market_309319_102.html#primaryimage"},"image":{"@id":"https:\/\/www.fcbarcelonanoticias.com\/en\/transfers\/the-manchester-city-plan-to-dominate-the-winter-market_309319_102.html#primaryimage"},"thumbnailUrl":"https:\/\/www.fcbarcelonanoticias.com\/en\/wp-content\/uploads\/sites\/2\/2024\/12\/pep-guardiola-city-3-scaled.jpeg","datePublished":"2024-12-14T19:13:00+00:00","author":{"@id":"https:\/\/www.fcbarcelonanoticias.com\/en\/#\/schema\/person\/88d756918a0a1ae9fa593b5edddd1815"},"description":"Manchester City aims to break the winter transfer market. In addition to Florian Wirtz, the 'skyblues' will try to sign Zubimendi or Guimaraes","breadcrumb":{"@id":"https:\/\/www.fcbarcelonanoticias.com\/en\/transfers\/the-manchester-city-plan-to-dominate-the-winter-market_309319_102.html#breadcrumb"},"inLanguage":"en-US","potentialAction":[{"@type":"ReadAction","target":["https:\/\/www.fcbarcelonanoticias.com\/en\/transfers\/the-manchester-city-plan-to-dominate-the-winter-market_309319_102.html"]}]},{"@type":"ImageObject","inLanguage":"en-US","@id":"https:\/\/www.fcbarcelonanoticias.com\/en\/transfers\/the-manchester-city-plan-to-dominate-the-winter-market_309319_102.html#primaryimage","url":"https:\/\/www.fcbarcelonanoticias.com\/en\/wp-content\/uploads\/sites\/2\/2024\/12\/pep-guardiola-city-3-scaled.jpeg","contentUrl":"https:\/\/www.fcbarcelonanoticias.com\/en\/wp-content\/uploads\/sites\/2\/2024\/12\/pep-guardiola-city-3-scaled.jpeg","width":2560,"height":1635},{"@type":"BreadcrumbList","@id":"https:\/\/www.fcbarcelonanoticias.com\/en\/transfers\/the-manchester-city-plan-to-dominate-the-winter-market_309319_102.html#breadcrumb","itemListElement":[{"@type":"ListItem","position":1,"name":"Portada","item":"https:\/\/www.fcbarcelonanoticias.com\/en\/"},{"@type":"ListItem","position":2,"name":"The Manchester City Plan to Dominate the Winter Market"}]},{"@type":"WebSite","@id":"https:\/\/www.fcbarcelonanoticias.com\/en\/#website","url":"https:\/\/www.fcbarcelonanoticias.com\/en\/","name":"EN - FC Barcelona Noticias","description":"","potentialAction":[{"@type":"SearchAction","target":{"@type":"EntryPoint","urlTemplate":"https:\/\/www.fcbarcelonanoticias.com\/en\/?s={search_term_string}"},"query-input":{"@type":"PropertyValueSpecification","valueRequired":true,"valueName":"search_term_string"}}],"inLanguage":"en-US"},{"@type":"Person","@id":"https:\/\/www.fcbarcelonanoticias.com\/en\/#\/schema\/person\/88d756918a0a1ae9fa593b5edddd1815","name":"Juan Pablo Berdugo","image":{"@type":"ImageObject","inLanguage":"en-US","@id":"https:\/\/secure.gravatar.com\/avatar\/?s=96&d=mm&r=g","url":"https:\/\/secure.gravatar.com\/avatar\/?s=96&d=mm&r=g","contentUrl":"https:\/\/secure.gravatar.com\/avatar\/?s=96&d=mm&r=g","caption":"Juan Pablo Berdugo"},"description":"Juan Pablo Berdugo es graduado en Periodismo. Colabora con FCBN como especialista en informaci\u00f3n del primer equipo del FC Barcelona, f\u00fatbol internacional y mercado de fichajes. Destaca por su enfoque anal\u00edtico, su rigor informativo y su capacidad para detectar tendencias emergentes en el f\u00fatbol global.","url":"https:\/\/www.fcbarcelonanoticias.com\/en\/fc-barcelona\/juan-pablo-berdugo_18_115.html"}]}},"_links":{"self":[{"href":"https:\/\/www.fcbarcelonanoticias.com\/en\/wp-json\/wp\/v2\/posts\/135856","targetHints":{"allow":["GET"]}}],"collection":[{"href":"https:\/\/www.fcbarcelonanoticias.com\/en\/wp-json\/wp\/v2\/posts"}],"about":[{"href":"https:\/\/www.fcbarcelonanoticias.com\/en\/wp-json\/wp\/v2\/types\/post"}],"author":[{"embeddable":true,"href":"https:\/\/www.fcbarcelonanoticias.com\/en\/wp-json\/wp\/v2\/users\/358"}],"replies":[{"embeddable":true,"href":"https:\/\/www.fcbarcelonanoticias.com\/en\/wp-json\/wp\/v2\/comments?post=135856"}],"version-history":[{"count":1,"href":"https:\/\/www.fcbarcelonanoticias.com\/en\/wp-json\/wp\/v2\/posts\/135856\/revisions"}],"predecessor-version":[{"id":138988,"href":"https:\/\/www.fcbarcelonanoticias.com\/en\/wp-json\/wp\/v2\/posts\/135856\/revisions\/138988"}],"wp:featuredmedia":[{"embeddable":true,"href":"https:\/\/www.fcbarcelonanoticias.com\/en\/wp-json\/wp\/v2\/media\/135872"}],"wp:attachment":[{"href":"https:\/\/www.fcbarcelonanoticias.com\/en\/wp-json\/wp\/v2\/media?parent=135856"}],"wp:term":[{"taxonomy":"category","embeddable":true,"href":"https:\/\/www.fcbarcelonanoticias.com\/en\/wp-json\/wp\/v2\/categories?post=135856"},{"taxonomy":"post_tag","embeddable":true,"href":"https:\/\/www.fcbarcelonanoticias.com\/en\/wp-json\/wp\/v2\/tags?post=135856"}],"curies":[{"name":"wp","href":"https:\/\/api.w.org\/{rel}","templated":true}]}}