{"id":135875,"date":"2022-08-13T21:12:00","date_gmt":"2022-08-13T19:12:00","guid":{"rendered":"https:\/\/weisetech.dev\/fc-barcelona-noticias\/en\/the-conditions-of-the-agreement-barca-elche-by-alex-hill_283210_102\/"},"modified":"2022-08-13T21:12:00","modified_gmt":"2022-08-13T19:12:00","slug":"the-conditions-of-the-agreement-barca-elche-by-alex-hill_283210_102","status":"publish","type":"post","link":"https:\/\/www.fcbarcelonanoticias.com\/en\/transfers\/the-conditions-of-the-agreement-barca-elche-by-alex-hill_283210_102.html","title":{"rendered":"The conditions of the Bar\u00e7a\/Elche agreement for \u00c1lex Collado"},"content":{"rendered":"<h2 class=\"wp-block-heading\">\u00c1lex Collado is already in Elche to join the team led by Francisco Rodr\u00edguez. The journalist Fabrizio Romano confirmed that FC Barcelona will make the loan official for one season this Sunday or Monday<\/h2>  \r\n<div class=\"article-addons\">\r\n    <a href=\"https:\/\/www.fcbarcelonanoticias.com\/en\/calendar-fc-barcelona.html\"\r\n       target=\"_self\"\r\n       title=\"Calendar of FC Barcelona\"\r\n       class=\"blue-gredient-btn\">\r\n       \r\n        Calendar of FC Barcelona    <\/a>\r\n<\/div>   <p>The <a data-external=\"0\" data-intl-links-en=\"https:\/\/www.fcbarcelonanoticias.com\/en\/transfers\/memphis-depay-waiting-for-the-total-agreement-with-the-juve_283195_102.html\" data-intl-links-es=\"https:\/\/www.fcbarcelonanoticias.com\/fichajes\/memphis-depay-espera-acuerdo-total-con-juve-romper-con-barcelona_283195_102.html\" href=\"https:\/\/www.fcbarcelonanoticias.com\/en\/transfers\/memphis-depay-waiting-for-the-total-agreement-with-the-juve_283195_102.html\" rel=\"follow\" target=\"_self\" title=\"Memphis Depay, a la espera del acuerdo total con la Juve para 'romper' con el Bar\u00e7a\">FC Barcelona<\/a> follows working in the &#8216;operation gone out&#8217; to lighten the staff of the first team and the next in leaving will be \u00c1lex Hill. The canterano will leave yielded again, this time by a season, without option of purchase. <strong>The Elche will be his destination and the midfield player already finds in Valencian floor<\/strong> waiting for the official announcement of the operation by part of both clubs.<\/p>  <p>In this sense, <strong>the journalist Fabrizio Romano confirmed that the parts will seal the operation in the next 24 or 48 hours<\/strong>, by which the one of Sabadell could add to the trainings of the Elche during the day dominical. <strong>The agreement establishes that the Elche will assume the half of the wage of the player, while the Bar\u00e7a will pay 50% remaining<\/strong>. In this regard, the m\u00edster of the group &#8216;franjiverde&#8217; expressed his satisfaction by the imminent arrival of a Hill that in the 2021-22 left a good impression with the Granada, in spite of the descent of the &#8216;nazar\u00edes&#8217;.<\/p>  <blockquote class=\"twitter-tweet\"> <p dir=\"ltr\" lang=\"en\">\u00c1lex Hill will become new Elche player in 24\/48h. Agreement already completed between Barcelona and Elche, praise deal until June 2023. \ud83d\udfe2 <a href=\"https:\/\/twitter.com\/en\/hashtag\/FCB?src=hash&amp;ref_src=twsrc%5Etfw\">#FCB<\/a><br><br> Elche will pay almost 50% of salary for this season.<\/p> \u2014 Fabrizio Romano (@FabrizioRomano) <a href=\"https:\/\/twitter.com\/en\/FabrizioRomano\/status\/1558521315086274561?ref_src=twsrc%5Etfw\">August 13, 2022<\/a> <\/blockquote> <p><strong>&#8220;The important is that he wants to come and we want to that it avenges. We are ilusionados in that it can train and everything can fix contractualmente. Hill is a very near possibility and ojal\u00e1 can give today&#8221;<\/strong>, said the trainer Francisco Rodr\u00edguez in the previous of the debut in LaLiga the Monday in field of the Betis. The Elche comes to attain the permanence the past season with 42 points, to four units of the &#8216;red zone&#8217;.<\/p>  <p>\u00c1lex, by his part, had a good championship with the Granada. <strong>The canterano of the <a data-external=\"0\" data-intl-links-en=\"https:\/\/www.fcbarcelonanoticias.com\/en\/club\/frenazo-unexpected-in-the-negotiations-of-the-barca-with-hammered-and-busquets_283184_102.html\" data-intl-links-es=\"https:\/\/www.fcbarcelonanoticias.com\/club\/frenazo-inesperado-en-negociaciones-barcelona-con-pique-busquets_283184_102.html\" href=\"https:\/\/www.fcbarcelonanoticias.com\/en\/club\/frenazo-unexpected-in-the-negotiations-of-the-barca-with-hammered-and-busquets_283184_102.html\" rel=\"follow\" target=\"_self\" title=\"'Frenazo' inesperado en las negociaciones del Bar\u00e7a con Piqu\u00e9 y Busquets\">Bar\u00e7a<\/a> contested 17 parties (1.023 minutes) in which it added pair of goals and an assistance<\/strong>. His so many arrived in the day 32 (defeat 1-4 in front of Valencia) and in the date 36 (triumph 1-0 in front of the Athletic Bilbao) a result that seemed to promote to the ones of Aitor Karanka to the salvation. However, the fall in field of the Betis and the tie without goals home with the Espanyol sent them to Second.<\/p>  <h3>Hill looks for leadership in the Elche<\/h3>  <p>To his 23 years, the midfield player expects to consolidate in a plantel of First Division and give a jump of quality in his career. Although it travelled with the Bar\u00e7a to turns it American and added minutes, was clear that, <strong>in front of the &#8216;overbooking&#8217; of midfield players that has the group directed by Xavi Hern\u00e1ndez, would be very difficult for the one of Sabadell colarse in the staff<\/strong> of the 2022-23. With agreement until June of 2023, is very likely that Hill leave to another club the next year.<\/p> ","protected":false},"excerpt":{"rendered":"<p>\u00c1lex Collado is already in Elche to join the team led by Francisco Rodr\u00edguez. The journalist Fabrizio Romano confirmed that FC Barcelona will make the loan official for one season this Sunday or Monday The FC Barcelona follows working in the &#8216;operation gone out&#8217; to lighten the staff of the first team and the next [&hellip;]<\/p>\n","protected":false},"author":347,"featured_media":135876,"comment_status":"closed","ping_status":"open","sticky":false,"template":"","format":"standard","meta":{"_acf_changed":false,"inline_featured_image":false,"_nextfly_llmd_date_locked":false,"footnotes":""},"categories":[106,449],"tags":[347],"class_list":["post-135875","post","type-post","status-publish","format-standard","has-post-thumbnail","hentry","category-transfers","category-transfers-2","tag-elche-cf"],"acf":[],"yoast_head":"<!-- This site is optimized with the Yoast SEO plugin v27.3 - https:\/\/yoast.com\/product\/yoast-seo-wordpress\/ -->\n<title>The conditions of the agreement Bar\u00e7a\/Elche by \u00c1lex Hill<\/title>\n<meta name=\"description\" content=\"\u00c1lex Hill already is in Elche to add to the group directed by Francisco Rodr\u00edguez. The journalist Fabrizio Romano confirmed that the FC Barcelona will do ofic...\" \/>\n<meta name=\"robots\" content=\"index, follow, max-snippet:-1, max-image-preview:large, max-video-preview:-1\" \/>\n<link rel=\"canonical\" href=\"https:\/\/www.fcbarcelonanoticias.com\/en\/transfers\/the-conditions-of-the-agreement-barca-elche-by-alex-hill_283210_102.html\" \/>\n<meta property=\"og:locale\" content=\"en_US\" \/>\n<meta property=\"og:type\" content=\"article\" \/>\n<meta property=\"og:title\" content=\"The conditions of the agreement Bar\u00e7a\/Elche by \u00c1lex Hill\" \/>\n<meta property=\"og:description\" content=\"\u00c1lex Hill already is in Elche to add to the group directed by Francisco Rodr\u00edguez. The journalist Fabrizio Romano confirmed that the FC Barcelona will do ofic...\" \/>\n<meta property=\"og:url\" content=\"https:\/\/www.fcbarcelonanoticias.com\/en\/transfers\/the-conditions-of-the-agreement-barca-elche-by-alex-hill_283210_102.html\" \/>\n<meta property=\"og:site_name\" content=\"EN - FC Barcelona Noticias\" \/>\n<meta property=\"article:published_time\" content=\"2022-08-13T19:12:00+00:00\" \/>\n<meta property=\"og:image\" content=\"https:\/\/www.fcbarcelonanoticias.com\/en\/wp-content\/uploads\/sites\/2\/2022\/08\/collado-futbol-dejar.jpeg\" \/>\n\t<meta property=\"og:image:width\" content=\"1300\" \/>\n\t<meta property=\"og:image:height\" content=\"732\" \/>\n\t<meta property=\"og:image:type\" content=\"image\/jpeg\" \/>\n<meta name=\"author\" content=\"Andr\u00e9s Quiroz\" \/>\n<meta name=\"twitter:card\" content=\"summary_large_image\" \/>\n<meta name=\"twitter:label1\" content=\"Written by\" \/>\n\t<meta name=\"twitter:data1\" content=\"Andr\u00e9s Quiroz\" \/>\n\t<meta name=\"twitter:label2\" content=\"Est. reading time\" \/>\n\t<meta name=\"twitter:data2\" content=\"3 minutes\" \/>\n<script type=\"application\/ld+json\" class=\"yoast-schema-graph\">{\"@context\":\"https:\\\/\\\/schema.org\",\"@graph\":[{\"@type\":\"Article\",\"@id\":\"https:\\\/\\\/www.fcbarcelonanoticias.com\\\/en\\\/transfers\\\/the-conditions-of-the-agreement-barca-elche-by-alex-hill_283210_102.html#article\",\"isPartOf\":{\"@id\":\"https:\\\/\\\/www.fcbarcelonanoticias.com\\\/en\\\/transfers\\\/the-conditions-of-the-agreement-barca-elche-by-alex-hill_283210_102.html\"},\"author\":{\"name\":\"Andr\u00e9s Quiroz\",\"@id\":\"https:\\\/\\\/www.fcbarcelonanoticias.com\\\/en\\\/#\\\/schema\\\/person\\\/c2cd9f6fa1af5c0d0eccd0fefa575c88\"},\"headline\":\"The conditions of the Bar\u00e7a\\\/Elche agreement for \u00c1lex Collado\",\"datePublished\":\"2022-08-13T19:12:00+00:00\",\"mainEntityOfPage\":{\"@id\":\"https:\\\/\\\/www.fcbarcelonanoticias.com\\\/en\\\/transfers\\\/the-conditions-of-the-agreement-barca-elche-by-alex-hill_283210_102.html\"},\"wordCount\":519,\"image\":{\"@id\":\"https:\\\/\\\/www.fcbarcelonanoticias.com\\\/en\\\/transfers\\\/the-conditions-of-the-agreement-barca-elche-by-alex-hill_283210_102.html#primaryimage\"},\"thumbnailUrl\":\"https:\\\/\\\/www.fcbarcelonanoticias.com\\\/en\\\/wp-content\\\/uploads\\\/sites\\\/2\\\/2022\\\/08\\\/collado-futbol-dejar.jpeg\",\"keywords\":[\"Elche CF\"],\"articleSection\":[\"Transfers\",\"Transfers\"],\"inLanguage\":\"en-US\"},{\"@type\":\"WebPage\",\"@id\":\"https:\\\/\\\/www.fcbarcelonanoticias.com\\\/en\\\/transfers\\\/the-conditions-of-the-agreement-barca-elche-by-alex-hill_283210_102.html\",\"url\":\"https:\\\/\\\/www.fcbarcelonanoticias.com\\\/en\\\/transfers\\\/the-conditions-of-the-agreement-barca-elche-by-alex-hill_283210_102.html\",\"name\":\"The conditions of the agreement Bar\u00e7a\\\/Elche by \u00c1lex Hill\",\"isPartOf\":{\"@id\":\"https:\\\/\\\/www.fcbarcelonanoticias.com\\\/en\\\/#website\"},\"primaryImageOfPage\":{\"@id\":\"https:\\\/\\\/www.fcbarcelonanoticias.com\\\/en\\\/transfers\\\/the-conditions-of-the-agreement-barca-elche-by-alex-hill_283210_102.html#primaryimage\"},\"image\":{\"@id\":\"https:\\\/\\\/www.fcbarcelonanoticias.com\\\/en\\\/transfers\\\/the-conditions-of-the-agreement-barca-elche-by-alex-hill_283210_102.html#primaryimage\"},\"thumbnailUrl\":\"https:\\\/\\\/www.fcbarcelonanoticias.com\\\/en\\\/wp-content\\\/uploads\\\/sites\\\/2\\\/2022\\\/08\\\/collado-futbol-dejar.jpeg\",\"datePublished\":\"2022-08-13T19:12:00+00:00\",\"author\":{\"@id\":\"https:\\\/\\\/www.fcbarcelonanoticias.com\\\/en\\\/#\\\/schema\\\/person\\\/c2cd9f6fa1af5c0d0eccd0fefa575c88\"},\"description\":\"\u00c1lex Hill already is in Elche to add to the group directed by Francisco Rodr\u00edguez. The journalist Fabrizio Romano confirmed that the FC Barcelona will do ofic...\",\"breadcrumb\":{\"@id\":\"https:\\\/\\\/www.fcbarcelonanoticias.com\\\/en\\\/transfers\\\/the-conditions-of-the-agreement-barca-elche-by-alex-hill_283210_102.html#breadcrumb\"},\"inLanguage\":\"en-US\",\"potentialAction\":[{\"@type\":\"ReadAction\",\"target\":[\"https:\\\/\\\/www.fcbarcelonanoticias.com\\\/en\\\/transfers\\\/the-conditions-of-the-agreement-barca-elche-by-alex-hill_283210_102.html\"]}]},{\"@type\":\"ImageObject\",\"inLanguage\":\"en-US\",\"@id\":\"https:\\\/\\\/www.fcbarcelonanoticias.com\\\/en\\\/transfers\\\/the-conditions-of-the-agreement-barca-elche-by-alex-hill_283210_102.html#primaryimage\",\"url\":\"https:\\\/\\\/www.fcbarcelonanoticias.com\\\/en\\\/wp-content\\\/uploads\\\/sites\\\/2\\\/2022\\\/08\\\/collado-futbol-dejar.jpeg\",\"contentUrl\":\"https:\\\/\\\/www.fcbarcelonanoticias.com\\\/en\\\/wp-content\\\/uploads\\\/sites\\\/2\\\/2022\\\/08\\\/collado-futbol-dejar.jpeg\",\"width\":1300,\"height\":732},{\"@type\":\"BreadcrumbList\",\"@id\":\"https:\\\/\\\/www.fcbarcelonanoticias.com\\\/en\\\/transfers\\\/the-conditions-of-the-agreement-barca-elche-by-alex-hill_283210_102.html#breadcrumb\",\"itemListElement\":[{\"@type\":\"ListItem\",\"position\":1,\"name\":\"Portada\",\"item\":\"https:\\\/\\\/www.fcbarcelonanoticias.com\\\/en\\\/\"},{\"@type\":\"ListItem\",\"position\":2,\"name\":\"The conditions of the Bar\u00e7a\\\/Elche agreement for \u00c1lex Collado\"}]},{\"@type\":\"WebSite\",\"@id\":\"https:\\\/\\\/www.fcbarcelonanoticias.com\\\/en\\\/#website\",\"url\":\"https:\\\/\\\/www.fcbarcelonanoticias.com\\\/en\\\/\",\"name\":\"EN - FC Barcelona Noticias\",\"description\":\"\",\"potentialAction\":[{\"@type\":\"SearchAction\",\"target\":{\"@type\":\"EntryPoint\",\"urlTemplate\":\"https:\\\/\\\/www.fcbarcelonanoticias.com\\\/en\\\/?s={search_term_string}\"},\"query-input\":{\"@type\":\"PropertyValueSpecification\",\"valueRequired\":true,\"valueName\":\"search_term_string\"}}],\"inLanguage\":\"en-US\"},{\"@type\":\"Person\",\"@id\":\"https:\\\/\\\/www.fcbarcelonanoticias.com\\\/en\\\/#\\\/schema\\\/person\\\/c2cd9f6fa1af5c0d0eccd0fefa575c88\",\"name\":\"Andr\u00e9s Quiroz\",\"image\":{\"@type\":\"ImageObject\",\"inLanguage\":\"en-US\",\"@id\":\"https:\\\/\\\/secure.gravatar.com\\\/avatar\\\/?s=96&d=mm&r=g\",\"url\":\"https:\\\/\\\/secure.gravatar.com\\\/avatar\\\/?s=96&d=mm&r=g\",\"contentUrl\":\"https:\\\/\\\/secure.gravatar.com\\\/avatar\\\/?s=96&d=mm&r=g\",\"caption\":\"Andr\u00e9s Quiroz\"},\"description\":\"Licenciado en Periodismo por la Universidad de los Andes. Me encargo de analizar y compartir los contenidos m\u00e1s destacados de la\u00a0actualidad del F\u00fatbol Club Barcelona, Mercado de Fichajes y F\u00fatbol Internacional en FCBN. La informaci\u00f3n es poder, pero tambi\u00e9n conocimiento.\",\"url\":\"https:\\\/\\\/www.fcbarcelonanoticias.com\\\/en\\\/fc-barcelona\\\/andres-quiroz_17_115.html\"}]}<\/script>\n<!-- \/ Yoast SEO plugin. -->","yoast_head_json":{"title":"The conditions of the agreement Bar\u00e7a\/Elche by \u00c1lex Hill","description":"\u00c1lex Hill already is in Elche to add to the group directed by Francisco Rodr\u00edguez. The journalist Fabrizio Romano confirmed that the FC Barcelona will do ofic...","robots":{"index":"index","follow":"follow","max-snippet":"max-snippet:-1","max-image-preview":"max-image-preview:large","max-video-preview":"max-video-preview:-1"},"canonical":"https:\/\/www.fcbarcelonanoticias.com\/en\/transfers\/the-conditions-of-the-agreement-barca-elche-by-alex-hill_283210_102.html","og_locale":"en_US","og_type":"article","og_title":"The conditions of the agreement Bar\u00e7a\/Elche by \u00c1lex Hill","og_description":"\u00c1lex Hill already is in Elche to add to the group directed by Francisco Rodr\u00edguez. The journalist Fabrizio Romano confirmed that the FC Barcelona will do ofic...","og_url":"https:\/\/www.fcbarcelonanoticias.com\/en\/transfers\/the-conditions-of-the-agreement-barca-elche-by-alex-hill_283210_102.html","og_site_name":"EN - FC Barcelona Noticias","article_published_time":"2022-08-13T19:12:00+00:00","og_image":[{"width":1300,"height":732,"url":"https:\/\/www.fcbarcelonanoticias.com\/en\/wp-content\/uploads\/sites\/2\/2022\/08\/collado-futbol-dejar.jpeg","type":"image\/jpeg"}],"author":"Andr\u00e9s Quiroz","twitter_card":"summary_large_image","twitter_misc":{"Written by":"Andr\u00e9s Quiroz","Est. reading time":"3 minutes"},"schema":{"@context":"https:\/\/schema.org","@graph":[{"@type":"Article","@id":"https:\/\/www.fcbarcelonanoticias.com\/en\/transfers\/the-conditions-of-the-agreement-barca-elche-by-alex-hill_283210_102.html#article","isPartOf":{"@id":"https:\/\/www.fcbarcelonanoticias.com\/en\/transfers\/the-conditions-of-the-agreement-barca-elche-by-alex-hill_283210_102.html"},"author":{"name":"Andr\u00e9s Quiroz","@id":"https:\/\/www.fcbarcelonanoticias.com\/en\/#\/schema\/person\/c2cd9f6fa1af5c0d0eccd0fefa575c88"},"headline":"The conditions of the Bar\u00e7a\/Elche agreement for \u00c1lex Collado","datePublished":"2022-08-13T19:12:00+00:00","mainEntityOfPage":{"@id":"https:\/\/www.fcbarcelonanoticias.com\/en\/transfers\/the-conditions-of-the-agreement-barca-elche-by-alex-hill_283210_102.html"},"wordCount":519,"image":{"@id":"https:\/\/www.fcbarcelonanoticias.com\/en\/transfers\/the-conditions-of-the-agreement-barca-elche-by-alex-hill_283210_102.html#primaryimage"},"thumbnailUrl":"https:\/\/www.fcbarcelonanoticias.com\/en\/wp-content\/uploads\/sites\/2\/2022\/08\/collado-futbol-dejar.jpeg","keywords":["Elche CF"],"articleSection":["Transfers","Transfers"],"inLanguage":"en-US"},{"@type":"WebPage","@id":"https:\/\/www.fcbarcelonanoticias.com\/en\/transfers\/the-conditions-of-the-agreement-barca-elche-by-alex-hill_283210_102.html","url":"https:\/\/www.fcbarcelonanoticias.com\/en\/transfers\/the-conditions-of-the-agreement-barca-elche-by-alex-hill_283210_102.html","name":"The conditions of the agreement Bar\u00e7a\/Elche by \u00c1lex Hill","isPartOf":{"@id":"https:\/\/www.fcbarcelonanoticias.com\/en\/#website"},"primaryImageOfPage":{"@id":"https:\/\/www.fcbarcelonanoticias.com\/en\/transfers\/the-conditions-of-the-agreement-barca-elche-by-alex-hill_283210_102.html#primaryimage"},"image":{"@id":"https:\/\/www.fcbarcelonanoticias.com\/en\/transfers\/the-conditions-of-the-agreement-barca-elche-by-alex-hill_283210_102.html#primaryimage"},"thumbnailUrl":"https:\/\/www.fcbarcelonanoticias.com\/en\/wp-content\/uploads\/sites\/2\/2022\/08\/collado-futbol-dejar.jpeg","datePublished":"2022-08-13T19:12:00+00:00","author":{"@id":"https:\/\/www.fcbarcelonanoticias.com\/en\/#\/schema\/person\/c2cd9f6fa1af5c0d0eccd0fefa575c88"},"description":"\u00c1lex Hill already is in Elche to add to the group directed by Francisco Rodr\u00edguez. The journalist Fabrizio Romano confirmed that the FC Barcelona will do ofic...","breadcrumb":{"@id":"https:\/\/www.fcbarcelonanoticias.com\/en\/transfers\/the-conditions-of-the-agreement-barca-elche-by-alex-hill_283210_102.html#breadcrumb"},"inLanguage":"en-US","potentialAction":[{"@type":"ReadAction","target":["https:\/\/www.fcbarcelonanoticias.com\/en\/transfers\/the-conditions-of-the-agreement-barca-elche-by-alex-hill_283210_102.html"]}]},{"@type":"ImageObject","inLanguage":"en-US","@id":"https:\/\/www.fcbarcelonanoticias.com\/en\/transfers\/the-conditions-of-the-agreement-barca-elche-by-alex-hill_283210_102.html#primaryimage","url":"https:\/\/www.fcbarcelonanoticias.com\/en\/wp-content\/uploads\/sites\/2\/2022\/08\/collado-futbol-dejar.jpeg","contentUrl":"https:\/\/www.fcbarcelonanoticias.com\/en\/wp-content\/uploads\/sites\/2\/2022\/08\/collado-futbol-dejar.jpeg","width":1300,"height":732},{"@type":"BreadcrumbList","@id":"https:\/\/www.fcbarcelonanoticias.com\/en\/transfers\/the-conditions-of-the-agreement-barca-elche-by-alex-hill_283210_102.html#breadcrumb","itemListElement":[{"@type":"ListItem","position":1,"name":"Portada","item":"https:\/\/www.fcbarcelonanoticias.com\/en\/"},{"@type":"ListItem","position":2,"name":"The conditions of the Bar\u00e7a\/Elche agreement for \u00c1lex Collado"}]},{"@type":"WebSite","@id":"https:\/\/www.fcbarcelonanoticias.com\/en\/#website","url":"https:\/\/www.fcbarcelonanoticias.com\/en\/","name":"EN - FC Barcelona Noticias","description":"","potentialAction":[{"@type":"SearchAction","target":{"@type":"EntryPoint","urlTemplate":"https:\/\/www.fcbarcelonanoticias.com\/en\/?s={search_term_string}"},"query-input":{"@type":"PropertyValueSpecification","valueRequired":true,"valueName":"search_term_string"}}],"inLanguage":"en-US"},{"@type":"Person","@id":"https:\/\/www.fcbarcelonanoticias.com\/en\/#\/schema\/person\/c2cd9f6fa1af5c0d0eccd0fefa575c88","name":"Andr\u00e9s Quiroz","image":{"@type":"ImageObject","inLanguage":"en-US","@id":"https:\/\/secure.gravatar.com\/avatar\/?s=96&d=mm&r=g","url":"https:\/\/secure.gravatar.com\/avatar\/?s=96&d=mm&r=g","contentUrl":"https:\/\/secure.gravatar.com\/avatar\/?s=96&d=mm&r=g","caption":"Andr\u00e9s Quiroz"},"description":"Licenciado en Periodismo por la Universidad de los Andes. Me encargo de analizar y compartir los contenidos m\u00e1s destacados de la\u00a0actualidad del F\u00fatbol Club Barcelona, Mercado de Fichajes y F\u00fatbol Internacional en FCBN. La informaci\u00f3n es poder, pero tambi\u00e9n conocimiento.","url":"https:\/\/www.fcbarcelonanoticias.com\/en\/fc-barcelona\/andres-quiroz_17_115.html"}]}},"_links":{"self":[{"href":"https:\/\/www.fcbarcelonanoticias.com\/en\/wp-json\/wp\/v2\/posts\/135875","targetHints":{"allow":["GET"]}}],"collection":[{"href":"https:\/\/www.fcbarcelonanoticias.com\/en\/wp-json\/wp\/v2\/posts"}],"about":[{"href":"https:\/\/www.fcbarcelonanoticias.com\/en\/wp-json\/wp\/v2\/types\/post"}],"author":[{"embeddable":true,"href":"https:\/\/www.fcbarcelonanoticias.com\/en\/wp-json\/wp\/v2\/users\/347"}],"replies":[{"embeddable":true,"href":"https:\/\/www.fcbarcelonanoticias.com\/en\/wp-json\/wp\/v2\/comments?post=135875"}],"version-history":[{"count":1,"href":"https:\/\/www.fcbarcelonanoticias.com\/en\/wp-json\/wp\/v2\/posts\/135875\/revisions"}],"predecessor-version":[{"id":139373,"href":"https:\/\/www.fcbarcelonanoticias.com\/en\/wp-json\/wp\/v2\/posts\/135875\/revisions\/139373"}],"wp:featuredmedia":[{"embeddable":true,"href":"https:\/\/www.fcbarcelonanoticias.com\/en\/wp-json\/wp\/v2\/media\/135876"}],"wp:attachment":[{"href":"https:\/\/www.fcbarcelonanoticias.com\/en\/wp-json\/wp\/v2\/media?parent=135875"}],"wp:term":[{"taxonomy":"category","embeddable":true,"href":"https:\/\/www.fcbarcelonanoticias.com\/en\/wp-json\/wp\/v2\/categories?post=135875"},{"taxonomy":"post_tag","embeddable":true,"href":"https:\/\/www.fcbarcelonanoticias.com\/en\/wp-json\/wp\/v2\/tags?post=135875"}],"curies":[{"name":"wp","href":"https:\/\/api.w.org\/{rel}","templated":true}]}}