{"id":135972,"date":"2016-05-17T13:33:00","date_gmt":"2016-05-17T11:33:00","guid":{"rendered":"https:\/\/weisetech.dev\/fc-barcelona-noticias\/en\/the-conditions-of-denis-suarez-for-fichar-by-the-barca_176852_102\/"},"modified":"2026-04-16T09:51:27","modified_gmt":"2026-04-16T07:51:27","slug":"the-conditions-of-denis-suarez-for-fichar-by-the-barca_176852_102","status":"publish","type":"post","link":"https:\/\/www.fcbarcelonanoticias.com\/en\/transfers\/the-conditions-of-denis-suarez-for-fichar-by-the-barca_176852_102.html","title":{"rendered":"The conditions of Denis Su\u00e1rez for fichar by the Bar\u00e7a"},"content":{"rendered":"<h2 class=\"wp-block-heading\">Denis Su\u00e1rez would want to have the guarantee of the Bar\u00e7a\u00a0and of Luis Enrique that it will have of minutes to keep growing<\/h2>  \r\n<div class=\"article-addons\">\r\n    <a href=\"https:\/\/www.fcbarcelonanoticias.com\/en\/calendar-fc-barcelona.html\"\r\n       target=\"_self\"\r\n       title=\"Calendar of FC Barcelona\"\r\n       class=\"blue-gredient-btn\">\r\n       \r\n        Calendar of FC Barcelona    <\/a>\r\n<\/div>   <p>The player that more ballots has of fichar by the FC Barcelona of face to the next season, <strong>Denis Su\u00e1rez<\/strong>, is very ilusionado with initiating a stage like player of the first Barcelona team, but in spite of this would wish to have of the FC Barcelona and of Luis Enrique the guarantee that it will have of minutes and, therefore, will not see stagnated his growth in the team.<\/p> <p>The player would be very ilusionado with the possibility to triumph in the Camp Nou. So much, that according to the Catalan press would have refused already three offers of good clubs of Europe, as <strong>Arsenal, Tottenham and Naples<\/strong> for fichar by the group blaugrana, in which surely it will have to struggle much more for winning  the minutes that in the three previous teams mentioned.<\/p> <p>And it is that the big campaign that has made Denis Su\u00e1rez <strong>would not have happened neither much less unobserved for some of the big clubs of Europe<\/strong>, that have seen how the young midfield player of 21 years has  adue\u00f1ado of a position of interior in the Villarreal and has deployed a brilliant game so much in League BBVA as in UEFA Europe League.<\/p> <p>As it has published &#8220;MD&#8221;, <strong>Denis Su\u00e1rez wants to listen of Luis Enrique that the Asturian will have he<\/strong> and no him relegar\u00e1 to the ostracism neither to a very secondary place in the staff, and besides would wish also an economic improvement after the two big seasons that has cuajado in Seville and Villarreal, like prize to the development futbol\u00edstico that has cuajado.<\/p> <p>The reality, in any case, is that the Bar\u00e7a would not have initiated for the moment the formalities to carry out the return of Denis Su\u00e1rez to the Camp Nou. <a href=\"https:\/\/www.fcbarcelonanoticias.com\/fichajes\/robert-fernandez-nego-el-fichaje-de-denis-suarez-por-el-barca_176791_102.html\">Until it do not finish officially the season for the Barcelona<\/a> with the final of the Glass of the King 2015-16, will not speak  of signings neither exits. In spite of everything, to his 22 years, <strong>Denis Su\u00e1rez has clear that will not leave  to the Bar\u00e7a to any price<\/strong>. It wants to follow progressing, and for this will need something of leadership in the best club of the world.<\/p> ","protected":false},"excerpt":{"rendered":"<p>Denis Su\u00e1rez would want to have the guarantee of the Bar\u00e7a\u00a0and of Luis Enrique that it will have of minutes to keep growing The player that more ballots has of fichar by the FC Barcelona of face to the next season, Denis Su\u00e1rez, is very ilusionado with initiating a stage like player of the first [&hellip;]<\/p>\n","protected":false},"author":366,"featured_media":135974,"comment_status":"closed","ping_status":"open","sticky":false,"template":"","format":"standard","meta":{"_acf_changed":false,"inline_featured_image":false,"_nextfly_llmd_date_locked":false,"footnotes":""},"categories":[449,106],"tags":[276],"class_list":["post-135972","post","type-post","status-publish","format-standard","has-post-thumbnail","hentry","category-transfers-2","category-transfers","tag-denis-suarez"],"acf":[],"yoast_head":"<!-- This site is optimized with the Yoast SEO plugin v27.3 - https:\/\/yoast.com\/product\/yoast-seo-wordpress\/ -->\n<title>The conditions of Denis Su\u00e1rez for fichar by the Bar\u00e7a<\/title>\n<meta name=\"description\" content=\"Denis Su\u00e1rez would want to have the guarantee of the FC Barcelona and of Luis Enrique that it will have of minutes to keep growing\" \/>\n<meta name=\"robots\" content=\"index, follow, max-snippet:-1, max-image-preview:large, max-video-preview:-1\" \/>\n<link rel=\"canonical\" href=\"https:\/\/www.fcbarcelonanoticias.com\/en\/transfers\/the-conditions-of-denis-suarez-for-fichar-by-the-barca_176852_102.html\" \/>\n<meta property=\"og:locale\" content=\"en_US\" \/>\n<meta property=\"og:type\" content=\"article\" \/>\n<meta property=\"og:title\" content=\"The conditions of Denis Su\u00e1rez for fichar by the Bar\u00e7a\" \/>\n<meta property=\"og:description\" content=\"Denis Su\u00e1rez would want to have the guarantee of the FC Barcelona and of Luis Enrique that it will have of minutes to keep growing\" \/>\n<meta property=\"og:url\" content=\"https:\/\/www.fcbarcelonanoticias.com\/en\/transfers\/the-conditions-of-denis-suarez-for-fichar-by-the-barca_176852_102.html\" \/>\n<meta property=\"og:site_name\" content=\"EN - FC Barcelona Noticias\" \/>\n<meta property=\"article:published_time\" content=\"2016-05-17T11:33:00+00:00\" \/>\n<meta property=\"article:modified_time\" content=\"2026-04-16T07:51:27+00:00\" \/>\n<meta property=\"og:image\" content=\"https:\/\/www.fcbarcelonanoticias.com\/en\/wp-content\/uploads\/sites\/2\/2016\/05\/denis-suarez-178818.jpeg\" \/>\n\t<meta property=\"og:image:width\" content=\"1198\" \/>\n\t<meta property=\"og:image:height\" content=\"674\" \/>\n\t<meta property=\"og:image:type\" content=\"image\/jpeg\" \/>\n<meta name=\"author\" content=\"Carlos Dom\u00ednguez\" \/>\n<meta name=\"twitter:card\" content=\"summary_large_image\" \/>\n<meta name=\"twitter:label1\" content=\"Written by\" \/>\n\t<meta name=\"twitter:data1\" content=\"Carlos Dom\u00ednguez\" \/>\n\t<meta name=\"twitter:label2\" content=\"Est. reading time\" \/>\n\t<meta name=\"twitter:data2\" content=\"2 minutes\" \/>\n<script type=\"application\/ld+json\" class=\"yoast-schema-graph\">{\"@context\":\"https:\\\/\\\/schema.org\",\"@graph\":[{\"@type\":\"Article\",\"@id\":\"https:\\\/\\\/www.fcbarcelonanoticias.com\\\/en\\\/transfers\\\/the-conditions-of-denis-suarez-for-fichar-by-the-barca_176852_102.html#article\",\"isPartOf\":{\"@id\":\"https:\\\/\\\/www.fcbarcelonanoticias.com\\\/en\\\/transfers\\\/the-conditions-of-denis-suarez-for-fichar-by-the-barca_176852_102.html\"},\"author\":{\"name\":\"Carlos Dom\u00ednguez\",\"@id\":\"https:\\\/\\\/www.fcbarcelonanoticias.com\\\/en\\\/#\\\/schema\\\/person\\\/888e29b17b79c70d1c617d8a7bc9b8c6\"},\"headline\":\"The conditions of Denis Su\u00e1rez for fichar by the Bar\u00e7a\",\"datePublished\":\"2016-05-17T11:33:00+00:00\",\"dateModified\":\"2026-04-16T07:51:27+00:00\",\"mainEntityOfPage\":{\"@id\":\"https:\\\/\\\/www.fcbarcelonanoticias.com\\\/en\\\/transfers\\\/the-conditions-of-denis-suarez-for-fichar-by-the-barca_176852_102.html\"},\"wordCount\":410,\"image\":{\"@id\":\"https:\\\/\\\/www.fcbarcelonanoticias.com\\\/en\\\/transfers\\\/the-conditions-of-denis-suarez-for-fichar-by-the-barca_176852_102.html#primaryimage\"},\"thumbnailUrl\":\"https:\\\/\\\/www.fcbarcelonanoticias.com\\\/en\\\/wp-content\\\/uploads\\\/sites\\\/2\\\/2016\\\/05\\\/denis-suarez-178818.jpeg\",\"keywords\":[\"Denis Su\u00e1rez\"],\"articleSection\":[\"Transfers\",\"Transfers\"],\"inLanguage\":\"en-US\"},{\"@type\":\"WebPage\",\"@id\":\"https:\\\/\\\/www.fcbarcelonanoticias.com\\\/en\\\/transfers\\\/the-conditions-of-denis-suarez-for-fichar-by-the-barca_176852_102.html\",\"url\":\"https:\\\/\\\/www.fcbarcelonanoticias.com\\\/en\\\/transfers\\\/the-conditions-of-denis-suarez-for-fichar-by-the-barca_176852_102.html\",\"name\":\"The conditions of Denis Su\u00e1rez for fichar by the Bar\u00e7a\",\"isPartOf\":{\"@id\":\"https:\\\/\\\/www.fcbarcelonanoticias.com\\\/en\\\/#website\"},\"primaryImageOfPage\":{\"@id\":\"https:\\\/\\\/www.fcbarcelonanoticias.com\\\/en\\\/transfers\\\/the-conditions-of-denis-suarez-for-fichar-by-the-barca_176852_102.html#primaryimage\"},\"image\":{\"@id\":\"https:\\\/\\\/www.fcbarcelonanoticias.com\\\/en\\\/transfers\\\/the-conditions-of-denis-suarez-for-fichar-by-the-barca_176852_102.html#primaryimage\"},\"thumbnailUrl\":\"https:\\\/\\\/www.fcbarcelonanoticias.com\\\/en\\\/wp-content\\\/uploads\\\/sites\\\/2\\\/2016\\\/05\\\/denis-suarez-178818.jpeg\",\"datePublished\":\"2016-05-17T11:33:00+00:00\",\"dateModified\":\"2026-04-16T07:51:27+00:00\",\"author\":{\"@id\":\"https:\\\/\\\/www.fcbarcelonanoticias.com\\\/en\\\/#\\\/schema\\\/person\\\/888e29b17b79c70d1c617d8a7bc9b8c6\"},\"description\":\"Denis Su\u00e1rez would want to have the guarantee of the FC Barcelona and of Luis Enrique that it will have of minutes to keep growing\",\"breadcrumb\":{\"@id\":\"https:\\\/\\\/www.fcbarcelonanoticias.com\\\/en\\\/transfers\\\/the-conditions-of-denis-suarez-for-fichar-by-the-barca_176852_102.html#breadcrumb\"},\"inLanguage\":\"en-US\",\"potentialAction\":[{\"@type\":\"ReadAction\",\"target\":[\"https:\\\/\\\/www.fcbarcelonanoticias.com\\\/en\\\/transfers\\\/the-conditions-of-denis-suarez-for-fichar-by-the-barca_176852_102.html\"]}]},{\"@type\":\"ImageObject\",\"inLanguage\":\"en-US\",\"@id\":\"https:\\\/\\\/www.fcbarcelonanoticias.com\\\/en\\\/transfers\\\/the-conditions-of-denis-suarez-for-fichar-by-the-barca_176852_102.html#primaryimage\",\"url\":\"https:\\\/\\\/www.fcbarcelonanoticias.com\\\/en\\\/wp-content\\\/uploads\\\/sites\\\/2\\\/2016\\\/05\\\/denis-suarez-178818.jpeg\",\"contentUrl\":\"https:\\\/\\\/www.fcbarcelonanoticias.com\\\/en\\\/wp-content\\\/uploads\\\/sites\\\/2\\\/2016\\\/05\\\/denis-suarez-178818.jpeg\",\"width\":1198,\"height\":674},{\"@type\":\"BreadcrumbList\",\"@id\":\"https:\\\/\\\/www.fcbarcelonanoticias.com\\\/en\\\/transfers\\\/the-conditions-of-denis-suarez-for-fichar-by-the-barca_176852_102.html#breadcrumb\",\"itemListElement\":[{\"@type\":\"ListItem\",\"position\":1,\"name\":\"Portada\",\"item\":\"https:\\\/\\\/www.fcbarcelonanoticias.com\\\/en\\\/\"},{\"@type\":\"ListItem\",\"position\":2,\"name\":\"The conditions of Denis Su\u00e1rez for fichar by the Bar\u00e7a\"}]},{\"@type\":\"WebSite\",\"@id\":\"https:\\\/\\\/www.fcbarcelonanoticias.com\\\/en\\\/#website\",\"url\":\"https:\\\/\\\/www.fcbarcelonanoticias.com\\\/en\\\/\",\"name\":\"EN - FC Barcelona Noticias\",\"description\":\"\",\"potentialAction\":[{\"@type\":\"SearchAction\",\"target\":{\"@type\":\"EntryPoint\",\"urlTemplate\":\"https:\\\/\\\/www.fcbarcelonanoticias.com\\\/en\\\/?s={search_term_string}\"},\"query-input\":{\"@type\":\"PropertyValueSpecification\",\"valueRequired\":true,\"valueName\":\"search_term_string\"}}],\"inLanguage\":\"en-US\"},{\"@type\":\"Person\",\"@id\":\"https:\\\/\\\/www.fcbarcelonanoticias.com\\\/en\\\/#\\\/schema\\\/person\\\/888e29b17b79c70d1c617d8a7bc9b8c6\",\"name\":\"Carlos Dom\u00ednguez\",\"image\":{\"@type\":\"ImageObject\",\"inLanguage\":\"en-US\",\"@id\":\"https:\\\/\\\/secure.gravatar.com\\\/avatar\\\/?s=96&d=mm&r=g\",\"url\":\"https:\\\/\\\/secure.gravatar.com\\\/avatar\\\/?s=96&d=mm&r=g\",\"contentUrl\":\"https:\\\/\\\/secure.gravatar.com\\\/avatar\\\/?s=96&d=mm&r=g\",\"caption\":\"Carlos Dom\u00ednguez\"},\"url\":\"https:\\\/\\\/www.fcbarcelonanoticias.com\\\/en\\\/carlos-dominguez_2_115.html\"}]}<\/script>\n<!-- \/ Yoast SEO plugin. -->","yoast_head_json":{"title":"The conditions of Denis Su\u00e1rez for fichar by the Bar\u00e7a","description":"Denis Su\u00e1rez would want to have the guarantee of the FC Barcelona and of Luis Enrique that it will have of minutes to keep growing","robots":{"index":"index","follow":"follow","max-snippet":"max-snippet:-1","max-image-preview":"max-image-preview:large","max-video-preview":"max-video-preview:-1"},"canonical":"https:\/\/www.fcbarcelonanoticias.com\/en\/transfers\/the-conditions-of-denis-suarez-for-fichar-by-the-barca_176852_102.html","og_locale":"en_US","og_type":"article","og_title":"The conditions of Denis Su\u00e1rez for fichar by the Bar\u00e7a","og_description":"Denis Su\u00e1rez would want to have the guarantee of the FC Barcelona and of Luis Enrique that it will have of minutes to keep growing","og_url":"https:\/\/www.fcbarcelonanoticias.com\/en\/transfers\/the-conditions-of-denis-suarez-for-fichar-by-the-barca_176852_102.html","og_site_name":"EN - FC Barcelona Noticias","article_published_time":"2016-05-17T11:33:00+00:00","article_modified_time":"2026-04-16T07:51:27+00:00","og_image":[{"width":1198,"height":674,"url":"https:\/\/www.fcbarcelonanoticias.com\/en\/wp-content\/uploads\/sites\/2\/2016\/05\/denis-suarez-178818.jpeg","type":"image\/jpeg"}],"author":"Carlos Dom\u00ednguez","twitter_card":"summary_large_image","twitter_misc":{"Written by":"Carlos Dom\u00ednguez","Est. reading time":"2 minutes"},"schema":{"@context":"https:\/\/schema.org","@graph":[{"@type":"Article","@id":"https:\/\/www.fcbarcelonanoticias.com\/en\/transfers\/the-conditions-of-denis-suarez-for-fichar-by-the-barca_176852_102.html#article","isPartOf":{"@id":"https:\/\/www.fcbarcelonanoticias.com\/en\/transfers\/the-conditions-of-denis-suarez-for-fichar-by-the-barca_176852_102.html"},"author":{"name":"Carlos Dom\u00ednguez","@id":"https:\/\/www.fcbarcelonanoticias.com\/en\/#\/schema\/person\/888e29b17b79c70d1c617d8a7bc9b8c6"},"headline":"The conditions of Denis Su\u00e1rez for fichar by the Bar\u00e7a","datePublished":"2016-05-17T11:33:00+00:00","dateModified":"2026-04-16T07:51:27+00:00","mainEntityOfPage":{"@id":"https:\/\/www.fcbarcelonanoticias.com\/en\/transfers\/the-conditions-of-denis-suarez-for-fichar-by-the-barca_176852_102.html"},"wordCount":410,"image":{"@id":"https:\/\/www.fcbarcelonanoticias.com\/en\/transfers\/the-conditions-of-denis-suarez-for-fichar-by-the-barca_176852_102.html#primaryimage"},"thumbnailUrl":"https:\/\/www.fcbarcelonanoticias.com\/en\/wp-content\/uploads\/sites\/2\/2016\/05\/denis-suarez-178818.jpeg","keywords":["Denis Su\u00e1rez"],"articleSection":["Transfers","Transfers"],"inLanguage":"en-US"},{"@type":"WebPage","@id":"https:\/\/www.fcbarcelonanoticias.com\/en\/transfers\/the-conditions-of-denis-suarez-for-fichar-by-the-barca_176852_102.html","url":"https:\/\/www.fcbarcelonanoticias.com\/en\/transfers\/the-conditions-of-denis-suarez-for-fichar-by-the-barca_176852_102.html","name":"The conditions of Denis Su\u00e1rez for fichar by the Bar\u00e7a","isPartOf":{"@id":"https:\/\/www.fcbarcelonanoticias.com\/en\/#website"},"primaryImageOfPage":{"@id":"https:\/\/www.fcbarcelonanoticias.com\/en\/transfers\/the-conditions-of-denis-suarez-for-fichar-by-the-barca_176852_102.html#primaryimage"},"image":{"@id":"https:\/\/www.fcbarcelonanoticias.com\/en\/transfers\/the-conditions-of-denis-suarez-for-fichar-by-the-barca_176852_102.html#primaryimage"},"thumbnailUrl":"https:\/\/www.fcbarcelonanoticias.com\/en\/wp-content\/uploads\/sites\/2\/2016\/05\/denis-suarez-178818.jpeg","datePublished":"2016-05-17T11:33:00+00:00","dateModified":"2026-04-16T07:51:27+00:00","author":{"@id":"https:\/\/www.fcbarcelonanoticias.com\/en\/#\/schema\/person\/888e29b17b79c70d1c617d8a7bc9b8c6"},"description":"Denis Su\u00e1rez would want to have the guarantee of the FC Barcelona and of Luis Enrique that it will have of minutes to keep growing","breadcrumb":{"@id":"https:\/\/www.fcbarcelonanoticias.com\/en\/transfers\/the-conditions-of-denis-suarez-for-fichar-by-the-barca_176852_102.html#breadcrumb"},"inLanguage":"en-US","potentialAction":[{"@type":"ReadAction","target":["https:\/\/www.fcbarcelonanoticias.com\/en\/transfers\/the-conditions-of-denis-suarez-for-fichar-by-the-barca_176852_102.html"]}]},{"@type":"ImageObject","inLanguage":"en-US","@id":"https:\/\/www.fcbarcelonanoticias.com\/en\/transfers\/the-conditions-of-denis-suarez-for-fichar-by-the-barca_176852_102.html#primaryimage","url":"https:\/\/www.fcbarcelonanoticias.com\/en\/wp-content\/uploads\/sites\/2\/2016\/05\/denis-suarez-178818.jpeg","contentUrl":"https:\/\/www.fcbarcelonanoticias.com\/en\/wp-content\/uploads\/sites\/2\/2016\/05\/denis-suarez-178818.jpeg","width":1198,"height":674},{"@type":"BreadcrumbList","@id":"https:\/\/www.fcbarcelonanoticias.com\/en\/transfers\/the-conditions-of-denis-suarez-for-fichar-by-the-barca_176852_102.html#breadcrumb","itemListElement":[{"@type":"ListItem","position":1,"name":"Portada","item":"https:\/\/www.fcbarcelonanoticias.com\/en\/"},{"@type":"ListItem","position":2,"name":"The conditions of Denis Su\u00e1rez for fichar by the Bar\u00e7a"}]},{"@type":"WebSite","@id":"https:\/\/www.fcbarcelonanoticias.com\/en\/#website","url":"https:\/\/www.fcbarcelonanoticias.com\/en\/","name":"EN - FC Barcelona Noticias","description":"","potentialAction":[{"@type":"SearchAction","target":{"@type":"EntryPoint","urlTemplate":"https:\/\/www.fcbarcelonanoticias.com\/en\/?s={search_term_string}"},"query-input":{"@type":"PropertyValueSpecification","valueRequired":true,"valueName":"search_term_string"}}],"inLanguage":"en-US"},{"@type":"Person","@id":"https:\/\/www.fcbarcelonanoticias.com\/en\/#\/schema\/person\/888e29b17b79c70d1c617d8a7bc9b8c6","name":"Carlos Dom\u00ednguez","image":{"@type":"ImageObject","inLanguage":"en-US","@id":"https:\/\/secure.gravatar.com\/avatar\/?s=96&d=mm&r=g","url":"https:\/\/secure.gravatar.com\/avatar\/?s=96&d=mm&r=g","contentUrl":"https:\/\/secure.gravatar.com\/avatar\/?s=96&d=mm&r=g","caption":"Carlos Dom\u00ednguez"},"url":"https:\/\/www.fcbarcelonanoticias.com\/en\/carlos-dominguez_2_115.html"}]}},"_links":{"self":[{"href":"https:\/\/www.fcbarcelonanoticias.com\/en\/wp-json\/wp\/v2\/posts\/135972","targetHints":{"allow":["GET"]}}],"collection":[{"href":"https:\/\/www.fcbarcelonanoticias.com\/en\/wp-json\/wp\/v2\/posts"}],"about":[{"href":"https:\/\/www.fcbarcelonanoticias.com\/en\/wp-json\/wp\/v2\/types\/post"}],"author":[{"embeddable":true,"href":"https:\/\/www.fcbarcelonanoticias.com\/en\/wp-json\/wp\/v2\/users\/366"}],"replies":[{"embeddable":true,"href":"https:\/\/www.fcbarcelonanoticias.com\/en\/wp-json\/wp\/v2\/comments?post=135972"}],"version-history":[{"count":2,"href":"https:\/\/www.fcbarcelonanoticias.com\/en\/wp-json\/wp\/v2\/posts\/135972\/revisions"}],"predecessor-version":[{"id":181296,"href":"https:\/\/www.fcbarcelonanoticias.com\/en\/wp-json\/wp\/v2\/posts\/135972\/revisions\/181296"}],"wp:featuredmedia":[{"embeddable":true,"href":"https:\/\/www.fcbarcelonanoticias.com\/en\/wp-json\/wp\/v2\/media\/135974"}],"wp:attachment":[{"href":"https:\/\/www.fcbarcelonanoticias.com\/en\/wp-json\/wp\/v2\/media?parent=135972"}],"wp:term":[{"taxonomy":"category","embeddable":true,"href":"https:\/\/www.fcbarcelonanoticias.com\/en\/wp-json\/wp\/v2\/categories?post=135972"},{"taxonomy":"post_tag","embeddable":true,"href":"https:\/\/www.fcbarcelonanoticias.com\/en\/wp-json\/wp\/v2\/tags?post=135972"}],"curies":[{"name":"wp","href":"https:\/\/api.w.org\/{rel}","templated":true}]}}